{"id":46550,"date":"2025-10-07T09:56:48","date_gmt":"2025-10-07T14:56:48","guid":{"rendered":"https:\/\/ciudadyregion.com.co\/?p=46550"},"modified":"2025-10-07T09:56:48","modified_gmt":"2025-10-07T14:56:48","slug":"ibague-celebrara-sus-475-anos-con-gran-concierto-gratuito-de-talento-local-y-super-estrellas","status":"publish","type":"post","link":"https:\/\/ciudadyregion.com.co\/index.php\/ibague-celebrara-sus-475-anos-con-gran-concierto-gratuito-de-talento-local-y-super-estrellas\/ibague\/","title":{"rendered":"Ibagu\u00e9 celebrar\u00e1 sus 475 a\u00f1os con gran concierto gratuito de talento local y s\u00faper estrellas"},"content":{"rendered":"<p>La Alcald\u00eda invita a los ibaguere\u00f1os a vivir una noche inolvidable en el Gran Concierto de Cumplea\u00f1os de Ibagu\u00e9, que se realizar\u00e1 el s\u00e1bado 18 de octubre en el Estadio Manuel Murillo Toro, un escenario que se llenar\u00e1 de m\u00fasica, alegr\u00eda y orgullo por nuestra ciudad.<\/p>\n<p>Las puertas se abrir\u00e1n a las 1:00 de la tarde y desde las 3:00 p.m. iniciar\u00e1 una variada programaci\u00f3n que reunir\u00e1 a m\u00e1s de 250 artistas locales, reflejo del compromiso de la Administraci\u00f3n Municipal con el fortalecimiento del talento ibaguere\u00f1o.<\/p>\n<p>El p\u00fablico podr\u00e1 disfrutar de forma gratuita de presentaciones de agrupaciones de m\u00fasica andina con la Coral Musical, agrupaciones de mariachis, Orquesta Kimbomb\u00f3, Orquesta Sinf\u00f3nica de Ibagu\u00e9, H\u00e9ctor Tobo, Orquesta sinf\u00f3nica infantil del colegio Santa Cecilia, as\u00ed como de artistas locales de los g\u00e9neros urbano y rock con Afro Fresh y Dafne Marahuntha respectivamente.<\/p>\n<p>Como cierre de lujo, dos grandes exponentes de la m\u00fasica latinoamericana, Jorge Celed\u00f3n y Eddy Herrera encender\u00e1n la tarima con sus reconocidos \u00e9xitos, llevando a todos los asistentes a una verdadera fiesta musical por los 475 a\u00f1os de la Capital Musical de Colombia.<\/p>\n<p>El evento contar\u00e1 con un espectacular show de luces que iluminar\u00e1 el cielo ibaguere\u00f1o, s\u00edmbolo de la alegr\u00eda, la uni\u00f3n y el amor por esta tierra.<\/p>\n<p>Este concierto es una invitaci\u00f3n abierta para que los ciudadanos celebren con orgullo su ciudad, disfruten del arte local y compartan en familia un momento \u00fanico, enmarcado en la cultura y el talento que hacen de Ibagu\u00e9 una nota.<\/p>\n","protected":false},"excerpt":{"rendered":"<p>La Alcald\u00eda invita a los ibaguere\u00f1os a vivir una noche inolvidable en el Gran Concierto de Cumplea\u00f1os de Ibagu\u00e9, que se realizar\u00e1 el s\u00e1bado 18 de octubre en el Estadio Manuel Murillo Toro, un escenario que se llenar\u00e1 de m\u00fasica, alegr\u00eda y orgullo por nuestra ciudad. Las puertas se abrir\u00e1n<span class=\"more-link\"><a href=\"https:\/\/ciudadyregion.com.co\/index.php\/ibague-celebrara-sus-475-anos-con-gran-concierto-gratuito-de-talento-local-y-super-estrellas\/ibague\/\">Continuar Leyendo<\/a><\/span><\/p>\n","protected":false},"author":2,"featured_media":46551,"comment_status":"open","ping_status":"open","sticky":false,"template":"","format":"standard","meta":{"_uf_show_specific_survey":0,"_uf_disable_surveys":false,"_jetpack_memberships_contains_paid_content":false,"footnotes":"","jetpack_publicize_message":"","jetpack_publicize_feature_enabled":true,"jetpack_social_post_already_shared":true,"jetpack_social_options":{"image_generator_settings":{"template":"highway","enabled":false},"version":2}},"categories":[14],"tags":[],"class_list":["entry","author-diegoaguirre","post-46550","post","type-post","status-publish","format-standard","has-post-thumbnail","category-ibague"],"jetpack_publicize_connections":[],"yoast_head":"<!-- This site is optimized with the Yoast SEO plugin v24.3 - https:\/\/yoast.com\/wordpress\/plugins\/seo\/ -->\n<title>Ibagu\u00e9 celebrar\u00e1 sus 475 a\u00f1os con gran concierto gratuito de talento local y s\u00faper estrellas - Ciudad y Region<\/title>\n<meta name=\"robots\" content=\"index, follow, max-snippet:-1, max-image-preview:large, max-video-preview:-1\" \/>\n<link rel=\"canonical\" href=\"https:\/\/ciudadyregion.com.co\/index.php\/ibague-celebrara-sus-475-anos-con-gran-concierto-gratuito-de-talento-local-y-super-estrellas\/ibague\/\" \/>\n<meta property=\"og:locale\" content=\"es_ES\" \/>\n<meta property=\"og:type\" content=\"article\" \/>\n<meta property=\"og:title\" content=\"Ibagu\u00e9 celebrar\u00e1 sus 475 a\u00f1os con gran concierto gratuito de talento local y s\u00faper estrellas - Ciudad y Region\" \/>\n<meta property=\"og:description\" content=\"La Alcald\u00eda invita a los ibaguere\u00f1os a vivir una noche inolvidable en el Gran Concierto de Cumplea\u00f1os de Ibagu\u00e9, que se realizar\u00e1 el s\u00e1bado 18 de octubre en el Estadio Manuel Murillo Toro, un escenario que se llenar\u00e1 de m\u00fasica, alegr\u00eda y orgullo por nuestra ciudad. Las puertas se abrir\u00e1nContinuar Leyendo\" \/>\n<meta property=\"og:url\" content=\"https:\/\/ciudadyregion.com.co\/index.php\/ibague-celebrara-sus-475-anos-con-gran-concierto-gratuito-de-talento-local-y-super-estrellas\/ibague\/\" \/>\n<meta property=\"og:site_name\" content=\"Ciudad y Region\" \/>\n<meta property=\"article:published_time\" content=\"2025-10-07T14:56:48+00:00\" \/>\n<meta property=\"og:image\" content=\"https:\/\/ciudadyregion.com.co\/wp-content\/uploads\/2025\/10\/Pag-77.jpg\" \/>\n\t<meta property=\"og:image:width\" content=\"800\" \/>\n\t<meta property=\"og:image:height\" content=\"445\" \/>\n\t<meta property=\"og:image:type\" content=\"image\/jpeg\" \/>\n<meta name=\"author\" content=\"David Andr\u00e9s Aguirre\" \/>\n<meta name=\"twitter:card\" content=\"summary_large_image\" \/>\n<meta name=\"twitter:label1\" content=\"Escrito por\" \/>\n\t<meta name=\"twitter:data1\" content=\"David Andr\u00e9s Aguirre\" \/>\n\t<meta name=\"twitter:label2\" content=\"Tiempo de lectura\" \/>\n\t<meta name=\"twitter:data2\" content=\"2 minutos\" \/>\n<script type=\"application\/ld+json\" class=\"yoast-schema-graph\">{\"@context\":\"https:\/\/schema.org\",\"@graph\":[{\"@type\":\"WebPage\",\"@id\":\"https:\/\/ciudadyregion.com.co\/index.php\/ibague-celebrara-sus-475-anos-con-gran-concierto-gratuito-de-talento-local-y-super-estrellas\/ibague\/\",\"url\":\"https:\/\/ciudadyregion.com.co\/index.php\/ibague-celebrara-sus-475-anos-con-gran-concierto-gratuito-de-talento-local-y-super-estrellas\/ibague\/\",\"name\":\"Ibagu\u00e9 celebrar\u00e1 sus 475 a\u00f1os con gran concierto gratuito de talento local y s\u00faper estrellas - Ciudad y Region\",\"isPartOf\":{\"@id\":\"https:\/\/ciudadyregion.com.co\/#website\"},\"primaryImageOfPage\":{\"@id\":\"https:\/\/ciudadyregion.com.co\/index.php\/ibague-celebrara-sus-475-anos-con-gran-concierto-gratuito-de-talento-local-y-super-estrellas\/ibague\/#primaryimage\"},\"image\":{\"@id\":\"https:\/\/ciudadyregion.com.co\/index.php\/ibague-celebrara-sus-475-anos-con-gran-concierto-gratuito-de-talento-local-y-super-estrellas\/ibague\/#primaryimage\"},\"thumbnailUrl\":\"https:\/\/i0.wp.com\/ciudadyregion.com.co\/wp-content\/uploads\/2025\/10\/Pag-77.jpg?fit=800%2C445&ssl=1\",\"datePublished\":\"2025-10-07T14:56:48+00:00\",\"dateModified\":\"2025-10-07T14:56:48+00:00\",\"author\":{\"@id\":\"https:\/\/ciudadyregion.com.co\/#\/schema\/person\/04a4954373ebc4051f46e8c65ff78622\"},\"breadcrumb\":{\"@id\":\"https:\/\/ciudadyregion.com.co\/index.php\/ibague-celebrara-sus-475-anos-con-gran-concierto-gratuito-de-talento-local-y-super-estrellas\/ibague\/#breadcrumb\"},\"inLanguage\":\"es\",\"potentialAction\":[{\"@type\":\"ReadAction\",\"target\":[\"https:\/\/ciudadyregion.com.co\/index.php\/ibague-celebrara-sus-475-anos-con-gran-concierto-gratuito-de-talento-local-y-super-estrellas\/ibague\/\"]}]},{\"@type\":\"ImageObject\",\"inLanguage\":\"es\",\"@id\":\"https:\/\/ciudadyregion.com.co\/index.php\/ibague-celebrara-sus-475-anos-con-gran-concierto-gratuito-de-talento-local-y-super-estrellas\/ibague\/#primaryimage\",\"url\":\"https:\/\/i0.wp.com\/ciudadyregion.com.co\/wp-content\/uploads\/2025\/10\/Pag-77.jpg?fit=800%2C445&ssl=1\",\"contentUrl\":\"https:\/\/i0.wp.com\/ciudadyregion.com.co\/wp-content\/uploads\/2025\/10\/Pag-77.jpg?fit=800%2C445&ssl=1\",\"width\":800,\"height\":445},{\"@type\":\"BreadcrumbList\",\"@id\":\"https:\/\/ciudadyregion.com.co\/index.php\/ibague-celebrara-sus-475-anos-con-gran-concierto-gratuito-de-talento-local-y-super-estrellas\/ibague\/#breadcrumb\",\"itemListElement\":[{\"@type\":\"ListItem\",\"position\":1,\"name\":\"Portada\",\"item\":\"https:\/\/ciudadyregion.com.co\/\"},{\"@type\":\"ListItem\",\"position\":2,\"name\":\"Ibagu\u00e9 celebrar\u00e1 sus 475 a\u00f1os con gran concierto gratuito de talento local y s\u00faper estrellas\"}]},{\"@type\":\"WebSite\",\"@id\":\"https:\/\/ciudadyregion.com.co\/#website\",\"url\":\"https:\/\/ciudadyregion.com.co\/\",\"name\":\"Ciudad y Region\",\"description\":\"\",\"potentialAction\":[{\"@type\":\"SearchAction\",\"target\":{\"@type\":\"EntryPoint\",\"urlTemplate\":\"https:\/\/ciudadyregion.com.co\/?s={search_term_string}\"},\"query-input\":{\"@type\":\"PropertyValueSpecification\",\"valueRequired\":true,\"valueName\":\"search_term_string\"}}],\"inLanguage\":\"es\"},{\"@type\":\"Person\",\"@id\":\"https:\/\/ciudadyregion.com.co\/#\/schema\/person\/04a4954373ebc4051f46e8c65ff78622\",\"name\":\"David Andr\u00e9s Aguirre\",\"image\":{\"@type\":\"ImageObject\",\"inLanguage\":\"es\",\"@id\":\"https:\/\/ciudadyregion.com.co\/#\/schema\/person\/image\/\",\"url\":\"https:\/\/secure.gravatar.com\/avatar\/bc3c655860202182ee6d1b5edd042dbe?s=96&d=mm&r=g\",\"contentUrl\":\"https:\/\/secure.gravatar.com\/avatar\/bc3c655860202182ee6d1b5edd042dbe?s=96&d=mm&r=g\",\"caption\":\"David Andr\u00e9s Aguirre\"},\"url\":\"https:\/\/ciudadyregion.com.co\/index.php\/author\/diegoaguirre\/\"}]}<\/script>\n<!-- \/ Yoast SEO plugin. -->","yoast_head_json":{"title":"Ibagu\u00e9 celebrar\u00e1 sus 475 a\u00f1os con gran concierto gratuito de talento local y s\u00faper estrellas - Ciudad y Region","robots":{"index":"index","follow":"follow","max-snippet":"max-snippet:-1","max-image-preview":"max-image-preview:large","max-video-preview":"max-video-preview:-1"},"canonical":"https:\/\/ciudadyregion.com.co\/index.php\/ibague-celebrara-sus-475-anos-con-gran-concierto-gratuito-de-talento-local-y-super-estrellas\/ibague\/","og_locale":"es_ES","og_type":"article","og_title":"Ibagu\u00e9 celebrar\u00e1 sus 475 a\u00f1os con gran concierto gratuito de talento local y s\u00faper estrellas - Ciudad y Region","og_description":"La Alcald\u00eda invita a los ibaguere\u00f1os a vivir una noche inolvidable en el Gran Concierto de Cumplea\u00f1os de Ibagu\u00e9, que se realizar\u00e1 el s\u00e1bado 18 de octubre en el Estadio Manuel Murillo Toro, un escenario que se llenar\u00e1 de m\u00fasica, alegr\u00eda y orgullo por nuestra ciudad. Las puertas se abrir\u00e1nContinuar Leyendo","og_url":"https:\/\/ciudadyregion.com.co\/index.php\/ibague-celebrara-sus-475-anos-con-gran-concierto-gratuito-de-talento-local-y-super-estrellas\/ibague\/","og_site_name":"Ciudad y Region","article_published_time":"2025-10-07T14:56:48+00:00","og_image":[{"width":800,"height":445,"url":"https:\/\/ciudadyregion.com.co\/wp-content\/uploads\/2025\/10\/Pag-77.jpg","type":"image\/jpeg"}],"author":"David Andr\u00e9s Aguirre","twitter_card":"summary_large_image","twitter_misc":{"Escrito por":"David Andr\u00e9s Aguirre","Tiempo de lectura":"2 minutos"},"schema":{"@context":"https:\/\/schema.org","@graph":[{"@type":"WebPage","@id":"https:\/\/ciudadyregion.com.co\/index.php\/ibague-celebrara-sus-475-anos-con-gran-concierto-gratuito-de-talento-local-y-super-estrellas\/ibague\/","url":"https:\/\/ciudadyregion.com.co\/index.php\/ibague-celebrara-sus-475-anos-con-gran-concierto-gratuito-de-talento-local-y-super-estrellas\/ibague\/","name":"Ibagu\u00e9 celebrar\u00e1 sus 475 a\u00f1os con gran concierto gratuito de talento local y s\u00faper estrellas - Ciudad y Region","isPartOf":{"@id":"https:\/\/ciudadyregion.com.co\/#website"},"primaryImageOfPage":{"@id":"https:\/\/ciudadyregion.com.co\/index.php\/ibague-celebrara-sus-475-anos-con-gran-concierto-gratuito-de-talento-local-y-super-estrellas\/ibague\/#primaryimage"},"image":{"@id":"https:\/\/ciudadyregion.com.co\/index.php\/ibague-celebrara-sus-475-anos-con-gran-concierto-gratuito-de-talento-local-y-super-estrellas\/ibague\/#primaryimage"},"thumbnailUrl":"https:\/\/i0.wp.com\/ciudadyregion.com.co\/wp-content\/uploads\/2025\/10\/Pag-77.jpg?fit=800%2C445&ssl=1","datePublished":"2025-10-07T14:56:48+00:00","dateModified":"2025-10-07T14:56:48+00:00","author":{"@id":"https:\/\/ciudadyregion.com.co\/#\/schema\/person\/04a4954373ebc4051f46e8c65ff78622"},"breadcrumb":{"@id":"https:\/\/ciudadyregion.com.co\/index.php\/ibague-celebrara-sus-475-anos-con-gran-concierto-gratuito-de-talento-local-y-super-estrellas\/ibague\/#breadcrumb"},"inLanguage":"es","potentialAction":[{"@type":"ReadAction","target":["https:\/\/ciudadyregion.com.co\/index.php\/ibague-celebrara-sus-475-anos-con-gran-concierto-gratuito-de-talento-local-y-super-estrellas\/ibague\/"]}]},{"@type":"ImageObject","inLanguage":"es","@id":"https:\/\/ciudadyregion.com.co\/index.php\/ibague-celebrara-sus-475-anos-con-gran-concierto-gratuito-de-talento-local-y-super-estrellas\/ibague\/#primaryimage","url":"https:\/\/i0.wp.com\/ciudadyregion.com.co\/wp-content\/uploads\/2025\/10\/Pag-77.jpg?fit=800%2C445&ssl=1","contentUrl":"https:\/\/i0.wp.com\/ciudadyregion.com.co\/wp-content\/uploads\/2025\/10\/Pag-77.jpg?fit=800%2C445&ssl=1","width":800,"height":445},{"@type":"BreadcrumbList","@id":"https:\/\/ciudadyregion.com.co\/index.php\/ibague-celebrara-sus-475-anos-con-gran-concierto-gratuito-de-talento-local-y-super-estrellas\/ibague\/#breadcrumb","itemListElement":[{"@type":"ListItem","position":1,"name":"Portada","item":"https:\/\/ciudadyregion.com.co\/"},{"@type":"ListItem","position":2,"name":"Ibagu\u00e9 celebrar\u00e1 sus 475 a\u00f1os con gran concierto gratuito de talento local y s\u00faper estrellas"}]},{"@type":"WebSite","@id":"https:\/\/ciudadyregion.com.co\/#website","url":"https:\/\/ciudadyregion.com.co\/","name":"Ciudad y Region","description":"","potentialAction":[{"@type":"SearchAction","target":{"@type":"EntryPoint","urlTemplate":"https:\/\/ciudadyregion.com.co\/?s={search_term_string}"},"query-input":{"@type":"PropertyValueSpecification","valueRequired":true,"valueName":"search_term_string"}}],"inLanguage":"es"},{"@type":"Person","@id":"https:\/\/ciudadyregion.com.co\/#\/schema\/person\/04a4954373ebc4051f46e8c65ff78622","name":"David Andr\u00e9s Aguirre","image":{"@type":"ImageObject","inLanguage":"es","@id":"https:\/\/ciudadyregion.com.co\/#\/schema\/person\/image\/","url":"https:\/\/secure.gravatar.com\/avatar\/bc3c655860202182ee6d1b5edd042dbe?s=96&d=mm&r=g","contentUrl":"https:\/\/secure.gravatar.com\/avatar\/bc3c655860202182ee6d1b5edd042dbe?s=96&d=mm&r=g","caption":"David Andr\u00e9s Aguirre"},"url":"https:\/\/ciudadyregion.com.co\/index.php\/author\/diegoaguirre\/"}]}},"jetpack_featured_media_url":"https:\/\/i0.wp.com\/ciudadyregion.com.co\/wp-content\/uploads\/2025\/10\/Pag-77.jpg?fit=800%2C445&ssl=1","jetpack_sharing_enabled":true,"jetpack_shortlink":"https:\/\/wp.me\/pbS7hh-c6O","jetpack-related-posts":[],"_links":{"self":[{"href":"https:\/\/ciudadyregion.com.co\/index.php\/wp-json\/wp\/v2\/posts\/46550"}],"collection":[{"href":"https:\/\/ciudadyregion.com.co\/index.php\/wp-json\/wp\/v2\/posts"}],"about":[{"href":"https:\/\/ciudadyregion.com.co\/index.php\/wp-json\/wp\/v2\/types\/post"}],"author":[{"embeddable":true,"href":"https:\/\/ciudadyregion.com.co\/index.php\/wp-json\/wp\/v2\/users\/2"}],"replies":[{"embeddable":true,"href":"https:\/\/ciudadyregion.com.co\/index.php\/wp-json\/wp\/v2\/comments?post=46550"}],"version-history":[{"count":1,"href":"https:\/\/ciudadyregion.com.co\/index.php\/wp-json\/wp\/v2\/posts\/46550\/revisions"}],"predecessor-version":[{"id":46552,"href":"https:\/\/ciudadyregion.com.co\/index.php\/wp-json\/wp\/v2\/posts\/46550\/revisions\/46552"}],"wp:featuredmedia":[{"embeddable":true,"href":"https:\/\/ciudadyregion.com.co\/index.php\/wp-json\/wp\/v2\/media\/46551"}],"wp:attachment":[{"href":"https:\/\/ciudadyregion.com.co\/index.php\/wp-json\/wp\/v2\/media?parent=46550"}],"wp:term":[{"taxonomy":"category","embeddable":true,"href":"https:\/\/ciudadyregion.com.co\/index.php\/wp-json\/wp\/v2\/categories?post=46550"},{"taxonomy":"post_tag","embeddable":true,"href":"https:\/\/ciudadyregion.com.co\/index.php\/wp-json\/wp\/v2\/tags?post=46550"}],"curies":[{"name":"wp","href":"https:\/\/api.w.org\/{rel}","templated":true}]}}