{"id":44796,"date":"2025-09-12T07:20:14","date_gmt":"2025-09-12T12:20:14","guid":{"rendered":"https:\/\/ciudadyregion.com.co\/?p=44796"},"modified":"2025-09-12T07:20:14","modified_gmt":"2025-09-12T12:20:14","slug":"alcaldia-avanza-en-adecuacion-del-terreno-para-el-centro-potencia-de-ibague","status":"publish","type":"post","link":"https:\/\/ciudadyregion.com.co\/index.php\/alcaldia-avanza-en-adecuacion-del-terreno-para-el-centro-potencia-de-ibague\/ibague\/","title":{"rendered":"Alcald\u00eda avanza en adecuaci\u00f3n del terreno para el Centro PotencIA de Ibagu\u00e9"},"content":{"rendered":"<div class=\"\" data-block=\"true\" data-editor=\"4qr1r\" data-offset-key=\"ask0l-0-0\">\n<div class=\"_1mf _1mj\" data-offset-key=\"ask0l-0-0\"><\/div>\n<\/div>\n<div class=\"\" data-block=\"true\" data-editor=\"4qr1r\" data-offset-key=\"5dh7h-0-0\">\n<div class=\"_1mf _1mj\" data-offset-key=\"5dh7h-0-0\"><span data-offset-key=\"5dh7h-0-0\">Con personal operativo de Infibagu\u00e9, se adelantan jornadas de poda y rocer\u00eda en el terreno.<\/span><\/div>\n<\/div>\n<div class=\"\" data-block=\"true\" data-editor=\"4qr1r\" data-offset-key=\"5a812-0-0\">\n<div class=\"_1mf _1mj\" data-offset-key=\"5a812-0-0\"><span data-offset-key=\"5a812-0-0\">\u00a0<\/span><\/div>\n<\/div>\n<div class=\"\" data-block=\"true\" data-editor=\"4qr1r\" data-offset-key=\"eeevp-0-0\">\n<div class=\"_1mf _1mj\" data-offset-key=\"eeevp-0-0\"><span data-offset-key=\"eeevp-0-0\">A buen ritmo avanza la Alcald\u00eda de Ibagu\u00e9 con la adecuaci\u00f3n del lote donde se construir\u00e1 el Centro PotencIA, un espacio donde se capacitar\u00e1 a todos los ciudadanos, de manera gratuita, en inteligencia artificial, programaci\u00f3n, desarrollo de software, entre otras habilidades en las nuevas tecnolog\u00edas.<\/span><\/div>\n<\/div>\n<div class=\"\" data-block=\"true\" data-editor=\"4qr1r\" data-offset-key=\"4rgl9-0-0\">\n<div class=\"_1mf _1mj\" data-offset-key=\"4rgl9-0-0\"><span data-offset-key=\"4rgl9-0-0\">\u00a0<\/span><\/div>\n<\/div>\n<div class=\"\" data-block=\"true\" data-editor=\"4qr1r\" data-offset-key=\"4opt7-0-0\">\n<blockquote>\n<div class=\"_1mf _1mj\" data-offset-key=\"4opt7-0-0\"><span data-offset-key=\"4opt7-0-0\">\u201cSomos un solo gobierno, esa es la instrucci\u00f3n de la alcaldesa Johana Aranda. Por eso acompa\u00f1amos a nuestra Secretar\u00eda de las TIC con podas y rocer\u00eda, en el lote donde pr\u00f3ximamente estar\u00e1 el Centro PotencIA, que se construir\u00e1 con recursos del Gobierno Nacional y que servir\u00e1 a todos los ibaguere\u00f1os para capacitarlos en inteligencia artificial\u201d, expres\u00f3 Edilberto Pava, gerente de Infibagu\u00e9.<\/span><\/div>\n<\/blockquote>\n<\/div>\n<div class=\"\" data-block=\"true\" data-editor=\"4qr1r\" data-offset-key=\"amkjj-0-0\">\n<div class=\"_1mf _1mj\" data-offset-key=\"amkjj-0-0\"><span data-offset-key=\"amkjj-0-0\">\u00a0<\/span><\/div>\n<\/div>\n<div class=\"\" data-block=\"true\" data-editor=\"4qr1r\" data-offset-key=\"bp2js-0-0\">\n<div class=\"_1mf _1mj\" data-offset-key=\"bp2js-0-0\"><span data-offset-key=\"bp2js-0-0\">Este proyecto se ejecuta en conjunto entre la Alcald\u00eda de Ibagu\u00e9 y el Gobierno Nacional, donde el municipio puso el lote con las especificaciones exigidas por MinTIC, y que est\u00e1 ubicado en el sector de La Samaria; y la naci\u00f3n, se encargar\u00e1 de la construcci\u00f3n y dotaci\u00f3n. <\/span><\/div>\n<\/div>\n<div class=\"\" data-block=\"true\" data-editor=\"4qr1r\" data-offset-key=\"cvmr5-0-0\">\n<div class=\"_1mf _1mj\" data-offset-key=\"cvmr5-0-0\"><span data-offset-key=\"cvmr5-0-0\">\u00a0<\/span><\/div>\n<\/div>\n<div class=\"\" data-block=\"true\" data-editor=\"4qr1r\" data-offset-key=\"e5b6h-0-0\">\n<blockquote>\n<div class=\"_1mf _1mj\" data-offset-key=\"e5b6h-0-0\"><span data-offset-key=\"e5b6h-0-0\">\u201cEstas labores de poda y rocer\u00eda nos permitieron adelantar diferentes estudios t\u00e9cnicos previos, al inicio de la obra. Es de se\u00f1alar que el Centro PotencIA ser\u00e1 un espacio de construcci\u00f3n de 2.000 m2, aproximadamente, que le apuesta a la democratizaci\u00f3n del aprendizaje de la inteligencia artificial\u201d, sostuvo Vilma Rivera, secretaria de las TIC. <\/span><\/div>\n<\/blockquote>\n<\/div>\n<div class=\"\" data-block=\"true\" data-editor=\"4qr1r\" data-offset-key=\"31gdc-0-0\">\n<div class=\"_1mf _1mj\" data-offset-key=\"31gdc-0-0\"><span data-offset-key=\"31gdc-0-0\">\u00a0<\/span><\/div>\n<\/div>\n<div class=\"\" data-block=\"true\" data-editor=\"4qr1r\" data-offset-key=\"8uugm-0-0\">\n<div class=\"_1mf _1mj\" data-offset-key=\"8uugm-0-0\"><span data-offset-key=\"8uugm-0-0\">Tenga en cuenta que el Centro PotencIA de Ibagu\u00e9 ser\u00e1 uno de los mejores y m\u00e1s grandes del pa\u00eds, dotado con cerca de 200 elementos como computadores, tabletas, gafas de realidad virtual, consolas de videojuegos, entre otros; adem\u00e1s, tendr\u00e1 ludoteca, sal\u00f3n m\u00faltiple, \u00e1reas para el entretenimiento y la producci\u00f3n de contenidos.<\/span><\/div>\n<\/div>\n","protected":false},"excerpt":{"rendered":"<p>Con personal operativo de Infibagu\u00e9, se adelantan jornadas de poda y rocer\u00eda en el terreno. \u00a0 A buen ritmo avanza la Alcald\u00eda de Ibagu\u00e9 con la adecuaci\u00f3n del lote donde se construir\u00e1 el Centro PotencIA, un espacio donde se capacitar\u00e1 a todos los ciudadanos, de manera gratuita, en inteligencia artificial,<span class=\"more-link\"><a href=\"https:\/\/ciudadyregion.com.co\/index.php\/alcaldia-avanza-en-adecuacion-del-terreno-para-el-centro-potencia-de-ibague\/ibague\/\">Continuar Leyendo<\/a><\/span><\/p>\n","protected":false},"author":2,"featured_media":44797,"comment_status":"open","ping_status":"open","sticky":false,"template":"","format":"standard","meta":{"_uf_show_specific_survey":0,"_uf_disable_surveys":false,"_jetpack_memberships_contains_paid_content":false,"footnotes":"","jetpack_publicize_message":"","jetpack_publicize_feature_enabled":true,"jetpack_social_post_already_shared":true,"jetpack_social_options":{"image_generator_settings":{"template":"highway","enabled":false},"version":2}},"categories":[14],"tags":[],"class_list":["entry","author-diegoaguirre","post-44796","post","type-post","status-publish","format-standard","has-post-thumbnail","category-ibague"],"jetpack_publicize_connections":[],"yoast_head":"<!-- This site is optimized with the Yoast SEO plugin v24.3 - https:\/\/yoast.com\/wordpress\/plugins\/seo\/ -->\n<title>Alcald\u00eda avanza en adecuaci\u00f3n del terreno para el Centro PotencIA de Ibagu\u00e9 - Ciudad y Region<\/title>\n<meta name=\"robots\" content=\"index, follow, max-snippet:-1, max-image-preview:large, max-video-preview:-1\" \/>\n<link rel=\"canonical\" href=\"https:\/\/ciudadyregion.com.co\/index.php\/alcaldia-avanza-en-adecuacion-del-terreno-para-el-centro-potencia-de-ibague\/ibague\/\" \/>\n<meta property=\"og:locale\" content=\"es_ES\" \/>\n<meta property=\"og:type\" content=\"article\" \/>\n<meta property=\"og:title\" content=\"Alcald\u00eda avanza en adecuaci\u00f3n del terreno para el Centro PotencIA de Ibagu\u00e9 - Ciudad y Region\" \/>\n<meta property=\"og:description\" content=\"Con personal operativo de Infibagu\u00e9, se adelantan jornadas de poda y rocer\u00eda en el terreno. \u00a0 A buen ritmo avanza la Alcald\u00eda de Ibagu\u00e9 con la adecuaci\u00f3n del lote donde se construir\u00e1 el Centro PotencIA, un espacio donde se capacitar\u00e1 a todos los ciudadanos, de manera gratuita, en inteligencia artificial,Continuar Leyendo\" \/>\n<meta property=\"og:url\" content=\"https:\/\/ciudadyregion.com.co\/index.php\/alcaldia-avanza-en-adecuacion-del-terreno-para-el-centro-potencia-de-ibague\/ibague\/\" \/>\n<meta property=\"og:site_name\" content=\"Ciudad y Region\" \/>\n<meta property=\"article:published_time\" content=\"2025-09-12T12:20:14+00:00\" \/>\n<meta property=\"og:image\" content=\"https:\/\/ciudadyregion.com.co\/wp-content\/uploads\/2025\/09\/3-57.jpg\" \/>\n\t<meta property=\"og:image:width\" content=\"800\" \/>\n\t<meta property=\"og:image:height\" content=\"445\" \/>\n\t<meta property=\"og:image:type\" content=\"image\/jpeg\" \/>\n<meta name=\"author\" content=\"David Andr\u00e9s Aguirre\" \/>\n<meta name=\"twitter:card\" content=\"summary_large_image\" \/>\n<meta name=\"twitter:label1\" content=\"Escrito por\" \/>\n\t<meta name=\"twitter:data1\" content=\"David Andr\u00e9s Aguirre\" \/>\n\t<meta name=\"twitter:label2\" content=\"Tiempo de lectura\" \/>\n\t<meta name=\"twitter:data2\" content=\"1 minuto\" \/>\n<script type=\"application\/ld+json\" class=\"yoast-schema-graph\">{\"@context\":\"https:\/\/schema.org\",\"@graph\":[{\"@type\":\"WebPage\",\"@id\":\"https:\/\/ciudadyregion.com.co\/index.php\/alcaldia-avanza-en-adecuacion-del-terreno-para-el-centro-potencia-de-ibague\/ibague\/\",\"url\":\"https:\/\/ciudadyregion.com.co\/index.php\/alcaldia-avanza-en-adecuacion-del-terreno-para-el-centro-potencia-de-ibague\/ibague\/\",\"name\":\"Alcald\u00eda avanza en adecuaci\u00f3n del terreno para el Centro PotencIA de Ibagu\u00e9 - Ciudad y Region\",\"isPartOf\":{\"@id\":\"https:\/\/ciudadyregion.com.co\/#website\"},\"primaryImageOfPage\":{\"@id\":\"https:\/\/ciudadyregion.com.co\/index.php\/alcaldia-avanza-en-adecuacion-del-terreno-para-el-centro-potencia-de-ibague\/ibague\/#primaryimage\"},\"image\":{\"@id\":\"https:\/\/ciudadyregion.com.co\/index.php\/alcaldia-avanza-en-adecuacion-del-terreno-para-el-centro-potencia-de-ibague\/ibague\/#primaryimage\"},\"thumbnailUrl\":\"https:\/\/i0.wp.com\/ciudadyregion.com.co\/wp-content\/uploads\/2025\/09\/3-57.jpg?fit=800%2C445&ssl=1\",\"datePublished\":\"2025-09-12T12:20:14+00:00\",\"dateModified\":\"2025-09-12T12:20:14+00:00\",\"author\":{\"@id\":\"https:\/\/ciudadyregion.com.co\/#\/schema\/person\/04a4954373ebc4051f46e8c65ff78622\"},\"breadcrumb\":{\"@id\":\"https:\/\/ciudadyregion.com.co\/index.php\/alcaldia-avanza-en-adecuacion-del-terreno-para-el-centro-potencia-de-ibague\/ibague\/#breadcrumb\"},\"inLanguage\":\"es\",\"potentialAction\":[{\"@type\":\"ReadAction\",\"target\":[\"https:\/\/ciudadyregion.com.co\/index.php\/alcaldia-avanza-en-adecuacion-del-terreno-para-el-centro-potencia-de-ibague\/ibague\/\"]}]},{\"@type\":\"ImageObject\",\"inLanguage\":\"es\",\"@id\":\"https:\/\/ciudadyregion.com.co\/index.php\/alcaldia-avanza-en-adecuacion-del-terreno-para-el-centro-potencia-de-ibague\/ibague\/#primaryimage\",\"url\":\"https:\/\/i0.wp.com\/ciudadyregion.com.co\/wp-content\/uploads\/2025\/09\/3-57.jpg?fit=800%2C445&ssl=1\",\"contentUrl\":\"https:\/\/i0.wp.com\/ciudadyregion.com.co\/wp-content\/uploads\/2025\/09\/3-57.jpg?fit=800%2C445&ssl=1\",\"width\":800,\"height\":445},{\"@type\":\"BreadcrumbList\",\"@id\":\"https:\/\/ciudadyregion.com.co\/index.php\/alcaldia-avanza-en-adecuacion-del-terreno-para-el-centro-potencia-de-ibague\/ibague\/#breadcrumb\",\"itemListElement\":[{\"@type\":\"ListItem\",\"position\":1,\"name\":\"Portada\",\"item\":\"https:\/\/ciudadyregion.com.co\/\"},{\"@type\":\"ListItem\",\"position\":2,\"name\":\"Alcald\u00eda avanza en adecuaci\u00f3n del terreno para el Centro PotencIA de Ibagu\u00e9\"}]},{\"@type\":\"WebSite\",\"@id\":\"https:\/\/ciudadyregion.com.co\/#website\",\"url\":\"https:\/\/ciudadyregion.com.co\/\",\"name\":\"Ciudad y Region\",\"description\":\"\",\"potentialAction\":[{\"@type\":\"SearchAction\",\"target\":{\"@type\":\"EntryPoint\",\"urlTemplate\":\"https:\/\/ciudadyregion.com.co\/?s={search_term_string}\"},\"query-input\":{\"@type\":\"PropertyValueSpecification\",\"valueRequired\":true,\"valueName\":\"search_term_string\"}}],\"inLanguage\":\"es\"},{\"@type\":\"Person\",\"@id\":\"https:\/\/ciudadyregion.com.co\/#\/schema\/person\/04a4954373ebc4051f46e8c65ff78622\",\"name\":\"David Andr\u00e9s Aguirre\",\"image\":{\"@type\":\"ImageObject\",\"inLanguage\":\"es\",\"@id\":\"https:\/\/ciudadyregion.com.co\/#\/schema\/person\/image\/\",\"url\":\"https:\/\/secure.gravatar.com\/avatar\/bc3c655860202182ee6d1b5edd042dbe?s=96&d=mm&r=g\",\"contentUrl\":\"https:\/\/secure.gravatar.com\/avatar\/bc3c655860202182ee6d1b5edd042dbe?s=96&d=mm&r=g\",\"caption\":\"David Andr\u00e9s Aguirre\"},\"url\":\"https:\/\/ciudadyregion.com.co\/index.php\/author\/diegoaguirre\/\"}]}<\/script>\n<!-- \/ Yoast SEO plugin. -->","yoast_head_json":{"title":"Alcald\u00eda avanza en adecuaci\u00f3n del terreno para el Centro PotencIA de Ibagu\u00e9 - Ciudad y Region","robots":{"index":"index","follow":"follow","max-snippet":"max-snippet:-1","max-image-preview":"max-image-preview:large","max-video-preview":"max-video-preview:-1"},"canonical":"https:\/\/ciudadyregion.com.co\/index.php\/alcaldia-avanza-en-adecuacion-del-terreno-para-el-centro-potencia-de-ibague\/ibague\/","og_locale":"es_ES","og_type":"article","og_title":"Alcald\u00eda avanza en adecuaci\u00f3n del terreno para el Centro PotencIA de Ibagu\u00e9 - Ciudad y Region","og_description":"Con personal operativo de Infibagu\u00e9, se adelantan jornadas de poda y rocer\u00eda en el terreno. \u00a0 A buen ritmo avanza la Alcald\u00eda de Ibagu\u00e9 con la adecuaci\u00f3n del lote donde se construir\u00e1 el Centro PotencIA, un espacio donde se capacitar\u00e1 a todos los ciudadanos, de manera gratuita, en inteligencia artificial,Continuar Leyendo","og_url":"https:\/\/ciudadyregion.com.co\/index.php\/alcaldia-avanza-en-adecuacion-del-terreno-para-el-centro-potencia-de-ibague\/ibague\/","og_site_name":"Ciudad y Region","article_published_time":"2025-09-12T12:20:14+00:00","og_image":[{"width":800,"height":445,"url":"https:\/\/ciudadyregion.com.co\/wp-content\/uploads\/2025\/09\/3-57.jpg","type":"image\/jpeg"}],"author":"David Andr\u00e9s Aguirre","twitter_card":"summary_large_image","twitter_misc":{"Escrito por":"David Andr\u00e9s Aguirre","Tiempo de lectura":"1 minuto"},"schema":{"@context":"https:\/\/schema.org","@graph":[{"@type":"WebPage","@id":"https:\/\/ciudadyregion.com.co\/index.php\/alcaldia-avanza-en-adecuacion-del-terreno-para-el-centro-potencia-de-ibague\/ibague\/","url":"https:\/\/ciudadyregion.com.co\/index.php\/alcaldia-avanza-en-adecuacion-del-terreno-para-el-centro-potencia-de-ibague\/ibague\/","name":"Alcald\u00eda avanza en adecuaci\u00f3n del terreno para el Centro PotencIA de Ibagu\u00e9 - Ciudad y Region","isPartOf":{"@id":"https:\/\/ciudadyregion.com.co\/#website"},"primaryImageOfPage":{"@id":"https:\/\/ciudadyregion.com.co\/index.php\/alcaldia-avanza-en-adecuacion-del-terreno-para-el-centro-potencia-de-ibague\/ibague\/#primaryimage"},"image":{"@id":"https:\/\/ciudadyregion.com.co\/index.php\/alcaldia-avanza-en-adecuacion-del-terreno-para-el-centro-potencia-de-ibague\/ibague\/#primaryimage"},"thumbnailUrl":"https:\/\/i0.wp.com\/ciudadyregion.com.co\/wp-content\/uploads\/2025\/09\/3-57.jpg?fit=800%2C445&ssl=1","datePublished":"2025-09-12T12:20:14+00:00","dateModified":"2025-09-12T12:20:14+00:00","author":{"@id":"https:\/\/ciudadyregion.com.co\/#\/schema\/person\/04a4954373ebc4051f46e8c65ff78622"},"breadcrumb":{"@id":"https:\/\/ciudadyregion.com.co\/index.php\/alcaldia-avanza-en-adecuacion-del-terreno-para-el-centro-potencia-de-ibague\/ibague\/#breadcrumb"},"inLanguage":"es","potentialAction":[{"@type":"ReadAction","target":["https:\/\/ciudadyregion.com.co\/index.php\/alcaldia-avanza-en-adecuacion-del-terreno-para-el-centro-potencia-de-ibague\/ibague\/"]}]},{"@type":"ImageObject","inLanguage":"es","@id":"https:\/\/ciudadyregion.com.co\/index.php\/alcaldia-avanza-en-adecuacion-del-terreno-para-el-centro-potencia-de-ibague\/ibague\/#primaryimage","url":"https:\/\/i0.wp.com\/ciudadyregion.com.co\/wp-content\/uploads\/2025\/09\/3-57.jpg?fit=800%2C445&ssl=1","contentUrl":"https:\/\/i0.wp.com\/ciudadyregion.com.co\/wp-content\/uploads\/2025\/09\/3-57.jpg?fit=800%2C445&ssl=1","width":800,"height":445},{"@type":"BreadcrumbList","@id":"https:\/\/ciudadyregion.com.co\/index.php\/alcaldia-avanza-en-adecuacion-del-terreno-para-el-centro-potencia-de-ibague\/ibague\/#breadcrumb","itemListElement":[{"@type":"ListItem","position":1,"name":"Portada","item":"https:\/\/ciudadyregion.com.co\/"},{"@type":"ListItem","position":2,"name":"Alcald\u00eda avanza en adecuaci\u00f3n del terreno para el Centro PotencIA de Ibagu\u00e9"}]},{"@type":"WebSite","@id":"https:\/\/ciudadyregion.com.co\/#website","url":"https:\/\/ciudadyregion.com.co\/","name":"Ciudad y Region","description":"","potentialAction":[{"@type":"SearchAction","target":{"@type":"EntryPoint","urlTemplate":"https:\/\/ciudadyregion.com.co\/?s={search_term_string}"},"query-input":{"@type":"PropertyValueSpecification","valueRequired":true,"valueName":"search_term_string"}}],"inLanguage":"es"},{"@type":"Person","@id":"https:\/\/ciudadyregion.com.co\/#\/schema\/person\/04a4954373ebc4051f46e8c65ff78622","name":"David Andr\u00e9s Aguirre","image":{"@type":"ImageObject","inLanguage":"es","@id":"https:\/\/ciudadyregion.com.co\/#\/schema\/person\/image\/","url":"https:\/\/secure.gravatar.com\/avatar\/bc3c655860202182ee6d1b5edd042dbe?s=96&d=mm&r=g","contentUrl":"https:\/\/secure.gravatar.com\/avatar\/bc3c655860202182ee6d1b5edd042dbe?s=96&d=mm&r=g","caption":"David Andr\u00e9s Aguirre"},"url":"https:\/\/ciudadyregion.com.co\/index.php\/author\/diegoaguirre\/"}]}},"jetpack_featured_media_url":"https:\/\/i0.wp.com\/ciudadyregion.com.co\/wp-content\/uploads\/2025\/09\/3-57.jpg?fit=800%2C445&ssl=1","jetpack_sharing_enabled":true,"jetpack_shortlink":"https:\/\/wp.me\/pbS7hh-bEw","jetpack-related-posts":[],"_links":{"self":[{"href":"https:\/\/ciudadyregion.com.co\/index.php\/wp-json\/wp\/v2\/posts\/44796"}],"collection":[{"href":"https:\/\/ciudadyregion.com.co\/index.php\/wp-json\/wp\/v2\/posts"}],"about":[{"href":"https:\/\/ciudadyregion.com.co\/index.php\/wp-json\/wp\/v2\/types\/post"}],"author":[{"embeddable":true,"href":"https:\/\/ciudadyregion.com.co\/index.php\/wp-json\/wp\/v2\/users\/2"}],"replies":[{"embeddable":true,"href":"https:\/\/ciudadyregion.com.co\/index.php\/wp-json\/wp\/v2\/comments?post=44796"}],"version-history":[{"count":1,"href":"https:\/\/ciudadyregion.com.co\/index.php\/wp-json\/wp\/v2\/posts\/44796\/revisions"}],"predecessor-version":[{"id":44798,"href":"https:\/\/ciudadyregion.com.co\/index.php\/wp-json\/wp\/v2\/posts\/44796\/revisions\/44798"}],"wp:featuredmedia":[{"embeddable":true,"href":"https:\/\/ciudadyregion.com.co\/index.php\/wp-json\/wp\/v2\/media\/44797"}],"wp:attachment":[{"href":"https:\/\/ciudadyregion.com.co\/index.php\/wp-json\/wp\/v2\/media?parent=44796"}],"wp:term":[{"taxonomy":"category","embeddable":true,"href":"https:\/\/ciudadyregion.com.co\/index.php\/wp-json\/wp\/v2\/categories?post=44796"},{"taxonomy":"post_tag","embeddable":true,"href":"https:\/\/ciudadyregion.com.co\/index.php\/wp-json\/wp\/v2\/tags?post=44796"}],"curies":[{"name":"wp","href":"https:\/\/api.w.org\/{rel}","templated":true}]}}