{"id":44793,"date":"2025-09-12T07:17:59","date_gmt":"2025-09-12T12:17:59","guid":{"rendered":"https:\/\/ciudadyregion.com.co\/?p=44793"},"modified":"2025-09-12T07:17:59","modified_gmt":"2025-09-12T12:17:59","slug":"dia-sin-carro-y-sin-moto-en-ibague-sera-voluntario-y-promovera-la-movilidad-sostenible","status":"publish","type":"post","link":"https:\/\/ciudadyregion.com.co\/index.php\/dia-sin-carro-y-sin-moto-en-ibague-sera-voluntario-y-promovera-la-movilidad-sostenible\/ibague\/","title":{"rendered":"D\u00eda sin carro y sin moto en Ibagu\u00e9 ser\u00e1 voluntario y promover\u00e1 la movilidad sostenible"},"content":{"rendered":"<ul>\n<li><em>La jornada se realizar\u00e1 el mi\u00e9rcoles 17 de septiembre, desde las 6:00 de la ma\u00f1ana hasta las 8:00 de la noche, y adem\u00e1s el pico y placa regir\u00e1 con normalidad.<\/em><\/li>\n<\/ul>\n<p>La Alcald\u00eda realizar\u00e1 el pr\u00f3ximo mi\u00e9rcoles 17 de septiembre la segunda jornada del D\u00eda sin carro y sin moto, entre las 6:00 de la ma\u00f1ana y las 8:00 de la noche.<\/p>\n<p>Esta vez, la jornada ser\u00e1 voluntaria, con el objetivo de generar conciencia ciudadana y promover un cambio cultural hacia una movilidad m\u00e1s sostenible.<\/p>\n<p>M\u00e1s all\u00e1 de limitar el uso del veh\u00edculo particular, esta actividad busca convertirse en una jornada social y pedag\u00f3gica, orientada a incentivar el uso de medios de transporte alternativos como la bicicleta, el transporte p\u00fablico y la caminata, as\u00ed como a fortalecer el compromiso colectivo con el cuidado del medio ambiente.<\/p>\n<blockquote><p>\u201cEsta es una invitaci\u00f3n abierta a reflexionar sobre la forma en que nos movemos en la ciudad. Buscamos que la ciudadan\u00eda participe de manera voluntaria, motivada por el deseo de construir entre todos una Ibagu\u00e9 m\u00e1s limpia, segura y sostenible\u201d, afirm\u00f3 el secretario de Movilidad, Ricardo Fabi\u00e1n Rodr\u00edguez.<\/p><\/blockquote>\n<p>Durante la jornada se habilitar\u00e1 una ciclov\u00eda sobre la carrera Quinta, desde la calle 60 hasta la calle 77 (calzada bajando), para facilitar y promover el uso de la bicicleta como medio de transporte.<\/p>\n<p>Adem\u00e1s, se desarrollar\u00e1n diversas actividades que refuerzan el enfoque educativo y ambiental de la jornada, tales como una jornada de siembra de \u00e1rboles y una feria de movilidad sostenible, que se llevar\u00e1 a cabo en el Complejo Cultural Pan\u00f3ptico, en el horario de 1:00 hasta las a 5:00 de la tarde, con participaci\u00f3n de expertos, colectivos ciudadanos, entidades p\u00fablicas y privadas comprometidas con una movilidad m\u00e1s consciente.<\/p>\n<p>Es importante aclarar que, aunque el D\u00eda sin carro y sin moto ser\u00e1 voluntario, la medida de pico y placa seguir\u00e1 vigente en su horario habitual para los veh\u00edculos cuyas placas terminan en 4 y 5, seg\u00fan el calendario establecido.<\/p>\n<p>Con esta iniciativa, la Administraci\u00f3n Municipal busca motivar la participaci\u00f3n activa de conductores, peatones, ciclistas y ciudadan\u00eda en general, para avanzar hacia un modelo de ciudad m\u00e1s consciente, resiliente y comprometido con el mejoramiento de la calidad del aire, la reducci\u00f3n del ruido y el bienestar colectivo.<\/p>\n","protected":false},"excerpt":{"rendered":"<p>La jornada se realizar\u00e1 el mi\u00e9rcoles 17 de septiembre, desde las 6:00 de la ma\u00f1ana hasta las 8:00 de la noche, y adem\u00e1s el pico y placa regir\u00e1 con normalidad. La Alcald\u00eda realizar\u00e1 el pr\u00f3ximo mi\u00e9rcoles 17 de septiembre la segunda jornada del D\u00eda sin carro y sin moto, entre<span class=\"more-link\"><a href=\"https:\/\/ciudadyregion.com.co\/index.php\/dia-sin-carro-y-sin-moto-en-ibague-sera-voluntario-y-promovera-la-movilidad-sostenible\/ibague\/\">Continuar Leyendo<\/a><\/span><\/p>\n","protected":false},"author":2,"featured_media":44794,"comment_status":"open","ping_status":"open","sticky":false,"template":"","format":"standard","meta":{"_uf_show_specific_survey":0,"_uf_disable_surveys":false,"_jetpack_memberships_contains_paid_content":false,"footnotes":"","jetpack_publicize_message":"","jetpack_publicize_feature_enabled":true,"jetpack_social_post_already_shared":true,"jetpack_social_options":{"image_generator_settings":{"template":"highway","enabled":false},"version":2}},"categories":[14],"tags":[],"class_list":["entry","author-diegoaguirre","post-44793","post","type-post","status-publish","format-standard","has-post-thumbnail","category-ibague"],"jetpack_publicize_connections":[],"yoast_head":"<!-- This site is optimized with the Yoast SEO plugin v24.3 - https:\/\/yoast.com\/wordpress\/plugins\/seo\/ -->\n<title>D\u00eda sin carro y sin moto en Ibagu\u00e9 ser\u00e1 voluntario y promover\u00e1 la movilidad sostenible - Ciudad y Region<\/title>\n<meta name=\"robots\" content=\"index, follow, max-snippet:-1, max-image-preview:large, max-video-preview:-1\" \/>\n<link rel=\"canonical\" href=\"https:\/\/ciudadyregion.com.co\/index.php\/dia-sin-carro-y-sin-moto-en-ibague-sera-voluntario-y-promovera-la-movilidad-sostenible\/ibague\/\" \/>\n<meta property=\"og:locale\" content=\"es_ES\" \/>\n<meta property=\"og:type\" content=\"article\" \/>\n<meta property=\"og:title\" content=\"D\u00eda sin carro y sin moto en Ibagu\u00e9 ser\u00e1 voluntario y promover\u00e1 la movilidad sostenible - Ciudad y Region\" \/>\n<meta property=\"og:description\" content=\"La jornada se realizar\u00e1 el mi\u00e9rcoles 17 de septiembre, desde las 6:00 de la ma\u00f1ana hasta las 8:00 de la noche, y adem\u00e1s el pico y placa regir\u00e1 con normalidad. La Alcald\u00eda realizar\u00e1 el pr\u00f3ximo mi\u00e9rcoles 17 de septiembre la segunda jornada del D\u00eda sin carro y sin moto, entreContinuar Leyendo\" \/>\n<meta property=\"og:url\" content=\"https:\/\/ciudadyregion.com.co\/index.php\/dia-sin-carro-y-sin-moto-en-ibague-sera-voluntario-y-promovera-la-movilidad-sostenible\/ibague\/\" \/>\n<meta property=\"og:site_name\" content=\"Ciudad y Region\" \/>\n<meta property=\"article:published_time\" content=\"2025-09-12T12:17:59+00:00\" \/>\n<meta property=\"og:image\" content=\"https:\/\/ciudadyregion.com.co\/wp-content\/uploads\/2025\/09\/2-69.jpg\" \/>\n\t<meta property=\"og:image:width\" content=\"800\" \/>\n\t<meta property=\"og:image:height\" content=\"445\" \/>\n\t<meta property=\"og:image:type\" content=\"image\/jpeg\" \/>\n<meta name=\"author\" content=\"David Andr\u00e9s Aguirre\" \/>\n<meta name=\"twitter:card\" content=\"summary_large_image\" \/>\n<meta name=\"twitter:label1\" content=\"Escrito por\" \/>\n\t<meta name=\"twitter:data1\" content=\"David Andr\u00e9s Aguirre\" \/>\n\t<meta name=\"twitter:label2\" content=\"Tiempo de lectura\" \/>\n\t<meta name=\"twitter:data2\" content=\"2 minutos\" \/>\n<script type=\"application\/ld+json\" class=\"yoast-schema-graph\">{\"@context\":\"https:\/\/schema.org\",\"@graph\":[{\"@type\":\"WebPage\",\"@id\":\"https:\/\/ciudadyregion.com.co\/index.php\/dia-sin-carro-y-sin-moto-en-ibague-sera-voluntario-y-promovera-la-movilidad-sostenible\/ibague\/\",\"url\":\"https:\/\/ciudadyregion.com.co\/index.php\/dia-sin-carro-y-sin-moto-en-ibague-sera-voluntario-y-promovera-la-movilidad-sostenible\/ibague\/\",\"name\":\"D\u00eda sin carro y sin moto en Ibagu\u00e9 ser\u00e1 voluntario y promover\u00e1 la movilidad sostenible - Ciudad y Region\",\"isPartOf\":{\"@id\":\"https:\/\/ciudadyregion.com.co\/#website\"},\"primaryImageOfPage\":{\"@id\":\"https:\/\/ciudadyregion.com.co\/index.php\/dia-sin-carro-y-sin-moto-en-ibague-sera-voluntario-y-promovera-la-movilidad-sostenible\/ibague\/#primaryimage\"},\"image\":{\"@id\":\"https:\/\/ciudadyregion.com.co\/index.php\/dia-sin-carro-y-sin-moto-en-ibague-sera-voluntario-y-promovera-la-movilidad-sostenible\/ibague\/#primaryimage\"},\"thumbnailUrl\":\"https:\/\/i0.wp.com\/ciudadyregion.com.co\/wp-content\/uploads\/2025\/09\/2-69.jpg?fit=800%2C445&ssl=1\",\"datePublished\":\"2025-09-12T12:17:59+00:00\",\"dateModified\":\"2025-09-12T12:17:59+00:00\",\"author\":{\"@id\":\"https:\/\/ciudadyregion.com.co\/#\/schema\/person\/04a4954373ebc4051f46e8c65ff78622\"},\"breadcrumb\":{\"@id\":\"https:\/\/ciudadyregion.com.co\/index.php\/dia-sin-carro-y-sin-moto-en-ibague-sera-voluntario-y-promovera-la-movilidad-sostenible\/ibague\/#breadcrumb\"},\"inLanguage\":\"es\",\"potentialAction\":[{\"@type\":\"ReadAction\",\"target\":[\"https:\/\/ciudadyregion.com.co\/index.php\/dia-sin-carro-y-sin-moto-en-ibague-sera-voluntario-y-promovera-la-movilidad-sostenible\/ibague\/\"]}]},{\"@type\":\"ImageObject\",\"inLanguage\":\"es\",\"@id\":\"https:\/\/ciudadyregion.com.co\/index.php\/dia-sin-carro-y-sin-moto-en-ibague-sera-voluntario-y-promovera-la-movilidad-sostenible\/ibague\/#primaryimage\",\"url\":\"https:\/\/i0.wp.com\/ciudadyregion.com.co\/wp-content\/uploads\/2025\/09\/2-69.jpg?fit=800%2C445&ssl=1\",\"contentUrl\":\"https:\/\/i0.wp.com\/ciudadyregion.com.co\/wp-content\/uploads\/2025\/09\/2-69.jpg?fit=800%2C445&ssl=1\",\"width\":800,\"height\":445},{\"@type\":\"BreadcrumbList\",\"@id\":\"https:\/\/ciudadyregion.com.co\/index.php\/dia-sin-carro-y-sin-moto-en-ibague-sera-voluntario-y-promovera-la-movilidad-sostenible\/ibague\/#breadcrumb\",\"itemListElement\":[{\"@type\":\"ListItem\",\"position\":1,\"name\":\"Portada\",\"item\":\"https:\/\/ciudadyregion.com.co\/\"},{\"@type\":\"ListItem\",\"position\":2,\"name\":\"D\u00eda sin carro y sin moto en Ibagu\u00e9 ser\u00e1 voluntario y promover\u00e1 la movilidad sostenible\"}]},{\"@type\":\"WebSite\",\"@id\":\"https:\/\/ciudadyregion.com.co\/#website\",\"url\":\"https:\/\/ciudadyregion.com.co\/\",\"name\":\"Ciudad y Region\",\"description\":\"\",\"potentialAction\":[{\"@type\":\"SearchAction\",\"target\":{\"@type\":\"EntryPoint\",\"urlTemplate\":\"https:\/\/ciudadyregion.com.co\/?s={search_term_string}\"},\"query-input\":{\"@type\":\"PropertyValueSpecification\",\"valueRequired\":true,\"valueName\":\"search_term_string\"}}],\"inLanguage\":\"es\"},{\"@type\":\"Person\",\"@id\":\"https:\/\/ciudadyregion.com.co\/#\/schema\/person\/04a4954373ebc4051f46e8c65ff78622\",\"name\":\"David Andr\u00e9s Aguirre\",\"image\":{\"@type\":\"ImageObject\",\"inLanguage\":\"es\",\"@id\":\"https:\/\/ciudadyregion.com.co\/#\/schema\/person\/image\/\",\"url\":\"https:\/\/secure.gravatar.com\/avatar\/bc3c655860202182ee6d1b5edd042dbe?s=96&d=mm&r=g\",\"contentUrl\":\"https:\/\/secure.gravatar.com\/avatar\/bc3c655860202182ee6d1b5edd042dbe?s=96&d=mm&r=g\",\"caption\":\"David Andr\u00e9s Aguirre\"},\"url\":\"https:\/\/ciudadyregion.com.co\/index.php\/author\/diegoaguirre\/\"}]}<\/script>\n<!-- \/ Yoast SEO plugin. -->","yoast_head_json":{"title":"D\u00eda sin carro y sin moto en Ibagu\u00e9 ser\u00e1 voluntario y promover\u00e1 la movilidad sostenible - Ciudad y Region","robots":{"index":"index","follow":"follow","max-snippet":"max-snippet:-1","max-image-preview":"max-image-preview:large","max-video-preview":"max-video-preview:-1"},"canonical":"https:\/\/ciudadyregion.com.co\/index.php\/dia-sin-carro-y-sin-moto-en-ibague-sera-voluntario-y-promovera-la-movilidad-sostenible\/ibague\/","og_locale":"es_ES","og_type":"article","og_title":"D\u00eda sin carro y sin moto en Ibagu\u00e9 ser\u00e1 voluntario y promover\u00e1 la movilidad sostenible - Ciudad y Region","og_description":"La jornada se realizar\u00e1 el mi\u00e9rcoles 17 de septiembre, desde las 6:00 de la ma\u00f1ana hasta las 8:00 de la noche, y adem\u00e1s el pico y placa regir\u00e1 con normalidad. La Alcald\u00eda realizar\u00e1 el pr\u00f3ximo mi\u00e9rcoles 17 de septiembre la segunda jornada del D\u00eda sin carro y sin moto, entreContinuar Leyendo","og_url":"https:\/\/ciudadyregion.com.co\/index.php\/dia-sin-carro-y-sin-moto-en-ibague-sera-voluntario-y-promovera-la-movilidad-sostenible\/ibague\/","og_site_name":"Ciudad y Region","article_published_time":"2025-09-12T12:17:59+00:00","og_image":[{"width":800,"height":445,"url":"https:\/\/ciudadyregion.com.co\/wp-content\/uploads\/2025\/09\/2-69.jpg","type":"image\/jpeg"}],"author":"David Andr\u00e9s Aguirre","twitter_card":"summary_large_image","twitter_misc":{"Escrito por":"David Andr\u00e9s Aguirre","Tiempo de lectura":"2 minutos"},"schema":{"@context":"https:\/\/schema.org","@graph":[{"@type":"WebPage","@id":"https:\/\/ciudadyregion.com.co\/index.php\/dia-sin-carro-y-sin-moto-en-ibague-sera-voluntario-y-promovera-la-movilidad-sostenible\/ibague\/","url":"https:\/\/ciudadyregion.com.co\/index.php\/dia-sin-carro-y-sin-moto-en-ibague-sera-voluntario-y-promovera-la-movilidad-sostenible\/ibague\/","name":"D\u00eda sin carro y sin moto en Ibagu\u00e9 ser\u00e1 voluntario y promover\u00e1 la movilidad sostenible - Ciudad y Region","isPartOf":{"@id":"https:\/\/ciudadyregion.com.co\/#website"},"primaryImageOfPage":{"@id":"https:\/\/ciudadyregion.com.co\/index.php\/dia-sin-carro-y-sin-moto-en-ibague-sera-voluntario-y-promovera-la-movilidad-sostenible\/ibague\/#primaryimage"},"image":{"@id":"https:\/\/ciudadyregion.com.co\/index.php\/dia-sin-carro-y-sin-moto-en-ibague-sera-voluntario-y-promovera-la-movilidad-sostenible\/ibague\/#primaryimage"},"thumbnailUrl":"https:\/\/i0.wp.com\/ciudadyregion.com.co\/wp-content\/uploads\/2025\/09\/2-69.jpg?fit=800%2C445&ssl=1","datePublished":"2025-09-12T12:17:59+00:00","dateModified":"2025-09-12T12:17:59+00:00","author":{"@id":"https:\/\/ciudadyregion.com.co\/#\/schema\/person\/04a4954373ebc4051f46e8c65ff78622"},"breadcrumb":{"@id":"https:\/\/ciudadyregion.com.co\/index.php\/dia-sin-carro-y-sin-moto-en-ibague-sera-voluntario-y-promovera-la-movilidad-sostenible\/ibague\/#breadcrumb"},"inLanguage":"es","potentialAction":[{"@type":"ReadAction","target":["https:\/\/ciudadyregion.com.co\/index.php\/dia-sin-carro-y-sin-moto-en-ibague-sera-voluntario-y-promovera-la-movilidad-sostenible\/ibague\/"]}]},{"@type":"ImageObject","inLanguage":"es","@id":"https:\/\/ciudadyregion.com.co\/index.php\/dia-sin-carro-y-sin-moto-en-ibague-sera-voluntario-y-promovera-la-movilidad-sostenible\/ibague\/#primaryimage","url":"https:\/\/i0.wp.com\/ciudadyregion.com.co\/wp-content\/uploads\/2025\/09\/2-69.jpg?fit=800%2C445&ssl=1","contentUrl":"https:\/\/i0.wp.com\/ciudadyregion.com.co\/wp-content\/uploads\/2025\/09\/2-69.jpg?fit=800%2C445&ssl=1","width":800,"height":445},{"@type":"BreadcrumbList","@id":"https:\/\/ciudadyregion.com.co\/index.php\/dia-sin-carro-y-sin-moto-en-ibague-sera-voluntario-y-promovera-la-movilidad-sostenible\/ibague\/#breadcrumb","itemListElement":[{"@type":"ListItem","position":1,"name":"Portada","item":"https:\/\/ciudadyregion.com.co\/"},{"@type":"ListItem","position":2,"name":"D\u00eda sin carro y sin moto en Ibagu\u00e9 ser\u00e1 voluntario y promover\u00e1 la movilidad sostenible"}]},{"@type":"WebSite","@id":"https:\/\/ciudadyregion.com.co\/#website","url":"https:\/\/ciudadyregion.com.co\/","name":"Ciudad y Region","description":"","potentialAction":[{"@type":"SearchAction","target":{"@type":"EntryPoint","urlTemplate":"https:\/\/ciudadyregion.com.co\/?s={search_term_string}"},"query-input":{"@type":"PropertyValueSpecification","valueRequired":true,"valueName":"search_term_string"}}],"inLanguage":"es"},{"@type":"Person","@id":"https:\/\/ciudadyregion.com.co\/#\/schema\/person\/04a4954373ebc4051f46e8c65ff78622","name":"David Andr\u00e9s Aguirre","image":{"@type":"ImageObject","inLanguage":"es","@id":"https:\/\/ciudadyregion.com.co\/#\/schema\/person\/image\/","url":"https:\/\/secure.gravatar.com\/avatar\/bc3c655860202182ee6d1b5edd042dbe?s=96&d=mm&r=g","contentUrl":"https:\/\/secure.gravatar.com\/avatar\/bc3c655860202182ee6d1b5edd042dbe?s=96&d=mm&r=g","caption":"David Andr\u00e9s Aguirre"},"url":"https:\/\/ciudadyregion.com.co\/index.php\/author\/diegoaguirre\/"}]}},"jetpack_featured_media_url":"https:\/\/i0.wp.com\/ciudadyregion.com.co\/wp-content\/uploads\/2025\/09\/2-69.jpg?fit=800%2C445&ssl=1","jetpack_sharing_enabled":true,"jetpack_shortlink":"https:\/\/wp.me\/pbS7hh-bEt","jetpack-related-posts":[],"_links":{"self":[{"href":"https:\/\/ciudadyregion.com.co\/index.php\/wp-json\/wp\/v2\/posts\/44793"}],"collection":[{"href":"https:\/\/ciudadyregion.com.co\/index.php\/wp-json\/wp\/v2\/posts"}],"about":[{"href":"https:\/\/ciudadyregion.com.co\/index.php\/wp-json\/wp\/v2\/types\/post"}],"author":[{"embeddable":true,"href":"https:\/\/ciudadyregion.com.co\/index.php\/wp-json\/wp\/v2\/users\/2"}],"replies":[{"embeddable":true,"href":"https:\/\/ciudadyregion.com.co\/index.php\/wp-json\/wp\/v2\/comments?post=44793"}],"version-history":[{"count":1,"href":"https:\/\/ciudadyregion.com.co\/index.php\/wp-json\/wp\/v2\/posts\/44793\/revisions"}],"predecessor-version":[{"id":44795,"href":"https:\/\/ciudadyregion.com.co\/index.php\/wp-json\/wp\/v2\/posts\/44793\/revisions\/44795"}],"wp:featuredmedia":[{"embeddable":true,"href":"https:\/\/ciudadyregion.com.co\/index.php\/wp-json\/wp\/v2\/media\/44794"}],"wp:attachment":[{"href":"https:\/\/ciudadyregion.com.co\/index.php\/wp-json\/wp\/v2\/media?parent=44793"}],"wp:term":[{"taxonomy":"category","embeddable":true,"href":"https:\/\/ciudadyregion.com.co\/index.php\/wp-json\/wp\/v2\/categories?post=44793"},{"taxonomy":"post_tag","embeddable":true,"href":"https:\/\/ciudadyregion.com.co\/index.php\/wp-json\/wp\/v2\/tags?post=44793"}],"curies":[{"name":"wp","href":"https:\/\/api.w.org\/{rel}","templated":true}]}}