{"id":44790,"date":"2025-09-12T07:15:45","date_gmt":"2025-09-12T12:15:45","guid":{"rendered":"https:\/\/ciudadyregion.com.co\/?p=44790"},"modified":"2025-09-12T07:15:45","modified_gmt":"2025-09-12T12:15:45","slug":"festival-del-camello-llego-a-la-plaza-de-la-28-con-ofertas-laborales-para-vendedores-informales","status":"publish","type":"post","link":"https:\/\/ciudadyregion.com.co\/index.php\/festival-del-camello-llego-a-la-plaza-de-la-28-con-ofertas-laborales-para-vendedores-informales\/ibague\/","title":{"rendered":"Festival del Camello lleg\u00f3 a la plaza de La 28 con ofertas laborales para vendedores informales"},"content":{"rendered":"<p>Alrededor de 100 personas asistieron a la Feria laboral de la Alcald\u00eda de Ibagu\u00e9 en la que participaron empresas y entidades como el Sena.<\/p>\n<p>Con el objetivo de llevar oportunidades de empleo a vendedores informales de la zona urbana y rural de Ibagu\u00e9, la Administraci\u00f3n Municipal organiz\u00f3 este jueves una nueva versi\u00f3n del Festival del Camello en la plaza de La 28.<\/p>\n<p>A la feria laboral asistieron m\u00e1s de 100 ciudadanos que buscaban un trabajo formal con alguna de las empresas participantes. Durante la jornada asistieron funcionarios de entidades aliadas como el Ministerio de Trabajo, Agencia P\u00fablica del Sena y Comfenalco.<\/p>\n<blockquote><p>\u201cMe parece algo muy bueno porque que hay mucho joven que no tiene experiencia laboral, por lo cual nunca consiguen un trabajo. Y por otro lado, hay conmigo muchas personas que ya tenemos determinada edad y no nos contratan en ninguna parte\u201d, afirm\u00f3 Martha Liliana D\u00edaz Ram\u00edrez, quien asisti\u00f3 la Feria.<\/p><\/blockquote>\n<p>Durante el Festival del Camello se ofertaron m\u00e1s de 100 vacantes, entre las que se destacaron: auxiliar de enfermer\u00eda, con o sin experiencia; cuidador de pacientes, asesores comerciales, l\u00edderes de asesores comerciales y ayudantes de obra.<\/p>\n<blockquote><p>\u201cComo parte de nuestra Pol\u00edtica P\u00fablica del vendedor Informal, organizamos una nueva jornada del Festival del Camello en la plaza de La 28, esta vez dirigida a vendedores informales de los sectores urbano y rural de Ibagu\u00e9. Se ofertaron m\u00e1s de 100 vacantes y registramos m\u00e1s de 100 beneficiarios\u201d, afirm\u00f3 Yenifer Jaramillo, directora de Emprendimiento, Fortalecimiento Empresarial y Empleo.<\/p><\/blockquote>\n<p>Es de recordar, que el Festival del Camello hace parte de la Ruta de Empleabilidad de la Alcald\u00eda de Ibagu\u00e9, la cual adem\u00e1s otorga asesor\u00eda a los ciudadanos para que mejoren sus hojas de vida, se preparen mejor para los procesos de selecci\u00f3n y fortalezcan y certifiquen sus competencias laborales.<\/p>\n","protected":false},"excerpt":{"rendered":"<p>Alrededor de 100 personas asistieron a la Feria laboral de la Alcald\u00eda de Ibagu\u00e9 en la que participaron empresas y entidades como el Sena. Con el objetivo de llevar oportunidades de empleo a vendedores informales de la zona urbana y rural de Ibagu\u00e9, la Administraci\u00f3n Municipal organiz\u00f3 este jueves una<span class=\"more-link\"><a href=\"https:\/\/ciudadyregion.com.co\/index.php\/festival-del-camello-llego-a-la-plaza-de-la-28-con-ofertas-laborales-para-vendedores-informales\/ibague\/\">Continuar Leyendo<\/a><\/span><\/p>\n","protected":false},"author":2,"featured_media":44791,"comment_status":"open","ping_status":"open","sticky":false,"template":"","format":"standard","meta":{"_uf_show_specific_survey":0,"_uf_disable_surveys":false,"_jetpack_memberships_contains_paid_content":false,"footnotes":"","jetpack_publicize_message":"","jetpack_publicize_feature_enabled":true,"jetpack_social_post_already_shared":true,"jetpack_social_options":{"image_generator_settings":{"template":"highway","enabled":false},"version":2}},"categories":[14],"tags":[],"class_list":["entry","author-diegoaguirre","post-44790","post","type-post","status-publish","format-standard","has-post-thumbnail","category-ibague"],"jetpack_publicize_connections":[],"yoast_head":"<!-- This site is optimized with the Yoast SEO plugin v24.3 - https:\/\/yoast.com\/wordpress\/plugins\/seo\/ -->\n<title>Festival del Camello lleg\u00f3 a la plaza de La 28 con ofertas laborales para vendedores informales - Ciudad y Region<\/title>\n<meta name=\"robots\" content=\"index, follow, max-snippet:-1, max-image-preview:large, max-video-preview:-1\" \/>\n<link rel=\"canonical\" href=\"https:\/\/ciudadyregion.com.co\/index.php\/festival-del-camello-llego-a-la-plaza-de-la-28-con-ofertas-laborales-para-vendedores-informales\/ibague\/\" \/>\n<meta property=\"og:locale\" content=\"es_ES\" \/>\n<meta property=\"og:type\" content=\"article\" \/>\n<meta property=\"og:title\" content=\"Festival del Camello lleg\u00f3 a la plaza de La 28 con ofertas laborales para vendedores informales - Ciudad y Region\" \/>\n<meta property=\"og:description\" content=\"Alrededor de 100 personas asistieron a la Feria laboral de la Alcald\u00eda de Ibagu\u00e9 en la que participaron empresas y entidades como el Sena. Con el objetivo de llevar oportunidades de empleo a vendedores informales de la zona urbana y rural de Ibagu\u00e9, la Administraci\u00f3n Municipal organiz\u00f3 este jueves unaContinuar Leyendo\" \/>\n<meta property=\"og:url\" content=\"https:\/\/ciudadyregion.com.co\/index.php\/festival-del-camello-llego-a-la-plaza-de-la-28-con-ofertas-laborales-para-vendedores-informales\/ibague\/\" \/>\n<meta property=\"og:site_name\" content=\"Ciudad y Region\" \/>\n<meta property=\"article:published_time\" content=\"2025-09-12T12:15:45+00:00\" \/>\n<meta property=\"og:image\" content=\"https:\/\/ciudadyregion.com.co\/wp-content\/uploads\/2025\/09\/322.jpg\" \/>\n\t<meta property=\"og:image:width\" content=\"800\" \/>\n\t<meta property=\"og:image:height\" content=\"445\" \/>\n\t<meta property=\"og:image:type\" content=\"image\/jpeg\" \/>\n<meta name=\"author\" content=\"David Andr\u00e9s Aguirre\" \/>\n<meta name=\"twitter:card\" content=\"summary_large_image\" \/>\n<meta name=\"twitter:label1\" content=\"Escrito por\" \/>\n\t<meta name=\"twitter:data1\" content=\"David Andr\u00e9s Aguirre\" \/>\n\t<meta name=\"twitter:label2\" content=\"Tiempo de lectura\" \/>\n\t<meta name=\"twitter:data2\" content=\"2 minutos\" \/>\n<script type=\"application\/ld+json\" class=\"yoast-schema-graph\">{\"@context\":\"https:\/\/schema.org\",\"@graph\":[{\"@type\":\"WebPage\",\"@id\":\"https:\/\/ciudadyregion.com.co\/index.php\/festival-del-camello-llego-a-la-plaza-de-la-28-con-ofertas-laborales-para-vendedores-informales\/ibague\/\",\"url\":\"https:\/\/ciudadyregion.com.co\/index.php\/festival-del-camello-llego-a-la-plaza-de-la-28-con-ofertas-laborales-para-vendedores-informales\/ibague\/\",\"name\":\"Festival del Camello lleg\u00f3 a la plaza de La 28 con ofertas laborales para vendedores informales - Ciudad y Region\",\"isPartOf\":{\"@id\":\"https:\/\/ciudadyregion.com.co\/#website\"},\"primaryImageOfPage\":{\"@id\":\"https:\/\/ciudadyregion.com.co\/index.php\/festival-del-camello-llego-a-la-plaza-de-la-28-con-ofertas-laborales-para-vendedores-informales\/ibague\/#primaryimage\"},\"image\":{\"@id\":\"https:\/\/ciudadyregion.com.co\/index.php\/festival-del-camello-llego-a-la-plaza-de-la-28-con-ofertas-laborales-para-vendedores-informales\/ibague\/#primaryimage\"},\"thumbnailUrl\":\"https:\/\/i0.wp.com\/ciudadyregion.com.co\/wp-content\/uploads\/2025\/09\/322.jpg?fit=800%2C445&ssl=1\",\"datePublished\":\"2025-09-12T12:15:45+00:00\",\"dateModified\":\"2025-09-12T12:15:45+00:00\",\"author\":{\"@id\":\"https:\/\/ciudadyregion.com.co\/#\/schema\/person\/04a4954373ebc4051f46e8c65ff78622\"},\"breadcrumb\":{\"@id\":\"https:\/\/ciudadyregion.com.co\/index.php\/festival-del-camello-llego-a-la-plaza-de-la-28-con-ofertas-laborales-para-vendedores-informales\/ibague\/#breadcrumb\"},\"inLanguage\":\"es\",\"potentialAction\":[{\"@type\":\"ReadAction\",\"target\":[\"https:\/\/ciudadyregion.com.co\/index.php\/festival-del-camello-llego-a-la-plaza-de-la-28-con-ofertas-laborales-para-vendedores-informales\/ibague\/\"]}]},{\"@type\":\"ImageObject\",\"inLanguage\":\"es\",\"@id\":\"https:\/\/ciudadyregion.com.co\/index.php\/festival-del-camello-llego-a-la-plaza-de-la-28-con-ofertas-laborales-para-vendedores-informales\/ibague\/#primaryimage\",\"url\":\"https:\/\/i0.wp.com\/ciudadyregion.com.co\/wp-content\/uploads\/2025\/09\/322.jpg?fit=800%2C445&ssl=1\",\"contentUrl\":\"https:\/\/i0.wp.com\/ciudadyregion.com.co\/wp-content\/uploads\/2025\/09\/322.jpg?fit=800%2C445&ssl=1\",\"width\":800,\"height\":445},{\"@type\":\"BreadcrumbList\",\"@id\":\"https:\/\/ciudadyregion.com.co\/index.php\/festival-del-camello-llego-a-la-plaza-de-la-28-con-ofertas-laborales-para-vendedores-informales\/ibague\/#breadcrumb\",\"itemListElement\":[{\"@type\":\"ListItem\",\"position\":1,\"name\":\"Portada\",\"item\":\"https:\/\/ciudadyregion.com.co\/\"},{\"@type\":\"ListItem\",\"position\":2,\"name\":\"Festival del Camello lleg\u00f3 a la plaza de La 28 con ofertas laborales para vendedores informales\"}]},{\"@type\":\"WebSite\",\"@id\":\"https:\/\/ciudadyregion.com.co\/#website\",\"url\":\"https:\/\/ciudadyregion.com.co\/\",\"name\":\"Ciudad y Region\",\"description\":\"\",\"potentialAction\":[{\"@type\":\"SearchAction\",\"target\":{\"@type\":\"EntryPoint\",\"urlTemplate\":\"https:\/\/ciudadyregion.com.co\/?s={search_term_string}\"},\"query-input\":{\"@type\":\"PropertyValueSpecification\",\"valueRequired\":true,\"valueName\":\"search_term_string\"}}],\"inLanguage\":\"es\"},{\"@type\":\"Person\",\"@id\":\"https:\/\/ciudadyregion.com.co\/#\/schema\/person\/04a4954373ebc4051f46e8c65ff78622\",\"name\":\"David Andr\u00e9s Aguirre\",\"image\":{\"@type\":\"ImageObject\",\"inLanguage\":\"es\",\"@id\":\"https:\/\/ciudadyregion.com.co\/#\/schema\/person\/image\/\",\"url\":\"https:\/\/secure.gravatar.com\/avatar\/bc3c655860202182ee6d1b5edd042dbe?s=96&d=mm&r=g\",\"contentUrl\":\"https:\/\/secure.gravatar.com\/avatar\/bc3c655860202182ee6d1b5edd042dbe?s=96&d=mm&r=g\",\"caption\":\"David Andr\u00e9s Aguirre\"},\"url\":\"https:\/\/ciudadyregion.com.co\/index.php\/author\/diegoaguirre\/\"}]}<\/script>\n<!-- \/ Yoast SEO plugin. -->","yoast_head_json":{"title":"Festival del Camello lleg\u00f3 a la plaza de La 28 con ofertas laborales para vendedores informales - Ciudad y Region","robots":{"index":"index","follow":"follow","max-snippet":"max-snippet:-1","max-image-preview":"max-image-preview:large","max-video-preview":"max-video-preview:-1"},"canonical":"https:\/\/ciudadyregion.com.co\/index.php\/festival-del-camello-llego-a-la-plaza-de-la-28-con-ofertas-laborales-para-vendedores-informales\/ibague\/","og_locale":"es_ES","og_type":"article","og_title":"Festival del Camello lleg\u00f3 a la plaza de La 28 con ofertas laborales para vendedores informales - Ciudad y Region","og_description":"Alrededor de 100 personas asistieron a la Feria laboral de la Alcald\u00eda de Ibagu\u00e9 en la que participaron empresas y entidades como el Sena. Con el objetivo de llevar oportunidades de empleo a vendedores informales de la zona urbana y rural de Ibagu\u00e9, la Administraci\u00f3n Municipal organiz\u00f3 este jueves unaContinuar Leyendo","og_url":"https:\/\/ciudadyregion.com.co\/index.php\/festival-del-camello-llego-a-la-plaza-de-la-28-con-ofertas-laborales-para-vendedores-informales\/ibague\/","og_site_name":"Ciudad y Region","article_published_time":"2025-09-12T12:15:45+00:00","og_image":[{"width":800,"height":445,"url":"https:\/\/ciudadyregion.com.co\/wp-content\/uploads\/2025\/09\/322.jpg","type":"image\/jpeg"}],"author":"David Andr\u00e9s Aguirre","twitter_card":"summary_large_image","twitter_misc":{"Escrito por":"David Andr\u00e9s Aguirre","Tiempo de lectura":"2 minutos"},"schema":{"@context":"https:\/\/schema.org","@graph":[{"@type":"WebPage","@id":"https:\/\/ciudadyregion.com.co\/index.php\/festival-del-camello-llego-a-la-plaza-de-la-28-con-ofertas-laborales-para-vendedores-informales\/ibague\/","url":"https:\/\/ciudadyregion.com.co\/index.php\/festival-del-camello-llego-a-la-plaza-de-la-28-con-ofertas-laborales-para-vendedores-informales\/ibague\/","name":"Festival del Camello lleg\u00f3 a la plaza de La 28 con ofertas laborales para vendedores informales - Ciudad y Region","isPartOf":{"@id":"https:\/\/ciudadyregion.com.co\/#website"},"primaryImageOfPage":{"@id":"https:\/\/ciudadyregion.com.co\/index.php\/festival-del-camello-llego-a-la-plaza-de-la-28-con-ofertas-laborales-para-vendedores-informales\/ibague\/#primaryimage"},"image":{"@id":"https:\/\/ciudadyregion.com.co\/index.php\/festival-del-camello-llego-a-la-plaza-de-la-28-con-ofertas-laborales-para-vendedores-informales\/ibague\/#primaryimage"},"thumbnailUrl":"https:\/\/i0.wp.com\/ciudadyregion.com.co\/wp-content\/uploads\/2025\/09\/322.jpg?fit=800%2C445&ssl=1","datePublished":"2025-09-12T12:15:45+00:00","dateModified":"2025-09-12T12:15:45+00:00","author":{"@id":"https:\/\/ciudadyregion.com.co\/#\/schema\/person\/04a4954373ebc4051f46e8c65ff78622"},"breadcrumb":{"@id":"https:\/\/ciudadyregion.com.co\/index.php\/festival-del-camello-llego-a-la-plaza-de-la-28-con-ofertas-laborales-para-vendedores-informales\/ibague\/#breadcrumb"},"inLanguage":"es","potentialAction":[{"@type":"ReadAction","target":["https:\/\/ciudadyregion.com.co\/index.php\/festival-del-camello-llego-a-la-plaza-de-la-28-con-ofertas-laborales-para-vendedores-informales\/ibague\/"]}]},{"@type":"ImageObject","inLanguage":"es","@id":"https:\/\/ciudadyregion.com.co\/index.php\/festival-del-camello-llego-a-la-plaza-de-la-28-con-ofertas-laborales-para-vendedores-informales\/ibague\/#primaryimage","url":"https:\/\/i0.wp.com\/ciudadyregion.com.co\/wp-content\/uploads\/2025\/09\/322.jpg?fit=800%2C445&ssl=1","contentUrl":"https:\/\/i0.wp.com\/ciudadyregion.com.co\/wp-content\/uploads\/2025\/09\/322.jpg?fit=800%2C445&ssl=1","width":800,"height":445},{"@type":"BreadcrumbList","@id":"https:\/\/ciudadyregion.com.co\/index.php\/festival-del-camello-llego-a-la-plaza-de-la-28-con-ofertas-laborales-para-vendedores-informales\/ibague\/#breadcrumb","itemListElement":[{"@type":"ListItem","position":1,"name":"Portada","item":"https:\/\/ciudadyregion.com.co\/"},{"@type":"ListItem","position":2,"name":"Festival del Camello lleg\u00f3 a la plaza de La 28 con ofertas laborales para vendedores informales"}]},{"@type":"WebSite","@id":"https:\/\/ciudadyregion.com.co\/#website","url":"https:\/\/ciudadyregion.com.co\/","name":"Ciudad y Region","description":"","potentialAction":[{"@type":"SearchAction","target":{"@type":"EntryPoint","urlTemplate":"https:\/\/ciudadyregion.com.co\/?s={search_term_string}"},"query-input":{"@type":"PropertyValueSpecification","valueRequired":true,"valueName":"search_term_string"}}],"inLanguage":"es"},{"@type":"Person","@id":"https:\/\/ciudadyregion.com.co\/#\/schema\/person\/04a4954373ebc4051f46e8c65ff78622","name":"David Andr\u00e9s Aguirre","image":{"@type":"ImageObject","inLanguage":"es","@id":"https:\/\/ciudadyregion.com.co\/#\/schema\/person\/image\/","url":"https:\/\/secure.gravatar.com\/avatar\/bc3c655860202182ee6d1b5edd042dbe?s=96&d=mm&r=g","contentUrl":"https:\/\/secure.gravatar.com\/avatar\/bc3c655860202182ee6d1b5edd042dbe?s=96&d=mm&r=g","caption":"David Andr\u00e9s Aguirre"},"url":"https:\/\/ciudadyregion.com.co\/index.php\/author\/diegoaguirre\/"}]}},"jetpack_featured_media_url":"https:\/\/i0.wp.com\/ciudadyregion.com.co\/wp-content\/uploads\/2025\/09\/322.jpg?fit=800%2C445&ssl=1","jetpack_sharing_enabled":true,"jetpack_shortlink":"https:\/\/wp.me\/pbS7hh-bEq","jetpack-related-posts":[],"_links":{"self":[{"href":"https:\/\/ciudadyregion.com.co\/index.php\/wp-json\/wp\/v2\/posts\/44790"}],"collection":[{"href":"https:\/\/ciudadyregion.com.co\/index.php\/wp-json\/wp\/v2\/posts"}],"about":[{"href":"https:\/\/ciudadyregion.com.co\/index.php\/wp-json\/wp\/v2\/types\/post"}],"author":[{"embeddable":true,"href":"https:\/\/ciudadyregion.com.co\/index.php\/wp-json\/wp\/v2\/users\/2"}],"replies":[{"embeddable":true,"href":"https:\/\/ciudadyregion.com.co\/index.php\/wp-json\/wp\/v2\/comments?post=44790"}],"version-history":[{"count":1,"href":"https:\/\/ciudadyregion.com.co\/index.php\/wp-json\/wp\/v2\/posts\/44790\/revisions"}],"predecessor-version":[{"id":44792,"href":"https:\/\/ciudadyregion.com.co\/index.php\/wp-json\/wp\/v2\/posts\/44790\/revisions\/44792"}],"wp:featuredmedia":[{"embeddable":true,"href":"https:\/\/ciudadyregion.com.co\/index.php\/wp-json\/wp\/v2\/media\/44791"}],"wp:attachment":[{"href":"https:\/\/ciudadyregion.com.co\/index.php\/wp-json\/wp\/v2\/media?parent=44790"}],"wp:term":[{"taxonomy":"category","embeddable":true,"href":"https:\/\/ciudadyregion.com.co\/index.php\/wp-json\/wp\/v2\/categories?post=44790"},{"taxonomy":"post_tag","embeddable":true,"href":"https:\/\/ciudadyregion.com.co\/index.php\/wp-json\/wp\/v2\/tags?post=44790"}],"curies":[{"name":"wp","href":"https:\/\/api.w.org\/{rel}","templated":true}]}}