{"id":44787,"date":"2025-09-12T05:39:40","date_gmt":"2025-09-12T10:39:40","guid":{"rendered":"https:\/\/ciudadyregion.com.co\/?p=44787"},"modified":"2025-09-12T05:39:40","modified_gmt":"2025-09-12T10:39:40","slug":"el-espinal-es-la-joya-de-la-corona-de-la-seguridad-en-el-tolima-la-bienvenida-de-la-gobernadora-matiz-al-nuevo-comandante-de-distrito-de-policia","status":"publish","type":"post","link":"https:\/\/ciudadyregion.com.co\/index.php\/el-espinal-es-la-joya-de-la-corona-de-la-seguridad-en-el-tolima-la-bienvenida-de-la-gobernadora-matiz-al-nuevo-comandante-de-distrito-de-policia\/regional\/","title":{"rendered":"\u201dEl Espinal es la joya de la corona de la seguridad en El Tolima\u201d: la bienvenida de la gobernadora Matiz al nuevo comandante de Distrito de Polic\u00eda"},"content":{"rendered":"<p>El Gobierno Departamental anunci\u00f3 la posesi\u00f3n del teniente coronel Alejandro Poveda, quien tendr\u00e1 la misi\u00f3n de fortalecer la lucha contra el delito y garantizar la protecci\u00f3n de los espinalunos.<\/p>\n<p>El teniente coronel Oscar Alejandro Poveda Rodr\u00edguez asumi\u00f3 oficialmente como comandante del Distrito 1 de El Espinal, con el firme compromiso de fortalecer la seguridad, la convivencia ciudadana y el trabajo articulado con el Gobierno Departamental, la administraci\u00f3n municipal y la comunidad.<\/p>\n<p>El nuevo comandante es Administrador Policial, especialista en Gesti\u00f3n Ambiental y Mag\u00edster en Seguridad P\u00fablica. Con 20 a\u00f1os de servicio en la Polic\u00eda Nacional, el oficial ha desarrollado una amplia trayectoria en cargos operativos y de mando, desempe\u00f1\u00e1ndose como comandante de estaci\u00f3n, comandante de distrito, comandante de los Escuadrones M\u00f3viles de Carabineros, jefe administrativo en la Metropolitana de C\u00facuta, comandante de distrito en Villa del Rosario (Norte de Santander) y en el Tolima, como comandante de distrito en Chaparral.<\/p>\n<p>Este nombramiento ratifica el compromiso del Gobierno Departamental y de la Polic\u00eda Nacional por fortalecer la convivencia pac\u00edfica y avanzando en la prevenci\u00f3n del delito, el control de las diferentes problem\u00e1ticas de orden p\u00fablico y la consolidaci\u00f3n de entornos seguros.<\/p>\n<p>Durante el acto de posesi\u00f3n, la gobernadora del Tolima, Adriana Magali Matiz, destac\u00f3 la importancia de este municipio en la din\u00e1mica regional: \u201cEl Espinal es la joya de la corona: la del alcalde, la de la Polic\u00eda y la m\u00eda. Necesitamos que cada d\u00eda los esfuerzos de nuestra Fuerza P\u00fablica sean mayores, porque debemos garantizar la seguridad en este municipio. As\u00ed que tremenda responsabilidad, el alcalde es bien intenso y yo tambi\u00e9n , pero estaremos presentes para servir, colaborar y trabajar de la mano con ustedes\u201d, afirm\u00f3 la mandataria.<\/p>\n<p>Por su parte, el el teniente coronelAlejandro Poveda expres\u00f3 su disposici\u00f3n de trabajar de manera eficiente para garantizar resultados positivos: \u201cEstamos recibiendo el d\u00eda de hoy el respaldo de nuestra gobernadora y de nuestro alcalde y obviamente no vamos a ser inferiores a esta responsabilidad tan grande. Inicialmente tenemos un reto muy grande que es contener la delincuencia com\u00fan, hemos identificado cu\u00e1les son los actores delincuenciales que vienen generando afectaciones especialmente en el tema de microtr\u00e1fico y en el delito de la vida. Hemos adelantado con nuestra Polic\u00eda Judicial la inteligencia y unas individualizaciones importantes que nos permitan llevar en corto tiempo a unos resultados importantes contra estas estructuras. Son estas dos l\u00edneas las que vamos atacar de manera contundente para garantizar la seguridad en el municipio\u201d.<\/p>\n<p>La Gobernaci\u00f3n del Tolima reitera su respaldo institucional a la labor del nuevo comandante y a todo el cuerpo policial de El Espinal, reafirmando que la seguridad y la convivencia son pilares fundamentales para el desarrollo de todo el territorio tolimense.<\/p>\n","protected":false},"excerpt":{"rendered":"<p>El Gobierno Departamental anunci\u00f3 la posesi\u00f3n del teniente coronel Alejandro Poveda, quien tendr\u00e1 la misi\u00f3n de fortalecer la lucha contra el delito y garantizar la protecci\u00f3n de los espinalunos. El teniente coronel Oscar Alejandro Poveda Rodr\u00edguez asumi\u00f3 oficialmente como comandante del Distrito 1 de El Espinal, con el firme compromiso<span class=\"more-link\"><a href=\"https:\/\/ciudadyregion.com.co\/index.php\/el-espinal-es-la-joya-de-la-corona-de-la-seguridad-en-el-tolima-la-bienvenida-de-la-gobernadora-matiz-al-nuevo-comandante-de-distrito-de-policia\/regional\/\">Continuar Leyendo<\/a><\/span><\/p>\n","protected":false},"author":2,"featured_media":44788,"comment_status":"open","ping_status":"open","sticky":false,"template":"","format":"standard","meta":{"_uf_show_specific_survey":0,"_uf_disable_surveys":false,"_jetpack_memberships_contains_paid_content":false,"footnotes":"","jetpack_publicize_message":"","jetpack_publicize_feature_enabled":true,"jetpack_social_post_already_shared":true,"jetpack_social_options":{"image_generator_settings":{"template":"highway","enabled":false},"version":2}},"categories":[13],"tags":[],"class_list":["entry","author-diegoaguirre","post-44787","post","type-post","status-publish","format-standard","has-post-thumbnail","category-regional"],"jetpack_publicize_connections":[],"yoast_head":"<!-- This site is optimized with the Yoast SEO plugin v24.3 - https:\/\/yoast.com\/wordpress\/plugins\/seo\/ -->\n<title>\u201dEl Espinal es la joya de la corona de la seguridad en El Tolima\u201d: la bienvenida de la gobernadora Matiz al nuevo comandante de Distrito de Polic\u00eda - Ciudad y Region<\/title>\n<meta name=\"robots\" content=\"index, follow, max-snippet:-1, max-image-preview:large, max-video-preview:-1\" \/>\n<link rel=\"canonical\" href=\"https:\/\/ciudadyregion.com.co\/index.php\/el-espinal-es-la-joya-de-la-corona-de-la-seguridad-en-el-tolima-la-bienvenida-de-la-gobernadora-matiz-al-nuevo-comandante-de-distrito-de-policia\/regional\/\" \/>\n<meta property=\"og:locale\" content=\"es_ES\" \/>\n<meta property=\"og:type\" content=\"article\" \/>\n<meta property=\"og:title\" content=\"\u201dEl Espinal es la joya de la corona de la seguridad en El Tolima\u201d: la bienvenida de la gobernadora Matiz al nuevo comandante de Distrito de Polic\u00eda - Ciudad y Region\" \/>\n<meta property=\"og:description\" content=\"El Gobierno Departamental anunci\u00f3 la posesi\u00f3n del teniente coronel Alejandro Poveda, quien tendr\u00e1 la misi\u00f3n de fortalecer la lucha contra el delito y garantizar la protecci\u00f3n de los espinalunos. El teniente coronel Oscar Alejandro Poveda Rodr\u00edguez asumi\u00f3 oficialmente como comandante del Distrito 1 de El Espinal, con el firme compromisoContinuar Leyendo\" \/>\n<meta property=\"og:url\" content=\"https:\/\/ciudadyregion.com.co\/index.php\/el-espinal-es-la-joya-de-la-corona-de-la-seguridad-en-el-tolima-la-bienvenida-de-la-gobernadora-matiz-al-nuevo-comandante-de-distrito-de-policia\/regional\/\" \/>\n<meta property=\"og:site_name\" content=\"Ciudad y Region\" \/>\n<meta property=\"article:published_time\" content=\"2025-09-12T10:39:40+00:00\" \/>\n<meta property=\"og:image\" content=\"https:\/\/ciudadyregion.com.co\/wp-content\/uploads\/2025\/09\/1-12.jpg\" \/>\n\t<meta property=\"og:image:width\" content=\"800\" \/>\n\t<meta property=\"og:image:height\" content=\"445\" \/>\n\t<meta property=\"og:image:type\" content=\"image\/jpeg\" \/>\n<meta name=\"author\" content=\"David Andr\u00e9s Aguirre\" \/>\n<meta name=\"twitter:card\" content=\"summary_large_image\" \/>\n<meta name=\"twitter:label1\" content=\"Escrito por\" \/>\n\t<meta name=\"twitter:data1\" content=\"David Andr\u00e9s Aguirre\" \/>\n\t<meta name=\"twitter:label2\" content=\"Tiempo de lectura\" \/>\n\t<meta name=\"twitter:data2\" content=\"3 minutos\" \/>\n<script type=\"application\/ld+json\" class=\"yoast-schema-graph\">{\"@context\":\"https:\/\/schema.org\",\"@graph\":[{\"@type\":\"WebPage\",\"@id\":\"https:\/\/ciudadyregion.com.co\/index.php\/el-espinal-es-la-joya-de-la-corona-de-la-seguridad-en-el-tolima-la-bienvenida-de-la-gobernadora-matiz-al-nuevo-comandante-de-distrito-de-policia\/regional\/\",\"url\":\"https:\/\/ciudadyregion.com.co\/index.php\/el-espinal-es-la-joya-de-la-corona-de-la-seguridad-en-el-tolima-la-bienvenida-de-la-gobernadora-matiz-al-nuevo-comandante-de-distrito-de-policia\/regional\/\",\"name\":\"\u201dEl Espinal es la joya de la corona de la seguridad en El Tolima\u201d: la bienvenida de la gobernadora Matiz al nuevo comandante de Distrito de Polic\u00eda - Ciudad y Region\",\"isPartOf\":{\"@id\":\"https:\/\/ciudadyregion.com.co\/#website\"},\"primaryImageOfPage\":{\"@id\":\"https:\/\/ciudadyregion.com.co\/index.php\/el-espinal-es-la-joya-de-la-corona-de-la-seguridad-en-el-tolima-la-bienvenida-de-la-gobernadora-matiz-al-nuevo-comandante-de-distrito-de-policia\/regional\/#primaryimage\"},\"image\":{\"@id\":\"https:\/\/ciudadyregion.com.co\/index.php\/el-espinal-es-la-joya-de-la-corona-de-la-seguridad-en-el-tolima-la-bienvenida-de-la-gobernadora-matiz-al-nuevo-comandante-de-distrito-de-policia\/regional\/#primaryimage\"},\"thumbnailUrl\":\"https:\/\/i0.wp.com\/ciudadyregion.com.co\/wp-content\/uploads\/2025\/09\/1-12.jpg?fit=800%2C445&ssl=1\",\"datePublished\":\"2025-09-12T10:39:40+00:00\",\"dateModified\":\"2025-09-12T10:39:40+00:00\",\"author\":{\"@id\":\"https:\/\/ciudadyregion.com.co\/#\/schema\/person\/04a4954373ebc4051f46e8c65ff78622\"},\"breadcrumb\":{\"@id\":\"https:\/\/ciudadyregion.com.co\/index.php\/el-espinal-es-la-joya-de-la-corona-de-la-seguridad-en-el-tolima-la-bienvenida-de-la-gobernadora-matiz-al-nuevo-comandante-de-distrito-de-policia\/regional\/#breadcrumb\"},\"inLanguage\":\"es\",\"potentialAction\":[{\"@type\":\"ReadAction\",\"target\":[\"https:\/\/ciudadyregion.com.co\/index.php\/el-espinal-es-la-joya-de-la-corona-de-la-seguridad-en-el-tolima-la-bienvenida-de-la-gobernadora-matiz-al-nuevo-comandante-de-distrito-de-policia\/regional\/\"]}]},{\"@type\":\"ImageObject\",\"inLanguage\":\"es\",\"@id\":\"https:\/\/ciudadyregion.com.co\/index.php\/el-espinal-es-la-joya-de-la-corona-de-la-seguridad-en-el-tolima-la-bienvenida-de-la-gobernadora-matiz-al-nuevo-comandante-de-distrito-de-policia\/regional\/#primaryimage\",\"url\":\"https:\/\/i0.wp.com\/ciudadyregion.com.co\/wp-content\/uploads\/2025\/09\/1-12.jpg?fit=800%2C445&ssl=1\",\"contentUrl\":\"https:\/\/i0.wp.com\/ciudadyregion.com.co\/wp-content\/uploads\/2025\/09\/1-12.jpg?fit=800%2C445&ssl=1\",\"width\":800,\"height\":445},{\"@type\":\"BreadcrumbList\",\"@id\":\"https:\/\/ciudadyregion.com.co\/index.php\/el-espinal-es-la-joya-de-la-corona-de-la-seguridad-en-el-tolima-la-bienvenida-de-la-gobernadora-matiz-al-nuevo-comandante-de-distrito-de-policia\/regional\/#breadcrumb\",\"itemListElement\":[{\"@type\":\"ListItem\",\"position\":1,\"name\":\"Portada\",\"item\":\"https:\/\/ciudadyregion.com.co\/\"},{\"@type\":\"ListItem\",\"position\":2,\"name\":\"\u201dEl Espinal es la joya de la corona de la seguridad en El Tolima\u201d: la bienvenida de la gobernadora Matiz al nuevo comandante de Distrito de Polic\u00eda\"}]},{\"@type\":\"WebSite\",\"@id\":\"https:\/\/ciudadyregion.com.co\/#website\",\"url\":\"https:\/\/ciudadyregion.com.co\/\",\"name\":\"Ciudad y Region\",\"description\":\"\",\"potentialAction\":[{\"@type\":\"SearchAction\",\"target\":{\"@type\":\"EntryPoint\",\"urlTemplate\":\"https:\/\/ciudadyregion.com.co\/?s={search_term_string}\"},\"query-input\":{\"@type\":\"PropertyValueSpecification\",\"valueRequired\":true,\"valueName\":\"search_term_string\"}}],\"inLanguage\":\"es\"},{\"@type\":\"Person\",\"@id\":\"https:\/\/ciudadyregion.com.co\/#\/schema\/person\/04a4954373ebc4051f46e8c65ff78622\",\"name\":\"David Andr\u00e9s Aguirre\",\"image\":{\"@type\":\"ImageObject\",\"inLanguage\":\"es\",\"@id\":\"https:\/\/ciudadyregion.com.co\/#\/schema\/person\/image\/\",\"url\":\"https:\/\/secure.gravatar.com\/avatar\/bc3c655860202182ee6d1b5edd042dbe?s=96&d=mm&r=g\",\"contentUrl\":\"https:\/\/secure.gravatar.com\/avatar\/bc3c655860202182ee6d1b5edd042dbe?s=96&d=mm&r=g\",\"caption\":\"David Andr\u00e9s Aguirre\"},\"url\":\"https:\/\/ciudadyregion.com.co\/index.php\/author\/diegoaguirre\/\"}]}<\/script>\n<!-- \/ Yoast SEO plugin. -->","yoast_head_json":{"title":"\u201dEl Espinal es la joya de la corona de la seguridad en El Tolima\u201d: la bienvenida de la gobernadora Matiz al nuevo comandante de Distrito de Polic\u00eda - Ciudad y Region","robots":{"index":"index","follow":"follow","max-snippet":"max-snippet:-1","max-image-preview":"max-image-preview:large","max-video-preview":"max-video-preview:-1"},"canonical":"https:\/\/ciudadyregion.com.co\/index.php\/el-espinal-es-la-joya-de-la-corona-de-la-seguridad-en-el-tolima-la-bienvenida-de-la-gobernadora-matiz-al-nuevo-comandante-de-distrito-de-policia\/regional\/","og_locale":"es_ES","og_type":"article","og_title":"\u201dEl Espinal es la joya de la corona de la seguridad en El Tolima\u201d: la bienvenida de la gobernadora Matiz al nuevo comandante de Distrito de Polic\u00eda - Ciudad y Region","og_description":"El Gobierno Departamental anunci\u00f3 la posesi\u00f3n del teniente coronel Alejandro Poveda, quien tendr\u00e1 la misi\u00f3n de fortalecer la lucha contra el delito y garantizar la protecci\u00f3n de los espinalunos. El teniente coronel Oscar Alejandro Poveda Rodr\u00edguez asumi\u00f3 oficialmente como comandante del Distrito 1 de El Espinal, con el firme compromisoContinuar Leyendo","og_url":"https:\/\/ciudadyregion.com.co\/index.php\/el-espinal-es-la-joya-de-la-corona-de-la-seguridad-en-el-tolima-la-bienvenida-de-la-gobernadora-matiz-al-nuevo-comandante-de-distrito-de-policia\/regional\/","og_site_name":"Ciudad y Region","article_published_time":"2025-09-12T10:39:40+00:00","og_image":[{"width":800,"height":445,"url":"https:\/\/ciudadyregion.com.co\/wp-content\/uploads\/2025\/09\/1-12.jpg","type":"image\/jpeg"}],"author":"David Andr\u00e9s Aguirre","twitter_card":"summary_large_image","twitter_misc":{"Escrito por":"David Andr\u00e9s Aguirre","Tiempo de lectura":"3 minutos"},"schema":{"@context":"https:\/\/schema.org","@graph":[{"@type":"WebPage","@id":"https:\/\/ciudadyregion.com.co\/index.php\/el-espinal-es-la-joya-de-la-corona-de-la-seguridad-en-el-tolima-la-bienvenida-de-la-gobernadora-matiz-al-nuevo-comandante-de-distrito-de-policia\/regional\/","url":"https:\/\/ciudadyregion.com.co\/index.php\/el-espinal-es-la-joya-de-la-corona-de-la-seguridad-en-el-tolima-la-bienvenida-de-la-gobernadora-matiz-al-nuevo-comandante-de-distrito-de-policia\/regional\/","name":"\u201dEl Espinal es la joya de la corona de la seguridad en El Tolima\u201d: la bienvenida de la gobernadora Matiz al nuevo comandante de Distrito de Polic\u00eda - Ciudad y Region","isPartOf":{"@id":"https:\/\/ciudadyregion.com.co\/#website"},"primaryImageOfPage":{"@id":"https:\/\/ciudadyregion.com.co\/index.php\/el-espinal-es-la-joya-de-la-corona-de-la-seguridad-en-el-tolima-la-bienvenida-de-la-gobernadora-matiz-al-nuevo-comandante-de-distrito-de-policia\/regional\/#primaryimage"},"image":{"@id":"https:\/\/ciudadyregion.com.co\/index.php\/el-espinal-es-la-joya-de-la-corona-de-la-seguridad-en-el-tolima-la-bienvenida-de-la-gobernadora-matiz-al-nuevo-comandante-de-distrito-de-policia\/regional\/#primaryimage"},"thumbnailUrl":"https:\/\/i0.wp.com\/ciudadyregion.com.co\/wp-content\/uploads\/2025\/09\/1-12.jpg?fit=800%2C445&ssl=1","datePublished":"2025-09-12T10:39:40+00:00","dateModified":"2025-09-12T10:39:40+00:00","author":{"@id":"https:\/\/ciudadyregion.com.co\/#\/schema\/person\/04a4954373ebc4051f46e8c65ff78622"},"breadcrumb":{"@id":"https:\/\/ciudadyregion.com.co\/index.php\/el-espinal-es-la-joya-de-la-corona-de-la-seguridad-en-el-tolima-la-bienvenida-de-la-gobernadora-matiz-al-nuevo-comandante-de-distrito-de-policia\/regional\/#breadcrumb"},"inLanguage":"es","potentialAction":[{"@type":"ReadAction","target":["https:\/\/ciudadyregion.com.co\/index.php\/el-espinal-es-la-joya-de-la-corona-de-la-seguridad-en-el-tolima-la-bienvenida-de-la-gobernadora-matiz-al-nuevo-comandante-de-distrito-de-policia\/regional\/"]}]},{"@type":"ImageObject","inLanguage":"es","@id":"https:\/\/ciudadyregion.com.co\/index.php\/el-espinal-es-la-joya-de-la-corona-de-la-seguridad-en-el-tolima-la-bienvenida-de-la-gobernadora-matiz-al-nuevo-comandante-de-distrito-de-policia\/regional\/#primaryimage","url":"https:\/\/i0.wp.com\/ciudadyregion.com.co\/wp-content\/uploads\/2025\/09\/1-12.jpg?fit=800%2C445&ssl=1","contentUrl":"https:\/\/i0.wp.com\/ciudadyregion.com.co\/wp-content\/uploads\/2025\/09\/1-12.jpg?fit=800%2C445&ssl=1","width":800,"height":445},{"@type":"BreadcrumbList","@id":"https:\/\/ciudadyregion.com.co\/index.php\/el-espinal-es-la-joya-de-la-corona-de-la-seguridad-en-el-tolima-la-bienvenida-de-la-gobernadora-matiz-al-nuevo-comandante-de-distrito-de-policia\/regional\/#breadcrumb","itemListElement":[{"@type":"ListItem","position":1,"name":"Portada","item":"https:\/\/ciudadyregion.com.co\/"},{"@type":"ListItem","position":2,"name":"\u201dEl Espinal es la joya de la corona de la seguridad en El Tolima\u201d: la bienvenida de la gobernadora Matiz al nuevo comandante de Distrito de Polic\u00eda"}]},{"@type":"WebSite","@id":"https:\/\/ciudadyregion.com.co\/#website","url":"https:\/\/ciudadyregion.com.co\/","name":"Ciudad y Region","description":"","potentialAction":[{"@type":"SearchAction","target":{"@type":"EntryPoint","urlTemplate":"https:\/\/ciudadyregion.com.co\/?s={search_term_string}"},"query-input":{"@type":"PropertyValueSpecification","valueRequired":true,"valueName":"search_term_string"}}],"inLanguage":"es"},{"@type":"Person","@id":"https:\/\/ciudadyregion.com.co\/#\/schema\/person\/04a4954373ebc4051f46e8c65ff78622","name":"David Andr\u00e9s Aguirre","image":{"@type":"ImageObject","inLanguage":"es","@id":"https:\/\/ciudadyregion.com.co\/#\/schema\/person\/image\/","url":"https:\/\/secure.gravatar.com\/avatar\/bc3c655860202182ee6d1b5edd042dbe?s=96&d=mm&r=g","contentUrl":"https:\/\/secure.gravatar.com\/avatar\/bc3c655860202182ee6d1b5edd042dbe?s=96&d=mm&r=g","caption":"David Andr\u00e9s Aguirre"},"url":"https:\/\/ciudadyregion.com.co\/index.php\/author\/diegoaguirre\/"}]}},"jetpack_featured_media_url":"https:\/\/i0.wp.com\/ciudadyregion.com.co\/wp-content\/uploads\/2025\/09\/1-12.jpg?fit=800%2C445&ssl=1","jetpack_sharing_enabled":true,"jetpack_shortlink":"https:\/\/wp.me\/pbS7hh-bEn","jetpack-related-posts":[],"_links":{"self":[{"href":"https:\/\/ciudadyregion.com.co\/index.php\/wp-json\/wp\/v2\/posts\/44787"}],"collection":[{"href":"https:\/\/ciudadyregion.com.co\/index.php\/wp-json\/wp\/v2\/posts"}],"about":[{"href":"https:\/\/ciudadyregion.com.co\/index.php\/wp-json\/wp\/v2\/types\/post"}],"author":[{"embeddable":true,"href":"https:\/\/ciudadyregion.com.co\/index.php\/wp-json\/wp\/v2\/users\/2"}],"replies":[{"embeddable":true,"href":"https:\/\/ciudadyregion.com.co\/index.php\/wp-json\/wp\/v2\/comments?post=44787"}],"version-history":[{"count":1,"href":"https:\/\/ciudadyregion.com.co\/index.php\/wp-json\/wp\/v2\/posts\/44787\/revisions"}],"predecessor-version":[{"id":44789,"href":"https:\/\/ciudadyregion.com.co\/index.php\/wp-json\/wp\/v2\/posts\/44787\/revisions\/44789"}],"wp:featuredmedia":[{"embeddable":true,"href":"https:\/\/ciudadyregion.com.co\/index.php\/wp-json\/wp\/v2\/media\/44788"}],"wp:attachment":[{"href":"https:\/\/ciudadyregion.com.co\/index.php\/wp-json\/wp\/v2\/media?parent=44787"}],"wp:term":[{"taxonomy":"category","embeddable":true,"href":"https:\/\/ciudadyregion.com.co\/index.php\/wp-json\/wp\/v2\/categories?post=44787"},{"taxonomy":"post_tag","embeddable":true,"href":"https:\/\/ciudadyregion.com.co\/index.php\/wp-json\/wp\/v2\/tags?post=44787"}],"curies":[{"name":"wp","href":"https:\/\/api.w.org\/{rel}","templated":true}]}}