{"id":43556,"date":"2025-08-28T05:16:45","date_gmt":"2025-08-28T10:16:45","guid":{"rendered":"https:\/\/ciudadyregion.com.co\/?p=43556"},"modified":"2025-08-28T05:16:45","modified_gmt":"2025-08-28T10:16:45","slug":"minagricultura-amplia-credito-a-productores-perjudicados-por-fenomenos-climaticos-y-catastrofes-naturales","status":"publish","type":"post","link":"https:\/\/ciudadyregion.com.co\/index.php\/minagricultura-amplia-credito-a-productores-perjudicados-por-fenomenos-climaticos-y-catastrofes-naturales\/nacional\/","title":{"rendered":"MinAgricultura ampl\u00eda cr\u00e9dito a productores perjudicados por fen\u00f3menos clim\u00e1ticos y cat\u00e1strofes naturales"},"content":{"rendered":"<p>La medida beneficia a los productores afectados por fen\u00f3menos clim\u00e1ticos como El Ni\u00f1o y La Ni\u00f1a, as\u00ed como a campesinos y campesinas a los que se les afectaron sus proyectos por la cat\u00e1strofe natural ocurrida en el municipio de Paratebueno (Cundinamarca). Adem\u00e1s, cobija a los sectores arrocero y papero, espec\u00edficamente a quienes vieron afectados sus ingresos.\u200b<\/p>\n<p>As\u00ed lo determin\u00f3 la Comisi\u00f3n Nacional de Cr\u00e9dito Agropecuario, encabezada por el Ministerio de Agricultura. La medida consiste en ampliar los beneficios de la L\u00ednea Especial de Cr\u00e9dito de Reactivaci\u00f3n Agropecuaria.<\/p>\n<p>Se trata de un instrumento financiero de Fondo para el Financiamiento del Sector Agropecuario (Finagro), a trav\u00e9s del cual los productores agropecuarios pueden acceder, mediante el Banco Agrario y dem\u00e1s bancos y cooperativas, a tasas de inter\u00e9s fijas que cuentan con subsidios por parte del Gobierno nacional.<\/p>\n<blockquote><p>\u201cLos peque\u00f1os y medianos productores podr\u00e1n fortalecer sus cultivos para asegurar sus cosechas y as\u00ed fortalecer la seguridad alimentaria del pa\u00eds\u00bb, explic\u00f3 Martha Carvajalino, ministra de Agricultura.<\/p><\/blockquote>\n<p>Esta L\u00ednea Especial de Cr\u00e9dito est\u00e1 dise\u00f1ada para mitigar los impactos econ\u00f3micos derivados de situaciones clim\u00e1ticas adversas que han afectado la producci\u00f3n agropecuaria en diferentes regiones del pa\u00eds. A trav\u00e9s de este mecanismo los campesinos y productores podr\u00e1n financiar capital de trabajo o inversiones, as\u00ed como la normalizaci\u00f3n de cr\u00e9ditos en condiciones muy favorables.<\/p>\n<p>Entre las ventajas de esta L\u00ednea Especial de Cr\u00e9dito, se encuentran subsidios a la tasa de inter\u00e9s que se extienden hasta tres (3) a\u00f1os para capital de trabajo y hasta siete (7) a\u00f1os para inversi\u00f3n.<\/p>\n<p>La presidenta de Finagro, Alexandra Restrepo, destac\u00f3 que con esta medida \u201cseguimos trabajando para que el cr\u00e9dito agropecuario sea una verdadera palanca de reactivaci\u00f3n productiva\u00bb.<\/p>\n<blockquote><p>\u201cCon tasas que van desde el 3 % efectivo anual estamos enviando un mensaje de confianza a los productores afectados por situaciones clim\u00e1ticas, de orden p\u00fablico o de mercado. Invito a los productores afectados a ir a sus intermediarios financieros de confianza y preguntar por la L\u00ednea de Cr\u00e9dito de Reactivaci\u00f3n Agropecuaria de Finagro\u00bb, a\u00f1adi\u00f3.<\/p><\/blockquote>\n<p>&nbsp;<\/p>\n<p>El presidente del Banco Agrario, Hernando Chica Zuccardi, invit\u00f3 a los productores interesados a que se acerquen a las oficinas de la entidad y accedan a esta l\u00ednea de fomento, que hace parte de su amplio portafolio.<\/p>\n<blockquote><p>\u201cNuestro objetivo es capitalizar al sector agropecuario, de manera particular en coyunturas adversas para la producci\u00f3n. As\u00ed contribuimos a la seguridad alimentaria de los colombianos, al tiempo que mejoramos las condiciones sociales, econ\u00f3micas y de sostenibilidad del sector rural del pa\u00eds\u00bb, sostuvo Chica Zuccardi.<\/p><\/blockquote>\n<p>Para acceder a esta L\u00ednea los beneficiarios deben inscribirse en el Registro \u00danico de Damnificados (RUD) de la Unidad Nacional para la Gesti\u00f3n del Riesgo de Desastres (Ungrd), o presentar una declaraci\u00f3n juramentada ante el intermediario financiero (sea banco o cooperativa) que certifique la afectaci\u00f3n.<\/p>\n<p>El programa de Finagro estar\u00e1 vigente hasta el 31 de diciembre de 2025, o hasta agotar los recursos asignados por el Ministerio de Agricultura. Las personas interesadas deben acercarse al Banco Agrario o a su intermediario de confianza y preguntar por la L\u00ednea Especial de Cr\u00e9dito de Reactivaci\u00f3n Agropecuaria de Finagro.<\/p>\n<p>&nbsp;<\/p>\n","protected":false},"excerpt":{"rendered":"<p>La medida beneficia a los productores afectados por fen\u00f3menos clim\u00e1ticos como El Ni\u00f1o y La Ni\u00f1a, as\u00ed como a campesinos y campesinas a los que se les afectaron sus proyectos por la cat\u00e1strofe natural ocurrida en el municipio de Paratebueno (Cundinamarca). Adem\u00e1s, cobija a los sectores arrocero y papero, espec\u00edficamente<span class=\"more-link\"><a href=\"https:\/\/ciudadyregion.com.co\/index.php\/minagricultura-amplia-credito-a-productores-perjudicados-por-fenomenos-climaticos-y-catastrofes-naturales\/nacional\/\">Continuar Leyendo<\/a><\/span><\/p>\n","protected":false},"author":2,"featured_media":43557,"comment_status":"open","ping_status":"open","sticky":false,"template":"","format":"standard","meta":{"_uf_show_specific_survey":0,"_uf_disable_surveys":false,"_jetpack_memberships_contains_paid_content":false,"footnotes":"","jetpack_publicize_message":"","jetpack_publicize_feature_enabled":true,"jetpack_social_post_already_shared":true,"jetpack_social_options":{"image_generator_settings":{"template":"highway","enabled":false},"version":2}},"categories":[23],"tags":[],"class_list":["entry","author-diegoaguirre","post-43556","post","type-post","status-publish","format-standard","has-post-thumbnail","category-nacional"],"jetpack_publicize_connections":[],"yoast_head":"<!-- This site is optimized with the Yoast SEO plugin v24.3 - https:\/\/yoast.com\/wordpress\/plugins\/seo\/ -->\n<title>MinAgricultura ampl\u00eda cr\u00e9dito a productores perjudicados por fen\u00f3menos clim\u00e1ticos y cat\u00e1strofes naturales - Ciudad y Region<\/title>\n<meta name=\"robots\" content=\"index, follow, max-snippet:-1, max-image-preview:large, max-video-preview:-1\" \/>\n<link rel=\"canonical\" href=\"https:\/\/ciudadyregion.com.co\/index.php\/minagricultura-amplia-credito-a-productores-perjudicados-por-fenomenos-climaticos-y-catastrofes-naturales\/nacional\/\" \/>\n<meta property=\"og:locale\" content=\"es_ES\" \/>\n<meta property=\"og:type\" content=\"article\" \/>\n<meta property=\"og:title\" content=\"MinAgricultura ampl\u00eda cr\u00e9dito a productores perjudicados por fen\u00f3menos clim\u00e1ticos y cat\u00e1strofes naturales - Ciudad y Region\" \/>\n<meta property=\"og:description\" content=\"La medida beneficia a los productores afectados por fen\u00f3menos clim\u00e1ticos como El Ni\u00f1o y La Ni\u00f1a, as\u00ed como a campesinos y campesinas a los que se les afectaron sus proyectos por la cat\u00e1strofe natural ocurrida en el municipio de Paratebueno (Cundinamarca). Adem\u00e1s, cobija a los sectores arrocero y papero, espec\u00edficamenteContinuar Leyendo\" \/>\n<meta property=\"og:url\" content=\"https:\/\/ciudadyregion.com.co\/index.php\/minagricultura-amplia-credito-a-productores-perjudicados-por-fenomenos-climaticos-y-catastrofes-naturales\/nacional\/\" \/>\n<meta property=\"og:site_name\" content=\"Ciudad y Region\" \/>\n<meta property=\"article:published_time\" content=\"2025-08-28T10:16:45+00:00\" \/>\n<meta property=\"og:image\" content=\"https:\/\/ciudadyregion.com.co\/wp-content\/uploads\/2025\/08\/2-68-1.jpg\" \/>\n\t<meta property=\"og:image:width\" content=\"800\" \/>\n\t<meta property=\"og:image:height\" content=\"445\" \/>\n\t<meta property=\"og:image:type\" content=\"image\/jpeg\" \/>\n<meta name=\"author\" content=\"David Andr\u00e9s Aguirre\" \/>\n<meta name=\"twitter:card\" content=\"summary_large_image\" \/>\n<meta name=\"twitter:label1\" content=\"Escrito por\" \/>\n\t<meta name=\"twitter:data1\" content=\"David Andr\u00e9s Aguirre\" \/>\n\t<meta name=\"twitter:label2\" content=\"Tiempo de lectura\" \/>\n\t<meta name=\"twitter:data2\" content=\"3 minutos\" \/>\n<script type=\"application\/ld+json\" class=\"yoast-schema-graph\">{\"@context\":\"https:\/\/schema.org\",\"@graph\":[{\"@type\":\"WebPage\",\"@id\":\"https:\/\/ciudadyregion.com.co\/index.php\/minagricultura-amplia-credito-a-productores-perjudicados-por-fenomenos-climaticos-y-catastrofes-naturales\/nacional\/\",\"url\":\"https:\/\/ciudadyregion.com.co\/index.php\/minagricultura-amplia-credito-a-productores-perjudicados-por-fenomenos-climaticos-y-catastrofes-naturales\/nacional\/\",\"name\":\"MinAgricultura ampl\u00eda cr\u00e9dito a productores perjudicados por fen\u00f3menos clim\u00e1ticos y cat\u00e1strofes naturales - Ciudad y Region\",\"isPartOf\":{\"@id\":\"https:\/\/ciudadyregion.com.co\/#website\"},\"primaryImageOfPage\":{\"@id\":\"https:\/\/ciudadyregion.com.co\/index.php\/minagricultura-amplia-credito-a-productores-perjudicados-por-fenomenos-climaticos-y-catastrofes-naturales\/nacional\/#primaryimage\"},\"image\":{\"@id\":\"https:\/\/ciudadyregion.com.co\/index.php\/minagricultura-amplia-credito-a-productores-perjudicados-por-fenomenos-climaticos-y-catastrofes-naturales\/nacional\/#primaryimage\"},\"thumbnailUrl\":\"https:\/\/i0.wp.com\/ciudadyregion.com.co\/wp-content\/uploads\/2025\/08\/2-68-1.jpg?fit=800%2C445&ssl=1\",\"datePublished\":\"2025-08-28T10:16:45+00:00\",\"dateModified\":\"2025-08-28T10:16:45+00:00\",\"author\":{\"@id\":\"https:\/\/ciudadyregion.com.co\/#\/schema\/person\/04a4954373ebc4051f46e8c65ff78622\"},\"breadcrumb\":{\"@id\":\"https:\/\/ciudadyregion.com.co\/index.php\/minagricultura-amplia-credito-a-productores-perjudicados-por-fenomenos-climaticos-y-catastrofes-naturales\/nacional\/#breadcrumb\"},\"inLanguage\":\"es\",\"potentialAction\":[{\"@type\":\"ReadAction\",\"target\":[\"https:\/\/ciudadyregion.com.co\/index.php\/minagricultura-amplia-credito-a-productores-perjudicados-por-fenomenos-climaticos-y-catastrofes-naturales\/nacional\/\"]}]},{\"@type\":\"ImageObject\",\"inLanguage\":\"es\",\"@id\":\"https:\/\/ciudadyregion.com.co\/index.php\/minagricultura-amplia-credito-a-productores-perjudicados-por-fenomenos-climaticos-y-catastrofes-naturales\/nacional\/#primaryimage\",\"url\":\"https:\/\/i0.wp.com\/ciudadyregion.com.co\/wp-content\/uploads\/2025\/08\/2-68-1.jpg?fit=800%2C445&ssl=1\",\"contentUrl\":\"https:\/\/i0.wp.com\/ciudadyregion.com.co\/wp-content\/uploads\/2025\/08\/2-68-1.jpg?fit=800%2C445&ssl=1\",\"width\":800,\"height\":445},{\"@type\":\"BreadcrumbList\",\"@id\":\"https:\/\/ciudadyregion.com.co\/index.php\/minagricultura-amplia-credito-a-productores-perjudicados-por-fenomenos-climaticos-y-catastrofes-naturales\/nacional\/#breadcrumb\",\"itemListElement\":[{\"@type\":\"ListItem\",\"position\":1,\"name\":\"Portada\",\"item\":\"https:\/\/ciudadyregion.com.co\/\"},{\"@type\":\"ListItem\",\"position\":2,\"name\":\"MinAgricultura ampl\u00eda cr\u00e9dito a productores perjudicados por fen\u00f3menos clim\u00e1ticos y cat\u00e1strofes naturales\"}]},{\"@type\":\"WebSite\",\"@id\":\"https:\/\/ciudadyregion.com.co\/#website\",\"url\":\"https:\/\/ciudadyregion.com.co\/\",\"name\":\"Ciudad y Region\",\"description\":\"\",\"potentialAction\":[{\"@type\":\"SearchAction\",\"target\":{\"@type\":\"EntryPoint\",\"urlTemplate\":\"https:\/\/ciudadyregion.com.co\/?s={search_term_string}\"},\"query-input\":{\"@type\":\"PropertyValueSpecification\",\"valueRequired\":true,\"valueName\":\"search_term_string\"}}],\"inLanguage\":\"es\"},{\"@type\":\"Person\",\"@id\":\"https:\/\/ciudadyregion.com.co\/#\/schema\/person\/04a4954373ebc4051f46e8c65ff78622\",\"name\":\"David Andr\u00e9s Aguirre\",\"image\":{\"@type\":\"ImageObject\",\"inLanguage\":\"es\",\"@id\":\"https:\/\/ciudadyregion.com.co\/#\/schema\/person\/image\/\",\"url\":\"https:\/\/secure.gravatar.com\/avatar\/bc3c655860202182ee6d1b5edd042dbe?s=96&d=mm&r=g\",\"contentUrl\":\"https:\/\/secure.gravatar.com\/avatar\/bc3c655860202182ee6d1b5edd042dbe?s=96&d=mm&r=g\",\"caption\":\"David Andr\u00e9s Aguirre\"},\"url\":\"https:\/\/ciudadyregion.com.co\/index.php\/author\/diegoaguirre\/\"}]}<\/script>\n<!-- \/ Yoast SEO plugin. -->","yoast_head_json":{"title":"MinAgricultura ampl\u00eda cr\u00e9dito a productores perjudicados por fen\u00f3menos clim\u00e1ticos y cat\u00e1strofes naturales - Ciudad y Region","robots":{"index":"index","follow":"follow","max-snippet":"max-snippet:-1","max-image-preview":"max-image-preview:large","max-video-preview":"max-video-preview:-1"},"canonical":"https:\/\/ciudadyregion.com.co\/index.php\/minagricultura-amplia-credito-a-productores-perjudicados-por-fenomenos-climaticos-y-catastrofes-naturales\/nacional\/","og_locale":"es_ES","og_type":"article","og_title":"MinAgricultura ampl\u00eda cr\u00e9dito a productores perjudicados por fen\u00f3menos clim\u00e1ticos y cat\u00e1strofes naturales - Ciudad y Region","og_description":"La medida beneficia a los productores afectados por fen\u00f3menos clim\u00e1ticos como El Ni\u00f1o y La Ni\u00f1a, as\u00ed como a campesinos y campesinas a los que se les afectaron sus proyectos por la cat\u00e1strofe natural ocurrida en el municipio de Paratebueno (Cundinamarca). Adem\u00e1s, cobija a los sectores arrocero y papero, espec\u00edficamenteContinuar Leyendo","og_url":"https:\/\/ciudadyregion.com.co\/index.php\/minagricultura-amplia-credito-a-productores-perjudicados-por-fenomenos-climaticos-y-catastrofes-naturales\/nacional\/","og_site_name":"Ciudad y Region","article_published_time":"2025-08-28T10:16:45+00:00","og_image":[{"width":800,"height":445,"url":"https:\/\/ciudadyregion.com.co\/wp-content\/uploads\/2025\/08\/2-68-1.jpg","type":"image\/jpeg"}],"author":"David Andr\u00e9s Aguirre","twitter_card":"summary_large_image","twitter_misc":{"Escrito por":"David Andr\u00e9s Aguirre","Tiempo de lectura":"3 minutos"},"schema":{"@context":"https:\/\/schema.org","@graph":[{"@type":"WebPage","@id":"https:\/\/ciudadyregion.com.co\/index.php\/minagricultura-amplia-credito-a-productores-perjudicados-por-fenomenos-climaticos-y-catastrofes-naturales\/nacional\/","url":"https:\/\/ciudadyregion.com.co\/index.php\/minagricultura-amplia-credito-a-productores-perjudicados-por-fenomenos-climaticos-y-catastrofes-naturales\/nacional\/","name":"MinAgricultura ampl\u00eda cr\u00e9dito a productores perjudicados por fen\u00f3menos clim\u00e1ticos y cat\u00e1strofes naturales - Ciudad y Region","isPartOf":{"@id":"https:\/\/ciudadyregion.com.co\/#website"},"primaryImageOfPage":{"@id":"https:\/\/ciudadyregion.com.co\/index.php\/minagricultura-amplia-credito-a-productores-perjudicados-por-fenomenos-climaticos-y-catastrofes-naturales\/nacional\/#primaryimage"},"image":{"@id":"https:\/\/ciudadyregion.com.co\/index.php\/minagricultura-amplia-credito-a-productores-perjudicados-por-fenomenos-climaticos-y-catastrofes-naturales\/nacional\/#primaryimage"},"thumbnailUrl":"https:\/\/i0.wp.com\/ciudadyregion.com.co\/wp-content\/uploads\/2025\/08\/2-68-1.jpg?fit=800%2C445&ssl=1","datePublished":"2025-08-28T10:16:45+00:00","dateModified":"2025-08-28T10:16:45+00:00","author":{"@id":"https:\/\/ciudadyregion.com.co\/#\/schema\/person\/04a4954373ebc4051f46e8c65ff78622"},"breadcrumb":{"@id":"https:\/\/ciudadyregion.com.co\/index.php\/minagricultura-amplia-credito-a-productores-perjudicados-por-fenomenos-climaticos-y-catastrofes-naturales\/nacional\/#breadcrumb"},"inLanguage":"es","potentialAction":[{"@type":"ReadAction","target":["https:\/\/ciudadyregion.com.co\/index.php\/minagricultura-amplia-credito-a-productores-perjudicados-por-fenomenos-climaticos-y-catastrofes-naturales\/nacional\/"]}]},{"@type":"ImageObject","inLanguage":"es","@id":"https:\/\/ciudadyregion.com.co\/index.php\/minagricultura-amplia-credito-a-productores-perjudicados-por-fenomenos-climaticos-y-catastrofes-naturales\/nacional\/#primaryimage","url":"https:\/\/i0.wp.com\/ciudadyregion.com.co\/wp-content\/uploads\/2025\/08\/2-68-1.jpg?fit=800%2C445&ssl=1","contentUrl":"https:\/\/i0.wp.com\/ciudadyregion.com.co\/wp-content\/uploads\/2025\/08\/2-68-1.jpg?fit=800%2C445&ssl=1","width":800,"height":445},{"@type":"BreadcrumbList","@id":"https:\/\/ciudadyregion.com.co\/index.php\/minagricultura-amplia-credito-a-productores-perjudicados-por-fenomenos-climaticos-y-catastrofes-naturales\/nacional\/#breadcrumb","itemListElement":[{"@type":"ListItem","position":1,"name":"Portada","item":"https:\/\/ciudadyregion.com.co\/"},{"@type":"ListItem","position":2,"name":"MinAgricultura ampl\u00eda cr\u00e9dito a productores perjudicados por fen\u00f3menos clim\u00e1ticos y cat\u00e1strofes naturales"}]},{"@type":"WebSite","@id":"https:\/\/ciudadyregion.com.co\/#website","url":"https:\/\/ciudadyregion.com.co\/","name":"Ciudad y Region","description":"","potentialAction":[{"@type":"SearchAction","target":{"@type":"EntryPoint","urlTemplate":"https:\/\/ciudadyregion.com.co\/?s={search_term_string}"},"query-input":{"@type":"PropertyValueSpecification","valueRequired":true,"valueName":"search_term_string"}}],"inLanguage":"es"},{"@type":"Person","@id":"https:\/\/ciudadyregion.com.co\/#\/schema\/person\/04a4954373ebc4051f46e8c65ff78622","name":"David Andr\u00e9s Aguirre","image":{"@type":"ImageObject","inLanguage":"es","@id":"https:\/\/ciudadyregion.com.co\/#\/schema\/person\/image\/","url":"https:\/\/secure.gravatar.com\/avatar\/bc3c655860202182ee6d1b5edd042dbe?s=96&d=mm&r=g","contentUrl":"https:\/\/secure.gravatar.com\/avatar\/bc3c655860202182ee6d1b5edd042dbe?s=96&d=mm&r=g","caption":"David Andr\u00e9s Aguirre"},"url":"https:\/\/ciudadyregion.com.co\/index.php\/author\/diegoaguirre\/"}]}},"jetpack_featured_media_url":"https:\/\/i0.wp.com\/ciudadyregion.com.co\/wp-content\/uploads\/2025\/08\/2-68-1.jpg?fit=800%2C445&ssl=1","jetpack_sharing_enabled":true,"jetpack_shortlink":"https:\/\/wp.me\/pbS7hh-bkw","jetpack-related-posts":[],"_links":{"self":[{"href":"https:\/\/ciudadyregion.com.co\/index.php\/wp-json\/wp\/v2\/posts\/43556"}],"collection":[{"href":"https:\/\/ciudadyregion.com.co\/index.php\/wp-json\/wp\/v2\/posts"}],"about":[{"href":"https:\/\/ciudadyregion.com.co\/index.php\/wp-json\/wp\/v2\/types\/post"}],"author":[{"embeddable":true,"href":"https:\/\/ciudadyregion.com.co\/index.php\/wp-json\/wp\/v2\/users\/2"}],"replies":[{"embeddable":true,"href":"https:\/\/ciudadyregion.com.co\/index.php\/wp-json\/wp\/v2\/comments?post=43556"}],"version-history":[{"count":1,"href":"https:\/\/ciudadyregion.com.co\/index.php\/wp-json\/wp\/v2\/posts\/43556\/revisions"}],"predecessor-version":[{"id":43558,"href":"https:\/\/ciudadyregion.com.co\/index.php\/wp-json\/wp\/v2\/posts\/43556\/revisions\/43558"}],"wp:featuredmedia":[{"embeddable":true,"href":"https:\/\/ciudadyregion.com.co\/index.php\/wp-json\/wp\/v2\/media\/43557"}],"wp:attachment":[{"href":"https:\/\/ciudadyregion.com.co\/index.php\/wp-json\/wp\/v2\/media?parent=43556"}],"wp:term":[{"taxonomy":"category","embeddable":true,"href":"https:\/\/ciudadyregion.com.co\/index.php\/wp-json\/wp\/v2\/categories?post=43556"},{"taxonomy":"post_tag","embeddable":true,"href":"https:\/\/ciudadyregion.com.co\/index.php\/wp-json\/wp\/v2\/tags?post=43556"}],"curies":[{"name":"wp","href":"https:\/\/api.w.org\/{rel}","templated":true}]}}