{"id":43553,"date":"2025-08-28T05:14:27","date_gmt":"2025-08-28T10:14:27","guid":{"rendered":"https:\/\/ciudadyregion.com.co\/?p=43553"},"modified":"2025-08-28T05:14:27","modified_gmt":"2025-08-28T10:14:27","slug":"podemos-ser-pacientes-en-el-dialogo-pero-no-tolerantes-con-el-crimen-ministro-de-defensa-sobre-secuestro-de-soldados-en-guaviare","status":"publish","type":"post","link":"https:\/\/ciudadyregion.com.co\/index.php\/podemos-ser-pacientes-en-el-dialogo-pero-no-tolerantes-con-el-crimen-ministro-de-defensa-sobre-secuestro-de-soldados-en-guaviare\/nacional\/","title":{"rendered":"\u2018Podemos ser pacientes en el di\u00e1logo, pero no tolerantes con el crimen\u2019: ministro de Defensa sobre secuestro de soldados en Guaviare"},"content":{"rendered":"<p>La afirmaci\u00f3n la hizo el titular de la cartera de Defensa, Pedro Arnulfo S\u00e1nchez, mediante video publicado en su cuenta de la red social X, en el que tambi\u00e9n anunci\u00f3 la movilizaci\u00f3n de tropas al lugar donde tienen secuestrados a los militares.\u200b<\/p>\n<blockquote><p>\u201cHemos movilizado a gran parte de las Fuerzas Especiales y si es del caso movilizaremos tambi\u00e9n a unidades del Undemo (Unidad de Di\u00e1logo y Mantenimiento del Orden). Las fuerzas convencionales que sean necesarias las movilizaremos para liberar a nuestros secuestrados\u00bb, enfatiz\u00f3.<\/p><\/blockquote>\n<p>Los militares fueron secuestrados por personas vestidas de civil en zona rural del municipio de El Retorno (Guaviare) luego de la operaci\u00f3n del fin de semana contra alias &#8216;Dumar&#8217; o &#8216;Chito&#8217;, principal cabecilla del autodenominado bloque m\u00f3vil &#8216;Mart\u00edn Villa&#8217;, facci\u00f3n al mando de alias &#8216;Iv\u00e1n Mordisco&#8217;.<\/p>\n<blockquote><p>\u201cEste es un mensaje para quienes tienen a nuestros soldados secuestrados. No pueden continuar cometiendo este grave y aberrante delito, secuestrando a nuestros militares en el \u00e1rea rural de El Retorno, Guaviare, haci\u00e9ndolo unas personas de civil, que dicen que est\u00e1n haciendo un cerco humanitario o d\u00e1ndole nombres a lo que no corresponde\u00bb, dijo el ministro en el video publicado en X.<\/p><\/blockquote>\n<p>Asimismo, S\u00e1nchez fue enf\u00e1tico en decir que los soldados son v\u00edctimas del delito de secuestro.<\/p>\n<blockquote><p>\u201cEsto es un secuestro y es extorsivo, pues adem\u00e1s est\u00e1n exigiendo algo a cambio y obligando a que nuestros militares omitan el cumplimiento de su deber constitucional\u00bb, manifest\u00f3.<\/p><\/blockquote>\n<p>En otro aparte, agreg\u00f3: \u201csecuestro es secuestro, aunque intenten disfrazar o romantizar\u00bb.<\/p>\n<p>A rengl\u00f3n seguido, el ministro puso de relieve que \u201cpodemos ser pacientes en el di\u00e1logo, pero no tolerantes con el crimen o el delito\u00bb, porque \u201cquien ataca a un soldado o a un polic\u00eda est\u00e1 atacando a Colombia y al Estado Social de Derecho\u00bb.<\/p>\n<p>Por esta raz\u00f3n, el ministro de Defensa puntualiz\u00f3: \u201cExigimos, toda Colombia exige, la liberaci\u00f3n de nuestros secuestrados\u00bb.<\/p>\n<p>Adem\u00e1s, advirti\u00f3 que si esta liberaci\u00f3n no se presenta de manera voluntaria, el Gobierno est\u00e1 dispuesto a emplear toda la fuerza del Estado contra los responsables.<\/p>\n<blockquote><p>\u201cLa Defensor\u00eda del Pueblo y otros organismos humanitarios han intercedido para dicha liberaci\u00f3n. Pero si esta no se da, tengan la certeza de que emplearemos todo el Estado, respetando siempre los derechos humanos y el derecho internacional humanitario, para liberar a nuestros soldados secuestrados\u00bb, recalc\u00f3.<\/p><\/blockquote>\n<p>&nbsp;<\/p>\n","protected":false},"excerpt":{"rendered":"<p>La afirmaci\u00f3n la hizo el titular de la cartera de Defensa, Pedro Arnulfo S\u00e1nchez, mediante video publicado en su cuenta de la red social X, en el que tambi\u00e9n anunci\u00f3 la movilizaci\u00f3n de tropas al lugar donde tienen secuestrados a los militares.\u200b \u201cHemos movilizado a gran parte de las Fuerzas<span class=\"more-link\"><a href=\"https:\/\/ciudadyregion.com.co\/index.php\/podemos-ser-pacientes-en-el-dialogo-pero-no-tolerantes-con-el-crimen-ministro-de-defensa-sobre-secuestro-de-soldados-en-guaviare\/nacional\/\">Continuar Leyendo<\/a><\/span><\/p>\n","protected":false},"author":2,"featured_media":43554,"comment_status":"open","ping_status":"open","sticky":false,"template":"","format":"standard","meta":{"_uf_show_specific_survey":0,"_uf_disable_surveys":false,"_jetpack_memberships_contains_paid_content":false,"footnotes":"","jetpack_publicize_message":"","jetpack_publicize_feature_enabled":true,"jetpack_social_post_already_shared":true,"jetpack_social_options":{"image_generator_settings":{"template":"highway","enabled":false},"version":2}},"categories":[23],"tags":[],"class_list":["entry","author-diegoaguirre","post-43553","post","type-post","status-publish","format-standard","has-post-thumbnail","category-nacional"],"jetpack_publicize_connections":[],"yoast_head":"<!-- This site is optimized with the Yoast SEO plugin v24.3 - https:\/\/yoast.com\/wordpress\/plugins\/seo\/ -->\n<title>\u2018Podemos ser pacientes en el di\u00e1logo, pero no tolerantes con el crimen\u2019: ministro de Defensa sobre secuestro de soldados en Guaviare - Ciudad y Region<\/title>\n<meta name=\"robots\" content=\"index, follow, max-snippet:-1, max-image-preview:large, max-video-preview:-1\" \/>\n<link rel=\"canonical\" href=\"https:\/\/ciudadyregion.com.co\/index.php\/podemos-ser-pacientes-en-el-dialogo-pero-no-tolerantes-con-el-crimen-ministro-de-defensa-sobre-secuestro-de-soldados-en-guaviare\/nacional\/\" \/>\n<meta property=\"og:locale\" content=\"es_ES\" \/>\n<meta property=\"og:type\" content=\"article\" \/>\n<meta property=\"og:title\" content=\"\u2018Podemos ser pacientes en el di\u00e1logo, pero no tolerantes con el crimen\u2019: ministro de Defensa sobre secuestro de soldados en Guaviare - Ciudad y Region\" \/>\n<meta property=\"og:description\" content=\"La afirmaci\u00f3n la hizo el titular de la cartera de Defensa, Pedro Arnulfo S\u00e1nchez, mediante video publicado en su cuenta de la red social X, en el que tambi\u00e9n anunci\u00f3 la movilizaci\u00f3n de tropas al lugar donde tienen secuestrados a los militares.\u200b \u201cHemos movilizado a gran parte de las FuerzasContinuar Leyendo\" \/>\n<meta property=\"og:url\" content=\"https:\/\/ciudadyregion.com.co\/index.php\/podemos-ser-pacientes-en-el-dialogo-pero-no-tolerantes-con-el-crimen-ministro-de-defensa-sobre-secuestro-de-soldados-en-guaviare\/nacional\/\" \/>\n<meta property=\"og:site_name\" content=\"Ciudad y Region\" \/>\n<meta property=\"article:published_time\" content=\"2025-08-28T10:14:27+00:00\" \/>\n<meta property=\"og:image\" content=\"https:\/\/ciudadyregion.com.co\/wp-content\/uploads\/2025\/08\/3-65-1.jpg\" \/>\n\t<meta property=\"og:image:width\" content=\"800\" \/>\n\t<meta property=\"og:image:height\" content=\"445\" \/>\n\t<meta property=\"og:image:type\" content=\"image\/jpeg\" \/>\n<meta name=\"author\" content=\"David Andr\u00e9s Aguirre\" \/>\n<meta name=\"twitter:card\" content=\"summary_large_image\" \/>\n<meta name=\"twitter:label1\" content=\"Escrito por\" \/>\n\t<meta name=\"twitter:data1\" content=\"David Andr\u00e9s Aguirre\" \/>\n\t<meta name=\"twitter:label2\" content=\"Tiempo de lectura\" \/>\n\t<meta name=\"twitter:data2\" content=\"2 minutos\" \/>\n<script type=\"application\/ld+json\" class=\"yoast-schema-graph\">{\"@context\":\"https:\/\/schema.org\",\"@graph\":[{\"@type\":\"WebPage\",\"@id\":\"https:\/\/ciudadyregion.com.co\/index.php\/podemos-ser-pacientes-en-el-dialogo-pero-no-tolerantes-con-el-crimen-ministro-de-defensa-sobre-secuestro-de-soldados-en-guaviare\/nacional\/\",\"url\":\"https:\/\/ciudadyregion.com.co\/index.php\/podemos-ser-pacientes-en-el-dialogo-pero-no-tolerantes-con-el-crimen-ministro-de-defensa-sobre-secuestro-de-soldados-en-guaviare\/nacional\/\",\"name\":\"\u2018Podemos ser pacientes en el di\u00e1logo, pero no tolerantes con el crimen\u2019: ministro de Defensa sobre secuestro de soldados en Guaviare - Ciudad y Region\",\"isPartOf\":{\"@id\":\"https:\/\/ciudadyregion.com.co\/#website\"},\"primaryImageOfPage\":{\"@id\":\"https:\/\/ciudadyregion.com.co\/index.php\/podemos-ser-pacientes-en-el-dialogo-pero-no-tolerantes-con-el-crimen-ministro-de-defensa-sobre-secuestro-de-soldados-en-guaviare\/nacional\/#primaryimage\"},\"image\":{\"@id\":\"https:\/\/ciudadyregion.com.co\/index.php\/podemos-ser-pacientes-en-el-dialogo-pero-no-tolerantes-con-el-crimen-ministro-de-defensa-sobre-secuestro-de-soldados-en-guaviare\/nacional\/#primaryimage\"},\"thumbnailUrl\":\"https:\/\/i0.wp.com\/ciudadyregion.com.co\/wp-content\/uploads\/2025\/08\/3-65-1.jpg?fit=800%2C445&ssl=1\",\"datePublished\":\"2025-08-28T10:14:27+00:00\",\"dateModified\":\"2025-08-28T10:14:27+00:00\",\"author\":{\"@id\":\"https:\/\/ciudadyregion.com.co\/#\/schema\/person\/04a4954373ebc4051f46e8c65ff78622\"},\"breadcrumb\":{\"@id\":\"https:\/\/ciudadyregion.com.co\/index.php\/podemos-ser-pacientes-en-el-dialogo-pero-no-tolerantes-con-el-crimen-ministro-de-defensa-sobre-secuestro-de-soldados-en-guaviare\/nacional\/#breadcrumb\"},\"inLanguage\":\"es\",\"potentialAction\":[{\"@type\":\"ReadAction\",\"target\":[\"https:\/\/ciudadyregion.com.co\/index.php\/podemos-ser-pacientes-en-el-dialogo-pero-no-tolerantes-con-el-crimen-ministro-de-defensa-sobre-secuestro-de-soldados-en-guaviare\/nacional\/\"]}]},{\"@type\":\"ImageObject\",\"inLanguage\":\"es\",\"@id\":\"https:\/\/ciudadyregion.com.co\/index.php\/podemos-ser-pacientes-en-el-dialogo-pero-no-tolerantes-con-el-crimen-ministro-de-defensa-sobre-secuestro-de-soldados-en-guaviare\/nacional\/#primaryimage\",\"url\":\"https:\/\/i0.wp.com\/ciudadyregion.com.co\/wp-content\/uploads\/2025\/08\/3-65-1.jpg?fit=800%2C445&ssl=1\",\"contentUrl\":\"https:\/\/i0.wp.com\/ciudadyregion.com.co\/wp-content\/uploads\/2025\/08\/3-65-1.jpg?fit=800%2C445&ssl=1\",\"width\":800,\"height\":445},{\"@type\":\"BreadcrumbList\",\"@id\":\"https:\/\/ciudadyregion.com.co\/index.php\/podemos-ser-pacientes-en-el-dialogo-pero-no-tolerantes-con-el-crimen-ministro-de-defensa-sobre-secuestro-de-soldados-en-guaviare\/nacional\/#breadcrumb\",\"itemListElement\":[{\"@type\":\"ListItem\",\"position\":1,\"name\":\"Portada\",\"item\":\"https:\/\/ciudadyregion.com.co\/\"},{\"@type\":\"ListItem\",\"position\":2,\"name\":\"\u2018Podemos ser pacientes en el di\u00e1logo, pero no tolerantes con el crimen\u2019: ministro de Defensa sobre secuestro de soldados en Guaviare\"}]},{\"@type\":\"WebSite\",\"@id\":\"https:\/\/ciudadyregion.com.co\/#website\",\"url\":\"https:\/\/ciudadyregion.com.co\/\",\"name\":\"Ciudad y Region\",\"description\":\"\",\"potentialAction\":[{\"@type\":\"SearchAction\",\"target\":{\"@type\":\"EntryPoint\",\"urlTemplate\":\"https:\/\/ciudadyregion.com.co\/?s={search_term_string}\"},\"query-input\":{\"@type\":\"PropertyValueSpecification\",\"valueRequired\":true,\"valueName\":\"search_term_string\"}}],\"inLanguage\":\"es\"},{\"@type\":\"Person\",\"@id\":\"https:\/\/ciudadyregion.com.co\/#\/schema\/person\/04a4954373ebc4051f46e8c65ff78622\",\"name\":\"David Andr\u00e9s Aguirre\",\"image\":{\"@type\":\"ImageObject\",\"inLanguage\":\"es\",\"@id\":\"https:\/\/ciudadyregion.com.co\/#\/schema\/person\/image\/\",\"url\":\"https:\/\/secure.gravatar.com\/avatar\/bc3c655860202182ee6d1b5edd042dbe?s=96&d=mm&r=g\",\"contentUrl\":\"https:\/\/secure.gravatar.com\/avatar\/bc3c655860202182ee6d1b5edd042dbe?s=96&d=mm&r=g\",\"caption\":\"David Andr\u00e9s Aguirre\"},\"url\":\"https:\/\/ciudadyregion.com.co\/index.php\/author\/diegoaguirre\/\"}]}<\/script>\n<!-- \/ Yoast SEO plugin. -->","yoast_head_json":{"title":"\u2018Podemos ser pacientes en el di\u00e1logo, pero no tolerantes con el crimen\u2019: ministro de Defensa sobre secuestro de soldados en Guaviare - Ciudad y Region","robots":{"index":"index","follow":"follow","max-snippet":"max-snippet:-1","max-image-preview":"max-image-preview:large","max-video-preview":"max-video-preview:-1"},"canonical":"https:\/\/ciudadyregion.com.co\/index.php\/podemos-ser-pacientes-en-el-dialogo-pero-no-tolerantes-con-el-crimen-ministro-de-defensa-sobre-secuestro-de-soldados-en-guaviare\/nacional\/","og_locale":"es_ES","og_type":"article","og_title":"\u2018Podemos ser pacientes en el di\u00e1logo, pero no tolerantes con el crimen\u2019: ministro de Defensa sobre secuestro de soldados en Guaviare - Ciudad y Region","og_description":"La afirmaci\u00f3n la hizo el titular de la cartera de Defensa, Pedro Arnulfo S\u00e1nchez, mediante video publicado en su cuenta de la red social X, en el que tambi\u00e9n anunci\u00f3 la movilizaci\u00f3n de tropas al lugar donde tienen secuestrados a los militares.\u200b \u201cHemos movilizado a gran parte de las FuerzasContinuar Leyendo","og_url":"https:\/\/ciudadyregion.com.co\/index.php\/podemos-ser-pacientes-en-el-dialogo-pero-no-tolerantes-con-el-crimen-ministro-de-defensa-sobre-secuestro-de-soldados-en-guaviare\/nacional\/","og_site_name":"Ciudad y Region","article_published_time":"2025-08-28T10:14:27+00:00","og_image":[{"width":800,"height":445,"url":"https:\/\/ciudadyregion.com.co\/wp-content\/uploads\/2025\/08\/3-65-1.jpg","type":"image\/jpeg"}],"author":"David Andr\u00e9s Aguirre","twitter_card":"summary_large_image","twitter_misc":{"Escrito por":"David Andr\u00e9s Aguirre","Tiempo de lectura":"2 minutos"},"schema":{"@context":"https:\/\/schema.org","@graph":[{"@type":"WebPage","@id":"https:\/\/ciudadyregion.com.co\/index.php\/podemos-ser-pacientes-en-el-dialogo-pero-no-tolerantes-con-el-crimen-ministro-de-defensa-sobre-secuestro-de-soldados-en-guaviare\/nacional\/","url":"https:\/\/ciudadyregion.com.co\/index.php\/podemos-ser-pacientes-en-el-dialogo-pero-no-tolerantes-con-el-crimen-ministro-de-defensa-sobre-secuestro-de-soldados-en-guaviare\/nacional\/","name":"\u2018Podemos ser pacientes en el di\u00e1logo, pero no tolerantes con el crimen\u2019: ministro de Defensa sobre secuestro de soldados en Guaviare - Ciudad y Region","isPartOf":{"@id":"https:\/\/ciudadyregion.com.co\/#website"},"primaryImageOfPage":{"@id":"https:\/\/ciudadyregion.com.co\/index.php\/podemos-ser-pacientes-en-el-dialogo-pero-no-tolerantes-con-el-crimen-ministro-de-defensa-sobre-secuestro-de-soldados-en-guaviare\/nacional\/#primaryimage"},"image":{"@id":"https:\/\/ciudadyregion.com.co\/index.php\/podemos-ser-pacientes-en-el-dialogo-pero-no-tolerantes-con-el-crimen-ministro-de-defensa-sobre-secuestro-de-soldados-en-guaviare\/nacional\/#primaryimage"},"thumbnailUrl":"https:\/\/i0.wp.com\/ciudadyregion.com.co\/wp-content\/uploads\/2025\/08\/3-65-1.jpg?fit=800%2C445&ssl=1","datePublished":"2025-08-28T10:14:27+00:00","dateModified":"2025-08-28T10:14:27+00:00","author":{"@id":"https:\/\/ciudadyregion.com.co\/#\/schema\/person\/04a4954373ebc4051f46e8c65ff78622"},"breadcrumb":{"@id":"https:\/\/ciudadyregion.com.co\/index.php\/podemos-ser-pacientes-en-el-dialogo-pero-no-tolerantes-con-el-crimen-ministro-de-defensa-sobre-secuestro-de-soldados-en-guaviare\/nacional\/#breadcrumb"},"inLanguage":"es","potentialAction":[{"@type":"ReadAction","target":["https:\/\/ciudadyregion.com.co\/index.php\/podemos-ser-pacientes-en-el-dialogo-pero-no-tolerantes-con-el-crimen-ministro-de-defensa-sobre-secuestro-de-soldados-en-guaviare\/nacional\/"]}]},{"@type":"ImageObject","inLanguage":"es","@id":"https:\/\/ciudadyregion.com.co\/index.php\/podemos-ser-pacientes-en-el-dialogo-pero-no-tolerantes-con-el-crimen-ministro-de-defensa-sobre-secuestro-de-soldados-en-guaviare\/nacional\/#primaryimage","url":"https:\/\/i0.wp.com\/ciudadyregion.com.co\/wp-content\/uploads\/2025\/08\/3-65-1.jpg?fit=800%2C445&ssl=1","contentUrl":"https:\/\/i0.wp.com\/ciudadyregion.com.co\/wp-content\/uploads\/2025\/08\/3-65-1.jpg?fit=800%2C445&ssl=1","width":800,"height":445},{"@type":"BreadcrumbList","@id":"https:\/\/ciudadyregion.com.co\/index.php\/podemos-ser-pacientes-en-el-dialogo-pero-no-tolerantes-con-el-crimen-ministro-de-defensa-sobre-secuestro-de-soldados-en-guaviare\/nacional\/#breadcrumb","itemListElement":[{"@type":"ListItem","position":1,"name":"Portada","item":"https:\/\/ciudadyregion.com.co\/"},{"@type":"ListItem","position":2,"name":"\u2018Podemos ser pacientes en el di\u00e1logo, pero no tolerantes con el crimen\u2019: ministro de Defensa sobre secuestro de soldados en Guaviare"}]},{"@type":"WebSite","@id":"https:\/\/ciudadyregion.com.co\/#website","url":"https:\/\/ciudadyregion.com.co\/","name":"Ciudad y Region","description":"","potentialAction":[{"@type":"SearchAction","target":{"@type":"EntryPoint","urlTemplate":"https:\/\/ciudadyregion.com.co\/?s={search_term_string}"},"query-input":{"@type":"PropertyValueSpecification","valueRequired":true,"valueName":"search_term_string"}}],"inLanguage":"es"},{"@type":"Person","@id":"https:\/\/ciudadyregion.com.co\/#\/schema\/person\/04a4954373ebc4051f46e8c65ff78622","name":"David Andr\u00e9s Aguirre","image":{"@type":"ImageObject","inLanguage":"es","@id":"https:\/\/ciudadyregion.com.co\/#\/schema\/person\/image\/","url":"https:\/\/secure.gravatar.com\/avatar\/bc3c655860202182ee6d1b5edd042dbe?s=96&d=mm&r=g","contentUrl":"https:\/\/secure.gravatar.com\/avatar\/bc3c655860202182ee6d1b5edd042dbe?s=96&d=mm&r=g","caption":"David Andr\u00e9s Aguirre"},"url":"https:\/\/ciudadyregion.com.co\/index.php\/author\/diegoaguirre\/"}]}},"jetpack_featured_media_url":"https:\/\/i0.wp.com\/ciudadyregion.com.co\/wp-content\/uploads\/2025\/08\/3-65-1.jpg?fit=800%2C445&ssl=1","jetpack_sharing_enabled":true,"jetpack_shortlink":"https:\/\/wp.me\/pbS7hh-bkt","jetpack-related-posts":[],"_links":{"self":[{"href":"https:\/\/ciudadyregion.com.co\/index.php\/wp-json\/wp\/v2\/posts\/43553"}],"collection":[{"href":"https:\/\/ciudadyregion.com.co\/index.php\/wp-json\/wp\/v2\/posts"}],"about":[{"href":"https:\/\/ciudadyregion.com.co\/index.php\/wp-json\/wp\/v2\/types\/post"}],"author":[{"embeddable":true,"href":"https:\/\/ciudadyregion.com.co\/index.php\/wp-json\/wp\/v2\/users\/2"}],"replies":[{"embeddable":true,"href":"https:\/\/ciudadyregion.com.co\/index.php\/wp-json\/wp\/v2\/comments?post=43553"}],"version-history":[{"count":1,"href":"https:\/\/ciudadyregion.com.co\/index.php\/wp-json\/wp\/v2\/posts\/43553\/revisions"}],"predecessor-version":[{"id":43555,"href":"https:\/\/ciudadyregion.com.co\/index.php\/wp-json\/wp\/v2\/posts\/43553\/revisions\/43555"}],"wp:featuredmedia":[{"embeddable":true,"href":"https:\/\/ciudadyregion.com.co\/index.php\/wp-json\/wp\/v2\/media\/43554"}],"wp:attachment":[{"href":"https:\/\/ciudadyregion.com.co\/index.php\/wp-json\/wp\/v2\/media?parent=43553"}],"wp:term":[{"taxonomy":"category","embeddable":true,"href":"https:\/\/ciudadyregion.com.co\/index.php\/wp-json\/wp\/v2\/categories?post=43553"},{"taxonomy":"post_tag","embeddable":true,"href":"https:\/\/ciudadyregion.com.co\/index.php\/wp-json\/wp\/v2\/tags?post=43553"}],"curies":[{"name":"wp","href":"https:\/\/api.w.org\/{rel}","templated":true}]}}