{"id":43538,"date":"2025-08-28T05:01:30","date_gmt":"2025-08-28T10:01:30","guid":{"rendered":"https:\/\/ciudadyregion.com.co\/?p=43538"},"modified":"2025-08-28T05:01:30","modified_gmt":"2025-08-28T10:01:30","slug":"gobierno-nacional-afirma-que-los-recursos-destinados-al-programa-de-alimentacion-escolar-aumentaron-un-68","status":"publish","type":"post","link":"https:\/\/ciudadyregion.com.co\/index.php\/gobierno-nacional-afirma-que-los-recursos-destinados-al-programa-de-alimentacion-escolar-aumentaron-un-68\/nacional\/","title":{"rendered":"Gobierno Nacional afirma que los recursos destinados al Programa de Alimentaci\u00f3n Escolar aumentaron un 68%"},"content":{"rendered":"<div>El Gobierno nacional, bajo el liderazgo del presidente Gustavo Petro Urrego, reafirm\u00f3 su compromiso indeclinable por la protecci\u00f3n de la ni\u00f1ez colombiana y, entre 2022 y 2025, ha incrementado de manera sostenida los recursos destinados al Programa de Alimentaci\u00f3n Escolar (PAE), con un enfoque claro en ampliar su cobertura y mejorar la calidad del servicio en los territorios.<\/div>\n<div><\/div>\n<div>Los recursos de inversi\u00f3n del Presupuesto General de la Naci\u00f3n (PGN), canalizados a trav\u00e9s de la Unidad de Alimentos para Aprender (UApA), pasaron de 1,2 billones de pesos en 2022 a 2,1 billones en 2025, lo que representa un aumento del 68%. En el 2026 se destinar\u00e1n 2,9 billones de pesos para la implementaci\u00f3n del PAE en el pa\u00eds.<\/div>\n<div><\/div>\n<div>El diagn\u00f3stico fue revelado por el ministerio de Educaci\u00f3n, que record\u00f3 que la operaci\u00f3n del PAE est\u00e1 bajo la responsabilidad de las Entidades Territoriales Certificadas (ETC), lo que implica la planificaci\u00f3n integral del servicio de alimentaci\u00f3n escolar y la ejecuci\u00f3n oportuna de los procesos de contrataci\u00f3n.<\/div>\n<div><\/div>\n<div>Esta responsabilidad incluye garantizar la prestaci\u00f3n del servicio desde el primer d\u00eda del calendario acad\u00e9mico y sin interrupciones durante todo el a\u00f1o escolar, en funci\u00f3n de las necesidades locales y las condiciones operativas espec\u00edficas de cada territorio.<\/div>\n<div><\/div>\n<h2>Estancamiento territorial<\/h2>\n<div><\/div>\n<div>A pesar de este esfuerzo fiscal sin precedentes del Gobierno nacional, persisten preocupaciones sobre la capacidad de las Entidades Territoriales Certificadas (ETC) para garantizar su implementaci\u00f3n efectiva y oportuna en los territorios. Algunas decisiones adoptadas por las ETC que han impactado negativamente el PAE son:<\/div>\n<div><\/div>\n<div>\u2022 Los aportes propios de cofinanciaci\u00f3n por parte de algunas ETC han registrado una tendencia decreciente desde 2021, en contrav\u00eda del mandato establecido en la Ley 2167 de 2021, que exige un incremento anual en t\u00e9rminos reales de dichos recursos. Esta disminuci\u00f3n compromete la sostenibilidad financiera del programa y limita su capacidad de respuesta frente a las necesidades territoriales.<\/div>\n<div><\/div>\n<div>\u2022 Se evidencian deficiencias en los procesos de planeaci\u00f3n por parte de algunas ETC, lo que se traduce en niveles de cobertura estancados o incluso decrecientes, a pesar del incremento sostenido en el financiamiento nacional.<\/div>\n<div><\/div>\n<div>\u2022 Las decisiones adoptadas en torno a los procesos de contrataci\u00f3n y la distribuci\u00f3n de los complementos alimentarios no responden adecuadamente a los criterios de priorizaci\u00f3n definidos por la UAPA ni a las condiciones particulares de cada territorio, lo que limita el uso eficiente de los recursos asignados al PAE.<\/div>\n<div><\/div>\n<div>\u2022 Persisten debilidades en la definici\u00f3n de los costos asociados a la prestaci\u00f3n del servicio, lo que reduce la capacidad de ampliar la cobertura estudiantil o de extender el n\u00famero de d\u00edas de atenci\u00f3n durante el calendario acad\u00e9mico<\/div>\n<div><\/div>\n<div>\u2022 Los procesos de contrataci\u00f3n que no promueven la articulaci\u00f3n del programa con la econom\u00eda local desconocen la producci\u00f3n regional, las costumbres alimentarias y las din\u00e1micas socioculturales del territorio. Esta desconexi\u00f3n incrementa los costos log\u00edsticos y de intermediaci\u00f3n, afectando la eficiencia del uso de los recursos p\u00fablicos. Preocupa al ministerio que, en varias Entidades Territoriales Certificadas (ETC), se observe una reiterada selecci\u00f3n de los mismos operadores, lo que limita la competencia, la innovaci\u00f3n y la inclusi\u00f3n de actores locales en la cadena de valor del programa.<\/div>\n<div><\/div>\n<div>\u2022 Estas decisiones sumadas a anteriores practicas institucionales de fragmentaci\u00f3n de la asignaci\u00f3n de los recursos a las ETC, por las que se esperaba que el Gobierno nacional en el segundo semestre realizara una nueva asignaci\u00f3n, han generado unas condiciones de riesgo de la continuidad de la prestaci\u00f3n del servicio de Alimentaci\u00f3n Escolar, sea por acciones administrativas relacionadas con lo contractual o por una posible falta de recursos de financiaci\u00f3n lo que podr\u00eda afectar a m\u00e1s de 500.000 estudiantes en los pr\u00f3ximos meses.<\/div>\n<div><\/div>\n<div>\u2022 Adicionalmente, a pesar del esfuerzo presupuestal sin precedentes por parte del Gobierno Nacional, no se ha logrado una cobertura proporcional en el Programa de Alimentaci\u00f3n Escolar (PAE), en 82 Entidades Territoriales se presenta una disminuci\u00f3n de la cobertura del programa en 421.514 estudiantes, lo que genera inequidades y limita el acceso efectivo al derecho a la educaci\u00f3n y a la alimentaci\u00f3n para millones de ni\u00f1as, ni\u00f1os, adolescentes y j\u00f3venes vinculados al sistema educativo.<\/div>\n<div><\/div>\n<h2>Decisiones<\/h2>\n<div><\/div>\n<div>Seg\u00fan se inform\u00f3, se delegar\u00e1 a la Unidad Administrativa Especial de Alimentaci\u00f3n Escolar &#8211; Alimentos para Aprender (UApA), la Inspecci\u00f3n y Vigilancia de los recursos asignados por el Gobierno nacional al Programa de Alimentaci\u00f3n Escolar buscando garantizar el uso eficiente de los recursos del PAE en las ETC.<\/div>\n<div><\/div>\n<div>Se exigir\u00e1 a las ETC el cumplimiento estricto del par\u00e1grafo 2 del art\u00edculo 2 de la Ley 2167 de 2021, que ordena incrementar los aportes propios en t\u00e9rminos reales.<\/div>\n<div><\/div>\n<div>Se impulsar\u00e1, en coordinaci\u00f3n con los entes de control, la aplicaci\u00f3n de las medidas correspondientes a quienes incurran en irregularidades en la gesti\u00f3n de recursos, garantizando que estos fondos, fundamentales para el bienestar de la ni\u00f1ez colombiana, sean utilizados de manera \u00edntegra y transparente.<\/div>\n<div><\/div>\n<div>Se implementar\u00e1n mecanismos de publicidad y trazabilidad para fortalecer la participaci\u00f3n ciudadana y el control social, para que la sociedad civil, las familias y las comunidades educativas puedan ejercer veedur\u00eda activa sobre el PAE.<\/div>\n<div><\/div>\n<div>El Gobierno del Cambio continuar\u00e1 avanzando en la garant\u00eda de derechos, dignificando la vida de la infancia colombiana, y no tolerar\u00e1 retrocesos derivados de la ineficiencia o la falta de compromiso de los gobiernos territoriales.<\/div>\n<div><\/div>\n","protected":false},"excerpt":{"rendered":"<p>El Gobierno nacional, bajo el liderazgo del presidente Gustavo Petro Urrego, reafirm\u00f3 su compromiso indeclinable por la protecci\u00f3n de la ni\u00f1ez colombiana y, entre 2022 y 2025, ha incrementado de manera sostenida los recursos destinados al Programa de Alimentaci\u00f3n Escolar (PAE), con un enfoque claro en ampliar su cobertura y<span class=\"more-link\"><a href=\"https:\/\/ciudadyregion.com.co\/index.php\/gobierno-nacional-afirma-que-los-recursos-destinados-al-programa-de-alimentacion-escolar-aumentaron-un-68\/nacional\/\">Continuar Leyendo<\/a><\/span><\/p>\n","protected":false},"author":2,"featured_media":39869,"comment_status":"open","ping_status":"open","sticky":false,"template":"","format":"standard","meta":{"_uf_show_specific_survey":0,"_uf_disable_surveys":false,"_jetpack_memberships_contains_paid_content":false,"footnotes":"","jetpack_publicize_message":"","jetpack_publicize_feature_enabled":true,"jetpack_social_post_already_shared":true,"jetpack_social_options":{"image_generator_settings":{"template":"highway","enabled":false},"version":2}},"categories":[23],"tags":[],"class_list":["entry","author-diegoaguirre","post-43538","post","type-post","status-publish","format-standard","has-post-thumbnail","category-nacional"],"jetpack_publicize_connections":[],"yoast_head":"<!-- This site is optimized with the Yoast SEO plugin v24.3 - https:\/\/yoast.com\/wordpress\/plugins\/seo\/ -->\n<title>Gobierno Nacional afirma que los recursos destinados al Programa de Alimentaci\u00f3n Escolar aumentaron un 68% - Ciudad y Region<\/title>\n<meta name=\"robots\" content=\"index, follow, max-snippet:-1, max-image-preview:large, max-video-preview:-1\" \/>\n<link rel=\"canonical\" href=\"https:\/\/ciudadyregion.com.co\/index.php\/gobierno-nacional-afirma-que-los-recursos-destinados-al-programa-de-alimentacion-escolar-aumentaron-un-68\/nacional\/\" \/>\n<meta property=\"og:locale\" content=\"es_ES\" \/>\n<meta property=\"og:type\" content=\"article\" \/>\n<meta property=\"og:title\" content=\"Gobierno Nacional afirma que los recursos destinados al Programa de Alimentaci\u00f3n Escolar aumentaron un 68% - Ciudad y Region\" \/>\n<meta property=\"og:description\" content=\"El Gobierno nacional, bajo el liderazgo del presidente Gustavo Petro Urrego, reafirm\u00f3 su compromiso indeclinable por la protecci\u00f3n de la ni\u00f1ez colombiana y, entre 2022 y 2025, ha incrementado de manera sostenida los recursos destinados al Programa de Alimentaci\u00f3n Escolar (PAE), con un enfoque claro en ampliar su cobertura yContinuar Leyendo\" \/>\n<meta property=\"og:url\" content=\"https:\/\/ciudadyregion.com.co\/index.php\/gobierno-nacional-afirma-que-los-recursos-destinados-al-programa-de-alimentacion-escolar-aumentaron-un-68\/nacional\/\" \/>\n<meta property=\"og:site_name\" content=\"Ciudad y Region\" \/>\n<meta property=\"article:published_time\" content=\"2025-08-28T10:01:30+00:00\" \/>\n<meta property=\"og:image\" content=\"https:\/\/ciudadyregion.com.co\/wp-content\/uploads\/2025\/07\/PAE-pae.jpg\" \/>\n\t<meta property=\"og:image:width\" content=\"800\" \/>\n\t<meta property=\"og:image:height\" content=\"445\" \/>\n\t<meta property=\"og:image:type\" content=\"image\/jpeg\" \/>\n<meta name=\"author\" content=\"David Andr\u00e9s Aguirre\" \/>\n<meta name=\"twitter:card\" content=\"summary_large_image\" \/>\n<meta name=\"twitter:label1\" content=\"Escrito por\" \/>\n\t<meta name=\"twitter:data1\" content=\"David Andr\u00e9s Aguirre\" \/>\n\t<meta name=\"twitter:label2\" content=\"Tiempo de lectura\" \/>\n\t<meta name=\"twitter:data2\" content=\"1 minuto\" \/>\n<script type=\"application\/ld+json\" class=\"yoast-schema-graph\">{\"@context\":\"https:\/\/schema.org\",\"@graph\":[{\"@type\":\"WebPage\",\"@id\":\"https:\/\/ciudadyregion.com.co\/index.php\/gobierno-nacional-afirma-que-los-recursos-destinados-al-programa-de-alimentacion-escolar-aumentaron-un-68\/nacional\/\",\"url\":\"https:\/\/ciudadyregion.com.co\/index.php\/gobierno-nacional-afirma-que-los-recursos-destinados-al-programa-de-alimentacion-escolar-aumentaron-un-68\/nacional\/\",\"name\":\"Gobierno Nacional afirma que los recursos destinados al Programa de Alimentaci\u00f3n Escolar aumentaron un 68% - Ciudad y Region\",\"isPartOf\":{\"@id\":\"https:\/\/ciudadyregion.com.co\/#website\"},\"primaryImageOfPage\":{\"@id\":\"https:\/\/ciudadyregion.com.co\/index.php\/gobierno-nacional-afirma-que-los-recursos-destinados-al-programa-de-alimentacion-escolar-aumentaron-un-68\/nacional\/#primaryimage\"},\"image\":{\"@id\":\"https:\/\/ciudadyregion.com.co\/index.php\/gobierno-nacional-afirma-que-los-recursos-destinados-al-programa-de-alimentacion-escolar-aumentaron-un-68\/nacional\/#primaryimage\"},\"thumbnailUrl\":\"https:\/\/i0.wp.com\/ciudadyregion.com.co\/wp-content\/uploads\/2025\/07\/PAE-pae.jpg?fit=800%2C445&ssl=1\",\"datePublished\":\"2025-08-28T10:01:30+00:00\",\"dateModified\":\"2025-08-28T10:01:30+00:00\",\"author\":{\"@id\":\"https:\/\/ciudadyregion.com.co\/#\/schema\/person\/04a4954373ebc4051f46e8c65ff78622\"},\"breadcrumb\":{\"@id\":\"https:\/\/ciudadyregion.com.co\/index.php\/gobierno-nacional-afirma-que-los-recursos-destinados-al-programa-de-alimentacion-escolar-aumentaron-un-68\/nacional\/#breadcrumb\"},\"inLanguage\":\"es\",\"potentialAction\":[{\"@type\":\"ReadAction\",\"target\":[\"https:\/\/ciudadyregion.com.co\/index.php\/gobierno-nacional-afirma-que-los-recursos-destinados-al-programa-de-alimentacion-escolar-aumentaron-un-68\/nacional\/\"]}]},{\"@type\":\"ImageObject\",\"inLanguage\":\"es\",\"@id\":\"https:\/\/ciudadyregion.com.co\/index.php\/gobierno-nacional-afirma-que-los-recursos-destinados-al-programa-de-alimentacion-escolar-aumentaron-un-68\/nacional\/#primaryimage\",\"url\":\"https:\/\/i0.wp.com\/ciudadyregion.com.co\/wp-content\/uploads\/2025\/07\/PAE-pae.jpg?fit=800%2C445&ssl=1\",\"contentUrl\":\"https:\/\/i0.wp.com\/ciudadyregion.com.co\/wp-content\/uploads\/2025\/07\/PAE-pae.jpg?fit=800%2C445&ssl=1\",\"width\":800,\"height\":445},{\"@type\":\"BreadcrumbList\",\"@id\":\"https:\/\/ciudadyregion.com.co\/index.php\/gobierno-nacional-afirma-que-los-recursos-destinados-al-programa-de-alimentacion-escolar-aumentaron-un-68\/nacional\/#breadcrumb\",\"itemListElement\":[{\"@type\":\"ListItem\",\"position\":1,\"name\":\"Portada\",\"item\":\"https:\/\/ciudadyregion.com.co\/\"},{\"@type\":\"ListItem\",\"position\":2,\"name\":\"Gobierno Nacional afirma que los recursos destinados al Programa de Alimentaci\u00f3n Escolar aumentaron un 68%\"}]},{\"@type\":\"WebSite\",\"@id\":\"https:\/\/ciudadyregion.com.co\/#website\",\"url\":\"https:\/\/ciudadyregion.com.co\/\",\"name\":\"Ciudad y Region\",\"description\":\"\",\"potentialAction\":[{\"@type\":\"SearchAction\",\"target\":{\"@type\":\"EntryPoint\",\"urlTemplate\":\"https:\/\/ciudadyregion.com.co\/?s={search_term_string}\"},\"query-input\":{\"@type\":\"PropertyValueSpecification\",\"valueRequired\":true,\"valueName\":\"search_term_string\"}}],\"inLanguage\":\"es\"},{\"@type\":\"Person\",\"@id\":\"https:\/\/ciudadyregion.com.co\/#\/schema\/person\/04a4954373ebc4051f46e8c65ff78622\",\"name\":\"David Andr\u00e9s Aguirre\",\"image\":{\"@type\":\"ImageObject\",\"inLanguage\":\"es\",\"@id\":\"https:\/\/ciudadyregion.com.co\/#\/schema\/person\/image\/\",\"url\":\"https:\/\/secure.gravatar.com\/avatar\/bc3c655860202182ee6d1b5edd042dbe?s=96&d=mm&r=g\",\"contentUrl\":\"https:\/\/secure.gravatar.com\/avatar\/bc3c655860202182ee6d1b5edd042dbe?s=96&d=mm&r=g\",\"caption\":\"David Andr\u00e9s Aguirre\"},\"url\":\"https:\/\/ciudadyregion.com.co\/index.php\/author\/diegoaguirre\/\"}]}<\/script>\n<!-- \/ Yoast SEO plugin. -->","yoast_head_json":{"title":"Gobierno Nacional afirma que los recursos destinados al Programa de Alimentaci\u00f3n Escolar aumentaron un 68% - Ciudad y Region","robots":{"index":"index","follow":"follow","max-snippet":"max-snippet:-1","max-image-preview":"max-image-preview:large","max-video-preview":"max-video-preview:-1"},"canonical":"https:\/\/ciudadyregion.com.co\/index.php\/gobierno-nacional-afirma-que-los-recursos-destinados-al-programa-de-alimentacion-escolar-aumentaron-un-68\/nacional\/","og_locale":"es_ES","og_type":"article","og_title":"Gobierno Nacional afirma que los recursos destinados al Programa de Alimentaci\u00f3n Escolar aumentaron un 68% - Ciudad y Region","og_description":"El Gobierno nacional, bajo el liderazgo del presidente Gustavo Petro Urrego, reafirm\u00f3 su compromiso indeclinable por la protecci\u00f3n de la ni\u00f1ez colombiana y, entre 2022 y 2025, ha incrementado de manera sostenida los recursos destinados al Programa de Alimentaci\u00f3n Escolar (PAE), con un enfoque claro en ampliar su cobertura yContinuar Leyendo","og_url":"https:\/\/ciudadyregion.com.co\/index.php\/gobierno-nacional-afirma-que-los-recursos-destinados-al-programa-de-alimentacion-escolar-aumentaron-un-68\/nacional\/","og_site_name":"Ciudad y Region","article_published_time":"2025-08-28T10:01:30+00:00","og_image":[{"width":800,"height":445,"url":"https:\/\/ciudadyregion.com.co\/wp-content\/uploads\/2025\/07\/PAE-pae.jpg","type":"image\/jpeg"}],"author":"David Andr\u00e9s Aguirre","twitter_card":"summary_large_image","twitter_misc":{"Escrito por":"David Andr\u00e9s Aguirre","Tiempo de lectura":"1 minuto"},"schema":{"@context":"https:\/\/schema.org","@graph":[{"@type":"WebPage","@id":"https:\/\/ciudadyregion.com.co\/index.php\/gobierno-nacional-afirma-que-los-recursos-destinados-al-programa-de-alimentacion-escolar-aumentaron-un-68\/nacional\/","url":"https:\/\/ciudadyregion.com.co\/index.php\/gobierno-nacional-afirma-que-los-recursos-destinados-al-programa-de-alimentacion-escolar-aumentaron-un-68\/nacional\/","name":"Gobierno Nacional afirma que los recursos destinados al Programa de Alimentaci\u00f3n Escolar aumentaron un 68% - Ciudad y Region","isPartOf":{"@id":"https:\/\/ciudadyregion.com.co\/#website"},"primaryImageOfPage":{"@id":"https:\/\/ciudadyregion.com.co\/index.php\/gobierno-nacional-afirma-que-los-recursos-destinados-al-programa-de-alimentacion-escolar-aumentaron-un-68\/nacional\/#primaryimage"},"image":{"@id":"https:\/\/ciudadyregion.com.co\/index.php\/gobierno-nacional-afirma-que-los-recursos-destinados-al-programa-de-alimentacion-escolar-aumentaron-un-68\/nacional\/#primaryimage"},"thumbnailUrl":"https:\/\/i0.wp.com\/ciudadyregion.com.co\/wp-content\/uploads\/2025\/07\/PAE-pae.jpg?fit=800%2C445&ssl=1","datePublished":"2025-08-28T10:01:30+00:00","dateModified":"2025-08-28T10:01:30+00:00","author":{"@id":"https:\/\/ciudadyregion.com.co\/#\/schema\/person\/04a4954373ebc4051f46e8c65ff78622"},"breadcrumb":{"@id":"https:\/\/ciudadyregion.com.co\/index.php\/gobierno-nacional-afirma-que-los-recursos-destinados-al-programa-de-alimentacion-escolar-aumentaron-un-68\/nacional\/#breadcrumb"},"inLanguage":"es","potentialAction":[{"@type":"ReadAction","target":["https:\/\/ciudadyregion.com.co\/index.php\/gobierno-nacional-afirma-que-los-recursos-destinados-al-programa-de-alimentacion-escolar-aumentaron-un-68\/nacional\/"]}]},{"@type":"ImageObject","inLanguage":"es","@id":"https:\/\/ciudadyregion.com.co\/index.php\/gobierno-nacional-afirma-que-los-recursos-destinados-al-programa-de-alimentacion-escolar-aumentaron-un-68\/nacional\/#primaryimage","url":"https:\/\/i0.wp.com\/ciudadyregion.com.co\/wp-content\/uploads\/2025\/07\/PAE-pae.jpg?fit=800%2C445&ssl=1","contentUrl":"https:\/\/i0.wp.com\/ciudadyregion.com.co\/wp-content\/uploads\/2025\/07\/PAE-pae.jpg?fit=800%2C445&ssl=1","width":800,"height":445},{"@type":"BreadcrumbList","@id":"https:\/\/ciudadyregion.com.co\/index.php\/gobierno-nacional-afirma-que-los-recursos-destinados-al-programa-de-alimentacion-escolar-aumentaron-un-68\/nacional\/#breadcrumb","itemListElement":[{"@type":"ListItem","position":1,"name":"Portada","item":"https:\/\/ciudadyregion.com.co\/"},{"@type":"ListItem","position":2,"name":"Gobierno Nacional afirma que los recursos destinados al Programa de Alimentaci\u00f3n Escolar aumentaron un 68%"}]},{"@type":"WebSite","@id":"https:\/\/ciudadyregion.com.co\/#website","url":"https:\/\/ciudadyregion.com.co\/","name":"Ciudad y Region","description":"","potentialAction":[{"@type":"SearchAction","target":{"@type":"EntryPoint","urlTemplate":"https:\/\/ciudadyregion.com.co\/?s={search_term_string}"},"query-input":{"@type":"PropertyValueSpecification","valueRequired":true,"valueName":"search_term_string"}}],"inLanguage":"es"},{"@type":"Person","@id":"https:\/\/ciudadyregion.com.co\/#\/schema\/person\/04a4954373ebc4051f46e8c65ff78622","name":"David Andr\u00e9s Aguirre","image":{"@type":"ImageObject","inLanguage":"es","@id":"https:\/\/ciudadyregion.com.co\/#\/schema\/person\/image\/","url":"https:\/\/secure.gravatar.com\/avatar\/bc3c655860202182ee6d1b5edd042dbe?s=96&d=mm&r=g","contentUrl":"https:\/\/secure.gravatar.com\/avatar\/bc3c655860202182ee6d1b5edd042dbe?s=96&d=mm&r=g","caption":"David Andr\u00e9s Aguirre"},"url":"https:\/\/ciudadyregion.com.co\/index.php\/author\/diegoaguirre\/"}]}},"jetpack_featured_media_url":"https:\/\/i0.wp.com\/ciudadyregion.com.co\/wp-content\/uploads\/2025\/07\/PAE-pae.jpg?fit=800%2C445&ssl=1","jetpack_sharing_enabled":true,"jetpack_shortlink":"https:\/\/wp.me\/pbS7hh-bke","jetpack-related-posts":[],"_links":{"self":[{"href":"https:\/\/ciudadyregion.com.co\/index.php\/wp-json\/wp\/v2\/posts\/43538"}],"collection":[{"href":"https:\/\/ciudadyregion.com.co\/index.php\/wp-json\/wp\/v2\/posts"}],"about":[{"href":"https:\/\/ciudadyregion.com.co\/index.php\/wp-json\/wp\/v2\/types\/post"}],"author":[{"embeddable":true,"href":"https:\/\/ciudadyregion.com.co\/index.php\/wp-json\/wp\/v2\/users\/2"}],"replies":[{"embeddable":true,"href":"https:\/\/ciudadyregion.com.co\/index.php\/wp-json\/wp\/v2\/comments?post=43538"}],"version-history":[{"count":1,"href":"https:\/\/ciudadyregion.com.co\/index.php\/wp-json\/wp\/v2\/posts\/43538\/revisions"}],"predecessor-version":[{"id":43539,"href":"https:\/\/ciudadyregion.com.co\/index.php\/wp-json\/wp\/v2\/posts\/43538\/revisions\/43539"}],"wp:featuredmedia":[{"embeddable":true,"href":"https:\/\/ciudadyregion.com.co\/index.php\/wp-json\/wp\/v2\/media\/39869"}],"wp:attachment":[{"href":"https:\/\/ciudadyregion.com.co\/index.php\/wp-json\/wp\/v2\/media?parent=43538"}],"wp:term":[{"taxonomy":"category","embeddable":true,"href":"https:\/\/ciudadyregion.com.co\/index.php\/wp-json\/wp\/v2\/categories?post=43538"},{"taxonomy":"post_tag","embeddable":true,"href":"https:\/\/ciudadyregion.com.co\/index.php\/wp-json\/wp\/v2\/tags?post=43538"}],"curies":[{"name":"wp","href":"https:\/\/api.w.org\/{rel}","templated":true}]}}