{"id":43535,"date":"2025-08-28T04:51:16","date_gmt":"2025-08-28T09:51:16","guid":{"rendered":"https:\/\/ciudadyregion.com.co\/?p=43535"},"modified":"2025-08-28T04:51:16","modified_gmt":"2025-08-28T09:51:16","slug":"transicion-energetica-no-puede-hacerse-a-costa-de-mas-deuda-publica-minambiente","status":"publish","type":"post","link":"https:\/\/ciudadyregion.com.co\/index.php\/transicion-energetica-no-puede-hacerse-a-costa-de-mas-deuda-publica-minambiente\/nacional\/","title":{"rendered":"\u2018Transici\u00f3n energ\u00e9tica no puede hacerse a costa de m\u00e1s deuda p\u00fablica\u2019: Minambiente"},"content":{"rendered":"<div>Durante la Reuni\u00f3n Ministerial de Am\u00e9rica Latina y el Caribe para la Implementaci\u00f3n de una Acci\u00f3n Clim\u00e1tica Regional, la ministra de Ambiente (e), Irene V\u00e9lez Torres, hizo un llamado a transformar el sistema financiero internacional y asegur\u00f3 que los pa\u00edses de la regi\u00f3n requieren mecanismos m\u00e1s justos y oportunos para enfrentar la crisis clim\u00e1tica.<\/div>\n<div><\/div>\n<blockquote>\n<div>\u201cLa realidad es que los proyectos concesionales terminan convirti\u00e9ndose en deuda p\u00fablica. No podemos seguir enfrentando la crisis clim\u00e1tica a costa de m\u00e1s deuda. Lo que faltan son mecanismos financieros oportunos y justos\u201d, se\u00f1al\u00f3 V\u00e9lez Torres.<\/div>\n<\/blockquote>\n<div><\/div>\n<div>La ministra insisti\u00f3 en que los canjes de deuda deben incluir inversi\u00f3n social como base de las transiciones justas, ya que solo as\u00ed ser\u00e1 posible superar la vulnerabilidad clim\u00e1tica y dejar atr\u00e1s el modelo extractivista.<\/div>\n<div><\/div>\n<div>En el cierre del encuentro, el presidente designado de la COP30, Andr\u00e9 Corr\u00eaa do Lago, destac\u00f3 la participaci\u00f3n de Colombia y su liderazgo en la Cumbre Amaz\u00f3nica, que se constituy\u00f3 en punto de partida para iniciativas regionales como el Fondo Bosques Tropicales para Siempre.<\/div>\n<div><\/div>\n<blockquote>\n<div>\u201cYo llego con la ministra [Irene V\u00e9lez] de la reuni\u00f3n de los Pa\u00edses Amaz\u00f3nicos, que fue la primera iniciativa del presidente Lula desde que asumi\u00f3 su tercer mandato, y fue llamar a los presidentes de la Amazon\u00eda para, primero, discutir con la regi\u00f3n y, despu\u00e9s, ampliar la discusi\u00f3n incluso de los bosques\u201d, subray\u00f3.<\/div>\n<\/blockquote>\n<div><\/div>\n<div>Por su parte, la secretaria de Medio Ambiente y Recursos Naturales de M\u00e9xico, Alicia B\u00e1rcena, reafirm\u00f3 el compromiso con el r\u00e9gimen multilateral de cambio clim\u00e1tico y llam\u00f3 a fortalecer la acci\u00f3n clim\u00e1tica regional bajo los principios de la Declaraci\u00f3n de R\u00edo y del Acuerdo de Par\u00eds.<\/div>\n<div><\/div>\n<blockquote>\n<div>\u201cEstamos cumpliendo 10 a\u00f1os del Acuerdo de Par\u00eds, y por eso es necesario reforzar y retomar con \u00e1nimo, con entusiasmo, pero sobre todo con una visi\u00f3n regional que nos une\u201d, concluy\u00f3 B\u00e1rcena.<\/div>\n<\/blockquote>\n<div><\/div>\n","protected":false},"excerpt":{"rendered":"<p>Durante la Reuni\u00f3n Ministerial de Am\u00e9rica Latina y el Caribe para la Implementaci\u00f3n de una Acci\u00f3n Clim\u00e1tica Regional, la ministra de Ambiente (e), Irene V\u00e9lez Torres, hizo un llamado a transformar el sistema financiero internacional y asegur\u00f3 que los pa\u00edses de la regi\u00f3n requieren mecanismos m\u00e1s justos y oportunos para<span class=\"more-link\"><a href=\"https:\/\/ciudadyregion.com.co\/index.php\/transicion-energetica-no-puede-hacerse-a-costa-de-mas-deuda-publica-minambiente\/nacional\/\">Continuar Leyendo<\/a><\/span><\/p>\n","protected":false},"author":2,"featured_media":43536,"comment_status":"open","ping_status":"open","sticky":false,"template":"","format":"standard","meta":{"_uf_show_specific_survey":0,"_uf_disable_surveys":false,"_jetpack_memberships_contains_paid_content":false,"footnotes":"","jetpack_publicize_message":"","jetpack_publicize_feature_enabled":true,"jetpack_social_post_already_shared":true,"jetpack_social_options":{"image_generator_settings":{"template":"highway","enabled":false},"version":2}},"categories":[23],"tags":[],"class_list":["entry","author-diegoaguirre","post-43535","post","type-post","status-publish","format-standard","has-post-thumbnail","category-nacional"],"jetpack_publicize_connections":[],"yoast_head":"<!-- This site is optimized with the Yoast SEO plugin v24.3 - https:\/\/yoast.com\/wordpress\/plugins\/seo\/ -->\n<title>\u2018Transici\u00f3n energ\u00e9tica no puede hacerse a costa de m\u00e1s deuda p\u00fablica\u2019: Minambiente - Ciudad y Region<\/title>\n<meta name=\"robots\" content=\"index, follow, max-snippet:-1, max-image-preview:large, max-video-preview:-1\" \/>\n<link rel=\"canonical\" href=\"https:\/\/ciudadyregion.com.co\/index.php\/transicion-energetica-no-puede-hacerse-a-costa-de-mas-deuda-publica-minambiente\/nacional\/\" \/>\n<meta property=\"og:locale\" content=\"es_ES\" \/>\n<meta property=\"og:type\" content=\"article\" \/>\n<meta property=\"og:title\" content=\"\u2018Transici\u00f3n energ\u00e9tica no puede hacerse a costa de m\u00e1s deuda p\u00fablica\u2019: Minambiente - Ciudad y Region\" \/>\n<meta property=\"og:description\" content=\"Durante la Reuni\u00f3n Ministerial de Am\u00e9rica Latina y el Caribe para la Implementaci\u00f3n de una Acci\u00f3n Clim\u00e1tica Regional, la ministra de Ambiente (e), Irene V\u00e9lez Torres, hizo un llamado a transformar el sistema financiero internacional y asegur\u00f3 que los pa\u00edses de la regi\u00f3n requieren mecanismos m\u00e1s justos y oportunos paraContinuar Leyendo\" \/>\n<meta property=\"og:url\" content=\"https:\/\/ciudadyregion.com.co\/index.php\/transicion-energetica-no-puede-hacerse-a-costa-de-mas-deuda-publica-minambiente\/nacional\/\" \/>\n<meta property=\"og:site_name\" content=\"Ciudad y Region\" \/>\n<meta property=\"article:published_time\" content=\"2025-08-28T09:51:16+00:00\" \/>\n<meta property=\"og:image\" content=\"https:\/\/ciudadyregion.com.co\/wp-content\/uploads\/2025\/08\/1-67-1.jpg\" \/>\n\t<meta property=\"og:image:width\" content=\"800\" \/>\n\t<meta property=\"og:image:height\" content=\"445\" \/>\n\t<meta property=\"og:image:type\" content=\"image\/jpeg\" \/>\n<meta name=\"author\" content=\"David Andr\u00e9s Aguirre\" \/>\n<meta name=\"twitter:card\" content=\"summary_large_image\" \/>\n<meta name=\"twitter:label1\" content=\"Escrito por\" \/>\n\t<meta name=\"twitter:data1\" content=\"David Andr\u00e9s Aguirre\" \/>\n\t<meta name=\"twitter:label2\" content=\"Tiempo de lectura\" \/>\n\t<meta name=\"twitter:data2\" content=\"2 minutos\" \/>\n<script type=\"application\/ld+json\" class=\"yoast-schema-graph\">{\"@context\":\"https:\/\/schema.org\",\"@graph\":[{\"@type\":\"WebPage\",\"@id\":\"https:\/\/ciudadyregion.com.co\/index.php\/transicion-energetica-no-puede-hacerse-a-costa-de-mas-deuda-publica-minambiente\/nacional\/\",\"url\":\"https:\/\/ciudadyregion.com.co\/index.php\/transicion-energetica-no-puede-hacerse-a-costa-de-mas-deuda-publica-minambiente\/nacional\/\",\"name\":\"\u2018Transici\u00f3n energ\u00e9tica no puede hacerse a costa de m\u00e1s deuda p\u00fablica\u2019: Minambiente - Ciudad y Region\",\"isPartOf\":{\"@id\":\"https:\/\/ciudadyregion.com.co\/#website\"},\"primaryImageOfPage\":{\"@id\":\"https:\/\/ciudadyregion.com.co\/index.php\/transicion-energetica-no-puede-hacerse-a-costa-de-mas-deuda-publica-minambiente\/nacional\/#primaryimage\"},\"image\":{\"@id\":\"https:\/\/ciudadyregion.com.co\/index.php\/transicion-energetica-no-puede-hacerse-a-costa-de-mas-deuda-publica-minambiente\/nacional\/#primaryimage\"},\"thumbnailUrl\":\"https:\/\/i0.wp.com\/ciudadyregion.com.co\/wp-content\/uploads\/2025\/08\/1-67-1.jpg?fit=800%2C445&ssl=1\",\"datePublished\":\"2025-08-28T09:51:16+00:00\",\"dateModified\":\"2025-08-28T09:51:16+00:00\",\"author\":{\"@id\":\"https:\/\/ciudadyregion.com.co\/#\/schema\/person\/04a4954373ebc4051f46e8c65ff78622\"},\"breadcrumb\":{\"@id\":\"https:\/\/ciudadyregion.com.co\/index.php\/transicion-energetica-no-puede-hacerse-a-costa-de-mas-deuda-publica-minambiente\/nacional\/#breadcrumb\"},\"inLanguage\":\"es\",\"potentialAction\":[{\"@type\":\"ReadAction\",\"target\":[\"https:\/\/ciudadyregion.com.co\/index.php\/transicion-energetica-no-puede-hacerse-a-costa-de-mas-deuda-publica-minambiente\/nacional\/\"]}]},{\"@type\":\"ImageObject\",\"inLanguage\":\"es\",\"@id\":\"https:\/\/ciudadyregion.com.co\/index.php\/transicion-energetica-no-puede-hacerse-a-costa-de-mas-deuda-publica-minambiente\/nacional\/#primaryimage\",\"url\":\"https:\/\/i0.wp.com\/ciudadyregion.com.co\/wp-content\/uploads\/2025\/08\/1-67-1.jpg?fit=800%2C445&ssl=1\",\"contentUrl\":\"https:\/\/i0.wp.com\/ciudadyregion.com.co\/wp-content\/uploads\/2025\/08\/1-67-1.jpg?fit=800%2C445&ssl=1\",\"width\":800,\"height\":445},{\"@type\":\"BreadcrumbList\",\"@id\":\"https:\/\/ciudadyregion.com.co\/index.php\/transicion-energetica-no-puede-hacerse-a-costa-de-mas-deuda-publica-minambiente\/nacional\/#breadcrumb\",\"itemListElement\":[{\"@type\":\"ListItem\",\"position\":1,\"name\":\"Portada\",\"item\":\"https:\/\/ciudadyregion.com.co\/\"},{\"@type\":\"ListItem\",\"position\":2,\"name\":\"\u2018Transici\u00f3n energ\u00e9tica no puede hacerse a costa de m\u00e1s deuda p\u00fablica\u2019: Minambiente\"}]},{\"@type\":\"WebSite\",\"@id\":\"https:\/\/ciudadyregion.com.co\/#website\",\"url\":\"https:\/\/ciudadyregion.com.co\/\",\"name\":\"Ciudad y Region\",\"description\":\"\",\"potentialAction\":[{\"@type\":\"SearchAction\",\"target\":{\"@type\":\"EntryPoint\",\"urlTemplate\":\"https:\/\/ciudadyregion.com.co\/?s={search_term_string}\"},\"query-input\":{\"@type\":\"PropertyValueSpecification\",\"valueRequired\":true,\"valueName\":\"search_term_string\"}}],\"inLanguage\":\"es\"},{\"@type\":\"Person\",\"@id\":\"https:\/\/ciudadyregion.com.co\/#\/schema\/person\/04a4954373ebc4051f46e8c65ff78622\",\"name\":\"David Andr\u00e9s Aguirre\",\"image\":{\"@type\":\"ImageObject\",\"inLanguage\":\"es\",\"@id\":\"https:\/\/ciudadyregion.com.co\/#\/schema\/person\/image\/\",\"url\":\"https:\/\/secure.gravatar.com\/avatar\/bc3c655860202182ee6d1b5edd042dbe?s=96&d=mm&r=g\",\"contentUrl\":\"https:\/\/secure.gravatar.com\/avatar\/bc3c655860202182ee6d1b5edd042dbe?s=96&d=mm&r=g\",\"caption\":\"David Andr\u00e9s Aguirre\"},\"url\":\"https:\/\/ciudadyregion.com.co\/index.php\/author\/diegoaguirre\/\"}]}<\/script>\n<!-- \/ Yoast SEO plugin. -->","yoast_head_json":{"title":"\u2018Transici\u00f3n energ\u00e9tica no puede hacerse a costa de m\u00e1s deuda p\u00fablica\u2019: Minambiente - Ciudad y Region","robots":{"index":"index","follow":"follow","max-snippet":"max-snippet:-1","max-image-preview":"max-image-preview:large","max-video-preview":"max-video-preview:-1"},"canonical":"https:\/\/ciudadyregion.com.co\/index.php\/transicion-energetica-no-puede-hacerse-a-costa-de-mas-deuda-publica-minambiente\/nacional\/","og_locale":"es_ES","og_type":"article","og_title":"\u2018Transici\u00f3n energ\u00e9tica no puede hacerse a costa de m\u00e1s deuda p\u00fablica\u2019: Minambiente - Ciudad y Region","og_description":"Durante la Reuni\u00f3n Ministerial de Am\u00e9rica Latina y el Caribe para la Implementaci\u00f3n de una Acci\u00f3n Clim\u00e1tica Regional, la ministra de Ambiente (e), Irene V\u00e9lez Torres, hizo un llamado a transformar el sistema financiero internacional y asegur\u00f3 que los pa\u00edses de la regi\u00f3n requieren mecanismos m\u00e1s justos y oportunos paraContinuar Leyendo","og_url":"https:\/\/ciudadyregion.com.co\/index.php\/transicion-energetica-no-puede-hacerse-a-costa-de-mas-deuda-publica-minambiente\/nacional\/","og_site_name":"Ciudad y Region","article_published_time":"2025-08-28T09:51:16+00:00","og_image":[{"width":800,"height":445,"url":"https:\/\/ciudadyregion.com.co\/wp-content\/uploads\/2025\/08\/1-67-1.jpg","type":"image\/jpeg"}],"author":"David Andr\u00e9s Aguirre","twitter_card":"summary_large_image","twitter_misc":{"Escrito por":"David Andr\u00e9s Aguirre","Tiempo de lectura":"2 minutos"},"schema":{"@context":"https:\/\/schema.org","@graph":[{"@type":"WebPage","@id":"https:\/\/ciudadyregion.com.co\/index.php\/transicion-energetica-no-puede-hacerse-a-costa-de-mas-deuda-publica-minambiente\/nacional\/","url":"https:\/\/ciudadyregion.com.co\/index.php\/transicion-energetica-no-puede-hacerse-a-costa-de-mas-deuda-publica-minambiente\/nacional\/","name":"\u2018Transici\u00f3n energ\u00e9tica no puede hacerse a costa de m\u00e1s deuda p\u00fablica\u2019: Minambiente - Ciudad y Region","isPartOf":{"@id":"https:\/\/ciudadyregion.com.co\/#website"},"primaryImageOfPage":{"@id":"https:\/\/ciudadyregion.com.co\/index.php\/transicion-energetica-no-puede-hacerse-a-costa-de-mas-deuda-publica-minambiente\/nacional\/#primaryimage"},"image":{"@id":"https:\/\/ciudadyregion.com.co\/index.php\/transicion-energetica-no-puede-hacerse-a-costa-de-mas-deuda-publica-minambiente\/nacional\/#primaryimage"},"thumbnailUrl":"https:\/\/i0.wp.com\/ciudadyregion.com.co\/wp-content\/uploads\/2025\/08\/1-67-1.jpg?fit=800%2C445&ssl=1","datePublished":"2025-08-28T09:51:16+00:00","dateModified":"2025-08-28T09:51:16+00:00","author":{"@id":"https:\/\/ciudadyregion.com.co\/#\/schema\/person\/04a4954373ebc4051f46e8c65ff78622"},"breadcrumb":{"@id":"https:\/\/ciudadyregion.com.co\/index.php\/transicion-energetica-no-puede-hacerse-a-costa-de-mas-deuda-publica-minambiente\/nacional\/#breadcrumb"},"inLanguage":"es","potentialAction":[{"@type":"ReadAction","target":["https:\/\/ciudadyregion.com.co\/index.php\/transicion-energetica-no-puede-hacerse-a-costa-de-mas-deuda-publica-minambiente\/nacional\/"]}]},{"@type":"ImageObject","inLanguage":"es","@id":"https:\/\/ciudadyregion.com.co\/index.php\/transicion-energetica-no-puede-hacerse-a-costa-de-mas-deuda-publica-minambiente\/nacional\/#primaryimage","url":"https:\/\/i0.wp.com\/ciudadyregion.com.co\/wp-content\/uploads\/2025\/08\/1-67-1.jpg?fit=800%2C445&ssl=1","contentUrl":"https:\/\/i0.wp.com\/ciudadyregion.com.co\/wp-content\/uploads\/2025\/08\/1-67-1.jpg?fit=800%2C445&ssl=1","width":800,"height":445},{"@type":"BreadcrumbList","@id":"https:\/\/ciudadyregion.com.co\/index.php\/transicion-energetica-no-puede-hacerse-a-costa-de-mas-deuda-publica-minambiente\/nacional\/#breadcrumb","itemListElement":[{"@type":"ListItem","position":1,"name":"Portada","item":"https:\/\/ciudadyregion.com.co\/"},{"@type":"ListItem","position":2,"name":"\u2018Transici\u00f3n energ\u00e9tica no puede hacerse a costa de m\u00e1s deuda p\u00fablica\u2019: Minambiente"}]},{"@type":"WebSite","@id":"https:\/\/ciudadyregion.com.co\/#website","url":"https:\/\/ciudadyregion.com.co\/","name":"Ciudad y Region","description":"","potentialAction":[{"@type":"SearchAction","target":{"@type":"EntryPoint","urlTemplate":"https:\/\/ciudadyregion.com.co\/?s={search_term_string}"},"query-input":{"@type":"PropertyValueSpecification","valueRequired":true,"valueName":"search_term_string"}}],"inLanguage":"es"},{"@type":"Person","@id":"https:\/\/ciudadyregion.com.co\/#\/schema\/person\/04a4954373ebc4051f46e8c65ff78622","name":"David Andr\u00e9s Aguirre","image":{"@type":"ImageObject","inLanguage":"es","@id":"https:\/\/ciudadyregion.com.co\/#\/schema\/person\/image\/","url":"https:\/\/secure.gravatar.com\/avatar\/bc3c655860202182ee6d1b5edd042dbe?s=96&d=mm&r=g","contentUrl":"https:\/\/secure.gravatar.com\/avatar\/bc3c655860202182ee6d1b5edd042dbe?s=96&d=mm&r=g","caption":"David Andr\u00e9s Aguirre"},"url":"https:\/\/ciudadyregion.com.co\/index.php\/author\/diegoaguirre\/"}]}},"jetpack_featured_media_url":"https:\/\/i0.wp.com\/ciudadyregion.com.co\/wp-content\/uploads\/2025\/08\/1-67-1.jpg?fit=800%2C445&ssl=1","jetpack_sharing_enabled":true,"jetpack_shortlink":"https:\/\/wp.me\/pbS7hh-bkb","jetpack-related-posts":[],"_links":{"self":[{"href":"https:\/\/ciudadyregion.com.co\/index.php\/wp-json\/wp\/v2\/posts\/43535"}],"collection":[{"href":"https:\/\/ciudadyregion.com.co\/index.php\/wp-json\/wp\/v2\/posts"}],"about":[{"href":"https:\/\/ciudadyregion.com.co\/index.php\/wp-json\/wp\/v2\/types\/post"}],"author":[{"embeddable":true,"href":"https:\/\/ciudadyregion.com.co\/index.php\/wp-json\/wp\/v2\/users\/2"}],"replies":[{"embeddable":true,"href":"https:\/\/ciudadyregion.com.co\/index.php\/wp-json\/wp\/v2\/comments?post=43535"}],"version-history":[{"count":1,"href":"https:\/\/ciudadyregion.com.co\/index.php\/wp-json\/wp\/v2\/posts\/43535\/revisions"}],"predecessor-version":[{"id":43537,"href":"https:\/\/ciudadyregion.com.co\/index.php\/wp-json\/wp\/v2\/posts\/43535\/revisions\/43537"}],"wp:featuredmedia":[{"embeddable":true,"href":"https:\/\/ciudadyregion.com.co\/index.php\/wp-json\/wp\/v2\/media\/43536"}],"wp:attachment":[{"href":"https:\/\/ciudadyregion.com.co\/index.php\/wp-json\/wp\/v2\/media?parent=43535"}],"wp:term":[{"taxonomy":"category","embeddable":true,"href":"https:\/\/ciudadyregion.com.co\/index.php\/wp-json\/wp\/v2\/categories?post=43535"},{"taxonomy":"post_tag","embeddable":true,"href":"https:\/\/ciudadyregion.com.co\/index.php\/wp-json\/wp\/v2\/tags?post=43535"}],"curies":[{"name":"wp","href":"https:\/\/api.w.org\/{rel}","templated":true}]}}