{"id":43532,"date":"2025-08-28T04:48:05","date_gmt":"2025-08-28T09:48:05","guid":{"rendered":"https:\/\/ciudadyregion.com.co\/?p=43532"},"modified":"2025-08-28T04:48:05","modified_gmt":"2025-08-28T09:48:05","slug":"en-tres-anos-el-gobierno-del-cambio-logro-reducir-en-55-el-numero-de-muertes-de-menores-de-cinco-anos-por-hambre-presidente-gustavo-petro","status":"publish","type":"post","link":"https:\/\/ciudadyregion.com.co\/index.php\/en-tres-anos-el-gobierno-del-cambio-logro-reducir-en-55-el-numero-de-muertes-de-menores-de-cinco-anos-por-hambre-presidente-gustavo-petro\/nacional\/","title":{"rendered":"\u00abEn tres a\u00f1os, el Gobierno del Cambio logr\u00f3 reducir en 55% el n\u00famero de muertes de menores de cinco a\u00f1os por hambre\u00bb: presidente Gustavo Petro"},"content":{"rendered":"<div>En su alocuci\u00f3n televisada, el jefe de Estado destac\u00f3 las cifras de reducci\u00f3n de las muertes de ni\u00f1as y ni\u00f1os menores de cinco a\u00f1os en el pa\u00eds por desnutrici\u00f3n aguda, al comparar los datos de la semana 33 del a\u00f1o del gobierno anterior con las cifras de este mismo periodo en su mandato, los cuales muestran una fuerte ca\u00edda en la mortalidad de esta poblaci\u00f3n vulnerable.<\/div>\n<div><\/div>\n<div>Al explicar los datos, el mandatario asegur\u00f3 que a la semana 33, , que suele ubicarse entre la segunda y tercera semana de agosto,\u00a0 de los a\u00f1os del anterior gobierno y del actual, se evidenci\u00f3 que en el a\u00f1o 2022 hubo 258 casos; en 2023, 226; en el 2024, 159 y \u201c\u00a1ojo! llevamos 115 casos en la semana 33 en el 2025. La reducci\u00f3n es del 55%\u201d.<\/div>\n<div><\/div>\n<blockquote>\n<div>\u201cSi empezamos a contar este a\u00f1o, que hay que sostenerlo en ca\u00edda, hasta final de este a\u00f1o, que son las estad\u00edsticas ya oficiales, 55%, el Gobierno del Cambio ha bajado el n\u00famero de muertos de menores de cinco a\u00f1os por hambre, por desnutrici\u00f3n aguda\u201d, dijo.<\/div>\n<\/blockquote>\n<div><\/div>\n<div>Con base en las estad\u00edsticas asegur\u00f3 que<\/div>\n<blockquote>\n<div>\u201csignifica que tenemos m\u00e1s comida, significa que la comida les llega m\u00e1s a los hogares m\u00e1s pobres, que hemos reducido la pobreza, que hemos reducido el hambre, que tenemos un sistema de salud humano que no piensa en la codicia y la ganancia del due\u00f1o de la EPS, sino en la vida del colombiano y la colombiana, ni m\u00e1s ni menos su ni\u00f1ez\u201d.<\/div>\n<\/blockquote>\n<div><\/div>\n<div>En este sentido, el mandatario enfatiz\u00f3 que \u201ces el resultado de este gobierno, y esto, a nivel internacional, igual que deber\u00eda darnos verg\u00fcenza por la tasa de mortalidad materna que dej\u00f3 (expresidente Iv\u00e1n) Duque, esto deber\u00eda llenarnos de orgullo, porque le estamos mostrando al mundo c\u00f3mo un gobierno, casi no existe un gobierno as\u00ed, un gobierno en solo tres a\u00f1os reduce la desnutrici\u00f3n aguda, la muerte por desnutrici\u00f3n aguda\u201d.<\/div>\n<div><\/div>\n","protected":false},"excerpt":{"rendered":"<p>En su alocuci\u00f3n televisada, el jefe de Estado destac\u00f3 las cifras de reducci\u00f3n de las muertes de ni\u00f1as y ni\u00f1os menores de cinco a\u00f1os en el pa\u00eds por desnutrici\u00f3n aguda, al comparar los datos de la semana 33 del a\u00f1o del gobierno anterior con las cifras de este mismo periodo<span class=\"more-link\"><a href=\"https:\/\/ciudadyregion.com.co\/index.php\/en-tres-anos-el-gobierno-del-cambio-logro-reducir-en-55-el-numero-de-muertes-de-menores-de-cinco-anos-por-hambre-presidente-gustavo-petro\/nacional\/\">Continuar Leyendo<\/a><\/span><\/p>\n","protected":false},"author":2,"featured_media":43533,"comment_status":"open","ping_status":"open","sticky":false,"template":"","format":"standard","meta":{"_uf_show_specific_survey":0,"_uf_disable_surveys":false,"_jetpack_memberships_contains_paid_content":false,"footnotes":"","jetpack_publicize_message":"","jetpack_publicize_feature_enabled":true,"jetpack_social_post_already_shared":true,"jetpack_social_options":{"image_generator_settings":{"template":"highway","enabled":false},"version":2}},"categories":[23],"tags":[],"class_list":["entry","author-diegoaguirre","post-43532","post","type-post","status-publish","format-standard","has-post-thumbnail","category-nacional"],"jetpack_publicize_connections":[],"yoast_head":"<!-- This site is optimized with the Yoast SEO plugin v24.3 - https:\/\/yoast.com\/wordpress\/plugins\/seo\/ -->\n<title>&quot;En tres a\u00f1os, el Gobierno del Cambio logr\u00f3 reducir en 55% el n\u00famero de muertes de menores de cinco a\u00f1os por hambre&quot;: presidente Gustavo Petro - Ciudad y Region<\/title>\n<meta name=\"robots\" content=\"index, follow, max-snippet:-1, max-image-preview:large, max-video-preview:-1\" \/>\n<link rel=\"canonical\" href=\"https:\/\/ciudadyregion.com.co\/index.php\/en-tres-anos-el-gobierno-del-cambio-logro-reducir-en-55-el-numero-de-muertes-de-menores-de-cinco-anos-por-hambre-presidente-gustavo-petro\/nacional\/\" \/>\n<meta property=\"og:locale\" content=\"es_ES\" \/>\n<meta property=\"og:type\" content=\"article\" \/>\n<meta property=\"og:title\" content=\"&quot;En tres a\u00f1os, el Gobierno del Cambio logr\u00f3 reducir en 55% el n\u00famero de muertes de menores de cinco a\u00f1os por hambre&quot;: presidente Gustavo Petro - Ciudad y Region\" \/>\n<meta property=\"og:description\" content=\"En su alocuci\u00f3n televisada, el jefe de Estado destac\u00f3 las cifras de reducci\u00f3n de las muertes de ni\u00f1as y ni\u00f1os menores de cinco a\u00f1os en el pa\u00eds por desnutrici\u00f3n aguda, al comparar los datos de la semana 33 del a\u00f1o del gobierno anterior con las cifras de este mismo periodoContinuar Leyendo\" \/>\n<meta property=\"og:url\" content=\"https:\/\/ciudadyregion.com.co\/index.php\/en-tres-anos-el-gobierno-del-cambio-logro-reducir-en-55-el-numero-de-muertes-de-menores-de-cinco-anos-por-hambre-presidente-gustavo-petro\/nacional\/\" \/>\n<meta property=\"og:site_name\" content=\"Ciudad y Region\" \/>\n<meta property=\"article:published_time\" content=\"2025-08-28T09:48:05+00:00\" \/>\n<meta property=\"og:image\" content=\"https:\/\/ciudadyregion.com.co\/wp-content\/uploads\/2025\/08\/3-63-1.jpg\" \/>\n\t<meta property=\"og:image:width\" content=\"800\" \/>\n\t<meta property=\"og:image:height\" content=\"445\" \/>\n\t<meta property=\"og:image:type\" content=\"image\/jpeg\" \/>\n<meta name=\"author\" content=\"David Andr\u00e9s Aguirre\" \/>\n<meta name=\"twitter:card\" content=\"summary_large_image\" \/>\n<meta name=\"twitter:label1\" content=\"Escrito por\" \/>\n\t<meta name=\"twitter:data1\" content=\"David Andr\u00e9s Aguirre\" \/>\n\t<meta name=\"twitter:label2\" content=\"Tiempo de lectura\" \/>\n\t<meta name=\"twitter:data2\" content=\"2 minutos\" \/>\n<script type=\"application\/ld+json\" class=\"yoast-schema-graph\">{\"@context\":\"https:\/\/schema.org\",\"@graph\":[{\"@type\":\"WebPage\",\"@id\":\"https:\/\/ciudadyregion.com.co\/index.php\/en-tres-anos-el-gobierno-del-cambio-logro-reducir-en-55-el-numero-de-muertes-de-menores-de-cinco-anos-por-hambre-presidente-gustavo-petro\/nacional\/\",\"url\":\"https:\/\/ciudadyregion.com.co\/index.php\/en-tres-anos-el-gobierno-del-cambio-logro-reducir-en-55-el-numero-de-muertes-de-menores-de-cinco-anos-por-hambre-presidente-gustavo-petro\/nacional\/\",\"name\":\"\\\"En tres a\u00f1os, el Gobierno del Cambio logr\u00f3 reducir en 55% el n\u00famero de muertes de menores de cinco a\u00f1os por hambre\\\": presidente Gustavo Petro - Ciudad y Region\",\"isPartOf\":{\"@id\":\"https:\/\/ciudadyregion.com.co\/#website\"},\"primaryImageOfPage\":{\"@id\":\"https:\/\/ciudadyregion.com.co\/index.php\/en-tres-anos-el-gobierno-del-cambio-logro-reducir-en-55-el-numero-de-muertes-de-menores-de-cinco-anos-por-hambre-presidente-gustavo-petro\/nacional\/#primaryimage\"},\"image\":{\"@id\":\"https:\/\/ciudadyregion.com.co\/index.php\/en-tres-anos-el-gobierno-del-cambio-logro-reducir-en-55-el-numero-de-muertes-de-menores-de-cinco-anos-por-hambre-presidente-gustavo-petro\/nacional\/#primaryimage\"},\"thumbnailUrl\":\"https:\/\/i0.wp.com\/ciudadyregion.com.co\/wp-content\/uploads\/2025\/08\/3-63-1.jpg?fit=800%2C445&ssl=1\",\"datePublished\":\"2025-08-28T09:48:05+00:00\",\"dateModified\":\"2025-08-28T09:48:05+00:00\",\"author\":{\"@id\":\"https:\/\/ciudadyregion.com.co\/#\/schema\/person\/04a4954373ebc4051f46e8c65ff78622\"},\"breadcrumb\":{\"@id\":\"https:\/\/ciudadyregion.com.co\/index.php\/en-tres-anos-el-gobierno-del-cambio-logro-reducir-en-55-el-numero-de-muertes-de-menores-de-cinco-anos-por-hambre-presidente-gustavo-petro\/nacional\/#breadcrumb\"},\"inLanguage\":\"es\",\"potentialAction\":[{\"@type\":\"ReadAction\",\"target\":[\"https:\/\/ciudadyregion.com.co\/index.php\/en-tres-anos-el-gobierno-del-cambio-logro-reducir-en-55-el-numero-de-muertes-de-menores-de-cinco-anos-por-hambre-presidente-gustavo-petro\/nacional\/\"]}]},{\"@type\":\"ImageObject\",\"inLanguage\":\"es\",\"@id\":\"https:\/\/ciudadyregion.com.co\/index.php\/en-tres-anos-el-gobierno-del-cambio-logro-reducir-en-55-el-numero-de-muertes-de-menores-de-cinco-anos-por-hambre-presidente-gustavo-petro\/nacional\/#primaryimage\",\"url\":\"https:\/\/i0.wp.com\/ciudadyregion.com.co\/wp-content\/uploads\/2025\/08\/3-63-1.jpg?fit=800%2C445&ssl=1\",\"contentUrl\":\"https:\/\/i0.wp.com\/ciudadyregion.com.co\/wp-content\/uploads\/2025\/08\/3-63-1.jpg?fit=800%2C445&ssl=1\",\"width\":800,\"height\":445},{\"@type\":\"BreadcrumbList\",\"@id\":\"https:\/\/ciudadyregion.com.co\/index.php\/en-tres-anos-el-gobierno-del-cambio-logro-reducir-en-55-el-numero-de-muertes-de-menores-de-cinco-anos-por-hambre-presidente-gustavo-petro\/nacional\/#breadcrumb\",\"itemListElement\":[{\"@type\":\"ListItem\",\"position\":1,\"name\":\"Portada\",\"item\":\"https:\/\/ciudadyregion.com.co\/\"},{\"@type\":\"ListItem\",\"position\":2,\"name\":\"\u00abEn tres a\u00f1os, el Gobierno del Cambio logr\u00f3 reducir en 55% el n\u00famero de muertes de menores de cinco a\u00f1os por hambre\u00bb: presidente Gustavo Petro\"}]},{\"@type\":\"WebSite\",\"@id\":\"https:\/\/ciudadyregion.com.co\/#website\",\"url\":\"https:\/\/ciudadyregion.com.co\/\",\"name\":\"Ciudad y Region\",\"description\":\"\",\"potentialAction\":[{\"@type\":\"SearchAction\",\"target\":{\"@type\":\"EntryPoint\",\"urlTemplate\":\"https:\/\/ciudadyregion.com.co\/?s={search_term_string}\"},\"query-input\":{\"@type\":\"PropertyValueSpecification\",\"valueRequired\":true,\"valueName\":\"search_term_string\"}}],\"inLanguage\":\"es\"},{\"@type\":\"Person\",\"@id\":\"https:\/\/ciudadyregion.com.co\/#\/schema\/person\/04a4954373ebc4051f46e8c65ff78622\",\"name\":\"David Andr\u00e9s Aguirre\",\"image\":{\"@type\":\"ImageObject\",\"inLanguage\":\"es\",\"@id\":\"https:\/\/ciudadyregion.com.co\/#\/schema\/person\/image\/\",\"url\":\"https:\/\/secure.gravatar.com\/avatar\/bc3c655860202182ee6d1b5edd042dbe?s=96&d=mm&r=g\",\"contentUrl\":\"https:\/\/secure.gravatar.com\/avatar\/bc3c655860202182ee6d1b5edd042dbe?s=96&d=mm&r=g\",\"caption\":\"David Andr\u00e9s Aguirre\"},\"url\":\"https:\/\/ciudadyregion.com.co\/index.php\/author\/diegoaguirre\/\"}]}<\/script>\n<!-- \/ Yoast SEO plugin. -->","yoast_head_json":{"title":"\"En tres a\u00f1os, el Gobierno del Cambio logr\u00f3 reducir en 55% el n\u00famero de muertes de menores de cinco a\u00f1os por hambre\": presidente Gustavo Petro - Ciudad y Region","robots":{"index":"index","follow":"follow","max-snippet":"max-snippet:-1","max-image-preview":"max-image-preview:large","max-video-preview":"max-video-preview:-1"},"canonical":"https:\/\/ciudadyregion.com.co\/index.php\/en-tres-anos-el-gobierno-del-cambio-logro-reducir-en-55-el-numero-de-muertes-de-menores-de-cinco-anos-por-hambre-presidente-gustavo-petro\/nacional\/","og_locale":"es_ES","og_type":"article","og_title":"\"En tres a\u00f1os, el Gobierno del Cambio logr\u00f3 reducir en 55% el n\u00famero de muertes de menores de cinco a\u00f1os por hambre\": presidente Gustavo Petro - Ciudad y Region","og_description":"En su alocuci\u00f3n televisada, el jefe de Estado destac\u00f3 las cifras de reducci\u00f3n de las muertes de ni\u00f1as y ni\u00f1os menores de cinco a\u00f1os en el pa\u00eds por desnutrici\u00f3n aguda, al comparar los datos de la semana 33 del a\u00f1o del gobierno anterior con las cifras de este mismo periodoContinuar Leyendo","og_url":"https:\/\/ciudadyregion.com.co\/index.php\/en-tres-anos-el-gobierno-del-cambio-logro-reducir-en-55-el-numero-de-muertes-de-menores-de-cinco-anos-por-hambre-presidente-gustavo-petro\/nacional\/","og_site_name":"Ciudad y Region","article_published_time":"2025-08-28T09:48:05+00:00","og_image":[{"width":800,"height":445,"url":"https:\/\/ciudadyregion.com.co\/wp-content\/uploads\/2025\/08\/3-63-1.jpg","type":"image\/jpeg"}],"author":"David Andr\u00e9s Aguirre","twitter_card":"summary_large_image","twitter_misc":{"Escrito por":"David Andr\u00e9s Aguirre","Tiempo de lectura":"2 minutos"},"schema":{"@context":"https:\/\/schema.org","@graph":[{"@type":"WebPage","@id":"https:\/\/ciudadyregion.com.co\/index.php\/en-tres-anos-el-gobierno-del-cambio-logro-reducir-en-55-el-numero-de-muertes-de-menores-de-cinco-anos-por-hambre-presidente-gustavo-petro\/nacional\/","url":"https:\/\/ciudadyregion.com.co\/index.php\/en-tres-anos-el-gobierno-del-cambio-logro-reducir-en-55-el-numero-de-muertes-de-menores-de-cinco-anos-por-hambre-presidente-gustavo-petro\/nacional\/","name":"\"En tres a\u00f1os, el Gobierno del Cambio logr\u00f3 reducir en 55% el n\u00famero de muertes de menores de cinco a\u00f1os por hambre\": presidente Gustavo Petro - Ciudad y Region","isPartOf":{"@id":"https:\/\/ciudadyregion.com.co\/#website"},"primaryImageOfPage":{"@id":"https:\/\/ciudadyregion.com.co\/index.php\/en-tres-anos-el-gobierno-del-cambio-logro-reducir-en-55-el-numero-de-muertes-de-menores-de-cinco-anos-por-hambre-presidente-gustavo-petro\/nacional\/#primaryimage"},"image":{"@id":"https:\/\/ciudadyregion.com.co\/index.php\/en-tres-anos-el-gobierno-del-cambio-logro-reducir-en-55-el-numero-de-muertes-de-menores-de-cinco-anos-por-hambre-presidente-gustavo-petro\/nacional\/#primaryimage"},"thumbnailUrl":"https:\/\/i0.wp.com\/ciudadyregion.com.co\/wp-content\/uploads\/2025\/08\/3-63-1.jpg?fit=800%2C445&ssl=1","datePublished":"2025-08-28T09:48:05+00:00","dateModified":"2025-08-28T09:48:05+00:00","author":{"@id":"https:\/\/ciudadyregion.com.co\/#\/schema\/person\/04a4954373ebc4051f46e8c65ff78622"},"breadcrumb":{"@id":"https:\/\/ciudadyregion.com.co\/index.php\/en-tres-anos-el-gobierno-del-cambio-logro-reducir-en-55-el-numero-de-muertes-de-menores-de-cinco-anos-por-hambre-presidente-gustavo-petro\/nacional\/#breadcrumb"},"inLanguage":"es","potentialAction":[{"@type":"ReadAction","target":["https:\/\/ciudadyregion.com.co\/index.php\/en-tres-anos-el-gobierno-del-cambio-logro-reducir-en-55-el-numero-de-muertes-de-menores-de-cinco-anos-por-hambre-presidente-gustavo-petro\/nacional\/"]}]},{"@type":"ImageObject","inLanguage":"es","@id":"https:\/\/ciudadyregion.com.co\/index.php\/en-tres-anos-el-gobierno-del-cambio-logro-reducir-en-55-el-numero-de-muertes-de-menores-de-cinco-anos-por-hambre-presidente-gustavo-petro\/nacional\/#primaryimage","url":"https:\/\/i0.wp.com\/ciudadyregion.com.co\/wp-content\/uploads\/2025\/08\/3-63-1.jpg?fit=800%2C445&ssl=1","contentUrl":"https:\/\/i0.wp.com\/ciudadyregion.com.co\/wp-content\/uploads\/2025\/08\/3-63-1.jpg?fit=800%2C445&ssl=1","width":800,"height":445},{"@type":"BreadcrumbList","@id":"https:\/\/ciudadyregion.com.co\/index.php\/en-tres-anos-el-gobierno-del-cambio-logro-reducir-en-55-el-numero-de-muertes-de-menores-de-cinco-anos-por-hambre-presidente-gustavo-petro\/nacional\/#breadcrumb","itemListElement":[{"@type":"ListItem","position":1,"name":"Portada","item":"https:\/\/ciudadyregion.com.co\/"},{"@type":"ListItem","position":2,"name":"\u00abEn tres a\u00f1os, el Gobierno del Cambio logr\u00f3 reducir en 55% el n\u00famero de muertes de menores de cinco a\u00f1os por hambre\u00bb: presidente Gustavo Petro"}]},{"@type":"WebSite","@id":"https:\/\/ciudadyregion.com.co\/#website","url":"https:\/\/ciudadyregion.com.co\/","name":"Ciudad y Region","description":"","potentialAction":[{"@type":"SearchAction","target":{"@type":"EntryPoint","urlTemplate":"https:\/\/ciudadyregion.com.co\/?s={search_term_string}"},"query-input":{"@type":"PropertyValueSpecification","valueRequired":true,"valueName":"search_term_string"}}],"inLanguage":"es"},{"@type":"Person","@id":"https:\/\/ciudadyregion.com.co\/#\/schema\/person\/04a4954373ebc4051f46e8c65ff78622","name":"David Andr\u00e9s Aguirre","image":{"@type":"ImageObject","inLanguage":"es","@id":"https:\/\/ciudadyregion.com.co\/#\/schema\/person\/image\/","url":"https:\/\/secure.gravatar.com\/avatar\/bc3c655860202182ee6d1b5edd042dbe?s=96&d=mm&r=g","contentUrl":"https:\/\/secure.gravatar.com\/avatar\/bc3c655860202182ee6d1b5edd042dbe?s=96&d=mm&r=g","caption":"David Andr\u00e9s Aguirre"},"url":"https:\/\/ciudadyregion.com.co\/index.php\/author\/diegoaguirre\/"}]}},"jetpack_featured_media_url":"https:\/\/i0.wp.com\/ciudadyregion.com.co\/wp-content\/uploads\/2025\/08\/3-63-1.jpg?fit=800%2C445&ssl=1","jetpack_sharing_enabled":true,"jetpack_shortlink":"https:\/\/wp.me\/pbS7hh-bk8","jetpack-related-posts":[],"_links":{"self":[{"href":"https:\/\/ciudadyregion.com.co\/index.php\/wp-json\/wp\/v2\/posts\/43532"}],"collection":[{"href":"https:\/\/ciudadyregion.com.co\/index.php\/wp-json\/wp\/v2\/posts"}],"about":[{"href":"https:\/\/ciudadyregion.com.co\/index.php\/wp-json\/wp\/v2\/types\/post"}],"author":[{"embeddable":true,"href":"https:\/\/ciudadyregion.com.co\/index.php\/wp-json\/wp\/v2\/users\/2"}],"replies":[{"embeddable":true,"href":"https:\/\/ciudadyregion.com.co\/index.php\/wp-json\/wp\/v2\/comments?post=43532"}],"version-history":[{"count":1,"href":"https:\/\/ciudadyregion.com.co\/index.php\/wp-json\/wp\/v2\/posts\/43532\/revisions"}],"predecessor-version":[{"id":43534,"href":"https:\/\/ciudadyregion.com.co\/index.php\/wp-json\/wp\/v2\/posts\/43532\/revisions\/43534"}],"wp:featuredmedia":[{"embeddable":true,"href":"https:\/\/ciudadyregion.com.co\/index.php\/wp-json\/wp\/v2\/media\/43533"}],"wp:attachment":[{"href":"https:\/\/ciudadyregion.com.co\/index.php\/wp-json\/wp\/v2\/media?parent=43532"}],"wp:term":[{"taxonomy":"category","embeddable":true,"href":"https:\/\/ciudadyregion.com.co\/index.php\/wp-json\/wp\/v2\/categories?post=43532"},{"taxonomy":"post_tag","embeddable":true,"href":"https:\/\/ciudadyregion.com.co\/index.php\/wp-json\/wp\/v2\/tags?post=43532"}],"curies":[{"name":"wp","href":"https:\/\/api.w.org\/{rel}","templated":true}]}}