{"id":43526,"date":"2025-08-28T04:41:47","date_gmt":"2025-08-28T09:41:47","guid":{"rendered":"https:\/\/ciudadyregion.com.co\/?p=43526"},"modified":"2025-08-28T04:41:47","modified_gmt":"2025-08-28T09:41:47","slug":"presidente-gustavo-petro-desmintio-a-quienes-acusan-a-su-gobierno-de-quebrar-el-sistema-de-salud-porque-no-suben-los-presupuestos","status":"publish","type":"post","link":"https:\/\/ciudadyregion.com.co\/index.php\/presidente-gustavo-petro-desmintio-a-quienes-acusan-a-su-gobierno-de-quebrar-el-sistema-de-salud-porque-no-suben-los-presupuestos\/nacional\/","title":{"rendered":"Presidente Gustavo Petro desminti\u00f3 a quienes acusan a su Gobierno de \u2018quebrar\u2019 el sistema de salud porque no suben los presupuestos"},"content":{"rendered":"<div>En el Consejo de Ministros, el jefe de Estado asegur\u00f3 que mientras en el \u00faltimo a\u00f1o del gobierno anterior el presupuesto para la salud solo lleg\u00f3 a los 46 billones de pesos, en el actual esta cifra ser\u00e1 de 73 billones de pesos, un incremento 58,6%.<\/div>\n<div><\/div>\n<div>En su intervenci\u00f3n, el mandatario explic\u00f3 que en el gobierno del expresidente Iv\u00e1n Duque \u201cpas\u00f3 de 39 billones a 46 en su \u00faltimo a\u00f1o\u201d, situaci\u00f3n que nunca recibi\u00f3 cr\u00edticas, m\u00e1xime cuando es \u201ccasi la misma cantidad del primer a\u00f1o y la segunda\u201d.<\/div>\n<div><\/div>\n<div>Sin embargo, dej\u00f3 claro que \u201cen el caso nuestro crecemos mucho m\u00e1s r\u00e1pidamente de 54 billones, que ya es un salto respecto al 2022\u201d y \u201cllegaremos, en el 2026, a 73 billones de pesos\u201d.<\/div>\n<div><\/div>\n<div>Por esta raz\u00f3n, el presidente Petro le solicit\u00f3 al ministro de Hacienda, Germ\u00e1n \u00c1vila, no retroceder en los recursos que se destinaron para el a\u00f1o entrante en el proyecto de presupuesto que estudia el Congreso de la Rep\u00fablica, para lo cual dijo que si el legislativo quiere aumentarlo \u201cpues lo aplaudo\u201d, pero \u201csi quiere disminuir, est\u00e1 matando gente\u201d.<\/div>\n<div><\/div>\n<div>Dijo adem\u00e1s que<\/div>\n<blockquote>\n<div>\u201cla Unidad de Pago por Capitaci\u00f3n, es UPC, que es como el per c\u00e1pita que se entrega cada ciudadano y ciudadana asegurada, promedio, unos reciben m\u00e1s que otros, aumenta much\u00edsimo m\u00e1s en nosotros, en el gobierno nuestro, que en el de Duque, pero la prensa se dedica a decir que nosotros hemos quebrado el sistema de salud, porque no subimos\u201d.<\/div>\n<\/blockquote>\n<div><\/div>\n<div>Sustent\u00f3 que<\/div>\n<blockquote>\n<div>\u201clo que demostramos en la alocuci\u00f3n, hace unos instantes, es que en el gobierno Duque los indicadores de mortalidad infantil \u2013de uno, de menos de cinco a\u00f1os\u2013, de mortalidad por desnutrici\u00f3n, de muerte perinatal en el vientre de la madre, de mortalidad materna por no cuidar a la gestante, etc\u00e9tera, son casos de muerte much\u00edsimo m\u00e1s elevados que los que nosotros hemos logrado obtener, bajando radicalmente los n\u00fameros de muertos, sean beb\u00e9s, sean mujeres, incluso sean adultos\u201d.<\/div>\n<\/blockquote>\n<div><\/div>\n<div>Por ello, cuestion\u00f3:<\/div>\n<blockquote>\n<div>\u201cEntonces, \u00bfpor qu\u00e9 esa noticia tan falsa de que el sistema de salud aqu\u00ed es un caos?, cuando si reducimos la mortalidad por causa de desnutrici\u00f3n un 50%, o si reducimos la mortalidad general de ni\u00f1os un 50%, o si, como nos pasa en algunas regiones muy pobres, la reducci\u00f3n de la mortalidad materna, por ejemplo, en La Guajira, si mi memoria no me falla del 70%, entonces \u00bfcu\u00e1l caos?\u201d y explic\u00f3: \u201cEl caos era el que ten\u00edan las EPS, y lo que estamos es mejorando los resultados sustancialmente de la salud en t\u00e9rminos de vida, de beb\u00e9s, de fetos, de mujeres gestantes\u201d.<\/div>\n<\/blockquote>\n<div><\/div>\n","protected":false},"excerpt":{"rendered":"<p>En el Consejo de Ministros, el jefe de Estado asegur\u00f3 que mientras en el \u00faltimo a\u00f1o del gobierno anterior el presupuesto para la salud solo lleg\u00f3 a los 46 billones de pesos, en el actual esta cifra ser\u00e1 de 73 billones de pesos, un incremento 58,6%. En su intervenci\u00f3n, el<span class=\"more-link\"><a href=\"https:\/\/ciudadyregion.com.co\/index.php\/presidente-gustavo-petro-desmintio-a-quienes-acusan-a-su-gobierno-de-quebrar-el-sistema-de-salud-porque-no-suben-los-presupuestos\/nacional\/\">Continuar Leyendo<\/a><\/span><\/p>\n","protected":false},"author":2,"featured_media":43527,"comment_status":"open","ping_status":"open","sticky":false,"template":"","format":"standard","meta":{"_uf_show_specific_survey":0,"_uf_disable_surveys":false,"_jetpack_memberships_contains_paid_content":false,"footnotes":"","jetpack_publicize_message":"","jetpack_publicize_feature_enabled":true,"jetpack_social_post_already_shared":true,"jetpack_social_options":{"image_generator_settings":{"template":"highway","enabled":false},"version":2}},"categories":[23],"tags":[],"class_list":["entry","author-diegoaguirre","post-43526","post","type-post","status-publish","format-standard","has-post-thumbnail","category-nacional"],"jetpack_publicize_connections":[],"yoast_head":"<!-- This site is optimized with the Yoast SEO plugin v24.3 - https:\/\/yoast.com\/wordpress\/plugins\/seo\/ -->\n<title>Presidente Gustavo Petro desminti\u00f3 a quienes acusan a su Gobierno de \u2018quebrar\u2019 el sistema de salud porque no suben los presupuestos - Ciudad y Region<\/title>\n<meta name=\"robots\" content=\"index, follow, max-snippet:-1, max-image-preview:large, max-video-preview:-1\" \/>\n<link rel=\"canonical\" href=\"https:\/\/ciudadyregion.com.co\/index.php\/presidente-gustavo-petro-desmintio-a-quienes-acusan-a-su-gobierno-de-quebrar-el-sistema-de-salud-porque-no-suben-los-presupuestos\/nacional\/\" \/>\n<meta property=\"og:locale\" content=\"es_ES\" \/>\n<meta property=\"og:type\" content=\"article\" \/>\n<meta property=\"og:title\" content=\"Presidente Gustavo Petro desminti\u00f3 a quienes acusan a su Gobierno de \u2018quebrar\u2019 el sistema de salud porque no suben los presupuestos - Ciudad y Region\" \/>\n<meta property=\"og:description\" content=\"En el Consejo de Ministros, el jefe de Estado asegur\u00f3 que mientras en el \u00faltimo a\u00f1o del gobierno anterior el presupuesto para la salud solo lleg\u00f3 a los 46 billones de pesos, en el actual esta cifra ser\u00e1 de 73 billones de pesos, un incremento 58,6%. En su intervenci\u00f3n, elContinuar Leyendo\" \/>\n<meta property=\"og:url\" content=\"https:\/\/ciudadyregion.com.co\/index.php\/presidente-gustavo-petro-desmintio-a-quienes-acusan-a-su-gobierno-de-quebrar-el-sistema-de-salud-porque-no-suben-los-presupuestos\/nacional\/\" \/>\n<meta property=\"og:site_name\" content=\"Ciudad y Region\" \/>\n<meta property=\"article:published_time\" content=\"2025-08-28T09:41:47+00:00\" \/>\n<meta property=\"og:image\" content=\"https:\/\/ciudadyregion.com.co\/wp-content\/uploads\/2025\/08\/guillermo-alfonso-jaramillo.jpg\" \/>\n\t<meta property=\"og:image:width\" content=\"800\" \/>\n\t<meta property=\"og:image:height\" content=\"445\" \/>\n\t<meta property=\"og:image:type\" content=\"image\/jpeg\" \/>\n<meta name=\"author\" content=\"David Andr\u00e9s Aguirre\" \/>\n<meta name=\"twitter:card\" content=\"summary_large_image\" \/>\n<meta name=\"twitter:label1\" content=\"Escrito por\" \/>\n\t<meta name=\"twitter:data1\" content=\"David Andr\u00e9s Aguirre\" \/>\n\t<meta name=\"twitter:label2\" content=\"Tiempo de lectura\" \/>\n\t<meta name=\"twitter:data2\" content=\"2 minutos\" \/>\n<script type=\"application\/ld+json\" class=\"yoast-schema-graph\">{\"@context\":\"https:\/\/schema.org\",\"@graph\":[{\"@type\":\"WebPage\",\"@id\":\"https:\/\/ciudadyregion.com.co\/index.php\/presidente-gustavo-petro-desmintio-a-quienes-acusan-a-su-gobierno-de-quebrar-el-sistema-de-salud-porque-no-suben-los-presupuestos\/nacional\/\",\"url\":\"https:\/\/ciudadyregion.com.co\/index.php\/presidente-gustavo-petro-desmintio-a-quienes-acusan-a-su-gobierno-de-quebrar-el-sistema-de-salud-porque-no-suben-los-presupuestos\/nacional\/\",\"name\":\"Presidente Gustavo Petro desminti\u00f3 a quienes acusan a su Gobierno de \u2018quebrar\u2019 el sistema de salud porque no suben los presupuestos - Ciudad y Region\",\"isPartOf\":{\"@id\":\"https:\/\/ciudadyregion.com.co\/#website\"},\"primaryImageOfPage\":{\"@id\":\"https:\/\/ciudadyregion.com.co\/index.php\/presidente-gustavo-petro-desmintio-a-quienes-acusan-a-su-gobierno-de-quebrar-el-sistema-de-salud-porque-no-suben-los-presupuestos\/nacional\/#primaryimage\"},\"image\":{\"@id\":\"https:\/\/ciudadyregion.com.co\/index.php\/presidente-gustavo-petro-desmintio-a-quienes-acusan-a-su-gobierno-de-quebrar-el-sistema-de-salud-porque-no-suben-los-presupuestos\/nacional\/#primaryimage\"},\"thumbnailUrl\":\"https:\/\/i0.wp.com\/ciudadyregion.com.co\/wp-content\/uploads\/2025\/08\/guillermo-alfonso-jaramillo.jpg?fit=800%2C445&ssl=1\",\"datePublished\":\"2025-08-28T09:41:47+00:00\",\"dateModified\":\"2025-08-28T09:41:47+00:00\",\"author\":{\"@id\":\"https:\/\/ciudadyregion.com.co\/#\/schema\/person\/04a4954373ebc4051f46e8c65ff78622\"},\"breadcrumb\":{\"@id\":\"https:\/\/ciudadyregion.com.co\/index.php\/presidente-gustavo-petro-desmintio-a-quienes-acusan-a-su-gobierno-de-quebrar-el-sistema-de-salud-porque-no-suben-los-presupuestos\/nacional\/#breadcrumb\"},\"inLanguage\":\"es\",\"potentialAction\":[{\"@type\":\"ReadAction\",\"target\":[\"https:\/\/ciudadyregion.com.co\/index.php\/presidente-gustavo-petro-desmintio-a-quienes-acusan-a-su-gobierno-de-quebrar-el-sistema-de-salud-porque-no-suben-los-presupuestos\/nacional\/\"]}]},{\"@type\":\"ImageObject\",\"inLanguage\":\"es\",\"@id\":\"https:\/\/ciudadyregion.com.co\/index.php\/presidente-gustavo-petro-desmintio-a-quienes-acusan-a-su-gobierno-de-quebrar-el-sistema-de-salud-porque-no-suben-los-presupuestos\/nacional\/#primaryimage\",\"url\":\"https:\/\/i0.wp.com\/ciudadyregion.com.co\/wp-content\/uploads\/2025\/08\/guillermo-alfonso-jaramillo.jpg?fit=800%2C445&ssl=1\",\"contentUrl\":\"https:\/\/i0.wp.com\/ciudadyregion.com.co\/wp-content\/uploads\/2025\/08\/guillermo-alfonso-jaramillo.jpg?fit=800%2C445&ssl=1\",\"width\":800,\"height\":445},{\"@type\":\"BreadcrumbList\",\"@id\":\"https:\/\/ciudadyregion.com.co\/index.php\/presidente-gustavo-petro-desmintio-a-quienes-acusan-a-su-gobierno-de-quebrar-el-sistema-de-salud-porque-no-suben-los-presupuestos\/nacional\/#breadcrumb\",\"itemListElement\":[{\"@type\":\"ListItem\",\"position\":1,\"name\":\"Portada\",\"item\":\"https:\/\/ciudadyregion.com.co\/\"},{\"@type\":\"ListItem\",\"position\":2,\"name\":\"Presidente Gustavo Petro desminti\u00f3 a quienes acusan a su Gobierno de \u2018quebrar\u2019 el sistema de salud porque no suben los presupuestos\"}]},{\"@type\":\"WebSite\",\"@id\":\"https:\/\/ciudadyregion.com.co\/#website\",\"url\":\"https:\/\/ciudadyregion.com.co\/\",\"name\":\"Ciudad y Region\",\"description\":\"\",\"potentialAction\":[{\"@type\":\"SearchAction\",\"target\":{\"@type\":\"EntryPoint\",\"urlTemplate\":\"https:\/\/ciudadyregion.com.co\/?s={search_term_string}\"},\"query-input\":{\"@type\":\"PropertyValueSpecification\",\"valueRequired\":true,\"valueName\":\"search_term_string\"}}],\"inLanguage\":\"es\"},{\"@type\":\"Person\",\"@id\":\"https:\/\/ciudadyregion.com.co\/#\/schema\/person\/04a4954373ebc4051f46e8c65ff78622\",\"name\":\"David Andr\u00e9s Aguirre\",\"image\":{\"@type\":\"ImageObject\",\"inLanguage\":\"es\",\"@id\":\"https:\/\/ciudadyregion.com.co\/#\/schema\/person\/image\/\",\"url\":\"https:\/\/secure.gravatar.com\/avatar\/bc3c655860202182ee6d1b5edd042dbe?s=96&d=mm&r=g\",\"contentUrl\":\"https:\/\/secure.gravatar.com\/avatar\/bc3c655860202182ee6d1b5edd042dbe?s=96&d=mm&r=g\",\"caption\":\"David Andr\u00e9s Aguirre\"},\"url\":\"https:\/\/ciudadyregion.com.co\/index.php\/author\/diegoaguirre\/\"}]}<\/script>\n<!-- \/ Yoast SEO plugin. -->","yoast_head_json":{"title":"Presidente Gustavo Petro desminti\u00f3 a quienes acusan a su Gobierno de \u2018quebrar\u2019 el sistema de salud porque no suben los presupuestos - Ciudad y Region","robots":{"index":"index","follow":"follow","max-snippet":"max-snippet:-1","max-image-preview":"max-image-preview:large","max-video-preview":"max-video-preview:-1"},"canonical":"https:\/\/ciudadyregion.com.co\/index.php\/presidente-gustavo-petro-desmintio-a-quienes-acusan-a-su-gobierno-de-quebrar-el-sistema-de-salud-porque-no-suben-los-presupuestos\/nacional\/","og_locale":"es_ES","og_type":"article","og_title":"Presidente Gustavo Petro desminti\u00f3 a quienes acusan a su Gobierno de \u2018quebrar\u2019 el sistema de salud porque no suben los presupuestos - Ciudad y Region","og_description":"En el Consejo de Ministros, el jefe de Estado asegur\u00f3 que mientras en el \u00faltimo a\u00f1o del gobierno anterior el presupuesto para la salud solo lleg\u00f3 a los 46 billones de pesos, en el actual esta cifra ser\u00e1 de 73 billones de pesos, un incremento 58,6%. En su intervenci\u00f3n, elContinuar Leyendo","og_url":"https:\/\/ciudadyregion.com.co\/index.php\/presidente-gustavo-petro-desmintio-a-quienes-acusan-a-su-gobierno-de-quebrar-el-sistema-de-salud-porque-no-suben-los-presupuestos\/nacional\/","og_site_name":"Ciudad y Region","article_published_time":"2025-08-28T09:41:47+00:00","og_image":[{"width":800,"height":445,"url":"https:\/\/ciudadyregion.com.co\/wp-content\/uploads\/2025\/08\/guillermo-alfonso-jaramillo.jpg","type":"image\/jpeg"}],"author":"David Andr\u00e9s Aguirre","twitter_card":"summary_large_image","twitter_misc":{"Escrito por":"David Andr\u00e9s Aguirre","Tiempo de lectura":"2 minutos"},"schema":{"@context":"https:\/\/schema.org","@graph":[{"@type":"WebPage","@id":"https:\/\/ciudadyregion.com.co\/index.php\/presidente-gustavo-petro-desmintio-a-quienes-acusan-a-su-gobierno-de-quebrar-el-sistema-de-salud-porque-no-suben-los-presupuestos\/nacional\/","url":"https:\/\/ciudadyregion.com.co\/index.php\/presidente-gustavo-petro-desmintio-a-quienes-acusan-a-su-gobierno-de-quebrar-el-sistema-de-salud-porque-no-suben-los-presupuestos\/nacional\/","name":"Presidente Gustavo Petro desminti\u00f3 a quienes acusan a su Gobierno de \u2018quebrar\u2019 el sistema de salud porque no suben los presupuestos - Ciudad y Region","isPartOf":{"@id":"https:\/\/ciudadyregion.com.co\/#website"},"primaryImageOfPage":{"@id":"https:\/\/ciudadyregion.com.co\/index.php\/presidente-gustavo-petro-desmintio-a-quienes-acusan-a-su-gobierno-de-quebrar-el-sistema-de-salud-porque-no-suben-los-presupuestos\/nacional\/#primaryimage"},"image":{"@id":"https:\/\/ciudadyregion.com.co\/index.php\/presidente-gustavo-petro-desmintio-a-quienes-acusan-a-su-gobierno-de-quebrar-el-sistema-de-salud-porque-no-suben-los-presupuestos\/nacional\/#primaryimage"},"thumbnailUrl":"https:\/\/i0.wp.com\/ciudadyregion.com.co\/wp-content\/uploads\/2025\/08\/guillermo-alfonso-jaramillo.jpg?fit=800%2C445&ssl=1","datePublished":"2025-08-28T09:41:47+00:00","dateModified":"2025-08-28T09:41:47+00:00","author":{"@id":"https:\/\/ciudadyregion.com.co\/#\/schema\/person\/04a4954373ebc4051f46e8c65ff78622"},"breadcrumb":{"@id":"https:\/\/ciudadyregion.com.co\/index.php\/presidente-gustavo-petro-desmintio-a-quienes-acusan-a-su-gobierno-de-quebrar-el-sistema-de-salud-porque-no-suben-los-presupuestos\/nacional\/#breadcrumb"},"inLanguage":"es","potentialAction":[{"@type":"ReadAction","target":["https:\/\/ciudadyregion.com.co\/index.php\/presidente-gustavo-petro-desmintio-a-quienes-acusan-a-su-gobierno-de-quebrar-el-sistema-de-salud-porque-no-suben-los-presupuestos\/nacional\/"]}]},{"@type":"ImageObject","inLanguage":"es","@id":"https:\/\/ciudadyregion.com.co\/index.php\/presidente-gustavo-petro-desmintio-a-quienes-acusan-a-su-gobierno-de-quebrar-el-sistema-de-salud-porque-no-suben-los-presupuestos\/nacional\/#primaryimage","url":"https:\/\/i0.wp.com\/ciudadyregion.com.co\/wp-content\/uploads\/2025\/08\/guillermo-alfonso-jaramillo.jpg?fit=800%2C445&ssl=1","contentUrl":"https:\/\/i0.wp.com\/ciudadyregion.com.co\/wp-content\/uploads\/2025\/08\/guillermo-alfonso-jaramillo.jpg?fit=800%2C445&ssl=1","width":800,"height":445},{"@type":"BreadcrumbList","@id":"https:\/\/ciudadyregion.com.co\/index.php\/presidente-gustavo-petro-desmintio-a-quienes-acusan-a-su-gobierno-de-quebrar-el-sistema-de-salud-porque-no-suben-los-presupuestos\/nacional\/#breadcrumb","itemListElement":[{"@type":"ListItem","position":1,"name":"Portada","item":"https:\/\/ciudadyregion.com.co\/"},{"@type":"ListItem","position":2,"name":"Presidente Gustavo Petro desminti\u00f3 a quienes acusan a su Gobierno de \u2018quebrar\u2019 el sistema de salud porque no suben los presupuestos"}]},{"@type":"WebSite","@id":"https:\/\/ciudadyregion.com.co\/#website","url":"https:\/\/ciudadyregion.com.co\/","name":"Ciudad y Region","description":"","potentialAction":[{"@type":"SearchAction","target":{"@type":"EntryPoint","urlTemplate":"https:\/\/ciudadyregion.com.co\/?s={search_term_string}"},"query-input":{"@type":"PropertyValueSpecification","valueRequired":true,"valueName":"search_term_string"}}],"inLanguage":"es"},{"@type":"Person","@id":"https:\/\/ciudadyregion.com.co\/#\/schema\/person\/04a4954373ebc4051f46e8c65ff78622","name":"David Andr\u00e9s Aguirre","image":{"@type":"ImageObject","inLanguage":"es","@id":"https:\/\/ciudadyregion.com.co\/#\/schema\/person\/image\/","url":"https:\/\/secure.gravatar.com\/avatar\/bc3c655860202182ee6d1b5edd042dbe?s=96&d=mm&r=g","contentUrl":"https:\/\/secure.gravatar.com\/avatar\/bc3c655860202182ee6d1b5edd042dbe?s=96&d=mm&r=g","caption":"David Andr\u00e9s Aguirre"},"url":"https:\/\/ciudadyregion.com.co\/index.php\/author\/diegoaguirre\/"}]}},"jetpack_featured_media_url":"https:\/\/i0.wp.com\/ciudadyregion.com.co\/wp-content\/uploads\/2025\/08\/guillermo-alfonso-jaramillo.jpg?fit=800%2C445&ssl=1","jetpack_sharing_enabled":true,"jetpack_shortlink":"https:\/\/wp.me\/pbS7hh-bk2","jetpack-related-posts":[],"_links":{"self":[{"href":"https:\/\/ciudadyregion.com.co\/index.php\/wp-json\/wp\/v2\/posts\/43526"}],"collection":[{"href":"https:\/\/ciudadyregion.com.co\/index.php\/wp-json\/wp\/v2\/posts"}],"about":[{"href":"https:\/\/ciudadyregion.com.co\/index.php\/wp-json\/wp\/v2\/types\/post"}],"author":[{"embeddable":true,"href":"https:\/\/ciudadyregion.com.co\/index.php\/wp-json\/wp\/v2\/users\/2"}],"replies":[{"embeddable":true,"href":"https:\/\/ciudadyregion.com.co\/index.php\/wp-json\/wp\/v2\/comments?post=43526"}],"version-history":[{"count":1,"href":"https:\/\/ciudadyregion.com.co\/index.php\/wp-json\/wp\/v2\/posts\/43526\/revisions"}],"predecessor-version":[{"id":43528,"href":"https:\/\/ciudadyregion.com.co\/index.php\/wp-json\/wp\/v2\/posts\/43526\/revisions\/43528"}],"wp:featuredmedia":[{"embeddable":true,"href":"https:\/\/ciudadyregion.com.co\/index.php\/wp-json\/wp\/v2\/media\/43527"}],"wp:attachment":[{"href":"https:\/\/ciudadyregion.com.co\/index.php\/wp-json\/wp\/v2\/media?parent=43526"}],"wp:term":[{"taxonomy":"category","embeddable":true,"href":"https:\/\/ciudadyregion.com.co\/index.php\/wp-json\/wp\/v2\/categories?post=43526"},{"taxonomy":"post_tag","embeddable":true,"href":"https:\/\/ciudadyregion.com.co\/index.php\/wp-json\/wp\/v2\/tags?post=43526"}],"curies":[{"name":"wp","href":"https:\/\/api.w.org\/{rel}","templated":true}]}}