{"id":43483,"date":"2025-08-27T08:51:02","date_gmt":"2025-08-27T13:51:02","guid":{"rendered":"https:\/\/ciudadyregion.com.co\/?p=43483"},"modified":"2025-08-27T08:51:02","modified_gmt":"2025-08-27T13:51:02","slug":"mafe-carrascal-radica-proyecto-de-ley-para-garantizar-estabilidad-laboral-a-trabajadores-oficiales","status":"publish","type":"post","link":"https:\/\/ciudadyregion.com.co\/index.php\/mafe-carrascal-radica-proyecto-de-ley-para-garantizar-estabilidad-laboral-a-trabajadores-oficiales\/politica\/","title":{"rendered":"Mafe Carrascal radica proyecto de ley para garantizar estabilidad laboral a trabajadores oficiales"},"content":{"rendered":"<p>La representante a la C\u00e1mara Mafe Carrascal present\u00f3 un proyecto de ley que busca eliminar el \u201cplazo presuntivo\u201d y asegurar la estabilidad laboral de los trabajadores oficiales en Colombia.<\/p>\n<p>El mecanismo del plazo presuntivo genera incertidumbre en los contratos de los empleados de entidades p\u00fablicas, quienes actualmente no tienen garantizada la continuidad en sus cargos. Con la propuesta de Carrascal, se pretende que los funcionarios cuenten con mayor seguridad jur\u00eddica y laboral, fortaleciendo as\u00ed la gesti\u00f3n p\u00fablica.<\/p>\n<p>El proyecto de ley ahora inicia su tr\u00e1mite en el Congreso, donde ser\u00e1 discutido y sometido a los debates correspondientes antes de su eventual aprobaci\u00f3n.<\/p>\n","protected":false},"excerpt":{"rendered":"<p>La representante a la C\u00e1mara Mafe Carrascal present\u00f3 un proyecto de ley que busca eliminar el \u201cplazo presuntivo\u201d y asegurar la estabilidad laboral de los trabajadores oficiales en Colombia. El mecanismo del plazo presuntivo genera incertidumbre en los contratos de los empleados de entidades p\u00fablicas, quienes actualmente no tienen garantizada<span class=\"more-link\"><a href=\"https:\/\/ciudadyregion.com.co\/index.php\/mafe-carrascal-radica-proyecto-de-ley-para-garantizar-estabilidad-laboral-a-trabajadores-oficiales\/politica\/\">Continuar Leyendo<\/a><\/span><\/p>\n","protected":false},"author":2,"featured_media":43484,"comment_status":"open","ping_status":"open","sticky":false,"template":"","format":"standard","meta":{"_uf_show_specific_survey":0,"_uf_disable_surveys":false,"_jetpack_memberships_contains_paid_content":false,"footnotes":"","jetpack_publicize_message":"","jetpack_publicize_feature_enabled":true,"jetpack_social_post_already_shared":true,"jetpack_social_options":{"image_generator_settings":{"template":"highway","enabled":false},"version":2}},"categories":[17],"tags":[],"class_list":["entry","author-diegoaguirre","post-43483","post","type-post","status-publish","format-standard","has-post-thumbnail","category-politica"],"jetpack_publicize_connections":[],"yoast_head":"<!-- This site is optimized with the Yoast SEO plugin v24.3 - https:\/\/yoast.com\/wordpress\/plugins\/seo\/ -->\n<title>Mafe Carrascal radica proyecto de ley para garantizar estabilidad laboral a trabajadores oficiales - Ciudad y Region<\/title>\n<meta name=\"robots\" content=\"index, follow, max-snippet:-1, max-image-preview:large, max-video-preview:-1\" \/>\n<link rel=\"canonical\" href=\"https:\/\/ciudadyregion.com.co\/index.php\/mafe-carrascal-radica-proyecto-de-ley-para-garantizar-estabilidad-laboral-a-trabajadores-oficiales\/politica\/\" \/>\n<meta property=\"og:locale\" content=\"es_ES\" \/>\n<meta property=\"og:type\" content=\"article\" \/>\n<meta property=\"og:title\" content=\"Mafe Carrascal radica proyecto de ley para garantizar estabilidad laboral a trabajadores oficiales - Ciudad y Region\" \/>\n<meta property=\"og:description\" content=\"La representante a la C\u00e1mara Mafe Carrascal present\u00f3 un proyecto de ley que busca eliminar el \u201cplazo presuntivo\u201d y asegurar la estabilidad laboral de los trabajadores oficiales en Colombia. El mecanismo del plazo presuntivo genera incertidumbre en los contratos de los empleados de entidades p\u00fablicas, quienes actualmente no tienen garantizadaContinuar Leyendo\" \/>\n<meta property=\"og:url\" content=\"https:\/\/ciudadyregion.com.co\/index.php\/mafe-carrascal-radica-proyecto-de-ley-para-garantizar-estabilidad-laboral-a-trabajadores-oficiales\/politica\/\" \/>\n<meta property=\"og:site_name\" content=\"Ciudad y Region\" \/>\n<meta property=\"article:published_time\" content=\"2025-08-27T13:51:02+00:00\" \/>\n<meta property=\"og:image\" content=\"https:\/\/ciudadyregion.com.co\/wp-content\/uploads\/2025\/08\/1-14.jpg\" \/>\n\t<meta property=\"og:image:width\" content=\"800\" \/>\n\t<meta property=\"og:image:height\" content=\"445\" \/>\n\t<meta property=\"og:image:type\" content=\"image\/jpeg\" \/>\n<meta name=\"author\" content=\"David Andr\u00e9s Aguirre\" \/>\n<meta name=\"twitter:card\" content=\"summary_large_image\" \/>\n<meta name=\"twitter:label1\" content=\"Escrito por\" \/>\n\t<meta name=\"twitter:data1\" content=\"David Andr\u00e9s Aguirre\" \/>\n\t<meta name=\"twitter:label2\" content=\"Tiempo de lectura\" \/>\n\t<meta name=\"twitter:data2\" content=\"1 minuto\" \/>\n<script type=\"application\/ld+json\" class=\"yoast-schema-graph\">{\"@context\":\"https:\/\/schema.org\",\"@graph\":[{\"@type\":\"WebPage\",\"@id\":\"https:\/\/ciudadyregion.com.co\/index.php\/mafe-carrascal-radica-proyecto-de-ley-para-garantizar-estabilidad-laboral-a-trabajadores-oficiales\/politica\/\",\"url\":\"https:\/\/ciudadyregion.com.co\/index.php\/mafe-carrascal-radica-proyecto-de-ley-para-garantizar-estabilidad-laboral-a-trabajadores-oficiales\/politica\/\",\"name\":\"Mafe Carrascal radica proyecto de ley para garantizar estabilidad laboral a trabajadores oficiales - Ciudad y Region\",\"isPartOf\":{\"@id\":\"https:\/\/ciudadyregion.com.co\/#website\"},\"primaryImageOfPage\":{\"@id\":\"https:\/\/ciudadyregion.com.co\/index.php\/mafe-carrascal-radica-proyecto-de-ley-para-garantizar-estabilidad-laboral-a-trabajadores-oficiales\/politica\/#primaryimage\"},\"image\":{\"@id\":\"https:\/\/ciudadyregion.com.co\/index.php\/mafe-carrascal-radica-proyecto-de-ley-para-garantizar-estabilidad-laboral-a-trabajadores-oficiales\/politica\/#primaryimage\"},\"thumbnailUrl\":\"https:\/\/i0.wp.com\/ciudadyregion.com.co\/wp-content\/uploads\/2025\/08\/1-14.jpg?fit=800%2C445&ssl=1\",\"datePublished\":\"2025-08-27T13:51:02+00:00\",\"dateModified\":\"2025-08-27T13:51:02+00:00\",\"author\":{\"@id\":\"https:\/\/ciudadyregion.com.co\/#\/schema\/person\/04a4954373ebc4051f46e8c65ff78622\"},\"breadcrumb\":{\"@id\":\"https:\/\/ciudadyregion.com.co\/index.php\/mafe-carrascal-radica-proyecto-de-ley-para-garantizar-estabilidad-laboral-a-trabajadores-oficiales\/politica\/#breadcrumb\"},\"inLanguage\":\"es\",\"potentialAction\":[{\"@type\":\"ReadAction\",\"target\":[\"https:\/\/ciudadyregion.com.co\/index.php\/mafe-carrascal-radica-proyecto-de-ley-para-garantizar-estabilidad-laboral-a-trabajadores-oficiales\/politica\/\"]}]},{\"@type\":\"ImageObject\",\"inLanguage\":\"es\",\"@id\":\"https:\/\/ciudadyregion.com.co\/index.php\/mafe-carrascal-radica-proyecto-de-ley-para-garantizar-estabilidad-laboral-a-trabajadores-oficiales\/politica\/#primaryimage\",\"url\":\"https:\/\/i0.wp.com\/ciudadyregion.com.co\/wp-content\/uploads\/2025\/08\/1-14.jpg?fit=800%2C445&ssl=1\",\"contentUrl\":\"https:\/\/i0.wp.com\/ciudadyregion.com.co\/wp-content\/uploads\/2025\/08\/1-14.jpg?fit=800%2C445&ssl=1\",\"width\":800,\"height\":445},{\"@type\":\"BreadcrumbList\",\"@id\":\"https:\/\/ciudadyregion.com.co\/index.php\/mafe-carrascal-radica-proyecto-de-ley-para-garantizar-estabilidad-laboral-a-trabajadores-oficiales\/politica\/#breadcrumb\",\"itemListElement\":[{\"@type\":\"ListItem\",\"position\":1,\"name\":\"Portada\",\"item\":\"https:\/\/ciudadyregion.com.co\/\"},{\"@type\":\"ListItem\",\"position\":2,\"name\":\"Mafe Carrascal radica proyecto de ley para garantizar estabilidad laboral a trabajadores oficiales\"}]},{\"@type\":\"WebSite\",\"@id\":\"https:\/\/ciudadyregion.com.co\/#website\",\"url\":\"https:\/\/ciudadyregion.com.co\/\",\"name\":\"Ciudad y Region\",\"description\":\"\",\"potentialAction\":[{\"@type\":\"SearchAction\",\"target\":{\"@type\":\"EntryPoint\",\"urlTemplate\":\"https:\/\/ciudadyregion.com.co\/?s={search_term_string}\"},\"query-input\":{\"@type\":\"PropertyValueSpecification\",\"valueRequired\":true,\"valueName\":\"search_term_string\"}}],\"inLanguage\":\"es\"},{\"@type\":\"Person\",\"@id\":\"https:\/\/ciudadyregion.com.co\/#\/schema\/person\/04a4954373ebc4051f46e8c65ff78622\",\"name\":\"David Andr\u00e9s Aguirre\",\"image\":{\"@type\":\"ImageObject\",\"inLanguage\":\"es\",\"@id\":\"https:\/\/ciudadyregion.com.co\/#\/schema\/person\/image\/\",\"url\":\"https:\/\/secure.gravatar.com\/avatar\/bc3c655860202182ee6d1b5edd042dbe?s=96&d=mm&r=g\",\"contentUrl\":\"https:\/\/secure.gravatar.com\/avatar\/bc3c655860202182ee6d1b5edd042dbe?s=96&d=mm&r=g\",\"caption\":\"David Andr\u00e9s Aguirre\"},\"url\":\"https:\/\/ciudadyregion.com.co\/index.php\/author\/diegoaguirre\/\"}]}<\/script>\n<!-- \/ Yoast SEO plugin. -->","yoast_head_json":{"title":"Mafe Carrascal radica proyecto de ley para garantizar estabilidad laboral a trabajadores oficiales - Ciudad y Region","robots":{"index":"index","follow":"follow","max-snippet":"max-snippet:-1","max-image-preview":"max-image-preview:large","max-video-preview":"max-video-preview:-1"},"canonical":"https:\/\/ciudadyregion.com.co\/index.php\/mafe-carrascal-radica-proyecto-de-ley-para-garantizar-estabilidad-laboral-a-trabajadores-oficiales\/politica\/","og_locale":"es_ES","og_type":"article","og_title":"Mafe Carrascal radica proyecto de ley para garantizar estabilidad laboral a trabajadores oficiales - Ciudad y Region","og_description":"La representante a la C\u00e1mara Mafe Carrascal present\u00f3 un proyecto de ley que busca eliminar el \u201cplazo presuntivo\u201d y asegurar la estabilidad laboral de los trabajadores oficiales en Colombia. El mecanismo del plazo presuntivo genera incertidumbre en los contratos de los empleados de entidades p\u00fablicas, quienes actualmente no tienen garantizadaContinuar Leyendo","og_url":"https:\/\/ciudadyregion.com.co\/index.php\/mafe-carrascal-radica-proyecto-de-ley-para-garantizar-estabilidad-laboral-a-trabajadores-oficiales\/politica\/","og_site_name":"Ciudad y Region","article_published_time":"2025-08-27T13:51:02+00:00","og_image":[{"width":800,"height":445,"url":"https:\/\/ciudadyregion.com.co\/wp-content\/uploads\/2025\/08\/1-14.jpg","type":"image\/jpeg"}],"author":"David Andr\u00e9s Aguirre","twitter_card":"summary_large_image","twitter_misc":{"Escrito por":"David Andr\u00e9s Aguirre","Tiempo de lectura":"1 minuto"},"schema":{"@context":"https:\/\/schema.org","@graph":[{"@type":"WebPage","@id":"https:\/\/ciudadyregion.com.co\/index.php\/mafe-carrascal-radica-proyecto-de-ley-para-garantizar-estabilidad-laboral-a-trabajadores-oficiales\/politica\/","url":"https:\/\/ciudadyregion.com.co\/index.php\/mafe-carrascal-radica-proyecto-de-ley-para-garantizar-estabilidad-laboral-a-trabajadores-oficiales\/politica\/","name":"Mafe Carrascal radica proyecto de ley para garantizar estabilidad laboral a trabajadores oficiales - Ciudad y Region","isPartOf":{"@id":"https:\/\/ciudadyregion.com.co\/#website"},"primaryImageOfPage":{"@id":"https:\/\/ciudadyregion.com.co\/index.php\/mafe-carrascal-radica-proyecto-de-ley-para-garantizar-estabilidad-laboral-a-trabajadores-oficiales\/politica\/#primaryimage"},"image":{"@id":"https:\/\/ciudadyregion.com.co\/index.php\/mafe-carrascal-radica-proyecto-de-ley-para-garantizar-estabilidad-laboral-a-trabajadores-oficiales\/politica\/#primaryimage"},"thumbnailUrl":"https:\/\/i0.wp.com\/ciudadyregion.com.co\/wp-content\/uploads\/2025\/08\/1-14.jpg?fit=800%2C445&ssl=1","datePublished":"2025-08-27T13:51:02+00:00","dateModified":"2025-08-27T13:51:02+00:00","author":{"@id":"https:\/\/ciudadyregion.com.co\/#\/schema\/person\/04a4954373ebc4051f46e8c65ff78622"},"breadcrumb":{"@id":"https:\/\/ciudadyregion.com.co\/index.php\/mafe-carrascal-radica-proyecto-de-ley-para-garantizar-estabilidad-laboral-a-trabajadores-oficiales\/politica\/#breadcrumb"},"inLanguage":"es","potentialAction":[{"@type":"ReadAction","target":["https:\/\/ciudadyregion.com.co\/index.php\/mafe-carrascal-radica-proyecto-de-ley-para-garantizar-estabilidad-laboral-a-trabajadores-oficiales\/politica\/"]}]},{"@type":"ImageObject","inLanguage":"es","@id":"https:\/\/ciudadyregion.com.co\/index.php\/mafe-carrascal-radica-proyecto-de-ley-para-garantizar-estabilidad-laboral-a-trabajadores-oficiales\/politica\/#primaryimage","url":"https:\/\/i0.wp.com\/ciudadyregion.com.co\/wp-content\/uploads\/2025\/08\/1-14.jpg?fit=800%2C445&ssl=1","contentUrl":"https:\/\/i0.wp.com\/ciudadyregion.com.co\/wp-content\/uploads\/2025\/08\/1-14.jpg?fit=800%2C445&ssl=1","width":800,"height":445},{"@type":"BreadcrumbList","@id":"https:\/\/ciudadyregion.com.co\/index.php\/mafe-carrascal-radica-proyecto-de-ley-para-garantizar-estabilidad-laboral-a-trabajadores-oficiales\/politica\/#breadcrumb","itemListElement":[{"@type":"ListItem","position":1,"name":"Portada","item":"https:\/\/ciudadyregion.com.co\/"},{"@type":"ListItem","position":2,"name":"Mafe Carrascal radica proyecto de ley para garantizar estabilidad laboral a trabajadores oficiales"}]},{"@type":"WebSite","@id":"https:\/\/ciudadyregion.com.co\/#website","url":"https:\/\/ciudadyregion.com.co\/","name":"Ciudad y Region","description":"","potentialAction":[{"@type":"SearchAction","target":{"@type":"EntryPoint","urlTemplate":"https:\/\/ciudadyregion.com.co\/?s={search_term_string}"},"query-input":{"@type":"PropertyValueSpecification","valueRequired":true,"valueName":"search_term_string"}}],"inLanguage":"es"},{"@type":"Person","@id":"https:\/\/ciudadyregion.com.co\/#\/schema\/person\/04a4954373ebc4051f46e8c65ff78622","name":"David Andr\u00e9s Aguirre","image":{"@type":"ImageObject","inLanguage":"es","@id":"https:\/\/ciudadyregion.com.co\/#\/schema\/person\/image\/","url":"https:\/\/secure.gravatar.com\/avatar\/bc3c655860202182ee6d1b5edd042dbe?s=96&d=mm&r=g","contentUrl":"https:\/\/secure.gravatar.com\/avatar\/bc3c655860202182ee6d1b5edd042dbe?s=96&d=mm&r=g","caption":"David Andr\u00e9s Aguirre"},"url":"https:\/\/ciudadyregion.com.co\/index.php\/author\/diegoaguirre\/"}]}},"jetpack_featured_media_url":"https:\/\/i0.wp.com\/ciudadyregion.com.co\/wp-content\/uploads\/2025\/08\/1-14.jpg?fit=800%2C445&ssl=1","jetpack_sharing_enabled":true,"jetpack_shortlink":"https:\/\/wp.me\/pbS7hh-bjl","jetpack-related-posts":[],"_links":{"self":[{"href":"https:\/\/ciudadyregion.com.co\/index.php\/wp-json\/wp\/v2\/posts\/43483"}],"collection":[{"href":"https:\/\/ciudadyregion.com.co\/index.php\/wp-json\/wp\/v2\/posts"}],"about":[{"href":"https:\/\/ciudadyregion.com.co\/index.php\/wp-json\/wp\/v2\/types\/post"}],"author":[{"embeddable":true,"href":"https:\/\/ciudadyregion.com.co\/index.php\/wp-json\/wp\/v2\/users\/2"}],"replies":[{"embeddable":true,"href":"https:\/\/ciudadyregion.com.co\/index.php\/wp-json\/wp\/v2\/comments?post=43483"}],"version-history":[{"count":1,"href":"https:\/\/ciudadyregion.com.co\/index.php\/wp-json\/wp\/v2\/posts\/43483\/revisions"}],"predecessor-version":[{"id":43485,"href":"https:\/\/ciudadyregion.com.co\/index.php\/wp-json\/wp\/v2\/posts\/43483\/revisions\/43485"}],"wp:featuredmedia":[{"embeddable":true,"href":"https:\/\/ciudadyregion.com.co\/index.php\/wp-json\/wp\/v2\/media\/43484"}],"wp:attachment":[{"href":"https:\/\/ciudadyregion.com.co\/index.php\/wp-json\/wp\/v2\/media?parent=43483"}],"wp:term":[{"taxonomy":"category","embeddable":true,"href":"https:\/\/ciudadyregion.com.co\/index.php\/wp-json\/wp\/v2\/categories?post=43483"},{"taxonomy":"post_tag","embeddable":true,"href":"https:\/\/ciudadyregion.com.co\/index.php\/wp-json\/wp\/v2\/tags?post=43483"}],"curies":[{"name":"wp","href":"https:\/\/api.w.org\/{rel}","templated":true}]}}