{"id":43476,"date":"2025-08-27T08:34:31","date_gmt":"2025-08-27T13:34:31","guid":{"rendered":"https:\/\/ciudadyregion.com.co\/?p=43476"},"modified":"2025-08-27T08:34:31","modified_gmt":"2025-08-27T13:34:31","slug":"cne-responsabiliza-a-la-campana-petro-presidente-por-violar-topes-de-financiacion","status":"publish","type":"post","link":"https:\/\/ciudadyregion.com.co\/index.php\/cne-responsabiliza-a-la-campana-petro-presidente-por-violar-topes-de-financiacion\/politica\/","title":{"rendered":"CNE responsabiliza a la campa\u00f1a Petro Presidente por violar topes de financiaci\u00f3n"},"content":{"rendered":"<p>El Consejo Nacional Electoral (CNE) radic\u00f3 una ponencia en la que responsabiliza a la campa\u00f1a Petro Presidente de haber superado los topes de financiaci\u00f3n establecidos por la ley durante las elecciones presidenciales.<\/p>\n<p>La decisi\u00f3n, que se produce en un contexto de alta tensi\u00f3n pol\u00edtica, podr\u00eda abrir un cap\u00edtulo complejo para el Ejecutivo y generar un amplio debate en el Congreso y en la opini\u00f3n p\u00fablica.<\/p>\n<p>La ponencia se\u00f1ala que la campa\u00f1a habr\u00eda recibido o gastado recursos por encima de lo permitido legalmente. La normativa colombiana establece l\u00edmites claros para el financiamiento de campa\u00f1as con el fin de garantizar una competencia electoral justa y transparente.<\/p>\n<p>De confirmarse la irregularidad, la campa\u00f1a podr\u00eda enfrentar sanciones econ\u00f3micas y consecuencias pol\u00edticas de alto impacto. Expertos destacan que este tipo de decisiones del CNE son observadas de cerca por la ciudadan\u00eda, los medios y los \u00f3rganos de control, especialmente en momentos en los que la confianza en las instituciones es un tema sensible.<\/p>\n","protected":false},"excerpt":{"rendered":"<p>El Consejo Nacional Electoral (CNE) radic\u00f3 una ponencia en la que responsabiliza a la campa\u00f1a Petro Presidente de haber superado los topes de financiaci\u00f3n establecidos por la ley durante las elecciones presidenciales. La decisi\u00f3n, que se produce en un contexto de alta tensi\u00f3n pol\u00edtica, podr\u00eda abrir un cap\u00edtulo complejo para<span class=\"more-link\"><a href=\"https:\/\/ciudadyregion.com.co\/index.php\/cne-responsabiliza-a-la-campana-petro-presidente-por-violar-topes-de-financiacion\/politica\/\">Continuar Leyendo<\/a><\/span><\/p>\n","protected":false},"author":2,"featured_media":43477,"comment_status":"open","ping_status":"open","sticky":false,"template":"","format":"standard","meta":{"_uf_show_specific_survey":0,"_uf_disable_surveys":false,"_jetpack_memberships_contains_paid_content":false,"footnotes":"","jetpack_publicize_message":"","jetpack_publicize_feature_enabled":true,"jetpack_social_post_already_shared":true,"jetpack_social_options":{"image_generator_settings":{"template":"highway","enabled":false},"version":2}},"categories":[17],"tags":[],"class_list":["entry","author-diegoaguirre","post-43476","post","type-post","status-publish","format-standard","has-post-thumbnail","category-politica"],"jetpack_publicize_connections":[],"yoast_head":"<!-- This site is optimized with the Yoast SEO plugin v24.3 - https:\/\/yoast.com\/wordpress\/plugins\/seo\/ -->\n<title>CNE responsabiliza a la campa\u00f1a Petro Presidente por violar topes de financiaci\u00f3n - Ciudad y Region<\/title>\n<meta name=\"robots\" content=\"index, follow, max-snippet:-1, max-image-preview:large, max-video-preview:-1\" \/>\n<link rel=\"canonical\" href=\"https:\/\/ciudadyregion.com.co\/index.php\/cne-responsabiliza-a-la-campana-petro-presidente-por-violar-topes-de-financiacion\/politica\/\" \/>\n<meta property=\"og:locale\" content=\"es_ES\" \/>\n<meta property=\"og:type\" content=\"article\" \/>\n<meta property=\"og:title\" content=\"CNE responsabiliza a la campa\u00f1a Petro Presidente por violar topes de financiaci\u00f3n - Ciudad y Region\" \/>\n<meta property=\"og:description\" content=\"El Consejo Nacional Electoral (CNE) radic\u00f3 una ponencia en la que responsabiliza a la campa\u00f1a Petro Presidente de haber superado los topes de financiaci\u00f3n establecidos por la ley durante las elecciones presidenciales. La decisi\u00f3n, que se produce en un contexto de alta tensi\u00f3n pol\u00edtica, podr\u00eda abrir un cap\u00edtulo complejo paraContinuar Leyendo\" \/>\n<meta property=\"og:url\" content=\"https:\/\/ciudadyregion.com.co\/index.php\/cne-responsabiliza-a-la-campana-petro-presidente-por-violar-topes-de-financiacion\/politica\/\" \/>\n<meta property=\"og:site_name\" content=\"Ciudad y Region\" \/>\n<meta property=\"article:published_time\" content=\"2025-08-27T13:34:31+00:00\" \/>\n<meta property=\"og:image\" content=\"https:\/\/ciudadyregion.com.co\/wp-content\/uploads\/2025\/08\/petro-cne.jpg\" \/>\n\t<meta property=\"og:image:width\" content=\"800\" \/>\n\t<meta property=\"og:image:height\" content=\"445\" \/>\n\t<meta property=\"og:image:type\" content=\"image\/jpeg\" \/>\n<meta name=\"author\" content=\"David Andr\u00e9s Aguirre\" \/>\n<meta name=\"twitter:card\" content=\"summary_large_image\" \/>\n<meta name=\"twitter:label1\" content=\"Escrito por\" \/>\n\t<meta name=\"twitter:data1\" content=\"David Andr\u00e9s Aguirre\" \/>\n\t<meta name=\"twitter:label2\" content=\"Tiempo de lectura\" \/>\n\t<meta name=\"twitter:data2\" content=\"1 minuto\" \/>\n<script type=\"application\/ld+json\" class=\"yoast-schema-graph\">{\"@context\":\"https:\/\/schema.org\",\"@graph\":[{\"@type\":\"WebPage\",\"@id\":\"https:\/\/ciudadyregion.com.co\/index.php\/cne-responsabiliza-a-la-campana-petro-presidente-por-violar-topes-de-financiacion\/politica\/\",\"url\":\"https:\/\/ciudadyregion.com.co\/index.php\/cne-responsabiliza-a-la-campana-petro-presidente-por-violar-topes-de-financiacion\/politica\/\",\"name\":\"CNE responsabiliza a la campa\u00f1a Petro Presidente por violar topes de financiaci\u00f3n - Ciudad y Region\",\"isPartOf\":{\"@id\":\"https:\/\/ciudadyregion.com.co\/#website\"},\"primaryImageOfPage\":{\"@id\":\"https:\/\/ciudadyregion.com.co\/index.php\/cne-responsabiliza-a-la-campana-petro-presidente-por-violar-topes-de-financiacion\/politica\/#primaryimage\"},\"image\":{\"@id\":\"https:\/\/ciudadyregion.com.co\/index.php\/cne-responsabiliza-a-la-campana-petro-presidente-por-violar-topes-de-financiacion\/politica\/#primaryimage\"},\"thumbnailUrl\":\"https:\/\/i0.wp.com\/ciudadyregion.com.co\/wp-content\/uploads\/2025\/08\/petro-cne.jpg?fit=800%2C445&ssl=1\",\"datePublished\":\"2025-08-27T13:34:31+00:00\",\"dateModified\":\"2025-08-27T13:34:31+00:00\",\"author\":{\"@id\":\"https:\/\/ciudadyregion.com.co\/#\/schema\/person\/04a4954373ebc4051f46e8c65ff78622\"},\"breadcrumb\":{\"@id\":\"https:\/\/ciudadyregion.com.co\/index.php\/cne-responsabiliza-a-la-campana-petro-presidente-por-violar-topes-de-financiacion\/politica\/#breadcrumb\"},\"inLanguage\":\"es\",\"potentialAction\":[{\"@type\":\"ReadAction\",\"target\":[\"https:\/\/ciudadyregion.com.co\/index.php\/cne-responsabiliza-a-la-campana-petro-presidente-por-violar-topes-de-financiacion\/politica\/\"]}]},{\"@type\":\"ImageObject\",\"inLanguage\":\"es\",\"@id\":\"https:\/\/ciudadyregion.com.co\/index.php\/cne-responsabiliza-a-la-campana-petro-presidente-por-violar-topes-de-financiacion\/politica\/#primaryimage\",\"url\":\"https:\/\/i0.wp.com\/ciudadyregion.com.co\/wp-content\/uploads\/2025\/08\/petro-cne.jpg?fit=800%2C445&ssl=1\",\"contentUrl\":\"https:\/\/i0.wp.com\/ciudadyregion.com.co\/wp-content\/uploads\/2025\/08\/petro-cne.jpg?fit=800%2C445&ssl=1\",\"width\":800,\"height\":445},{\"@type\":\"BreadcrumbList\",\"@id\":\"https:\/\/ciudadyregion.com.co\/index.php\/cne-responsabiliza-a-la-campana-petro-presidente-por-violar-topes-de-financiacion\/politica\/#breadcrumb\",\"itemListElement\":[{\"@type\":\"ListItem\",\"position\":1,\"name\":\"Portada\",\"item\":\"https:\/\/ciudadyregion.com.co\/\"},{\"@type\":\"ListItem\",\"position\":2,\"name\":\"CNE responsabiliza a la campa\u00f1a Petro Presidente por violar topes de financiaci\u00f3n\"}]},{\"@type\":\"WebSite\",\"@id\":\"https:\/\/ciudadyregion.com.co\/#website\",\"url\":\"https:\/\/ciudadyregion.com.co\/\",\"name\":\"Ciudad y Region\",\"description\":\"\",\"potentialAction\":[{\"@type\":\"SearchAction\",\"target\":{\"@type\":\"EntryPoint\",\"urlTemplate\":\"https:\/\/ciudadyregion.com.co\/?s={search_term_string}\"},\"query-input\":{\"@type\":\"PropertyValueSpecification\",\"valueRequired\":true,\"valueName\":\"search_term_string\"}}],\"inLanguage\":\"es\"},{\"@type\":\"Person\",\"@id\":\"https:\/\/ciudadyregion.com.co\/#\/schema\/person\/04a4954373ebc4051f46e8c65ff78622\",\"name\":\"David Andr\u00e9s Aguirre\",\"image\":{\"@type\":\"ImageObject\",\"inLanguage\":\"es\",\"@id\":\"https:\/\/ciudadyregion.com.co\/#\/schema\/person\/image\/\",\"url\":\"https:\/\/secure.gravatar.com\/avatar\/bc3c655860202182ee6d1b5edd042dbe?s=96&d=mm&r=g\",\"contentUrl\":\"https:\/\/secure.gravatar.com\/avatar\/bc3c655860202182ee6d1b5edd042dbe?s=96&d=mm&r=g\",\"caption\":\"David Andr\u00e9s Aguirre\"},\"url\":\"https:\/\/ciudadyregion.com.co\/index.php\/author\/diegoaguirre\/\"}]}<\/script>\n<!-- \/ Yoast SEO plugin. -->","yoast_head_json":{"title":"CNE responsabiliza a la campa\u00f1a Petro Presidente por violar topes de financiaci\u00f3n - Ciudad y Region","robots":{"index":"index","follow":"follow","max-snippet":"max-snippet:-1","max-image-preview":"max-image-preview:large","max-video-preview":"max-video-preview:-1"},"canonical":"https:\/\/ciudadyregion.com.co\/index.php\/cne-responsabiliza-a-la-campana-petro-presidente-por-violar-topes-de-financiacion\/politica\/","og_locale":"es_ES","og_type":"article","og_title":"CNE responsabiliza a la campa\u00f1a Petro Presidente por violar topes de financiaci\u00f3n - Ciudad y Region","og_description":"El Consejo Nacional Electoral (CNE) radic\u00f3 una ponencia en la que responsabiliza a la campa\u00f1a Petro Presidente de haber superado los topes de financiaci\u00f3n establecidos por la ley durante las elecciones presidenciales. La decisi\u00f3n, que se produce en un contexto de alta tensi\u00f3n pol\u00edtica, podr\u00eda abrir un cap\u00edtulo complejo paraContinuar Leyendo","og_url":"https:\/\/ciudadyregion.com.co\/index.php\/cne-responsabiliza-a-la-campana-petro-presidente-por-violar-topes-de-financiacion\/politica\/","og_site_name":"Ciudad y Region","article_published_time":"2025-08-27T13:34:31+00:00","og_image":[{"width":800,"height":445,"url":"https:\/\/ciudadyregion.com.co\/wp-content\/uploads\/2025\/08\/petro-cne.jpg","type":"image\/jpeg"}],"author":"David Andr\u00e9s Aguirre","twitter_card":"summary_large_image","twitter_misc":{"Escrito por":"David Andr\u00e9s Aguirre","Tiempo de lectura":"1 minuto"},"schema":{"@context":"https:\/\/schema.org","@graph":[{"@type":"WebPage","@id":"https:\/\/ciudadyregion.com.co\/index.php\/cne-responsabiliza-a-la-campana-petro-presidente-por-violar-topes-de-financiacion\/politica\/","url":"https:\/\/ciudadyregion.com.co\/index.php\/cne-responsabiliza-a-la-campana-petro-presidente-por-violar-topes-de-financiacion\/politica\/","name":"CNE responsabiliza a la campa\u00f1a Petro Presidente por violar topes de financiaci\u00f3n - Ciudad y Region","isPartOf":{"@id":"https:\/\/ciudadyregion.com.co\/#website"},"primaryImageOfPage":{"@id":"https:\/\/ciudadyregion.com.co\/index.php\/cne-responsabiliza-a-la-campana-petro-presidente-por-violar-topes-de-financiacion\/politica\/#primaryimage"},"image":{"@id":"https:\/\/ciudadyregion.com.co\/index.php\/cne-responsabiliza-a-la-campana-petro-presidente-por-violar-topes-de-financiacion\/politica\/#primaryimage"},"thumbnailUrl":"https:\/\/i0.wp.com\/ciudadyregion.com.co\/wp-content\/uploads\/2025\/08\/petro-cne.jpg?fit=800%2C445&ssl=1","datePublished":"2025-08-27T13:34:31+00:00","dateModified":"2025-08-27T13:34:31+00:00","author":{"@id":"https:\/\/ciudadyregion.com.co\/#\/schema\/person\/04a4954373ebc4051f46e8c65ff78622"},"breadcrumb":{"@id":"https:\/\/ciudadyregion.com.co\/index.php\/cne-responsabiliza-a-la-campana-petro-presidente-por-violar-topes-de-financiacion\/politica\/#breadcrumb"},"inLanguage":"es","potentialAction":[{"@type":"ReadAction","target":["https:\/\/ciudadyregion.com.co\/index.php\/cne-responsabiliza-a-la-campana-petro-presidente-por-violar-topes-de-financiacion\/politica\/"]}]},{"@type":"ImageObject","inLanguage":"es","@id":"https:\/\/ciudadyregion.com.co\/index.php\/cne-responsabiliza-a-la-campana-petro-presidente-por-violar-topes-de-financiacion\/politica\/#primaryimage","url":"https:\/\/i0.wp.com\/ciudadyregion.com.co\/wp-content\/uploads\/2025\/08\/petro-cne.jpg?fit=800%2C445&ssl=1","contentUrl":"https:\/\/i0.wp.com\/ciudadyregion.com.co\/wp-content\/uploads\/2025\/08\/petro-cne.jpg?fit=800%2C445&ssl=1","width":800,"height":445},{"@type":"BreadcrumbList","@id":"https:\/\/ciudadyregion.com.co\/index.php\/cne-responsabiliza-a-la-campana-petro-presidente-por-violar-topes-de-financiacion\/politica\/#breadcrumb","itemListElement":[{"@type":"ListItem","position":1,"name":"Portada","item":"https:\/\/ciudadyregion.com.co\/"},{"@type":"ListItem","position":2,"name":"CNE responsabiliza a la campa\u00f1a Petro Presidente por violar topes de financiaci\u00f3n"}]},{"@type":"WebSite","@id":"https:\/\/ciudadyregion.com.co\/#website","url":"https:\/\/ciudadyregion.com.co\/","name":"Ciudad y Region","description":"","potentialAction":[{"@type":"SearchAction","target":{"@type":"EntryPoint","urlTemplate":"https:\/\/ciudadyregion.com.co\/?s={search_term_string}"},"query-input":{"@type":"PropertyValueSpecification","valueRequired":true,"valueName":"search_term_string"}}],"inLanguage":"es"},{"@type":"Person","@id":"https:\/\/ciudadyregion.com.co\/#\/schema\/person\/04a4954373ebc4051f46e8c65ff78622","name":"David Andr\u00e9s Aguirre","image":{"@type":"ImageObject","inLanguage":"es","@id":"https:\/\/ciudadyregion.com.co\/#\/schema\/person\/image\/","url":"https:\/\/secure.gravatar.com\/avatar\/bc3c655860202182ee6d1b5edd042dbe?s=96&d=mm&r=g","contentUrl":"https:\/\/secure.gravatar.com\/avatar\/bc3c655860202182ee6d1b5edd042dbe?s=96&d=mm&r=g","caption":"David Andr\u00e9s Aguirre"},"url":"https:\/\/ciudadyregion.com.co\/index.php\/author\/diegoaguirre\/"}]}},"jetpack_featured_media_url":"https:\/\/i0.wp.com\/ciudadyregion.com.co\/wp-content\/uploads\/2025\/08\/petro-cne.jpg?fit=800%2C445&ssl=1","jetpack_sharing_enabled":true,"jetpack_shortlink":"https:\/\/wp.me\/pbS7hh-bje","jetpack-related-posts":[],"_links":{"self":[{"href":"https:\/\/ciudadyregion.com.co\/index.php\/wp-json\/wp\/v2\/posts\/43476"}],"collection":[{"href":"https:\/\/ciudadyregion.com.co\/index.php\/wp-json\/wp\/v2\/posts"}],"about":[{"href":"https:\/\/ciudadyregion.com.co\/index.php\/wp-json\/wp\/v2\/types\/post"}],"author":[{"embeddable":true,"href":"https:\/\/ciudadyregion.com.co\/index.php\/wp-json\/wp\/v2\/users\/2"}],"replies":[{"embeddable":true,"href":"https:\/\/ciudadyregion.com.co\/index.php\/wp-json\/wp\/v2\/comments?post=43476"}],"version-history":[{"count":1,"href":"https:\/\/ciudadyregion.com.co\/index.php\/wp-json\/wp\/v2\/posts\/43476\/revisions"}],"predecessor-version":[{"id":43478,"href":"https:\/\/ciudadyregion.com.co\/index.php\/wp-json\/wp\/v2\/posts\/43476\/revisions\/43478"}],"wp:featuredmedia":[{"embeddable":true,"href":"https:\/\/ciudadyregion.com.co\/index.php\/wp-json\/wp\/v2\/media\/43477"}],"wp:attachment":[{"href":"https:\/\/ciudadyregion.com.co\/index.php\/wp-json\/wp\/v2\/media?parent=43476"}],"wp:term":[{"taxonomy":"category","embeddable":true,"href":"https:\/\/ciudadyregion.com.co\/index.php\/wp-json\/wp\/v2\/categories?post=43476"},{"taxonomy":"post_tag","embeddable":true,"href":"https:\/\/ciudadyregion.com.co\/index.php\/wp-json\/wp\/v2\/tags?post=43476"}],"curies":[{"name":"wp","href":"https:\/\/api.w.org\/{rel}","templated":true}]}}