{"id":43466,"date":"2025-08-27T08:24:43","date_gmt":"2025-08-27T13:24:43","guid":{"rendered":"https:\/\/ciudadyregion.com.co\/?p=43466"},"modified":"2025-08-27T08:24:43","modified_gmt":"2025-08-27T13:24:43","slug":"alias-kevin-cabecilla-de-la-estructura-carlos-patino-se-entrega-voluntariamente-tras-operacion-militar-en-el-cauca","status":"publish","type":"post","link":"https:\/\/ciudadyregion.com.co\/index.php\/alias-kevin-cabecilla-de-la-estructura-carlos-patino-se-entrega-voluntariamente-tras-operacion-militar-en-el-cauca\/judicial\/","title":{"rendered":"Alias Kevin, cabecilla de la estructura Carlos Pati\u00f1o, se entrega voluntariamente tras operaci\u00f3n militar en el Cauca"},"content":{"rendered":"<div><\/div>\n<div>La presi\u00f3n sostenida de la Operaci\u00f3n Perseo en el Ca\u00f1\u00f3n del Micay llev\u00f3 a la entrega voluntaria de Anderson Andrey Vargas Sun, conocido como alias Kevin, cabecilla del grupo armado organizado residual estructura Carlos Pati\u00f1o.<\/div>\n<div><\/div>\n<div>Con 16 a\u00f1os en la organizaci\u00f3n, por su captura se ofrec\u00eda una recompensa de 1.641 millones de pesos. Su entrega a las tropas del Ej\u00e9rcito se produjo en zona rural del Cauca, donde tambi\u00e9n fue recuperado un fusil Tavor calibre 5.56 mm.<\/div>\n<div><\/div>\n<div>Alias Kevin estaba directamente vinculado a m\u00faltiples acciones criminales en el departamento del Cauca y era el principal articulador de ataques terroristas en el corregimiento de El Plateado. Entre sus acciones se destacan:<\/div>\n<div><\/div>\n<div>\u2022El 15 de enero, ataque con drones cargados con explosivos en la vereda La Ceiba, corregimiento El Plateado, Argelia.<\/div>\n<div>\u2022El 18 de enero, ataque en el sector El Lavadero que dej\u00f3 un soldado profesional herido.<\/div>\n<div>\u2022El 6 de marzo, asonada en la misma zona, donde utiliz\u00f3 a poblaci\u00f3n civil para enfrentar a la Fuerza P\u00fablica.<\/div>\n<div><\/div>\n<div>Adem\u00e1s, era responsable del reclutamiento il\u00edcito de menores, la instalaci\u00f3n de minas antipersonal, la ejecuci\u00f3n de homicidios en Argelia y Balboa, y de m\u00faltiples atentados terroristas en el sur del Cauca.<\/div>\n","protected":false},"excerpt":{"rendered":"<p>La presi\u00f3n sostenida de la Operaci\u00f3n Perseo en el Ca\u00f1\u00f3n del Micay llev\u00f3 a la entrega voluntaria de Anderson Andrey Vargas Sun, conocido como alias Kevin, cabecilla del grupo armado organizado residual estructura Carlos Pati\u00f1o. Con 16 a\u00f1os en la organizaci\u00f3n, por su captura se ofrec\u00eda una recompensa de 1.641<span class=\"more-link\"><a href=\"https:\/\/ciudadyregion.com.co\/index.php\/alias-kevin-cabecilla-de-la-estructura-carlos-patino-se-entrega-voluntariamente-tras-operacion-militar-en-el-cauca\/judicial\/\">Continuar Leyendo<\/a><\/span><\/p>\n","protected":false},"author":2,"featured_media":43467,"comment_status":"open","ping_status":"open","sticky":false,"template":"","format":"standard","meta":{"_uf_show_specific_survey":0,"_uf_disable_surveys":false,"_jetpack_memberships_contains_paid_content":false,"footnotes":"","jetpack_publicize_message":"","jetpack_publicize_feature_enabled":true,"jetpack_social_post_already_shared":true,"jetpack_social_options":{"image_generator_settings":{"template":"highway","enabled":false},"version":2}},"categories":[18],"tags":[],"class_list":["entry","author-diegoaguirre","post-43466","post","type-post","status-publish","format-standard","has-post-thumbnail","category-judicial"],"jetpack_publicize_connections":[],"yoast_head":"<!-- This site is optimized with the Yoast SEO plugin v24.3 - https:\/\/yoast.com\/wordpress\/plugins\/seo\/ -->\n<title>Alias Kevin, cabecilla de la estructura Carlos Pati\u00f1o, se entrega voluntariamente tras operaci\u00f3n militar en el Cauca - Ciudad y Region<\/title>\n<meta name=\"robots\" content=\"index, follow, max-snippet:-1, max-image-preview:large, max-video-preview:-1\" \/>\n<link rel=\"canonical\" href=\"https:\/\/ciudadyregion.com.co\/index.php\/alias-kevin-cabecilla-de-la-estructura-carlos-patino-se-entrega-voluntariamente-tras-operacion-militar-en-el-cauca\/judicial\/\" \/>\n<meta property=\"og:locale\" content=\"es_ES\" \/>\n<meta property=\"og:type\" content=\"article\" \/>\n<meta property=\"og:title\" content=\"Alias Kevin, cabecilla de la estructura Carlos Pati\u00f1o, se entrega voluntariamente tras operaci\u00f3n militar en el Cauca - Ciudad y Region\" \/>\n<meta property=\"og:description\" content=\"La presi\u00f3n sostenida de la Operaci\u00f3n Perseo en el Ca\u00f1\u00f3n del Micay llev\u00f3 a la entrega voluntaria de Anderson Andrey Vargas Sun, conocido como alias Kevin, cabecilla del grupo armado organizado residual estructura Carlos Pati\u00f1o. Con 16 a\u00f1os en la organizaci\u00f3n, por su captura se ofrec\u00eda una recompensa de 1.641Continuar Leyendo\" \/>\n<meta property=\"og:url\" content=\"https:\/\/ciudadyregion.com.co\/index.php\/alias-kevin-cabecilla-de-la-estructura-carlos-patino-se-entrega-voluntariamente-tras-operacion-militar-en-el-cauca\/judicial\/\" \/>\n<meta property=\"og:site_name\" content=\"Ciudad y Region\" \/>\n<meta property=\"article:published_time\" content=\"2025-08-27T13:24:43+00:00\" \/>\n<meta property=\"og:image\" content=\"https:\/\/ciudadyregion.com.co\/wp-content\/uploads\/2025\/08\/2-15.jpg\" \/>\n\t<meta property=\"og:image:width\" content=\"800\" \/>\n\t<meta property=\"og:image:height\" content=\"445\" \/>\n\t<meta property=\"og:image:type\" content=\"image\/jpeg\" \/>\n<meta name=\"author\" content=\"David Andr\u00e9s Aguirre\" \/>\n<meta name=\"twitter:card\" content=\"summary_large_image\" \/>\n<meta name=\"twitter:label1\" content=\"Escrito por\" \/>\n\t<meta name=\"twitter:data1\" content=\"David Andr\u00e9s Aguirre\" \/>\n\t<meta name=\"twitter:label2\" content=\"Tiempo de lectura\" \/>\n\t<meta name=\"twitter:data2\" content=\"2 minutos\" \/>\n<script type=\"application\/ld+json\" class=\"yoast-schema-graph\">{\"@context\":\"https:\/\/schema.org\",\"@graph\":[{\"@type\":\"WebPage\",\"@id\":\"https:\/\/ciudadyregion.com.co\/index.php\/alias-kevin-cabecilla-de-la-estructura-carlos-patino-se-entrega-voluntariamente-tras-operacion-militar-en-el-cauca\/judicial\/\",\"url\":\"https:\/\/ciudadyregion.com.co\/index.php\/alias-kevin-cabecilla-de-la-estructura-carlos-patino-se-entrega-voluntariamente-tras-operacion-militar-en-el-cauca\/judicial\/\",\"name\":\"Alias Kevin, cabecilla de la estructura Carlos Pati\u00f1o, se entrega voluntariamente tras operaci\u00f3n militar en el Cauca - Ciudad y Region\",\"isPartOf\":{\"@id\":\"https:\/\/ciudadyregion.com.co\/#website\"},\"primaryImageOfPage\":{\"@id\":\"https:\/\/ciudadyregion.com.co\/index.php\/alias-kevin-cabecilla-de-la-estructura-carlos-patino-se-entrega-voluntariamente-tras-operacion-militar-en-el-cauca\/judicial\/#primaryimage\"},\"image\":{\"@id\":\"https:\/\/ciudadyregion.com.co\/index.php\/alias-kevin-cabecilla-de-la-estructura-carlos-patino-se-entrega-voluntariamente-tras-operacion-militar-en-el-cauca\/judicial\/#primaryimage\"},\"thumbnailUrl\":\"https:\/\/i0.wp.com\/ciudadyregion.com.co\/wp-content\/uploads\/2025\/08\/2-15.jpg?fit=800%2C445&ssl=1\",\"datePublished\":\"2025-08-27T13:24:43+00:00\",\"dateModified\":\"2025-08-27T13:24:43+00:00\",\"author\":{\"@id\":\"https:\/\/ciudadyregion.com.co\/#\/schema\/person\/04a4954373ebc4051f46e8c65ff78622\"},\"breadcrumb\":{\"@id\":\"https:\/\/ciudadyregion.com.co\/index.php\/alias-kevin-cabecilla-de-la-estructura-carlos-patino-se-entrega-voluntariamente-tras-operacion-militar-en-el-cauca\/judicial\/#breadcrumb\"},\"inLanguage\":\"es\",\"potentialAction\":[{\"@type\":\"ReadAction\",\"target\":[\"https:\/\/ciudadyregion.com.co\/index.php\/alias-kevin-cabecilla-de-la-estructura-carlos-patino-se-entrega-voluntariamente-tras-operacion-militar-en-el-cauca\/judicial\/\"]}]},{\"@type\":\"ImageObject\",\"inLanguage\":\"es\",\"@id\":\"https:\/\/ciudadyregion.com.co\/index.php\/alias-kevin-cabecilla-de-la-estructura-carlos-patino-se-entrega-voluntariamente-tras-operacion-militar-en-el-cauca\/judicial\/#primaryimage\",\"url\":\"https:\/\/i0.wp.com\/ciudadyregion.com.co\/wp-content\/uploads\/2025\/08\/2-15.jpg?fit=800%2C445&ssl=1\",\"contentUrl\":\"https:\/\/i0.wp.com\/ciudadyregion.com.co\/wp-content\/uploads\/2025\/08\/2-15.jpg?fit=800%2C445&ssl=1\",\"width\":800,\"height\":445},{\"@type\":\"BreadcrumbList\",\"@id\":\"https:\/\/ciudadyregion.com.co\/index.php\/alias-kevin-cabecilla-de-la-estructura-carlos-patino-se-entrega-voluntariamente-tras-operacion-militar-en-el-cauca\/judicial\/#breadcrumb\",\"itemListElement\":[{\"@type\":\"ListItem\",\"position\":1,\"name\":\"Portada\",\"item\":\"https:\/\/ciudadyregion.com.co\/\"},{\"@type\":\"ListItem\",\"position\":2,\"name\":\"Alias Kevin, cabecilla de la estructura Carlos Pati\u00f1o, se entrega voluntariamente tras operaci\u00f3n militar en el Cauca\"}]},{\"@type\":\"WebSite\",\"@id\":\"https:\/\/ciudadyregion.com.co\/#website\",\"url\":\"https:\/\/ciudadyregion.com.co\/\",\"name\":\"Ciudad y Region\",\"description\":\"\",\"potentialAction\":[{\"@type\":\"SearchAction\",\"target\":{\"@type\":\"EntryPoint\",\"urlTemplate\":\"https:\/\/ciudadyregion.com.co\/?s={search_term_string}\"},\"query-input\":{\"@type\":\"PropertyValueSpecification\",\"valueRequired\":true,\"valueName\":\"search_term_string\"}}],\"inLanguage\":\"es\"},{\"@type\":\"Person\",\"@id\":\"https:\/\/ciudadyregion.com.co\/#\/schema\/person\/04a4954373ebc4051f46e8c65ff78622\",\"name\":\"David Andr\u00e9s Aguirre\",\"image\":{\"@type\":\"ImageObject\",\"inLanguage\":\"es\",\"@id\":\"https:\/\/ciudadyregion.com.co\/#\/schema\/person\/image\/\",\"url\":\"https:\/\/secure.gravatar.com\/avatar\/bc3c655860202182ee6d1b5edd042dbe?s=96&d=mm&r=g\",\"contentUrl\":\"https:\/\/secure.gravatar.com\/avatar\/bc3c655860202182ee6d1b5edd042dbe?s=96&d=mm&r=g\",\"caption\":\"David Andr\u00e9s Aguirre\"},\"url\":\"https:\/\/ciudadyregion.com.co\/index.php\/author\/diegoaguirre\/\"}]}<\/script>\n<!-- \/ Yoast SEO plugin. -->","yoast_head_json":{"title":"Alias Kevin, cabecilla de la estructura Carlos Pati\u00f1o, se entrega voluntariamente tras operaci\u00f3n militar en el Cauca - Ciudad y Region","robots":{"index":"index","follow":"follow","max-snippet":"max-snippet:-1","max-image-preview":"max-image-preview:large","max-video-preview":"max-video-preview:-1"},"canonical":"https:\/\/ciudadyregion.com.co\/index.php\/alias-kevin-cabecilla-de-la-estructura-carlos-patino-se-entrega-voluntariamente-tras-operacion-militar-en-el-cauca\/judicial\/","og_locale":"es_ES","og_type":"article","og_title":"Alias Kevin, cabecilla de la estructura Carlos Pati\u00f1o, se entrega voluntariamente tras operaci\u00f3n militar en el Cauca - Ciudad y Region","og_description":"La presi\u00f3n sostenida de la Operaci\u00f3n Perseo en el Ca\u00f1\u00f3n del Micay llev\u00f3 a la entrega voluntaria de Anderson Andrey Vargas Sun, conocido como alias Kevin, cabecilla del grupo armado organizado residual estructura Carlos Pati\u00f1o. Con 16 a\u00f1os en la organizaci\u00f3n, por su captura se ofrec\u00eda una recompensa de 1.641Continuar Leyendo","og_url":"https:\/\/ciudadyregion.com.co\/index.php\/alias-kevin-cabecilla-de-la-estructura-carlos-patino-se-entrega-voluntariamente-tras-operacion-militar-en-el-cauca\/judicial\/","og_site_name":"Ciudad y Region","article_published_time":"2025-08-27T13:24:43+00:00","og_image":[{"width":800,"height":445,"url":"https:\/\/ciudadyregion.com.co\/wp-content\/uploads\/2025\/08\/2-15.jpg","type":"image\/jpeg"}],"author":"David Andr\u00e9s Aguirre","twitter_card":"summary_large_image","twitter_misc":{"Escrito por":"David Andr\u00e9s Aguirre","Tiempo de lectura":"2 minutos"},"schema":{"@context":"https:\/\/schema.org","@graph":[{"@type":"WebPage","@id":"https:\/\/ciudadyregion.com.co\/index.php\/alias-kevin-cabecilla-de-la-estructura-carlos-patino-se-entrega-voluntariamente-tras-operacion-militar-en-el-cauca\/judicial\/","url":"https:\/\/ciudadyregion.com.co\/index.php\/alias-kevin-cabecilla-de-la-estructura-carlos-patino-se-entrega-voluntariamente-tras-operacion-militar-en-el-cauca\/judicial\/","name":"Alias Kevin, cabecilla de la estructura Carlos Pati\u00f1o, se entrega voluntariamente tras operaci\u00f3n militar en el Cauca - Ciudad y Region","isPartOf":{"@id":"https:\/\/ciudadyregion.com.co\/#website"},"primaryImageOfPage":{"@id":"https:\/\/ciudadyregion.com.co\/index.php\/alias-kevin-cabecilla-de-la-estructura-carlos-patino-se-entrega-voluntariamente-tras-operacion-militar-en-el-cauca\/judicial\/#primaryimage"},"image":{"@id":"https:\/\/ciudadyregion.com.co\/index.php\/alias-kevin-cabecilla-de-la-estructura-carlos-patino-se-entrega-voluntariamente-tras-operacion-militar-en-el-cauca\/judicial\/#primaryimage"},"thumbnailUrl":"https:\/\/i0.wp.com\/ciudadyregion.com.co\/wp-content\/uploads\/2025\/08\/2-15.jpg?fit=800%2C445&ssl=1","datePublished":"2025-08-27T13:24:43+00:00","dateModified":"2025-08-27T13:24:43+00:00","author":{"@id":"https:\/\/ciudadyregion.com.co\/#\/schema\/person\/04a4954373ebc4051f46e8c65ff78622"},"breadcrumb":{"@id":"https:\/\/ciudadyregion.com.co\/index.php\/alias-kevin-cabecilla-de-la-estructura-carlos-patino-se-entrega-voluntariamente-tras-operacion-militar-en-el-cauca\/judicial\/#breadcrumb"},"inLanguage":"es","potentialAction":[{"@type":"ReadAction","target":["https:\/\/ciudadyregion.com.co\/index.php\/alias-kevin-cabecilla-de-la-estructura-carlos-patino-se-entrega-voluntariamente-tras-operacion-militar-en-el-cauca\/judicial\/"]}]},{"@type":"ImageObject","inLanguage":"es","@id":"https:\/\/ciudadyregion.com.co\/index.php\/alias-kevin-cabecilla-de-la-estructura-carlos-patino-se-entrega-voluntariamente-tras-operacion-militar-en-el-cauca\/judicial\/#primaryimage","url":"https:\/\/i0.wp.com\/ciudadyregion.com.co\/wp-content\/uploads\/2025\/08\/2-15.jpg?fit=800%2C445&ssl=1","contentUrl":"https:\/\/i0.wp.com\/ciudadyregion.com.co\/wp-content\/uploads\/2025\/08\/2-15.jpg?fit=800%2C445&ssl=1","width":800,"height":445},{"@type":"BreadcrumbList","@id":"https:\/\/ciudadyregion.com.co\/index.php\/alias-kevin-cabecilla-de-la-estructura-carlos-patino-se-entrega-voluntariamente-tras-operacion-militar-en-el-cauca\/judicial\/#breadcrumb","itemListElement":[{"@type":"ListItem","position":1,"name":"Portada","item":"https:\/\/ciudadyregion.com.co\/"},{"@type":"ListItem","position":2,"name":"Alias Kevin, cabecilla de la estructura Carlos Pati\u00f1o, se entrega voluntariamente tras operaci\u00f3n militar en el Cauca"}]},{"@type":"WebSite","@id":"https:\/\/ciudadyregion.com.co\/#website","url":"https:\/\/ciudadyregion.com.co\/","name":"Ciudad y Region","description":"","potentialAction":[{"@type":"SearchAction","target":{"@type":"EntryPoint","urlTemplate":"https:\/\/ciudadyregion.com.co\/?s={search_term_string}"},"query-input":{"@type":"PropertyValueSpecification","valueRequired":true,"valueName":"search_term_string"}}],"inLanguage":"es"},{"@type":"Person","@id":"https:\/\/ciudadyregion.com.co\/#\/schema\/person\/04a4954373ebc4051f46e8c65ff78622","name":"David Andr\u00e9s Aguirre","image":{"@type":"ImageObject","inLanguage":"es","@id":"https:\/\/ciudadyregion.com.co\/#\/schema\/person\/image\/","url":"https:\/\/secure.gravatar.com\/avatar\/bc3c655860202182ee6d1b5edd042dbe?s=96&d=mm&r=g","contentUrl":"https:\/\/secure.gravatar.com\/avatar\/bc3c655860202182ee6d1b5edd042dbe?s=96&d=mm&r=g","caption":"David Andr\u00e9s Aguirre"},"url":"https:\/\/ciudadyregion.com.co\/index.php\/author\/diegoaguirre\/"}]}},"jetpack_featured_media_url":"https:\/\/i0.wp.com\/ciudadyregion.com.co\/wp-content\/uploads\/2025\/08\/2-15.jpg?fit=800%2C445&ssl=1","jetpack_sharing_enabled":true,"jetpack_shortlink":"https:\/\/wp.me\/pbS7hh-bj4","jetpack-related-posts":[],"_links":{"self":[{"href":"https:\/\/ciudadyregion.com.co\/index.php\/wp-json\/wp\/v2\/posts\/43466"}],"collection":[{"href":"https:\/\/ciudadyregion.com.co\/index.php\/wp-json\/wp\/v2\/posts"}],"about":[{"href":"https:\/\/ciudadyregion.com.co\/index.php\/wp-json\/wp\/v2\/types\/post"}],"author":[{"embeddable":true,"href":"https:\/\/ciudadyregion.com.co\/index.php\/wp-json\/wp\/v2\/users\/2"}],"replies":[{"embeddable":true,"href":"https:\/\/ciudadyregion.com.co\/index.php\/wp-json\/wp\/v2\/comments?post=43466"}],"version-history":[{"count":1,"href":"https:\/\/ciudadyregion.com.co\/index.php\/wp-json\/wp\/v2\/posts\/43466\/revisions"}],"predecessor-version":[{"id":43468,"href":"https:\/\/ciudadyregion.com.co\/index.php\/wp-json\/wp\/v2\/posts\/43466\/revisions\/43468"}],"wp:featuredmedia":[{"embeddable":true,"href":"https:\/\/ciudadyregion.com.co\/index.php\/wp-json\/wp\/v2\/media\/43467"}],"wp:attachment":[{"href":"https:\/\/ciudadyregion.com.co\/index.php\/wp-json\/wp\/v2\/media?parent=43466"}],"wp:term":[{"taxonomy":"category","embeddable":true,"href":"https:\/\/ciudadyregion.com.co\/index.php\/wp-json\/wp\/v2\/categories?post=43466"},{"taxonomy":"post_tag","embeddable":true,"href":"https:\/\/ciudadyregion.com.co\/index.php\/wp-json\/wp\/v2\/tags?post=43466"}],"curies":[{"name":"wp","href":"https:\/\/api.w.org\/{rel}","templated":true}]}}