{"id":43462,"date":"2025-08-27T08:23:13","date_gmt":"2025-08-27T13:23:13","guid":{"rendered":"https:\/\/ciudadyregion.com.co\/?p=43462"},"modified":"2025-08-27T08:23:13","modified_gmt":"2025-08-27T13:23:13","slug":"presentan-proyecto-de-ley-para-integrar-servicio-social-obligatorio-con-juntas-de-accion-comunal","status":"publish","type":"post","link":"https:\/\/ciudadyregion.com.co\/index.php\/presentan-proyecto-de-ley-para-integrar-servicio-social-obligatorio-con-juntas-de-accion-comunal\/nacional\/","title":{"rendered":"Presentan proyecto de ley para integrar servicio social obligatorio con Juntas de Acci\u00f3n Comunal"},"content":{"rendered":"<p>\u2013 El representante a la C\u00e1mara Carlos Ardila radic\u00f3 el proyecto de ley #JuventudEnAcci\u00f3n, que busca que los estudiantes de grados 10\u00b0 y 11\u00b0 puedan realizar su servicio social obligatorio en los Organismos y Juntas de Acci\u00f3n Comunal (JAC).<\/p>\n<p>La iniciativa plantea que al menos 20 de las 80 horas del servicio social se desarrollen en colaboraci\u00f3n con estas organizaciones, promoviendo el sentido de pertenencia, la formaci\u00f3n ciudadana y el fortalecimiento del tejido comunitario en los territorios.<\/p>\n<p>Actualmente, en Colombia existen alrededor de 62.553 JAC, 1.500 asociaciones de juntas y 35 federaciones departamentales. En Bogot\u00e1 funcionan 1.686 JAC activas y 20 asociaciones de juntas, donde los j\u00f3venes podr\u00e1n acreditar su servicio social.<\/p>\n<p>Las organizaciones y juntas que reciban estudiantes tendr\u00e1n acceso a recursos e incentivos para facilitar el acompa\u00f1amiento pedag\u00f3gico y log\u00edstico, mientras que los j\u00f3venes podr\u00e1n aplicar sus conocimientos en proyectos comunitarios que impacten directamente en la calidad de vida de sus barrios y localidades.<\/p>\n<p>El proyecto busca tambi\u00e9n fortalecer la participaci\u00f3n juvenil en la vida comunitaria y promover la colaboraci\u00f3n entre el sistema educativo y las estructuras vecinales, generando un v\u00ednculo duradero entre los estudiantes y su entorno local.<\/p>\n<p>&nbsp;<\/p>\n<p><img data-recalc-dims=\"1\" loading=\"lazy\" decoding=\"async\" class=\"alignnone wp-image-43464 size-full\" src=\"https:\/\/i0.wp.com\/ciudadyregion.com.co\/wp-content\/uploads\/2025\/08\/WhatsApp-Image-2025-08-27-at-8.03.53-AM.jpeg?resize=1166%2C1436&#038;ssl=1\" alt=\"\" width=\"1166\" height=\"1436\" srcset=\"https:\/\/i0.wp.com\/ciudadyregion.com.co\/wp-content\/uploads\/2025\/08\/WhatsApp-Image-2025-08-27-at-8.03.53-AM.jpeg?w=1166&amp;ssl=1 1166w, https:\/\/i0.wp.com\/ciudadyregion.com.co\/wp-content\/uploads\/2025\/08\/WhatsApp-Image-2025-08-27-at-8.03.53-AM.jpeg?resize=244%2C300&amp;ssl=1 244w, https:\/\/i0.wp.com\/ciudadyregion.com.co\/wp-content\/uploads\/2025\/08\/WhatsApp-Image-2025-08-27-at-8.03.53-AM.jpeg?resize=831%2C1024&amp;ssl=1 831w, https:\/\/i0.wp.com\/ciudadyregion.com.co\/wp-content\/uploads\/2025\/08\/WhatsApp-Image-2025-08-27-at-8.03.53-AM.jpeg?resize=768%2C946&amp;ssl=1 768w, https:\/\/i0.wp.com\/ciudadyregion.com.co\/wp-content\/uploads\/2025\/08\/WhatsApp-Image-2025-08-27-at-8.03.53-AM.jpeg?resize=447%2C550&amp;ssl=1 447w, https:\/\/i0.wp.com\/ciudadyregion.com.co\/wp-content\/uploads\/2025\/08\/WhatsApp-Image-2025-08-27-at-8.03.53-AM.jpeg?resize=406%2C500&amp;ssl=1 406w\" sizes=\"(max-width: 1166px) 100vw, 1166px\" \/><\/p>\n","protected":false},"excerpt":{"rendered":"<p>\u2013 El representante a la C\u00e1mara Carlos Ardila radic\u00f3 el proyecto de ley #JuventudEnAcci\u00f3n, que busca que los estudiantes de grados 10\u00b0 y 11\u00b0 puedan realizar su servicio social obligatorio en los Organismos y Juntas de Acci\u00f3n Comunal (JAC). La iniciativa plantea que al menos 20 de las 80 horas<span class=\"more-link\"><a href=\"https:\/\/ciudadyregion.com.co\/index.php\/presentan-proyecto-de-ley-para-integrar-servicio-social-obligatorio-con-juntas-de-accion-comunal\/nacional\/\">Continuar Leyendo<\/a><\/span><\/p>\n","protected":false},"author":2,"featured_media":43463,"comment_status":"open","ping_status":"open","sticky":false,"template":"","format":"standard","meta":{"_uf_show_specific_survey":0,"_uf_disable_surveys":false,"_jetpack_memberships_contains_paid_content":false,"footnotes":"","jetpack_publicize_message":"","jetpack_publicize_feature_enabled":true,"jetpack_social_post_already_shared":true,"jetpack_social_options":{"image_generator_settings":{"template":"highway","enabled":false},"version":2}},"categories":[23],"tags":[],"class_list":["entry","author-diegoaguirre","post-43462","post","type-post","status-publish","format-standard","has-post-thumbnail","category-nacional"],"jetpack_publicize_connections":[],"yoast_head":"<!-- This site is optimized with the Yoast SEO plugin v24.3 - https:\/\/yoast.com\/wordpress\/plugins\/seo\/ -->\n<title>Presentan proyecto de ley para integrar servicio social obligatorio con Juntas de Acci\u00f3n Comunal - Ciudad y Region<\/title>\n<meta name=\"robots\" content=\"index, follow, max-snippet:-1, max-image-preview:large, max-video-preview:-1\" \/>\n<link rel=\"canonical\" href=\"https:\/\/ciudadyregion.com.co\/index.php\/presentan-proyecto-de-ley-para-integrar-servicio-social-obligatorio-con-juntas-de-accion-comunal\/nacional\/\" \/>\n<meta property=\"og:locale\" content=\"es_ES\" \/>\n<meta property=\"og:type\" content=\"article\" \/>\n<meta property=\"og:title\" content=\"Presentan proyecto de ley para integrar servicio social obligatorio con Juntas de Acci\u00f3n Comunal - Ciudad y Region\" \/>\n<meta property=\"og:description\" content=\"\u2013 El representante a la C\u00e1mara Carlos Ardila radic\u00f3 el proyecto de ley #JuventudEnAcci\u00f3n, que busca que los estudiantes de grados 10\u00b0 y 11\u00b0 puedan realizar su servicio social obligatorio en los Organismos y Juntas de Acci\u00f3n Comunal (JAC). La iniciativa plantea que al menos 20 de las 80 horasContinuar Leyendo\" \/>\n<meta property=\"og:url\" content=\"https:\/\/ciudadyregion.com.co\/index.php\/presentan-proyecto-de-ley-para-integrar-servicio-social-obligatorio-con-juntas-de-accion-comunal\/nacional\/\" \/>\n<meta property=\"og:site_name\" content=\"Ciudad y Region\" \/>\n<meta property=\"article:published_time\" content=\"2025-08-27T13:23:13+00:00\" \/>\n<meta property=\"og:image\" content=\"https:\/\/ciudadyregion.com.co\/wp-content\/uploads\/2025\/08\/1-11.jpg\" \/>\n\t<meta property=\"og:image:width\" content=\"800\" \/>\n\t<meta property=\"og:image:height\" content=\"445\" \/>\n\t<meta property=\"og:image:type\" content=\"image\/jpeg\" \/>\n<meta name=\"author\" content=\"David Andr\u00e9s Aguirre\" \/>\n<meta name=\"twitter:card\" content=\"summary_large_image\" \/>\n<meta name=\"twitter:label1\" content=\"Escrito por\" \/>\n\t<meta name=\"twitter:data1\" content=\"David Andr\u00e9s Aguirre\" \/>\n\t<meta name=\"twitter:label2\" content=\"Tiempo de lectura\" \/>\n\t<meta name=\"twitter:data2\" content=\"2 minutos\" \/>\n<script type=\"application\/ld+json\" class=\"yoast-schema-graph\">{\"@context\":\"https:\/\/schema.org\",\"@graph\":[{\"@type\":\"WebPage\",\"@id\":\"https:\/\/ciudadyregion.com.co\/index.php\/presentan-proyecto-de-ley-para-integrar-servicio-social-obligatorio-con-juntas-de-accion-comunal\/nacional\/\",\"url\":\"https:\/\/ciudadyregion.com.co\/index.php\/presentan-proyecto-de-ley-para-integrar-servicio-social-obligatorio-con-juntas-de-accion-comunal\/nacional\/\",\"name\":\"Presentan proyecto de ley para integrar servicio social obligatorio con Juntas de Acci\u00f3n Comunal - Ciudad y Region\",\"isPartOf\":{\"@id\":\"https:\/\/ciudadyregion.com.co\/#website\"},\"primaryImageOfPage\":{\"@id\":\"https:\/\/ciudadyregion.com.co\/index.php\/presentan-proyecto-de-ley-para-integrar-servicio-social-obligatorio-con-juntas-de-accion-comunal\/nacional\/#primaryimage\"},\"image\":{\"@id\":\"https:\/\/ciudadyregion.com.co\/index.php\/presentan-proyecto-de-ley-para-integrar-servicio-social-obligatorio-con-juntas-de-accion-comunal\/nacional\/#primaryimage\"},\"thumbnailUrl\":\"https:\/\/i0.wp.com\/ciudadyregion.com.co\/wp-content\/uploads\/2025\/08\/1-11.jpg?fit=800%2C445&ssl=1\",\"datePublished\":\"2025-08-27T13:23:13+00:00\",\"dateModified\":\"2025-08-27T13:23:13+00:00\",\"author\":{\"@id\":\"https:\/\/ciudadyregion.com.co\/#\/schema\/person\/04a4954373ebc4051f46e8c65ff78622\"},\"breadcrumb\":{\"@id\":\"https:\/\/ciudadyregion.com.co\/index.php\/presentan-proyecto-de-ley-para-integrar-servicio-social-obligatorio-con-juntas-de-accion-comunal\/nacional\/#breadcrumb\"},\"inLanguage\":\"es\",\"potentialAction\":[{\"@type\":\"ReadAction\",\"target\":[\"https:\/\/ciudadyregion.com.co\/index.php\/presentan-proyecto-de-ley-para-integrar-servicio-social-obligatorio-con-juntas-de-accion-comunal\/nacional\/\"]}]},{\"@type\":\"ImageObject\",\"inLanguage\":\"es\",\"@id\":\"https:\/\/ciudadyregion.com.co\/index.php\/presentan-proyecto-de-ley-para-integrar-servicio-social-obligatorio-con-juntas-de-accion-comunal\/nacional\/#primaryimage\",\"url\":\"https:\/\/i0.wp.com\/ciudadyregion.com.co\/wp-content\/uploads\/2025\/08\/1-11.jpg?fit=800%2C445&ssl=1\",\"contentUrl\":\"https:\/\/i0.wp.com\/ciudadyregion.com.co\/wp-content\/uploads\/2025\/08\/1-11.jpg?fit=800%2C445&ssl=1\",\"width\":800,\"height\":445},{\"@type\":\"BreadcrumbList\",\"@id\":\"https:\/\/ciudadyregion.com.co\/index.php\/presentan-proyecto-de-ley-para-integrar-servicio-social-obligatorio-con-juntas-de-accion-comunal\/nacional\/#breadcrumb\",\"itemListElement\":[{\"@type\":\"ListItem\",\"position\":1,\"name\":\"Portada\",\"item\":\"https:\/\/ciudadyregion.com.co\/\"},{\"@type\":\"ListItem\",\"position\":2,\"name\":\"Presentan proyecto de ley para integrar servicio social obligatorio con Juntas de Acci\u00f3n Comunal\"}]},{\"@type\":\"WebSite\",\"@id\":\"https:\/\/ciudadyregion.com.co\/#website\",\"url\":\"https:\/\/ciudadyregion.com.co\/\",\"name\":\"Ciudad y Region\",\"description\":\"\",\"potentialAction\":[{\"@type\":\"SearchAction\",\"target\":{\"@type\":\"EntryPoint\",\"urlTemplate\":\"https:\/\/ciudadyregion.com.co\/?s={search_term_string}\"},\"query-input\":{\"@type\":\"PropertyValueSpecification\",\"valueRequired\":true,\"valueName\":\"search_term_string\"}}],\"inLanguage\":\"es\"},{\"@type\":\"Person\",\"@id\":\"https:\/\/ciudadyregion.com.co\/#\/schema\/person\/04a4954373ebc4051f46e8c65ff78622\",\"name\":\"David Andr\u00e9s Aguirre\",\"image\":{\"@type\":\"ImageObject\",\"inLanguage\":\"es\",\"@id\":\"https:\/\/ciudadyregion.com.co\/#\/schema\/person\/image\/\",\"url\":\"https:\/\/secure.gravatar.com\/avatar\/bc3c655860202182ee6d1b5edd042dbe?s=96&d=mm&r=g\",\"contentUrl\":\"https:\/\/secure.gravatar.com\/avatar\/bc3c655860202182ee6d1b5edd042dbe?s=96&d=mm&r=g\",\"caption\":\"David Andr\u00e9s Aguirre\"},\"url\":\"https:\/\/ciudadyregion.com.co\/index.php\/author\/diegoaguirre\/\"}]}<\/script>\n<!-- \/ Yoast SEO plugin. -->","yoast_head_json":{"title":"Presentan proyecto de ley para integrar servicio social obligatorio con Juntas de Acci\u00f3n Comunal - Ciudad y Region","robots":{"index":"index","follow":"follow","max-snippet":"max-snippet:-1","max-image-preview":"max-image-preview:large","max-video-preview":"max-video-preview:-1"},"canonical":"https:\/\/ciudadyregion.com.co\/index.php\/presentan-proyecto-de-ley-para-integrar-servicio-social-obligatorio-con-juntas-de-accion-comunal\/nacional\/","og_locale":"es_ES","og_type":"article","og_title":"Presentan proyecto de ley para integrar servicio social obligatorio con Juntas de Acci\u00f3n Comunal - Ciudad y Region","og_description":"\u2013 El representante a la C\u00e1mara Carlos Ardila radic\u00f3 el proyecto de ley #JuventudEnAcci\u00f3n, que busca que los estudiantes de grados 10\u00b0 y 11\u00b0 puedan realizar su servicio social obligatorio en los Organismos y Juntas de Acci\u00f3n Comunal (JAC). La iniciativa plantea que al menos 20 de las 80 horasContinuar Leyendo","og_url":"https:\/\/ciudadyregion.com.co\/index.php\/presentan-proyecto-de-ley-para-integrar-servicio-social-obligatorio-con-juntas-de-accion-comunal\/nacional\/","og_site_name":"Ciudad y Region","article_published_time":"2025-08-27T13:23:13+00:00","og_image":[{"width":800,"height":445,"url":"https:\/\/ciudadyregion.com.co\/wp-content\/uploads\/2025\/08\/1-11.jpg","type":"image\/jpeg"}],"author":"David Andr\u00e9s Aguirre","twitter_card":"summary_large_image","twitter_misc":{"Escrito por":"David Andr\u00e9s Aguirre","Tiempo de lectura":"2 minutos"},"schema":{"@context":"https:\/\/schema.org","@graph":[{"@type":"WebPage","@id":"https:\/\/ciudadyregion.com.co\/index.php\/presentan-proyecto-de-ley-para-integrar-servicio-social-obligatorio-con-juntas-de-accion-comunal\/nacional\/","url":"https:\/\/ciudadyregion.com.co\/index.php\/presentan-proyecto-de-ley-para-integrar-servicio-social-obligatorio-con-juntas-de-accion-comunal\/nacional\/","name":"Presentan proyecto de ley para integrar servicio social obligatorio con Juntas de Acci\u00f3n Comunal - Ciudad y Region","isPartOf":{"@id":"https:\/\/ciudadyregion.com.co\/#website"},"primaryImageOfPage":{"@id":"https:\/\/ciudadyregion.com.co\/index.php\/presentan-proyecto-de-ley-para-integrar-servicio-social-obligatorio-con-juntas-de-accion-comunal\/nacional\/#primaryimage"},"image":{"@id":"https:\/\/ciudadyregion.com.co\/index.php\/presentan-proyecto-de-ley-para-integrar-servicio-social-obligatorio-con-juntas-de-accion-comunal\/nacional\/#primaryimage"},"thumbnailUrl":"https:\/\/i0.wp.com\/ciudadyregion.com.co\/wp-content\/uploads\/2025\/08\/1-11.jpg?fit=800%2C445&ssl=1","datePublished":"2025-08-27T13:23:13+00:00","dateModified":"2025-08-27T13:23:13+00:00","author":{"@id":"https:\/\/ciudadyregion.com.co\/#\/schema\/person\/04a4954373ebc4051f46e8c65ff78622"},"breadcrumb":{"@id":"https:\/\/ciudadyregion.com.co\/index.php\/presentan-proyecto-de-ley-para-integrar-servicio-social-obligatorio-con-juntas-de-accion-comunal\/nacional\/#breadcrumb"},"inLanguage":"es","potentialAction":[{"@type":"ReadAction","target":["https:\/\/ciudadyregion.com.co\/index.php\/presentan-proyecto-de-ley-para-integrar-servicio-social-obligatorio-con-juntas-de-accion-comunal\/nacional\/"]}]},{"@type":"ImageObject","inLanguage":"es","@id":"https:\/\/ciudadyregion.com.co\/index.php\/presentan-proyecto-de-ley-para-integrar-servicio-social-obligatorio-con-juntas-de-accion-comunal\/nacional\/#primaryimage","url":"https:\/\/i0.wp.com\/ciudadyregion.com.co\/wp-content\/uploads\/2025\/08\/1-11.jpg?fit=800%2C445&ssl=1","contentUrl":"https:\/\/i0.wp.com\/ciudadyregion.com.co\/wp-content\/uploads\/2025\/08\/1-11.jpg?fit=800%2C445&ssl=1","width":800,"height":445},{"@type":"BreadcrumbList","@id":"https:\/\/ciudadyregion.com.co\/index.php\/presentan-proyecto-de-ley-para-integrar-servicio-social-obligatorio-con-juntas-de-accion-comunal\/nacional\/#breadcrumb","itemListElement":[{"@type":"ListItem","position":1,"name":"Portada","item":"https:\/\/ciudadyregion.com.co\/"},{"@type":"ListItem","position":2,"name":"Presentan proyecto de ley para integrar servicio social obligatorio con Juntas de Acci\u00f3n Comunal"}]},{"@type":"WebSite","@id":"https:\/\/ciudadyregion.com.co\/#website","url":"https:\/\/ciudadyregion.com.co\/","name":"Ciudad y Region","description":"","potentialAction":[{"@type":"SearchAction","target":{"@type":"EntryPoint","urlTemplate":"https:\/\/ciudadyregion.com.co\/?s={search_term_string}"},"query-input":{"@type":"PropertyValueSpecification","valueRequired":true,"valueName":"search_term_string"}}],"inLanguage":"es"},{"@type":"Person","@id":"https:\/\/ciudadyregion.com.co\/#\/schema\/person\/04a4954373ebc4051f46e8c65ff78622","name":"David Andr\u00e9s Aguirre","image":{"@type":"ImageObject","inLanguage":"es","@id":"https:\/\/ciudadyregion.com.co\/#\/schema\/person\/image\/","url":"https:\/\/secure.gravatar.com\/avatar\/bc3c655860202182ee6d1b5edd042dbe?s=96&d=mm&r=g","contentUrl":"https:\/\/secure.gravatar.com\/avatar\/bc3c655860202182ee6d1b5edd042dbe?s=96&d=mm&r=g","caption":"David Andr\u00e9s Aguirre"},"url":"https:\/\/ciudadyregion.com.co\/index.php\/author\/diegoaguirre\/"}]}},"jetpack_featured_media_url":"https:\/\/i0.wp.com\/ciudadyregion.com.co\/wp-content\/uploads\/2025\/08\/1-11.jpg?fit=800%2C445&ssl=1","jetpack_sharing_enabled":true,"jetpack_shortlink":"https:\/\/wp.me\/pbS7hh-bj0","jetpack-related-posts":[],"_links":{"self":[{"href":"https:\/\/ciudadyregion.com.co\/index.php\/wp-json\/wp\/v2\/posts\/43462"}],"collection":[{"href":"https:\/\/ciudadyregion.com.co\/index.php\/wp-json\/wp\/v2\/posts"}],"about":[{"href":"https:\/\/ciudadyregion.com.co\/index.php\/wp-json\/wp\/v2\/types\/post"}],"author":[{"embeddable":true,"href":"https:\/\/ciudadyregion.com.co\/index.php\/wp-json\/wp\/v2\/users\/2"}],"replies":[{"embeddable":true,"href":"https:\/\/ciudadyregion.com.co\/index.php\/wp-json\/wp\/v2\/comments?post=43462"}],"version-history":[{"count":1,"href":"https:\/\/ciudadyregion.com.co\/index.php\/wp-json\/wp\/v2\/posts\/43462\/revisions"}],"predecessor-version":[{"id":43465,"href":"https:\/\/ciudadyregion.com.co\/index.php\/wp-json\/wp\/v2\/posts\/43462\/revisions\/43465"}],"wp:featuredmedia":[{"embeddable":true,"href":"https:\/\/ciudadyregion.com.co\/index.php\/wp-json\/wp\/v2\/media\/43463"}],"wp:attachment":[{"href":"https:\/\/ciudadyregion.com.co\/index.php\/wp-json\/wp\/v2\/media?parent=43462"}],"wp:term":[{"taxonomy":"category","embeddable":true,"href":"https:\/\/ciudadyregion.com.co\/index.php\/wp-json\/wp\/v2\/categories?post=43462"},{"taxonomy":"post_tag","embeddable":true,"href":"https:\/\/ciudadyregion.com.co\/index.php\/wp-json\/wp\/v2\/tags?post=43462"}],"curies":[{"name":"wp","href":"https:\/\/api.w.org\/{rel}","templated":true}]}}