{"id":43456,"date":"2025-08-27T08:12:40","date_gmt":"2025-08-27T13:12:40","guid":{"rendered":"https:\/\/ciudadyregion.com.co\/?p=43456"},"modified":"2025-08-27T08:12:40","modified_gmt":"2025-08-27T13:12:40","slug":"no-se-confunda-el-registro-mercantil-es-distinto-al-impuesto-de-industria-y-comercio-ica","status":"publish","type":"post","link":"https:\/\/ciudadyregion.com.co\/index.php\/no-se-confunda-el-registro-mercantil-es-distinto-al-impuesto-de-industria-y-comercio-ica\/ibague\/","title":{"rendered":"No se confunda, el registro mercantil es distinto al impuesto de Industria y Comercio, ICA"},"content":{"rendered":"<p>La Alcald\u00eda hace un llamado a los contribuyentes que no han presentado, ni pagado este impuesto municipal de la vigencia 2024.<\/p>\n<p>La Alcald\u00eda les recuerda a los miles de contribuyentes en la ciudad que ejercen una actividad comercial, industrial o de servicios, que la matr\u00edcula mercantil que cada a\u00f1o se renueva en la C\u00e1mara de Comercio, es un tr\u00e1mite diferente a la presentaci\u00f3n y pago del impuesto de Industria y Comercio, ICA.<\/p>\n<blockquote><p>\u201cRenovar el registro mercantil ante C\u00e1mara de Comercio, no significa que se haya pagado el impuesto de Industria y Comercio. Estos son dos tr\u00e1mites totalmente diferentes. La C\u00e1mara de Comercio es una entidad privada que acredita a las personas naturales o jur\u00eddicas para que ejerzan la actividad mercantil\u201d, explic\u00f3 Jenny Gonz\u00e1lez, directora de Rentas de Ibagu\u00e9.<\/p><\/blockquote>\n<p>Y agreg\u00f3, que el ICA es un tributo municipal que deben presentar y pagar todas las personas, ya sean naturales o jur\u00eddicas, que ejerzan actividades comerciales, industriales o de servicios en el Municipio.<\/p>\n<p>De acuerdo con el Estatuto Tributario del Municipio, la declaraci\u00f3n del ICA se debe presentar cada a\u00f1o de manera voluntaria a trav\u00e9s de la p\u00e1gina web de la Alcald\u00eda de Ibagu\u00e9, www.ibague.gov.co. El plazo l\u00edmite para cumplir con esta obligaci\u00f3n es el 31 de marzo.<\/p>\n<p>En cuanto al pago del impuesto, el plazo m\u00e1ximo tambi\u00e9n es el 31 de marzo, sin embargo, los contribuyentes tienen la opci\u00f3n de pagarlo en dos cuotas: la primera junto con la declaraci\u00f3n, y la segunda, con fecha l\u00edmite del 30 de junio.<\/p>\n<p>En caso de no cumplir con la declaraci\u00f3n en el tiempo establecido, ser\u00e1 impuesta una sanci\u00f3n por extemporaneidad, mientras que no pagar el impuesto acarrea el pago de intereses y hasta enfrentar procesos de cobro coactivo que pueden llegar a medidas como embargos.<\/p>\n","protected":false},"excerpt":{"rendered":"<p>La Alcald\u00eda hace un llamado a los contribuyentes que no han presentado, ni pagado este impuesto municipal de la vigencia 2024. La Alcald\u00eda les recuerda a los miles de contribuyentes en la ciudad que ejercen una actividad comercial, industrial o de servicios, que la matr\u00edcula mercantil que cada a\u00f1o se<span class=\"more-link\"><a href=\"https:\/\/ciudadyregion.com.co\/index.php\/no-se-confunda-el-registro-mercantil-es-distinto-al-impuesto-de-industria-y-comercio-ica\/ibague\/\">Continuar Leyendo<\/a><\/span><\/p>\n","protected":false},"author":2,"featured_media":43457,"comment_status":"open","ping_status":"open","sticky":false,"template":"","format":"standard","meta":{"_uf_show_specific_survey":0,"_uf_disable_surveys":false,"_jetpack_memberships_contains_paid_content":false,"footnotes":"","jetpack_publicize_message":"","jetpack_publicize_feature_enabled":true,"jetpack_social_post_already_shared":true,"jetpack_social_options":{"image_generator_settings":{"template":"highway","enabled":false},"version":2}},"categories":[14],"tags":[],"class_list":["entry","author-diegoaguirre","post-43456","post","type-post","status-publish","format-standard","has-post-thumbnail","category-ibague"],"jetpack_publicize_connections":[],"yoast_head":"<!-- This site is optimized with the Yoast SEO plugin v24.3 - https:\/\/yoast.com\/wordpress\/plugins\/seo\/ -->\n<title>No se confunda, el registro mercantil es distinto al impuesto de Industria y Comercio, ICA - Ciudad y Region<\/title>\n<meta name=\"robots\" content=\"index, follow, max-snippet:-1, max-image-preview:large, max-video-preview:-1\" \/>\n<link rel=\"canonical\" href=\"https:\/\/ciudadyregion.com.co\/index.php\/no-se-confunda-el-registro-mercantil-es-distinto-al-impuesto-de-industria-y-comercio-ica\/ibague\/\" \/>\n<meta property=\"og:locale\" content=\"es_ES\" \/>\n<meta property=\"og:type\" content=\"article\" \/>\n<meta property=\"og:title\" content=\"No se confunda, el registro mercantil es distinto al impuesto de Industria y Comercio, ICA - Ciudad y Region\" \/>\n<meta property=\"og:description\" content=\"La Alcald\u00eda hace un llamado a los contribuyentes que no han presentado, ni pagado este impuesto municipal de la vigencia 2024. La Alcald\u00eda les recuerda a los miles de contribuyentes en la ciudad que ejercen una actividad comercial, industrial o de servicios, que la matr\u00edcula mercantil que cada a\u00f1o seContinuar Leyendo\" \/>\n<meta property=\"og:url\" content=\"https:\/\/ciudadyregion.com.co\/index.php\/no-se-confunda-el-registro-mercantil-es-distinto-al-impuesto-de-industria-y-comercio-ica\/ibague\/\" \/>\n<meta property=\"og:site_name\" content=\"Ciudad y Region\" \/>\n<meta property=\"article:published_time\" content=\"2025-08-27T13:12:40+00:00\" \/>\n<meta property=\"og:image\" content=\"https:\/\/ciudadyregion.com.co\/wp-content\/uploads\/2025\/08\/2-14.jpg\" \/>\n\t<meta property=\"og:image:width\" content=\"800\" \/>\n\t<meta property=\"og:image:height\" content=\"445\" \/>\n\t<meta property=\"og:image:type\" content=\"image\/jpeg\" \/>\n<meta name=\"author\" content=\"David Andr\u00e9s Aguirre\" \/>\n<meta name=\"twitter:card\" content=\"summary_large_image\" \/>\n<meta name=\"twitter:label1\" content=\"Escrito por\" \/>\n\t<meta name=\"twitter:data1\" content=\"David Andr\u00e9s Aguirre\" \/>\n\t<meta name=\"twitter:label2\" content=\"Tiempo de lectura\" \/>\n\t<meta name=\"twitter:data2\" content=\"2 minutos\" \/>\n<script type=\"application\/ld+json\" class=\"yoast-schema-graph\">{\"@context\":\"https:\/\/schema.org\",\"@graph\":[{\"@type\":\"WebPage\",\"@id\":\"https:\/\/ciudadyregion.com.co\/index.php\/no-se-confunda-el-registro-mercantil-es-distinto-al-impuesto-de-industria-y-comercio-ica\/ibague\/\",\"url\":\"https:\/\/ciudadyregion.com.co\/index.php\/no-se-confunda-el-registro-mercantil-es-distinto-al-impuesto-de-industria-y-comercio-ica\/ibague\/\",\"name\":\"No se confunda, el registro mercantil es distinto al impuesto de Industria y Comercio, ICA - Ciudad y Region\",\"isPartOf\":{\"@id\":\"https:\/\/ciudadyregion.com.co\/#website\"},\"primaryImageOfPage\":{\"@id\":\"https:\/\/ciudadyregion.com.co\/index.php\/no-se-confunda-el-registro-mercantil-es-distinto-al-impuesto-de-industria-y-comercio-ica\/ibague\/#primaryimage\"},\"image\":{\"@id\":\"https:\/\/ciudadyregion.com.co\/index.php\/no-se-confunda-el-registro-mercantil-es-distinto-al-impuesto-de-industria-y-comercio-ica\/ibague\/#primaryimage\"},\"thumbnailUrl\":\"https:\/\/i0.wp.com\/ciudadyregion.com.co\/wp-content\/uploads\/2025\/08\/2-14.jpg?fit=800%2C445&ssl=1\",\"datePublished\":\"2025-08-27T13:12:40+00:00\",\"dateModified\":\"2025-08-27T13:12:40+00:00\",\"author\":{\"@id\":\"https:\/\/ciudadyregion.com.co\/#\/schema\/person\/04a4954373ebc4051f46e8c65ff78622\"},\"breadcrumb\":{\"@id\":\"https:\/\/ciudadyregion.com.co\/index.php\/no-se-confunda-el-registro-mercantil-es-distinto-al-impuesto-de-industria-y-comercio-ica\/ibague\/#breadcrumb\"},\"inLanguage\":\"es\",\"potentialAction\":[{\"@type\":\"ReadAction\",\"target\":[\"https:\/\/ciudadyregion.com.co\/index.php\/no-se-confunda-el-registro-mercantil-es-distinto-al-impuesto-de-industria-y-comercio-ica\/ibague\/\"]}]},{\"@type\":\"ImageObject\",\"inLanguage\":\"es\",\"@id\":\"https:\/\/ciudadyregion.com.co\/index.php\/no-se-confunda-el-registro-mercantil-es-distinto-al-impuesto-de-industria-y-comercio-ica\/ibague\/#primaryimage\",\"url\":\"https:\/\/i0.wp.com\/ciudadyregion.com.co\/wp-content\/uploads\/2025\/08\/2-14.jpg?fit=800%2C445&ssl=1\",\"contentUrl\":\"https:\/\/i0.wp.com\/ciudadyregion.com.co\/wp-content\/uploads\/2025\/08\/2-14.jpg?fit=800%2C445&ssl=1\",\"width\":800,\"height\":445},{\"@type\":\"BreadcrumbList\",\"@id\":\"https:\/\/ciudadyregion.com.co\/index.php\/no-se-confunda-el-registro-mercantil-es-distinto-al-impuesto-de-industria-y-comercio-ica\/ibague\/#breadcrumb\",\"itemListElement\":[{\"@type\":\"ListItem\",\"position\":1,\"name\":\"Portada\",\"item\":\"https:\/\/ciudadyregion.com.co\/\"},{\"@type\":\"ListItem\",\"position\":2,\"name\":\"No se confunda, el registro mercantil es distinto al impuesto de Industria y Comercio, ICA\"}]},{\"@type\":\"WebSite\",\"@id\":\"https:\/\/ciudadyregion.com.co\/#website\",\"url\":\"https:\/\/ciudadyregion.com.co\/\",\"name\":\"Ciudad y Region\",\"description\":\"\",\"potentialAction\":[{\"@type\":\"SearchAction\",\"target\":{\"@type\":\"EntryPoint\",\"urlTemplate\":\"https:\/\/ciudadyregion.com.co\/?s={search_term_string}\"},\"query-input\":{\"@type\":\"PropertyValueSpecification\",\"valueRequired\":true,\"valueName\":\"search_term_string\"}}],\"inLanguage\":\"es\"},{\"@type\":\"Person\",\"@id\":\"https:\/\/ciudadyregion.com.co\/#\/schema\/person\/04a4954373ebc4051f46e8c65ff78622\",\"name\":\"David Andr\u00e9s Aguirre\",\"image\":{\"@type\":\"ImageObject\",\"inLanguage\":\"es\",\"@id\":\"https:\/\/ciudadyregion.com.co\/#\/schema\/person\/image\/\",\"url\":\"https:\/\/secure.gravatar.com\/avatar\/bc3c655860202182ee6d1b5edd042dbe?s=96&d=mm&r=g\",\"contentUrl\":\"https:\/\/secure.gravatar.com\/avatar\/bc3c655860202182ee6d1b5edd042dbe?s=96&d=mm&r=g\",\"caption\":\"David Andr\u00e9s Aguirre\"},\"url\":\"https:\/\/ciudadyregion.com.co\/index.php\/author\/diegoaguirre\/\"}]}<\/script>\n<!-- \/ Yoast SEO plugin. -->","yoast_head_json":{"title":"No se confunda, el registro mercantil es distinto al impuesto de Industria y Comercio, ICA - Ciudad y Region","robots":{"index":"index","follow":"follow","max-snippet":"max-snippet:-1","max-image-preview":"max-image-preview:large","max-video-preview":"max-video-preview:-1"},"canonical":"https:\/\/ciudadyregion.com.co\/index.php\/no-se-confunda-el-registro-mercantil-es-distinto-al-impuesto-de-industria-y-comercio-ica\/ibague\/","og_locale":"es_ES","og_type":"article","og_title":"No se confunda, el registro mercantil es distinto al impuesto de Industria y Comercio, ICA - Ciudad y Region","og_description":"La Alcald\u00eda hace un llamado a los contribuyentes que no han presentado, ni pagado este impuesto municipal de la vigencia 2024. La Alcald\u00eda les recuerda a los miles de contribuyentes en la ciudad que ejercen una actividad comercial, industrial o de servicios, que la matr\u00edcula mercantil que cada a\u00f1o seContinuar Leyendo","og_url":"https:\/\/ciudadyregion.com.co\/index.php\/no-se-confunda-el-registro-mercantil-es-distinto-al-impuesto-de-industria-y-comercio-ica\/ibague\/","og_site_name":"Ciudad y Region","article_published_time":"2025-08-27T13:12:40+00:00","og_image":[{"width":800,"height":445,"url":"https:\/\/ciudadyregion.com.co\/wp-content\/uploads\/2025\/08\/2-14.jpg","type":"image\/jpeg"}],"author":"David Andr\u00e9s Aguirre","twitter_card":"summary_large_image","twitter_misc":{"Escrito por":"David Andr\u00e9s Aguirre","Tiempo de lectura":"2 minutos"},"schema":{"@context":"https:\/\/schema.org","@graph":[{"@type":"WebPage","@id":"https:\/\/ciudadyregion.com.co\/index.php\/no-se-confunda-el-registro-mercantil-es-distinto-al-impuesto-de-industria-y-comercio-ica\/ibague\/","url":"https:\/\/ciudadyregion.com.co\/index.php\/no-se-confunda-el-registro-mercantil-es-distinto-al-impuesto-de-industria-y-comercio-ica\/ibague\/","name":"No se confunda, el registro mercantil es distinto al impuesto de Industria y Comercio, ICA - Ciudad y Region","isPartOf":{"@id":"https:\/\/ciudadyregion.com.co\/#website"},"primaryImageOfPage":{"@id":"https:\/\/ciudadyregion.com.co\/index.php\/no-se-confunda-el-registro-mercantil-es-distinto-al-impuesto-de-industria-y-comercio-ica\/ibague\/#primaryimage"},"image":{"@id":"https:\/\/ciudadyregion.com.co\/index.php\/no-se-confunda-el-registro-mercantil-es-distinto-al-impuesto-de-industria-y-comercio-ica\/ibague\/#primaryimage"},"thumbnailUrl":"https:\/\/i0.wp.com\/ciudadyregion.com.co\/wp-content\/uploads\/2025\/08\/2-14.jpg?fit=800%2C445&ssl=1","datePublished":"2025-08-27T13:12:40+00:00","dateModified":"2025-08-27T13:12:40+00:00","author":{"@id":"https:\/\/ciudadyregion.com.co\/#\/schema\/person\/04a4954373ebc4051f46e8c65ff78622"},"breadcrumb":{"@id":"https:\/\/ciudadyregion.com.co\/index.php\/no-se-confunda-el-registro-mercantil-es-distinto-al-impuesto-de-industria-y-comercio-ica\/ibague\/#breadcrumb"},"inLanguage":"es","potentialAction":[{"@type":"ReadAction","target":["https:\/\/ciudadyregion.com.co\/index.php\/no-se-confunda-el-registro-mercantil-es-distinto-al-impuesto-de-industria-y-comercio-ica\/ibague\/"]}]},{"@type":"ImageObject","inLanguage":"es","@id":"https:\/\/ciudadyregion.com.co\/index.php\/no-se-confunda-el-registro-mercantil-es-distinto-al-impuesto-de-industria-y-comercio-ica\/ibague\/#primaryimage","url":"https:\/\/i0.wp.com\/ciudadyregion.com.co\/wp-content\/uploads\/2025\/08\/2-14.jpg?fit=800%2C445&ssl=1","contentUrl":"https:\/\/i0.wp.com\/ciudadyregion.com.co\/wp-content\/uploads\/2025\/08\/2-14.jpg?fit=800%2C445&ssl=1","width":800,"height":445},{"@type":"BreadcrumbList","@id":"https:\/\/ciudadyregion.com.co\/index.php\/no-se-confunda-el-registro-mercantil-es-distinto-al-impuesto-de-industria-y-comercio-ica\/ibague\/#breadcrumb","itemListElement":[{"@type":"ListItem","position":1,"name":"Portada","item":"https:\/\/ciudadyregion.com.co\/"},{"@type":"ListItem","position":2,"name":"No se confunda, el registro mercantil es distinto al impuesto de Industria y Comercio, ICA"}]},{"@type":"WebSite","@id":"https:\/\/ciudadyregion.com.co\/#website","url":"https:\/\/ciudadyregion.com.co\/","name":"Ciudad y Region","description":"","potentialAction":[{"@type":"SearchAction","target":{"@type":"EntryPoint","urlTemplate":"https:\/\/ciudadyregion.com.co\/?s={search_term_string}"},"query-input":{"@type":"PropertyValueSpecification","valueRequired":true,"valueName":"search_term_string"}}],"inLanguage":"es"},{"@type":"Person","@id":"https:\/\/ciudadyregion.com.co\/#\/schema\/person\/04a4954373ebc4051f46e8c65ff78622","name":"David Andr\u00e9s Aguirre","image":{"@type":"ImageObject","inLanguage":"es","@id":"https:\/\/ciudadyregion.com.co\/#\/schema\/person\/image\/","url":"https:\/\/secure.gravatar.com\/avatar\/bc3c655860202182ee6d1b5edd042dbe?s=96&d=mm&r=g","contentUrl":"https:\/\/secure.gravatar.com\/avatar\/bc3c655860202182ee6d1b5edd042dbe?s=96&d=mm&r=g","caption":"David Andr\u00e9s Aguirre"},"url":"https:\/\/ciudadyregion.com.co\/index.php\/author\/diegoaguirre\/"}]}},"jetpack_featured_media_url":"https:\/\/i0.wp.com\/ciudadyregion.com.co\/wp-content\/uploads\/2025\/08\/2-14.jpg?fit=800%2C445&ssl=1","jetpack_sharing_enabled":true,"jetpack_shortlink":"https:\/\/wp.me\/pbS7hh-biU","jetpack-related-posts":[],"_links":{"self":[{"href":"https:\/\/ciudadyregion.com.co\/index.php\/wp-json\/wp\/v2\/posts\/43456"}],"collection":[{"href":"https:\/\/ciudadyregion.com.co\/index.php\/wp-json\/wp\/v2\/posts"}],"about":[{"href":"https:\/\/ciudadyregion.com.co\/index.php\/wp-json\/wp\/v2\/types\/post"}],"author":[{"embeddable":true,"href":"https:\/\/ciudadyregion.com.co\/index.php\/wp-json\/wp\/v2\/users\/2"}],"replies":[{"embeddable":true,"href":"https:\/\/ciudadyregion.com.co\/index.php\/wp-json\/wp\/v2\/comments?post=43456"}],"version-history":[{"count":1,"href":"https:\/\/ciudadyregion.com.co\/index.php\/wp-json\/wp\/v2\/posts\/43456\/revisions"}],"predecessor-version":[{"id":43458,"href":"https:\/\/ciudadyregion.com.co\/index.php\/wp-json\/wp\/v2\/posts\/43456\/revisions\/43458"}],"wp:featuredmedia":[{"embeddable":true,"href":"https:\/\/ciudadyregion.com.co\/index.php\/wp-json\/wp\/v2\/media\/43457"}],"wp:attachment":[{"href":"https:\/\/ciudadyregion.com.co\/index.php\/wp-json\/wp\/v2\/media?parent=43456"}],"wp:term":[{"taxonomy":"category","embeddable":true,"href":"https:\/\/ciudadyregion.com.co\/index.php\/wp-json\/wp\/v2\/categories?post=43456"},{"taxonomy":"post_tag","embeddable":true,"href":"https:\/\/ciudadyregion.com.co\/index.php\/wp-json\/wp\/v2\/tags?post=43456"}],"curies":[{"name":"wp","href":"https:\/\/api.w.org\/{rel}","templated":true}]}}