{"id":43453,"date":"2025-08-27T08:10:31","date_gmt":"2025-08-27T13:10:31","guid":{"rendered":"https:\/\/ciudadyregion.com.co\/?p=43453"},"modified":"2025-08-27T08:10:31","modified_gmt":"2025-08-27T13:10:31","slug":"asi-fue-la-inauguracion-de-la-institucion-educativa-jorge-eliecer-gaitan-en-ibague","status":"publish","type":"post","link":"https:\/\/ciudadyregion.com.co\/index.php\/asi-fue-la-inauguracion-de-la-institucion-educativa-jorge-eliecer-gaitan-en-ibague\/ibague\/","title":{"rendered":"As\u00ed fue la inauguraci\u00f3n de la Instituci\u00f3n Educativa Jorge Eli\u00e9cer Gait\u00e1n en Ibagu\u00e9"},"content":{"rendered":"<ul>\n<li><em><strong>Las nuevas instalaciones, ubicadas en la comuna Cuatro, benefician a m\u00e1s de 800 estudiantes del sector.<\/strong><\/em><\/li>\n<\/ul>\n<p>Despu\u00e9s de seis a\u00f1os, el gobierno de la alcaldesa Johana Aranda logr\u00f3 la finalizaci\u00f3n y entrega de las nuevas instalaciones de la instituci\u00f3n educativa Jorge Eli\u00e9cer Gait\u00e1n, ubicada en la comuna Cuatro, brindando espacios modernos, c\u00f3modos y de calidad para la formaci\u00f3n escolar en la Capital Musical.<\/p>\n<blockquote><p>\u201cEstamos muy felices, a nuestros maestros, rector, cuerpo administrativo y toda la comunidad el reconocimiento y la invitaci\u00f3n a celebrar porque ces\u00f3 la horrible noche y estamos haciendo entrega no de aulas, sino de sue\u00f1os y esperanza para los estudiantes de Ibagu\u00e9\u201d, afirm\u00f3 la mandataria.<\/p><\/blockquote>\n<p>El nuevo plantel cuenta con 36 aulas, biblioteca, sal\u00f3n de biling\u00fcismo, dos laboratorios, comedor, cocina, entre otros espacios completamente funcionales y dotados para los cerca de 800 estudiantes de la sede.<\/p>\n<blockquote><p>\u201cHoy nos reunimos no s\u00f3lo para celebrar la inauguraci\u00f3n de nuestro colegio sino tambi\u00e9n la apertura de un futuro lleno de oportunidades, en nombre de todos los estudiantes muchas gracias por brindarnos un lugar digno donde aprender, crecer y construir nuestro camino\u201d, agreg\u00f3 Brens N\u00fa\u00f1ez, personera de la instituci\u00f3n.<\/p><\/blockquote>\n<p>El establecimiento educativo se construy\u00f3 gracias a un convenio de la Alcald\u00eda con el Ministerio de Educaci\u00f3n Nacional, ejecutado por el Fondo de Financiamiento para la Infraestructura Educativa, con una inversi\u00f3n superior a los $13.800 millones.<\/p>\n<blockquote><p>\u201cComo padre de familia y exalumno siento mucho orgullo, era muy triste ver un colegio con m\u00e1s de 60 a\u00f1os de historia destruido, pero hoy hemos visto como vale la pena que nuestros hijos est\u00e9n en este lugar con infraestructura nueva y con tan buenos docentes para su formaci\u00f3n\u201d, concluy\u00f3 Jos\u00e9 Ever Hern\u00e1ndez, l\u00edder del barrio Gait\u00e1n.<\/p><\/blockquote>\n<p>Adicionalmente, la Administraci\u00f3n Municipal entreg\u00f3 este a\u00f1o mobiliario escolar, compuesto por pupitres, mesas, tableros y muebles de almacenamiento; as\u00ed como menaje (platos, vasos, cucharas) y equipos (como estufas, licuadora, ollas y dem\u00e1s implementos de cocina) para el Programa de Alimentaci\u00f3n Escolar de la renovada sede.<\/p>\n","protected":false},"excerpt":{"rendered":"<p>Las nuevas instalaciones, ubicadas en la comuna Cuatro, benefician a m\u00e1s de 800 estudiantes del sector. Despu\u00e9s de seis a\u00f1os, el gobierno de la alcaldesa Johana Aranda logr\u00f3 la finalizaci\u00f3n y entrega de las nuevas instalaciones de la instituci\u00f3n educativa Jorge Eli\u00e9cer Gait\u00e1n, ubicada en la comuna Cuatro, brindando espacios<span class=\"more-link\"><a href=\"https:\/\/ciudadyregion.com.co\/index.php\/asi-fue-la-inauguracion-de-la-institucion-educativa-jorge-eliecer-gaitan-en-ibague\/ibague\/\">Continuar Leyendo<\/a><\/span><\/p>\n","protected":false},"author":2,"featured_media":43454,"comment_status":"open","ping_status":"open","sticky":false,"template":"","format":"standard","meta":{"_uf_show_specific_survey":0,"_uf_disable_surveys":false,"_jetpack_memberships_contains_paid_content":false,"footnotes":"","jetpack_publicize_message":"","jetpack_publicize_feature_enabled":true,"jetpack_social_post_already_shared":true,"jetpack_social_options":{"image_generator_settings":{"template":"highway","enabled":false},"version":2}},"categories":[14],"tags":[],"class_list":["entry","author-diegoaguirre","post-43453","post","type-post","status-publish","format-standard","has-post-thumbnail","category-ibague"],"jetpack_publicize_connections":[],"yoast_head":"<!-- This site is optimized with the Yoast SEO plugin v24.3 - https:\/\/yoast.com\/wordpress\/plugins\/seo\/ -->\n<title>As\u00ed fue la inauguraci\u00f3n de la Instituci\u00f3n Educativa Jorge Eli\u00e9cer Gait\u00e1n en Ibagu\u00e9 - Ciudad y Region<\/title>\n<meta name=\"robots\" content=\"index, follow, max-snippet:-1, max-image-preview:large, max-video-preview:-1\" \/>\n<link rel=\"canonical\" href=\"https:\/\/ciudadyregion.com.co\/index.php\/asi-fue-la-inauguracion-de-la-institucion-educativa-jorge-eliecer-gaitan-en-ibague\/ibague\/\" \/>\n<meta property=\"og:locale\" content=\"es_ES\" \/>\n<meta property=\"og:type\" content=\"article\" \/>\n<meta property=\"og:title\" content=\"As\u00ed fue la inauguraci\u00f3n de la Instituci\u00f3n Educativa Jorge Eli\u00e9cer Gait\u00e1n en Ibagu\u00e9 - Ciudad y Region\" \/>\n<meta property=\"og:description\" content=\"Las nuevas instalaciones, ubicadas en la comuna Cuatro, benefician a m\u00e1s de 800 estudiantes del sector. Despu\u00e9s de seis a\u00f1os, el gobierno de la alcaldesa Johana Aranda logr\u00f3 la finalizaci\u00f3n y entrega de las nuevas instalaciones de la instituci\u00f3n educativa Jorge Eli\u00e9cer Gait\u00e1n, ubicada en la comuna Cuatro, brindando espaciosContinuar Leyendo\" \/>\n<meta property=\"og:url\" content=\"https:\/\/ciudadyregion.com.co\/index.php\/asi-fue-la-inauguracion-de-la-institucion-educativa-jorge-eliecer-gaitan-en-ibague\/ibague\/\" \/>\n<meta property=\"og:site_name\" content=\"Ciudad y Region\" \/>\n<meta property=\"article:published_time\" content=\"2025-08-27T13:10:31+00:00\" \/>\n<meta property=\"og:image\" content=\"https:\/\/ciudadyregion.com.co\/wp-content\/uploads\/2025\/08\/3-15.jpg\" \/>\n\t<meta property=\"og:image:width\" content=\"800\" \/>\n\t<meta property=\"og:image:height\" content=\"445\" \/>\n\t<meta property=\"og:image:type\" content=\"image\/jpeg\" \/>\n<meta name=\"author\" content=\"David Andr\u00e9s Aguirre\" \/>\n<meta name=\"twitter:card\" content=\"summary_large_image\" \/>\n<meta name=\"twitter:label1\" content=\"Escrito por\" \/>\n\t<meta name=\"twitter:data1\" content=\"David Andr\u00e9s Aguirre\" \/>\n\t<meta name=\"twitter:label2\" content=\"Tiempo de lectura\" \/>\n\t<meta name=\"twitter:data2\" content=\"2 minutos\" \/>\n<script type=\"application\/ld+json\" class=\"yoast-schema-graph\">{\"@context\":\"https:\/\/schema.org\",\"@graph\":[{\"@type\":\"WebPage\",\"@id\":\"https:\/\/ciudadyregion.com.co\/index.php\/asi-fue-la-inauguracion-de-la-institucion-educativa-jorge-eliecer-gaitan-en-ibague\/ibague\/\",\"url\":\"https:\/\/ciudadyregion.com.co\/index.php\/asi-fue-la-inauguracion-de-la-institucion-educativa-jorge-eliecer-gaitan-en-ibague\/ibague\/\",\"name\":\"As\u00ed fue la inauguraci\u00f3n de la Instituci\u00f3n Educativa Jorge Eli\u00e9cer Gait\u00e1n en Ibagu\u00e9 - Ciudad y Region\",\"isPartOf\":{\"@id\":\"https:\/\/ciudadyregion.com.co\/#website\"},\"primaryImageOfPage\":{\"@id\":\"https:\/\/ciudadyregion.com.co\/index.php\/asi-fue-la-inauguracion-de-la-institucion-educativa-jorge-eliecer-gaitan-en-ibague\/ibague\/#primaryimage\"},\"image\":{\"@id\":\"https:\/\/ciudadyregion.com.co\/index.php\/asi-fue-la-inauguracion-de-la-institucion-educativa-jorge-eliecer-gaitan-en-ibague\/ibague\/#primaryimage\"},\"thumbnailUrl\":\"https:\/\/i0.wp.com\/ciudadyregion.com.co\/wp-content\/uploads\/2025\/08\/3-15.jpg?fit=800%2C445&ssl=1\",\"datePublished\":\"2025-08-27T13:10:31+00:00\",\"dateModified\":\"2025-08-27T13:10:31+00:00\",\"author\":{\"@id\":\"https:\/\/ciudadyregion.com.co\/#\/schema\/person\/04a4954373ebc4051f46e8c65ff78622\"},\"breadcrumb\":{\"@id\":\"https:\/\/ciudadyregion.com.co\/index.php\/asi-fue-la-inauguracion-de-la-institucion-educativa-jorge-eliecer-gaitan-en-ibague\/ibague\/#breadcrumb\"},\"inLanguage\":\"es\",\"potentialAction\":[{\"@type\":\"ReadAction\",\"target\":[\"https:\/\/ciudadyregion.com.co\/index.php\/asi-fue-la-inauguracion-de-la-institucion-educativa-jorge-eliecer-gaitan-en-ibague\/ibague\/\"]}]},{\"@type\":\"ImageObject\",\"inLanguage\":\"es\",\"@id\":\"https:\/\/ciudadyregion.com.co\/index.php\/asi-fue-la-inauguracion-de-la-institucion-educativa-jorge-eliecer-gaitan-en-ibague\/ibague\/#primaryimage\",\"url\":\"https:\/\/i0.wp.com\/ciudadyregion.com.co\/wp-content\/uploads\/2025\/08\/3-15.jpg?fit=800%2C445&ssl=1\",\"contentUrl\":\"https:\/\/i0.wp.com\/ciudadyregion.com.co\/wp-content\/uploads\/2025\/08\/3-15.jpg?fit=800%2C445&ssl=1\",\"width\":800,\"height\":445},{\"@type\":\"BreadcrumbList\",\"@id\":\"https:\/\/ciudadyregion.com.co\/index.php\/asi-fue-la-inauguracion-de-la-institucion-educativa-jorge-eliecer-gaitan-en-ibague\/ibague\/#breadcrumb\",\"itemListElement\":[{\"@type\":\"ListItem\",\"position\":1,\"name\":\"Portada\",\"item\":\"https:\/\/ciudadyregion.com.co\/\"},{\"@type\":\"ListItem\",\"position\":2,\"name\":\"As\u00ed fue la inauguraci\u00f3n de la Instituci\u00f3n Educativa Jorge Eli\u00e9cer Gait\u00e1n en Ibagu\u00e9\"}]},{\"@type\":\"WebSite\",\"@id\":\"https:\/\/ciudadyregion.com.co\/#website\",\"url\":\"https:\/\/ciudadyregion.com.co\/\",\"name\":\"Ciudad y Region\",\"description\":\"\",\"potentialAction\":[{\"@type\":\"SearchAction\",\"target\":{\"@type\":\"EntryPoint\",\"urlTemplate\":\"https:\/\/ciudadyregion.com.co\/?s={search_term_string}\"},\"query-input\":{\"@type\":\"PropertyValueSpecification\",\"valueRequired\":true,\"valueName\":\"search_term_string\"}}],\"inLanguage\":\"es\"},{\"@type\":\"Person\",\"@id\":\"https:\/\/ciudadyregion.com.co\/#\/schema\/person\/04a4954373ebc4051f46e8c65ff78622\",\"name\":\"David Andr\u00e9s Aguirre\",\"image\":{\"@type\":\"ImageObject\",\"inLanguage\":\"es\",\"@id\":\"https:\/\/ciudadyregion.com.co\/#\/schema\/person\/image\/\",\"url\":\"https:\/\/secure.gravatar.com\/avatar\/bc3c655860202182ee6d1b5edd042dbe?s=96&d=mm&r=g\",\"contentUrl\":\"https:\/\/secure.gravatar.com\/avatar\/bc3c655860202182ee6d1b5edd042dbe?s=96&d=mm&r=g\",\"caption\":\"David Andr\u00e9s Aguirre\"},\"url\":\"https:\/\/ciudadyregion.com.co\/index.php\/author\/diegoaguirre\/\"}]}<\/script>\n<!-- \/ Yoast SEO plugin. -->","yoast_head_json":{"title":"As\u00ed fue la inauguraci\u00f3n de la Instituci\u00f3n Educativa Jorge Eli\u00e9cer Gait\u00e1n en Ibagu\u00e9 - Ciudad y Region","robots":{"index":"index","follow":"follow","max-snippet":"max-snippet:-1","max-image-preview":"max-image-preview:large","max-video-preview":"max-video-preview:-1"},"canonical":"https:\/\/ciudadyregion.com.co\/index.php\/asi-fue-la-inauguracion-de-la-institucion-educativa-jorge-eliecer-gaitan-en-ibague\/ibague\/","og_locale":"es_ES","og_type":"article","og_title":"As\u00ed fue la inauguraci\u00f3n de la Instituci\u00f3n Educativa Jorge Eli\u00e9cer Gait\u00e1n en Ibagu\u00e9 - Ciudad y Region","og_description":"Las nuevas instalaciones, ubicadas en la comuna Cuatro, benefician a m\u00e1s de 800 estudiantes del sector. Despu\u00e9s de seis a\u00f1os, el gobierno de la alcaldesa Johana Aranda logr\u00f3 la finalizaci\u00f3n y entrega de las nuevas instalaciones de la instituci\u00f3n educativa Jorge Eli\u00e9cer Gait\u00e1n, ubicada en la comuna Cuatro, brindando espaciosContinuar Leyendo","og_url":"https:\/\/ciudadyregion.com.co\/index.php\/asi-fue-la-inauguracion-de-la-institucion-educativa-jorge-eliecer-gaitan-en-ibague\/ibague\/","og_site_name":"Ciudad y Region","article_published_time":"2025-08-27T13:10:31+00:00","og_image":[{"width":800,"height":445,"url":"https:\/\/ciudadyregion.com.co\/wp-content\/uploads\/2025\/08\/3-15.jpg","type":"image\/jpeg"}],"author":"David Andr\u00e9s Aguirre","twitter_card":"summary_large_image","twitter_misc":{"Escrito por":"David Andr\u00e9s Aguirre","Tiempo de lectura":"2 minutos"},"schema":{"@context":"https:\/\/schema.org","@graph":[{"@type":"WebPage","@id":"https:\/\/ciudadyregion.com.co\/index.php\/asi-fue-la-inauguracion-de-la-institucion-educativa-jorge-eliecer-gaitan-en-ibague\/ibague\/","url":"https:\/\/ciudadyregion.com.co\/index.php\/asi-fue-la-inauguracion-de-la-institucion-educativa-jorge-eliecer-gaitan-en-ibague\/ibague\/","name":"As\u00ed fue la inauguraci\u00f3n de la Instituci\u00f3n Educativa Jorge Eli\u00e9cer Gait\u00e1n en Ibagu\u00e9 - Ciudad y Region","isPartOf":{"@id":"https:\/\/ciudadyregion.com.co\/#website"},"primaryImageOfPage":{"@id":"https:\/\/ciudadyregion.com.co\/index.php\/asi-fue-la-inauguracion-de-la-institucion-educativa-jorge-eliecer-gaitan-en-ibague\/ibague\/#primaryimage"},"image":{"@id":"https:\/\/ciudadyregion.com.co\/index.php\/asi-fue-la-inauguracion-de-la-institucion-educativa-jorge-eliecer-gaitan-en-ibague\/ibague\/#primaryimage"},"thumbnailUrl":"https:\/\/i0.wp.com\/ciudadyregion.com.co\/wp-content\/uploads\/2025\/08\/3-15.jpg?fit=800%2C445&ssl=1","datePublished":"2025-08-27T13:10:31+00:00","dateModified":"2025-08-27T13:10:31+00:00","author":{"@id":"https:\/\/ciudadyregion.com.co\/#\/schema\/person\/04a4954373ebc4051f46e8c65ff78622"},"breadcrumb":{"@id":"https:\/\/ciudadyregion.com.co\/index.php\/asi-fue-la-inauguracion-de-la-institucion-educativa-jorge-eliecer-gaitan-en-ibague\/ibague\/#breadcrumb"},"inLanguage":"es","potentialAction":[{"@type":"ReadAction","target":["https:\/\/ciudadyregion.com.co\/index.php\/asi-fue-la-inauguracion-de-la-institucion-educativa-jorge-eliecer-gaitan-en-ibague\/ibague\/"]}]},{"@type":"ImageObject","inLanguage":"es","@id":"https:\/\/ciudadyregion.com.co\/index.php\/asi-fue-la-inauguracion-de-la-institucion-educativa-jorge-eliecer-gaitan-en-ibague\/ibague\/#primaryimage","url":"https:\/\/i0.wp.com\/ciudadyregion.com.co\/wp-content\/uploads\/2025\/08\/3-15.jpg?fit=800%2C445&ssl=1","contentUrl":"https:\/\/i0.wp.com\/ciudadyregion.com.co\/wp-content\/uploads\/2025\/08\/3-15.jpg?fit=800%2C445&ssl=1","width":800,"height":445},{"@type":"BreadcrumbList","@id":"https:\/\/ciudadyregion.com.co\/index.php\/asi-fue-la-inauguracion-de-la-institucion-educativa-jorge-eliecer-gaitan-en-ibague\/ibague\/#breadcrumb","itemListElement":[{"@type":"ListItem","position":1,"name":"Portada","item":"https:\/\/ciudadyregion.com.co\/"},{"@type":"ListItem","position":2,"name":"As\u00ed fue la inauguraci\u00f3n de la Instituci\u00f3n Educativa Jorge Eli\u00e9cer Gait\u00e1n en Ibagu\u00e9"}]},{"@type":"WebSite","@id":"https:\/\/ciudadyregion.com.co\/#website","url":"https:\/\/ciudadyregion.com.co\/","name":"Ciudad y Region","description":"","potentialAction":[{"@type":"SearchAction","target":{"@type":"EntryPoint","urlTemplate":"https:\/\/ciudadyregion.com.co\/?s={search_term_string}"},"query-input":{"@type":"PropertyValueSpecification","valueRequired":true,"valueName":"search_term_string"}}],"inLanguage":"es"},{"@type":"Person","@id":"https:\/\/ciudadyregion.com.co\/#\/schema\/person\/04a4954373ebc4051f46e8c65ff78622","name":"David Andr\u00e9s Aguirre","image":{"@type":"ImageObject","inLanguage":"es","@id":"https:\/\/ciudadyregion.com.co\/#\/schema\/person\/image\/","url":"https:\/\/secure.gravatar.com\/avatar\/bc3c655860202182ee6d1b5edd042dbe?s=96&d=mm&r=g","contentUrl":"https:\/\/secure.gravatar.com\/avatar\/bc3c655860202182ee6d1b5edd042dbe?s=96&d=mm&r=g","caption":"David Andr\u00e9s Aguirre"},"url":"https:\/\/ciudadyregion.com.co\/index.php\/author\/diegoaguirre\/"}]}},"jetpack_featured_media_url":"https:\/\/i0.wp.com\/ciudadyregion.com.co\/wp-content\/uploads\/2025\/08\/3-15.jpg?fit=800%2C445&ssl=1","jetpack_sharing_enabled":true,"jetpack_shortlink":"https:\/\/wp.me\/pbS7hh-biR","jetpack-related-posts":[],"_links":{"self":[{"href":"https:\/\/ciudadyregion.com.co\/index.php\/wp-json\/wp\/v2\/posts\/43453"}],"collection":[{"href":"https:\/\/ciudadyregion.com.co\/index.php\/wp-json\/wp\/v2\/posts"}],"about":[{"href":"https:\/\/ciudadyregion.com.co\/index.php\/wp-json\/wp\/v2\/types\/post"}],"author":[{"embeddable":true,"href":"https:\/\/ciudadyregion.com.co\/index.php\/wp-json\/wp\/v2\/users\/2"}],"replies":[{"embeddable":true,"href":"https:\/\/ciudadyregion.com.co\/index.php\/wp-json\/wp\/v2\/comments?post=43453"}],"version-history":[{"count":1,"href":"https:\/\/ciudadyregion.com.co\/index.php\/wp-json\/wp\/v2\/posts\/43453\/revisions"}],"predecessor-version":[{"id":43455,"href":"https:\/\/ciudadyregion.com.co\/index.php\/wp-json\/wp\/v2\/posts\/43453\/revisions\/43455"}],"wp:featuredmedia":[{"embeddable":true,"href":"https:\/\/ciudadyregion.com.co\/index.php\/wp-json\/wp\/v2\/media\/43454"}],"wp:attachment":[{"href":"https:\/\/ciudadyregion.com.co\/index.php\/wp-json\/wp\/v2\/media?parent=43453"}],"wp:term":[{"taxonomy":"category","embeddable":true,"href":"https:\/\/ciudadyregion.com.co\/index.php\/wp-json\/wp\/v2\/categories?post=43453"},{"taxonomy":"post_tag","embeddable":true,"href":"https:\/\/ciudadyregion.com.co\/index.php\/wp-json\/wp\/v2\/tags?post=43453"}],"curies":[{"name":"wp","href":"https:\/\/api.w.org\/{rel}","templated":true}]}}