{"id":43450,"date":"2025-08-27T08:07:42","date_gmt":"2025-08-27T13:07:42","guid":{"rendered":"https:\/\/ciudadyregion.com.co\/?p=43450"},"modified":"2025-08-27T08:07:42","modified_gmt":"2025-08-27T13:07:42","slug":"claudia-aristizabal-es-designada-como-nueva-secretaria-de-desarrollo-social-de-ibague","status":"publish","type":"post","link":"https:\/\/ciudadyregion.com.co\/index.php\/claudia-aristizabal-es-designada-como-nueva-secretaria-de-desarrollo-social-de-ibague\/ibague\/","title":{"rendered":"Claudia Aristiz\u00e1bal es designada como nueva Secretaria de Desarrollo Social de Ibagu\u00e9"},"content":{"rendered":"<p>Tiene m\u00e1s de 20 a\u00f1os de experiencia en direcci\u00f3n de empresas y gesti\u00f3n estrat\u00e9gica y tendr\u00e1 el enorme reto de impulsar el programa Pan de Vida. Tomar\u00e1 posesi\u00f3n en los primeros d\u00edas de septiembre.<\/p>\n<p>La Alcald\u00eda de Ibagu\u00e9 anunci\u00f3 la designaci\u00f3n de Claudia Andrea Aristiz\u00e1bal Am\u00f3rtegui como nueva Secretaria de Desarrollo Social Comunitario, una profesional con 26 a\u00f1os de experiencia en direcci\u00f3n de empresas, comunicaci\u00f3n social y gesti\u00f3n.<\/p>\n<p>Reconocida por su compromiso social y capacidad de generar alianzas estrat\u00e9gicas, a lo largo de su trayectoria Aristiz\u00e1bal ha liderado diversas estrategias orientadas a la protecci\u00f3n, inclusi\u00f3n y bienestar de las poblaciones m\u00e1s vulnerables. Desde cada uno de los cargos que ha desempe\u00f1ado, ha impulsado programas y proyectos que fortalecen el bienestar comunitario, promueven la equidad de las distintas poblaciones.<\/p>\n<p>Aristiz\u00e1bal es administradora de Empresas, comunicadora Social, especialista en Comunicaci\u00f3n Digital, en Educaci\u00f3n, Cultura y Pol\u00edtica, y mag\u00edster en Direcci\u00f3n y Administraci\u00f3n de Empresas (MBA).<\/p>\n<p>Su trayectoria incluye m\u00e1s de dos d\u00e9cadas en cargos directivos en medios de comunicaci\u00f3n, donde consolid\u00f3 procesos de crecimiento y liderazgo regional, as\u00ed como una destacada labor docente en pregrado y posgrado en universidades como la UNAD y la Corporaci\u00f3n Universitaria Minuto de Dios.<\/p>\n<p>Ha recibido m\u00faltiples reconocimientos a lo largo de su carrera, entre ellos la Medalla al M\u00e9rito C\u00edvico del Concejo Municipal de Ibagu\u00e9 (2024), que exalt\u00f3 su labor profesional, \u00e9tica y compromiso con la sociedad.<\/p>\n<p>Los retos que tendr\u00e1:<\/p>\n<p>Como nueva Secretaria de Desarrollo Social Comunitario, tendr\u00e1 a su cargo importantes retos en favor de las poblaciones m\u00e1s vulnerables, liderando programas y espacios como: la Casa Rosa, la Casa Refugio, Guarder\u00eda Nocturna, el programa Pan de Vida, entre otros. Adem\u00e1s, iniciativas para el fortalecimiento de la inclusi\u00f3n, la diversidad y el bienestar social en la ciudad.<\/p>\n<p>La nueva funcionaria tomar\u00e1 posesi\u00f3n en los primeros d\u00edas de septiembre.<\/p>\n","protected":false},"excerpt":{"rendered":"<p>Tiene m\u00e1s de 20 a\u00f1os de experiencia en direcci\u00f3n de empresas y gesti\u00f3n estrat\u00e9gica y tendr\u00e1 el enorme reto de impulsar el programa Pan de Vida. Tomar\u00e1 posesi\u00f3n en los primeros d\u00edas de septiembre. La Alcald\u00eda de Ibagu\u00e9 anunci\u00f3 la designaci\u00f3n de Claudia Andrea Aristiz\u00e1bal Am\u00f3rtegui como nueva Secretaria de<span class=\"more-link\"><a href=\"https:\/\/ciudadyregion.com.co\/index.php\/claudia-aristizabal-es-designada-como-nueva-secretaria-de-desarrollo-social-de-ibague\/ibague\/\">Continuar Leyendo<\/a><\/span><\/p>\n","protected":false},"author":2,"featured_media":43451,"comment_status":"open","ping_status":"open","sticky":false,"template":"","format":"standard","meta":{"_uf_show_specific_survey":0,"_uf_disable_surveys":false,"_jetpack_memberships_contains_paid_content":false,"footnotes":"","jetpack_publicize_message":"","jetpack_publicize_feature_enabled":true,"jetpack_social_post_already_shared":true,"jetpack_social_options":{"image_generator_settings":{"template":"highway","enabled":false},"version":2}},"categories":[14],"tags":[],"class_list":["entry","author-diegoaguirre","post-43450","post","type-post","status-publish","format-standard","has-post-thumbnail","category-ibague"],"jetpack_publicize_connections":[],"yoast_head":"<!-- This site is optimized with the Yoast SEO plugin v24.3 - https:\/\/yoast.com\/wordpress\/plugins\/seo\/ -->\n<title>Claudia Aristiz\u00e1bal es designada como nueva Secretaria de Desarrollo Social de Ibagu\u00e9 - Ciudad y Region<\/title>\n<meta name=\"robots\" content=\"index, follow, max-snippet:-1, max-image-preview:large, max-video-preview:-1\" \/>\n<link rel=\"canonical\" href=\"https:\/\/ciudadyregion.com.co\/index.php\/claudia-aristizabal-es-designada-como-nueva-secretaria-de-desarrollo-social-de-ibague\/ibague\/\" \/>\n<meta property=\"og:locale\" content=\"es_ES\" \/>\n<meta property=\"og:type\" content=\"article\" \/>\n<meta property=\"og:title\" content=\"Claudia Aristiz\u00e1bal es designada como nueva Secretaria de Desarrollo Social de Ibagu\u00e9 - Ciudad y Region\" \/>\n<meta property=\"og:description\" content=\"Tiene m\u00e1s de 20 a\u00f1os de experiencia en direcci\u00f3n de empresas y gesti\u00f3n estrat\u00e9gica y tendr\u00e1 el enorme reto de impulsar el programa Pan de Vida. Tomar\u00e1 posesi\u00f3n en los primeros d\u00edas de septiembre. La Alcald\u00eda de Ibagu\u00e9 anunci\u00f3 la designaci\u00f3n de Claudia Andrea Aristiz\u00e1bal Am\u00f3rtegui como nueva Secretaria deContinuar Leyendo\" \/>\n<meta property=\"og:url\" content=\"https:\/\/ciudadyregion.com.co\/index.php\/claudia-aristizabal-es-designada-como-nueva-secretaria-de-desarrollo-social-de-ibague\/ibague\/\" \/>\n<meta property=\"og:site_name\" content=\"Ciudad y Region\" \/>\n<meta property=\"article:published_time\" content=\"2025-08-27T13:07:42+00:00\" \/>\n<meta property=\"og:image\" content=\"https:\/\/ciudadyregion.com.co\/wp-content\/uploads\/2025\/08\/3-14.jpg\" \/>\n\t<meta property=\"og:image:width\" content=\"800\" \/>\n\t<meta property=\"og:image:height\" content=\"445\" \/>\n\t<meta property=\"og:image:type\" content=\"image\/jpeg\" \/>\n<meta name=\"author\" content=\"David Andr\u00e9s Aguirre\" \/>\n<meta name=\"twitter:card\" content=\"summary_large_image\" \/>\n<meta name=\"twitter:label1\" content=\"Escrito por\" \/>\n\t<meta name=\"twitter:data1\" content=\"David Andr\u00e9s Aguirre\" \/>\n\t<meta name=\"twitter:label2\" content=\"Tiempo de lectura\" \/>\n\t<meta name=\"twitter:data2\" content=\"2 minutos\" \/>\n<script type=\"application\/ld+json\" class=\"yoast-schema-graph\">{\"@context\":\"https:\/\/schema.org\",\"@graph\":[{\"@type\":\"WebPage\",\"@id\":\"https:\/\/ciudadyregion.com.co\/index.php\/claudia-aristizabal-es-designada-como-nueva-secretaria-de-desarrollo-social-de-ibague\/ibague\/\",\"url\":\"https:\/\/ciudadyregion.com.co\/index.php\/claudia-aristizabal-es-designada-como-nueva-secretaria-de-desarrollo-social-de-ibague\/ibague\/\",\"name\":\"Claudia Aristiz\u00e1bal es designada como nueva Secretaria de Desarrollo Social de Ibagu\u00e9 - Ciudad y Region\",\"isPartOf\":{\"@id\":\"https:\/\/ciudadyregion.com.co\/#website\"},\"primaryImageOfPage\":{\"@id\":\"https:\/\/ciudadyregion.com.co\/index.php\/claudia-aristizabal-es-designada-como-nueva-secretaria-de-desarrollo-social-de-ibague\/ibague\/#primaryimage\"},\"image\":{\"@id\":\"https:\/\/ciudadyregion.com.co\/index.php\/claudia-aristizabal-es-designada-como-nueva-secretaria-de-desarrollo-social-de-ibague\/ibague\/#primaryimage\"},\"thumbnailUrl\":\"https:\/\/i0.wp.com\/ciudadyregion.com.co\/wp-content\/uploads\/2025\/08\/3-14.jpg?fit=800%2C445&ssl=1\",\"datePublished\":\"2025-08-27T13:07:42+00:00\",\"dateModified\":\"2025-08-27T13:07:42+00:00\",\"author\":{\"@id\":\"https:\/\/ciudadyregion.com.co\/#\/schema\/person\/04a4954373ebc4051f46e8c65ff78622\"},\"breadcrumb\":{\"@id\":\"https:\/\/ciudadyregion.com.co\/index.php\/claudia-aristizabal-es-designada-como-nueva-secretaria-de-desarrollo-social-de-ibague\/ibague\/#breadcrumb\"},\"inLanguage\":\"es\",\"potentialAction\":[{\"@type\":\"ReadAction\",\"target\":[\"https:\/\/ciudadyregion.com.co\/index.php\/claudia-aristizabal-es-designada-como-nueva-secretaria-de-desarrollo-social-de-ibague\/ibague\/\"]}]},{\"@type\":\"ImageObject\",\"inLanguage\":\"es\",\"@id\":\"https:\/\/ciudadyregion.com.co\/index.php\/claudia-aristizabal-es-designada-como-nueva-secretaria-de-desarrollo-social-de-ibague\/ibague\/#primaryimage\",\"url\":\"https:\/\/i0.wp.com\/ciudadyregion.com.co\/wp-content\/uploads\/2025\/08\/3-14.jpg?fit=800%2C445&ssl=1\",\"contentUrl\":\"https:\/\/i0.wp.com\/ciudadyregion.com.co\/wp-content\/uploads\/2025\/08\/3-14.jpg?fit=800%2C445&ssl=1\",\"width\":800,\"height\":445},{\"@type\":\"BreadcrumbList\",\"@id\":\"https:\/\/ciudadyregion.com.co\/index.php\/claudia-aristizabal-es-designada-como-nueva-secretaria-de-desarrollo-social-de-ibague\/ibague\/#breadcrumb\",\"itemListElement\":[{\"@type\":\"ListItem\",\"position\":1,\"name\":\"Portada\",\"item\":\"https:\/\/ciudadyregion.com.co\/\"},{\"@type\":\"ListItem\",\"position\":2,\"name\":\"Claudia Aristiz\u00e1bal es designada como nueva Secretaria de Desarrollo Social de Ibagu\u00e9\"}]},{\"@type\":\"WebSite\",\"@id\":\"https:\/\/ciudadyregion.com.co\/#website\",\"url\":\"https:\/\/ciudadyregion.com.co\/\",\"name\":\"Ciudad y Region\",\"description\":\"\",\"potentialAction\":[{\"@type\":\"SearchAction\",\"target\":{\"@type\":\"EntryPoint\",\"urlTemplate\":\"https:\/\/ciudadyregion.com.co\/?s={search_term_string}\"},\"query-input\":{\"@type\":\"PropertyValueSpecification\",\"valueRequired\":true,\"valueName\":\"search_term_string\"}}],\"inLanguage\":\"es\"},{\"@type\":\"Person\",\"@id\":\"https:\/\/ciudadyregion.com.co\/#\/schema\/person\/04a4954373ebc4051f46e8c65ff78622\",\"name\":\"David Andr\u00e9s Aguirre\",\"image\":{\"@type\":\"ImageObject\",\"inLanguage\":\"es\",\"@id\":\"https:\/\/ciudadyregion.com.co\/#\/schema\/person\/image\/\",\"url\":\"https:\/\/secure.gravatar.com\/avatar\/bc3c655860202182ee6d1b5edd042dbe?s=96&d=mm&r=g\",\"contentUrl\":\"https:\/\/secure.gravatar.com\/avatar\/bc3c655860202182ee6d1b5edd042dbe?s=96&d=mm&r=g\",\"caption\":\"David Andr\u00e9s Aguirre\"},\"url\":\"https:\/\/ciudadyregion.com.co\/index.php\/author\/diegoaguirre\/\"}]}<\/script>\n<!-- \/ Yoast SEO plugin. -->","yoast_head_json":{"title":"Claudia Aristiz\u00e1bal es designada como nueva Secretaria de Desarrollo Social de Ibagu\u00e9 - Ciudad y Region","robots":{"index":"index","follow":"follow","max-snippet":"max-snippet:-1","max-image-preview":"max-image-preview:large","max-video-preview":"max-video-preview:-1"},"canonical":"https:\/\/ciudadyregion.com.co\/index.php\/claudia-aristizabal-es-designada-como-nueva-secretaria-de-desarrollo-social-de-ibague\/ibague\/","og_locale":"es_ES","og_type":"article","og_title":"Claudia Aristiz\u00e1bal es designada como nueva Secretaria de Desarrollo Social de Ibagu\u00e9 - Ciudad y Region","og_description":"Tiene m\u00e1s de 20 a\u00f1os de experiencia en direcci\u00f3n de empresas y gesti\u00f3n estrat\u00e9gica y tendr\u00e1 el enorme reto de impulsar el programa Pan de Vida. Tomar\u00e1 posesi\u00f3n en los primeros d\u00edas de septiembre. La Alcald\u00eda de Ibagu\u00e9 anunci\u00f3 la designaci\u00f3n de Claudia Andrea Aristiz\u00e1bal Am\u00f3rtegui como nueva Secretaria deContinuar Leyendo","og_url":"https:\/\/ciudadyregion.com.co\/index.php\/claudia-aristizabal-es-designada-como-nueva-secretaria-de-desarrollo-social-de-ibague\/ibague\/","og_site_name":"Ciudad y Region","article_published_time":"2025-08-27T13:07:42+00:00","og_image":[{"width":800,"height":445,"url":"https:\/\/ciudadyregion.com.co\/wp-content\/uploads\/2025\/08\/3-14.jpg","type":"image\/jpeg"}],"author":"David Andr\u00e9s Aguirre","twitter_card":"summary_large_image","twitter_misc":{"Escrito por":"David Andr\u00e9s Aguirre","Tiempo de lectura":"2 minutos"},"schema":{"@context":"https:\/\/schema.org","@graph":[{"@type":"WebPage","@id":"https:\/\/ciudadyregion.com.co\/index.php\/claudia-aristizabal-es-designada-como-nueva-secretaria-de-desarrollo-social-de-ibague\/ibague\/","url":"https:\/\/ciudadyregion.com.co\/index.php\/claudia-aristizabal-es-designada-como-nueva-secretaria-de-desarrollo-social-de-ibague\/ibague\/","name":"Claudia Aristiz\u00e1bal es designada como nueva Secretaria de Desarrollo Social de Ibagu\u00e9 - Ciudad y Region","isPartOf":{"@id":"https:\/\/ciudadyregion.com.co\/#website"},"primaryImageOfPage":{"@id":"https:\/\/ciudadyregion.com.co\/index.php\/claudia-aristizabal-es-designada-como-nueva-secretaria-de-desarrollo-social-de-ibague\/ibague\/#primaryimage"},"image":{"@id":"https:\/\/ciudadyregion.com.co\/index.php\/claudia-aristizabal-es-designada-como-nueva-secretaria-de-desarrollo-social-de-ibague\/ibague\/#primaryimage"},"thumbnailUrl":"https:\/\/i0.wp.com\/ciudadyregion.com.co\/wp-content\/uploads\/2025\/08\/3-14.jpg?fit=800%2C445&ssl=1","datePublished":"2025-08-27T13:07:42+00:00","dateModified":"2025-08-27T13:07:42+00:00","author":{"@id":"https:\/\/ciudadyregion.com.co\/#\/schema\/person\/04a4954373ebc4051f46e8c65ff78622"},"breadcrumb":{"@id":"https:\/\/ciudadyregion.com.co\/index.php\/claudia-aristizabal-es-designada-como-nueva-secretaria-de-desarrollo-social-de-ibague\/ibague\/#breadcrumb"},"inLanguage":"es","potentialAction":[{"@type":"ReadAction","target":["https:\/\/ciudadyregion.com.co\/index.php\/claudia-aristizabal-es-designada-como-nueva-secretaria-de-desarrollo-social-de-ibague\/ibague\/"]}]},{"@type":"ImageObject","inLanguage":"es","@id":"https:\/\/ciudadyregion.com.co\/index.php\/claudia-aristizabal-es-designada-como-nueva-secretaria-de-desarrollo-social-de-ibague\/ibague\/#primaryimage","url":"https:\/\/i0.wp.com\/ciudadyregion.com.co\/wp-content\/uploads\/2025\/08\/3-14.jpg?fit=800%2C445&ssl=1","contentUrl":"https:\/\/i0.wp.com\/ciudadyregion.com.co\/wp-content\/uploads\/2025\/08\/3-14.jpg?fit=800%2C445&ssl=1","width":800,"height":445},{"@type":"BreadcrumbList","@id":"https:\/\/ciudadyregion.com.co\/index.php\/claudia-aristizabal-es-designada-como-nueva-secretaria-de-desarrollo-social-de-ibague\/ibague\/#breadcrumb","itemListElement":[{"@type":"ListItem","position":1,"name":"Portada","item":"https:\/\/ciudadyregion.com.co\/"},{"@type":"ListItem","position":2,"name":"Claudia Aristiz\u00e1bal es designada como nueva Secretaria de Desarrollo Social de Ibagu\u00e9"}]},{"@type":"WebSite","@id":"https:\/\/ciudadyregion.com.co\/#website","url":"https:\/\/ciudadyregion.com.co\/","name":"Ciudad y Region","description":"","potentialAction":[{"@type":"SearchAction","target":{"@type":"EntryPoint","urlTemplate":"https:\/\/ciudadyregion.com.co\/?s={search_term_string}"},"query-input":{"@type":"PropertyValueSpecification","valueRequired":true,"valueName":"search_term_string"}}],"inLanguage":"es"},{"@type":"Person","@id":"https:\/\/ciudadyregion.com.co\/#\/schema\/person\/04a4954373ebc4051f46e8c65ff78622","name":"David Andr\u00e9s Aguirre","image":{"@type":"ImageObject","inLanguage":"es","@id":"https:\/\/ciudadyregion.com.co\/#\/schema\/person\/image\/","url":"https:\/\/secure.gravatar.com\/avatar\/bc3c655860202182ee6d1b5edd042dbe?s=96&d=mm&r=g","contentUrl":"https:\/\/secure.gravatar.com\/avatar\/bc3c655860202182ee6d1b5edd042dbe?s=96&d=mm&r=g","caption":"David Andr\u00e9s Aguirre"},"url":"https:\/\/ciudadyregion.com.co\/index.php\/author\/diegoaguirre\/"}]}},"jetpack_featured_media_url":"https:\/\/i0.wp.com\/ciudadyregion.com.co\/wp-content\/uploads\/2025\/08\/3-14.jpg?fit=800%2C445&ssl=1","jetpack_sharing_enabled":true,"jetpack_shortlink":"https:\/\/wp.me\/pbS7hh-biO","jetpack-related-posts":[],"_links":{"self":[{"href":"https:\/\/ciudadyregion.com.co\/index.php\/wp-json\/wp\/v2\/posts\/43450"}],"collection":[{"href":"https:\/\/ciudadyregion.com.co\/index.php\/wp-json\/wp\/v2\/posts"}],"about":[{"href":"https:\/\/ciudadyregion.com.co\/index.php\/wp-json\/wp\/v2\/types\/post"}],"author":[{"embeddable":true,"href":"https:\/\/ciudadyregion.com.co\/index.php\/wp-json\/wp\/v2\/users\/2"}],"replies":[{"embeddable":true,"href":"https:\/\/ciudadyregion.com.co\/index.php\/wp-json\/wp\/v2\/comments?post=43450"}],"version-history":[{"count":1,"href":"https:\/\/ciudadyregion.com.co\/index.php\/wp-json\/wp\/v2\/posts\/43450\/revisions"}],"predecessor-version":[{"id":43452,"href":"https:\/\/ciudadyregion.com.co\/index.php\/wp-json\/wp\/v2\/posts\/43450\/revisions\/43452"}],"wp:featuredmedia":[{"embeddable":true,"href":"https:\/\/ciudadyregion.com.co\/index.php\/wp-json\/wp\/v2\/media\/43451"}],"wp:attachment":[{"href":"https:\/\/ciudadyregion.com.co\/index.php\/wp-json\/wp\/v2\/media?parent=43450"}],"wp:term":[{"taxonomy":"category","embeddable":true,"href":"https:\/\/ciudadyregion.com.co\/index.php\/wp-json\/wp\/v2\/categories?post=43450"},{"taxonomy":"post_tag","embeddable":true,"href":"https:\/\/ciudadyregion.com.co\/index.php\/wp-json\/wp\/v2\/tags?post=43450"}],"curies":[{"name":"wp","href":"https:\/\/api.w.org\/{rel}","templated":true}]}}