{"id":42607,"date":"2025-08-15T07:16:50","date_gmt":"2025-08-15T12:16:50","guid":{"rendered":"https:\/\/ciudadyregion.com.co\/?p=42607"},"modified":"2025-08-15T07:16:50","modified_gmt":"2025-08-15T12:16:50","slug":"avanza-la-modernizacion-del-tolima-nueva-agenda-de-gobernanza-y-competitividad","status":"publish","type":"post","link":"https:\/\/ciudadyregion.com.co\/index.php\/avanza-la-modernizacion-del-tolima-nueva-agenda-de-gobernanza-y-competitividad\/regional\/","title":{"rendered":"Avanza la modernizaci\u00f3n del Tolima: nueva agenda de gobernanza y competitividad"},"content":{"rendered":"<p>La Gobernaci\u00f3n del Tolima, a trav\u00e9s de la Secretar\u00eda Administrativa y con el acompa\u00f1amiento de la Comisi\u00f3n Regional de Competitividad, anunci\u00f3 la realizaci\u00f3n de la Mesa Sectorial de Gobernanza y Fortalecimiento Institucional, un espacio estrat\u00e9gico para consolidar la modernizaci\u00f3n del gobierno departamental y fortalecer las capacidades de sus funcionarios.<\/p>\n<p>La jornada se llevar\u00e1 a cabo el 21 de agosto, desde las 8:00 a.m., y contar\u00e1 con la participaci\u00f3n de todos los funcionarios del gobierno departamental y de sus entidades descentralizadas.<\/p>\n<p>Durante la reuni\u00f3n preparatoria, la secretaria Administrativa, Yurany Prieto, junto con Martha Pe\u00f1a, asesora de la Estrategia Tolima Centro de Inversiones, definieron la agenda de trabajo y los ejes prioritarios que se abordar\u00e1n en este espacio.<\/p>\n<blockquote><p>\u201cEn esta jornada identificamos la agenda que desarrollaremos en la convocatoria, en la que lograremos hacer un \u00e9nfasis muy importante en los planes de formaci\u00f3n dirigidos a todos los funcionarios p\u00fablicos, con el \u00e1nimo que tiene nuestra gobernadora como meta de fortalecer y modernizar el gobierno departamental\u201d, se\u00f1al\u00f3 Martha Pe\u00f1a.<\/p><\/blockquote>\n<p>La Estrategia Tolima Centro de Inversiones busca atraer proyectos que impulsen el desarrollo econ\u00f3mico y social del departamento, fortaleciendo la competitividad, la innovaci\u00f3n y la articulaci\u00f3n entre el sector p\u00fablico y privado.<\/p>\n<p>La Mesa Sectorial ser\u00e1 el escenario para socializar el plan de acci\u00f3n del eje estrat\u00e9gico de gobernanza, presentar la agenda de formaci\u00f3n y certificaci\u00f3n en gesti\u00f3n p\u00fablica y avanzar en el plan de trabajo de digitalizaci\u00f3n del gobierno departamental, impactando a funcionarios de todas las subregiones del Tolima.<\/p>\n<p>Con esta iniciativa, la Gobernaci\u00f3n reafirma su compromiso con una gesti\u00f3n p\u00fablica m\u00e1s eficiente, innovadora y competitiva, alineada con las metas del Plan de Desarrollo Departamental.<\/p>\n","protected":false},"excerpt":{"rendered":"<p>La Gobernaci\u00f3n del Tolima, a trav\u00e9s de la Secretar\u00eda Administrativa y con el acompa\u00f1amiento de la Comisi\u00f3n Regional de Competitividad, anunci\u00f3 la realizaci\u00f3n de la Mesa Sectorial de Gobernanza y Fortalecimiento Institucional, un espacio estrat\u00e9gico para consolidar la modernizaci\u00f3n del gobierno departamental y fortalecer las capacidades de sus funcionarios. La<span class=\"more-link\"><a href=\"https:\/\/ciudadyregion.com.co\/index.php\/avanza-la-modernizacion-del-tolima-nueva-agenda-de-gobernanza-y-competitividad\/regional\/\">Continuar Leyendo<\/a><\/span><\/p>\n","protected":false},"author":2,"featured_media":42608,"comment_status":"open","ping_status":"open","sticky":false,"template":"","format":"standard","meta":{"_uf_show_specific_survey":0,"_uf_disable_surveys":false,"_jetpack_memberships_contains_paid_content":false,"footnotes":"","jetpack_publicize_message":"","jetpack_publicize_feature_enabled":true,"jetpack_social_post_already_shared":true,"jetpack_social_options":{"image_generator_settings":{"template":"highway","enabled":false},"version":2}},"categories":[13],"tags":[],"class_list":["entry","author-diegoaguirre","post-42607","post","type-post","status-publish","format-standard","has-post-thumbnail","category-regional"],"jetpack_publicize_connections":[],"yoast_head":"<!-- This site is optimized with the Yoast SEO plugin v24.3 - https:\/\/yoast.com\/wordpress\/plugins\/seo\/ -->\n<title>Avanza la modernizaci\u00f3n del Tolima: nueva agenda de gobernanza y competitividad - Ciudad y Region<\/title>\n<meta name=\"robots\" content=\"index, follow, max-snippet:-1, max-image-preview:large, max-video-preview:-1\" \/>\n<link rel=\"canonical\" href=\"https:\/\/ciudadyregion.com.co\/index.php\/avanza-la-modernizacion-del-tolima-nueva-agenda-de-gobernanza-y-competitividad\/regional\/\" \/>\n<meta property=\"og:locale\" content=\"es_ES\" \/>\n<meta property=\"og:type\" content=\"article\" \/>\n<meta property=\"og:title\" content=\"Avanza la modernizaci\u00f3n del Tolima: nueva agenda de gobernanza y competitividad - Ciudad y Region\" \/>\n<meta property=\"og:description\" content=\"La Gobernaci\u00f3n del Tolima, a trav\u00e9s de la Secretar\u00eda Administrativa y con el acompa\u00f1amiento de la Comisi\u00f3n Regional de Competitividad, anunci\u00f3 la realizaci\u00f3n de la Mesa Sectorial de Gobernanza y Fortalecimiento Institucional, un espacio estrat\u00e9gico para consolidar la modernizaci\u00f3n del gobierno departamental y fortalecer las capacidades de sus funcionarios. LaContinuar Leyendo\" \/>\n<meta property=\"og:url\" content=\"https:\/\/ciudadyregion.com.co\/index.php\/avanza-la-modernizacion-del-tolima-nueva-agenda-de-gobernanza-y-competitividad\/regional\/\" \/>\n<meta property=\"og:site_name\" content=\"Ciudad y Region\" \/>\n<meta property=\"article:published_time\" content=\"2025-08-15T12:16:50+00:00\" \/>\n<meta property=\"og:image\" content=\"https:\/\/ciudadyregion.com.co\/wp-content\/uploads\/2025\/08\/2-2025-08-15T071604.125.jpg\" \/>\n\t<meta property=\"og:image:width\" content=\"800\" \/>\n\t<meta property=\"og:image:height\" content=\"445\" \/>\n\t<meta property=\"og:image:type\" content=\"image\/jpeg\" \/>\n<meta name=\"author\" content=\"David Andr\u00e9s Aguirre\" \/>\n<meta name=\"twitter:card\" content=\"summary_large_image\" \/>\n<meta name=\"twitter:label1\" content=\"Escrito por\" \/>\n\t<meta name=\"twitter:data1\" content=\"David Andr\u00e9s Aguirre\" \/>\n\t<meta name=\"twitter:label2\" content=\"Tiempo de lectura\" \/>\n\t<meta name=\"twitter:data2\" content=\"2 minutos\" \/>\n<script type=\"application\/ld+json\" class=\"yoast-schema-graph\">{\"@context\":\"https:\/\/schema.org\",\"@graph\":[{\"@type\":\"WebPage\",\"@id\":\"https:\/\/ciudadyregion.com.co\/index.php\/avanza-la-modernizacion-del-tolima-nueva-agenda-de-gobernanza-y-competitividad\/regional\/\",\"url\":\"https:\/\/ciudadyregion.com.co\/index.php\/avanza-la-modernizacion-del-tolima-nueva-agenda-de-gobernanza-y-competitividad\/regional\/\",\"name\":\"Avanza la modernizaci\u00f3n del Tolima: nueva agenda de gobernanza y competitividad - Ciudad y Region\",\"isPartOf\":{\"@id\":\"https:\/\/ciudadyregion.com.co\/#website\"},\"primaryImageOfPage\":{\"@id\":\"https:\/\/ciudadyregion.com.co\/index.php\/avanza-la-modernizacion-del-tolima-nueva-agenda-de-gobernanza-y-competitividad\/regional\/#primaryimage\"},\"image\":{\"@id\":\"https:\/\/ciudadyregion.com.co\/index.php\/avanza-la-modernizacion-del-tolima-nueva-agenda-de-gobernanza-y-competitividad\/regional\/#primaryimage\"},\"thumbnailUrl\":\"https:\/\/i0.wp.com\/ciudadyregion.com.co\/wp-content\/uploads\/2025\/08\/2-2025-08-15T071604.125.jpg?fit=800%2C445&ssl=1\",\"datePublished\":\"2025-08-15T12:16:50+00:00\",\"dateModified\":\"2025-08-15T12:16:50+00:00\",\"author\":{\"@id\":\"https:\/\/ciudadyregion.com.co\/#\/schema\/person\/04a4954373ebc4051f46e8c65ff78622\"},\"breadcrumb\":{\"@id\":\"https:\/\/ciudadyregion.com.co\/index.php\/avanza-la-modernizacion-del-tolima-nueva-agenda-de-gobernanza-y-competitividad\/regional\/#breadcrumb\"},\"inLanguage\":\"es\",\"potentialAction\":[{\"@type\":\"ReadAction\",\"target\":[\"https:\/\/ciudadyregion.com.co\/index.php\/avanza-la-modernizacion-del-tolima-nueva-agenda-de-gobernanza-y-competitividad\/regional\/\"]}]},{\"@type\":\"ImageObject\",\"inLanguage\":\"es\",\"@id\":\"https:\/\/ciudadyregion.com.co\/index.php\/avanza-la-modernizacion-del-tolima-nueva-agenda-de-gobernanza-y-competitividad\/regional\/#primaryimage\",\"url\":\"https:\/\/i0.wp.com\/ciudadyregion.com.co\/wp-content\/uploads\/2025\/08\/2-2025-08-15T071604.125.jpg?fit=800%2C445&ssl=1\",\"contentUrl\":\"https:\/\/i0.wp.com\/ciudadyregion.com.co\/wp-content\/uploads\/2025\/08\/2-2025-08-15T071604.125.jpg?fit=800%2C445&ssl=1\",\"width\":800,\"height\":445},{\"@type\":\"BreadcrumbList\",\"@id\":\"https:\/\/ciudadyregion.com.co\/index.php\/avanza-la-modernizacion-del-tolima-nueva-agenda-de-gobernanza-y-competitividad\/regional\/#breadcrumb\",\"itemListElement\":[{\"@type\":\"ListItem\",\"position\":1,\"name\":\"Portada\",\"item\":\"https:\/\/ciudadyregion.com.co\/\"},{\"@type\":\"ListItem\",\"position\":2,\"name\":\"Avanza la modernizaci\u00f3n del Tolima: nueva agenda de gobernanza y competitividad\"}]},{\"@type\":\"WebSite\",\"@id\":\"https:\/\/ciudadyregion.com.co\/#website\",\"url\":\"https:\/\/ciudadyregion.com.co\/\",\"name\":\"Ciudad y Region\",\"description\":\"\",\"potentialAction\":[{\"@type\":\"SearchAction\",\"target\":{\"@type\":\"EntryPoint\",\"urlTemplate\":\"https:\/\/ciudadyregion.com.co\/?s={search_term_string}\"},\"query-input\":{\"@type\":\"PropertyValueSpecification\",\"valueRequired\":true,\"valueName\":\"search_term_string\"}}],\"inLanguage\":\"es\"},{\"@type\":\"Person\",\"@id\":\"https:\/\/ciudadyregion.com.co\/#\/schema\/person\/04a4954373ebc4051f46e8c65ff78622\",\"name\":\"David Andr\u00e9s Aguirre\",\"image\":{\"@type\":\"ImageObject\",\"inLanguage\":\"es\",\"@id\":\"https:\/\/ciudadyregion.com.co\/#\/schema\/person\/image\/\",\"url\":\"https:\/\/secure.gravatar.com\/avatar\/bc3c655860202182ee6d1b5edd042dbe?s=96&d=mm&r=g\",\"contentUrl\":\"https:\/\/secure.gravatar.com\/avatar\/bc3c655860202182ee6d1b5edd042dbe?s=96&d=mm&r=g\",\"caption\":\"David Andr\u00e9s Aguirre\"},\"url\":\"https:\/\/ciudadyregion.com.co\/index.php\/author\/diegoaguirre\/\"}]}<\/script>\n<!-- \/ Yoast SEO plugin. -->","yoast_head_json":{"title":"Avanza la modernizaci\u00f3n del Tolima: nueva agenda de gobernanza y competitividad - Ciudad y Region","robots":{"index":"index","follow":"follow","max-snippet":"max-snippet:-1","max-image-preview":"max-image-preview:large","max-video-preview":"max-video-preview:-1"},"canonical":"https:\/\/ciudadyregion.com.co\/index.php\/avanza-la-modernizacion-del-tolima-nueva-agenda-de-gobernanza-y-competitividad\/regional\/","og_locale":"es_ES","og_type":"article","og_title":"Avanza la modernizaci\u00f3n del Tolima: nueva agenda de gobernanza y competitividad - Ciudad y Region","og_description":"La Gobernaci\u00f3n del Tolima, a trav\u00e9s de la Secretar\u00eda Administrativa y con el acompa\u00f1amiento de la Comisi\u00f3n Regional de Competitividad, anunci\u00f3 la realizaci\u00f3n de la Mesa Sectorial de Gobernanza y Fortalecimiento Institucional, un espacio estrat\u00e9gico para consolidar la modernizaci\u00f3n del gobierno departamental y fortalecer las capacidades de sus funcionarios. LaContinuar Leyendo","og_url":"https:\/\/ciudadyregion.com.co\/index.php\/avanza-la-modernizacion-del-tolima-nueva-agenda-de-gobernanza-y-competitividad\/regional\/","og_site_name":"Ciudad y Region","article_published_time":"2025-08-15T12:16:50+00:00","og_image":[{"width":800,"height":445,"url":"https:\/\/ciudadyregion.com.co\/wp-content\/uploads\/2025\/08\/2-2025-08-15T071604.125.jpg","type":"image\/jpeg"}],"author":"David Andr\u00e9s Aguirre","twitter_card":"summary_large_image","twitter_misc":{"Escrito por":"David Andr\u00e9s Aguirre","Tiempo de lectura":"2 minutos"},"schema":{"@context":"https:\/\/schema.org","@graph":[{"@type":"WebPage","@id":"https:\/\/ciudadyregion.com.co\/index.php\/avanza-la-modernizacion-del-tolima-nueva-agenda-de-gobernanza-y-competitividad\/regional\/","url":"https:\/\/ciudadyregion.com.co\/index.php\/avanza-la-modernizacion-del-tolima-nueva-agenda-de-gobernanza-y-competitividad\/regional\/","name":"Avanza la modernizaci\u00f3n del Tolima: nueva agenda de gobernanza y competitividad - Ciudad y Region","isPartOf":{"@id":"https:\/\/ciudadyregion.com.co\/#website"},"primaryImageOfPage":{"@id":"https:\/\/ciudadyregion.com.co\/index.php\/avanza-la-modernizacion-del-tolima-nueva-agenda-de-gobernanza-y-competitividad\/regional\/#primaryimage"},"image":{"@id":"https:\/\/ciudadyregion.com.co\/index.php\/avanza-la-modernizacion-del-tolima-nueva-agenda-de-gobernanza-y-competitividad\/regional\/#primaryimage"},"thumbnailUrl":"https:\/\/i0.wp.com\/ciudadyregion.com.co\/wp-content\/uploads\/2025\/08\/2-2025-08-15T071604.125.jpg?fit=800%2C445&ssl=1","datePublished":"2025-08-15T12:16:50+00:00","dateModified":"2025-08-15T12:16:50+00:00","author":{"@id":"https:\/\/ciudadyregion.com.co\/#\/schema\/person\/04a4954373ebc4051f46e8c65ff78622"},"breadcrumb":{"@id":"https:\/\/ciudadyregion.com.co\/index.php\/avanza-la-modernizacion-del-tolima-nueva-agenda-de-gobernanza-y-competitividad\/regional\/#breadcrumb"},"inLanguage":"es","potentialAction":[{"@type":"ReadAction","target":["https:\/\/ciudadyregion.com.co\/index.php\/avanza-la-modernizacion-del-tolima-nueva-agenda-de-gobernanza-y-competitividad\/regional\/"]}]},{"@type":"ImageObject","inLanguage":"es","@id":"https:\/\/ciudadyregion.com.co\/index.php\/avanza-la-modernizacion-del-tolima-nueva-agenda-de-gobernanza-y-competitividad\/regional\/#primaryimage","url":"https:\/\/i0.wp.com\/ciudadyregion.com.co\/wp-content\/uploads\/2025\/08\/2-2025-08-15T071604.125.jpg?fit=800%2C445&ssl=1","contentUrl":"https:\/\/i0.wp.com\/ciudadyregion.com.co\/wp-content\/uploads\/2025\/08\/2-2025-08-15T071604.125.jpg?fit=800%2C445&ssl=1","width":800,"height":445},{"@type":"BreadcrumbList","@id":"https:\/\/ciudadyregion.com.co\/index.php\/avanza-la-modernizacion-del-tolima-nueva-agenda-de-gobernanza-y-competitividad\/regional\/#breadcrumb","itemListElement":[{"@type":"ListItem","position":1,"name":"Portada","item":"https:\/\/ciudadyregion.com.co\/"},{"@type":"ListItem","position":2,"name":"Avanza la modernizaci\u00f3n del Tolima: nueva agenda de gobernanza y competitividad"}]},{"@type":"WebSite","@id":"https:\/\/ciudadyregion.com.co\/#website","url":"https:\/\/ciudadyregion.com.co\/","name":"Ciudad y Region","description":"","potentialAction":[{"@type":"SearchAction","target":{"@type":"EntryPoint","urlTemplate":"https:\/\/ciudadyregion.com.co\/?s={search_term_string}"},"query-input":{"@type":"PropertyValueSpecification","valueRequired":true,"valueName":"search_term_string"}}],"inLanguage":"es"},{"@type":"Person","@id":"https:\/\/ciudadyregion.com.co\/#\/schema\/person\/04a4954373ebc4051f46e8c65ff78622","name":"David Andr\u00e9s Aguirre","image":{"@type":"ImageObject","inLanguage":"es","@id":"https:\/\/ciudadyregion.com.co\/#\/schema\/person\/image\/","url":"https:\/\/secure.gravatar.com\/avatar\/bc3c655860202182ee6d1b5edd042dbe?s=96&d=mm&r=g","contentUrl":"https:\/\/secure.gravatar.com\/avatar\/bc3c655860202182ee6d1b5edd042dbe?s=96&d=mm&r=g","caption":"David Andr\u00e9s Aguirre"},"url":"https:\/\/ciudadyregion.com.co\/index.php\/author\/diegoaguirre\/"}]}},"jetpack_featured_media_url":"https:\/\/i0.wp.com\/ciudadyregion.com.co\/wp-content\/uploads\/2025\/08\/2-2025-08-15T071604.125.jpg?fit=800%2C445&ssl=1","jetpack_sharing_enabled":true,"jetpack_shortlink":"https:\/\/wp.me\/pbS7hh-b5d","jetpack-related-posts":[],"_links":{"self":[{"href":"https:\/\/ciudadyregion.com.co\/index.php\/wp-json\/wp\/v2\/posts\/42607"}],"collection":[{"href":"https:\/\/ciudadyregion.com.co\/index.php\/wp-json\/wp\/v2\/posts"}],"about":[{"href":"https:\/\/ciudadyregion.com.co\/index.php\/wp-json\/wp\/v2\/types\/post"}],"author":[{"embeddable":true,"href":"https:\/\/ciudadyregion.com.co\/index.php\/wp-json\/wp\/v2\/users\/2"}],"replies":[{"embeddable":true,"href":"https:\/\/ciudadyregion.com.co\/index.php\/wp-json\/wp\/v2\/comments?post=42607"}],"version-history":[{"count":1,"href":"https:\/\/ciudadyregion.com.co\/index.php\/wp-json\/wp\/v2\/posts\/42607\/revisions"}],"predecessor-version":[{"id":42609,"href":"https:\/\/ciudadyregion.com.co\/index.php\/wp-json\/wp\/v2\/posts\/42607\/revisions\/42609"}],"wp:featuredmedia":[{"embeddable":true,"href":"https:\/\/ciudadyregion.com.co\/index.php\/wp-json\/wp\/v2\/media\/42608"}],"wp:attachment":[{"href":"https:\/\/ciudadyregion.com.co\/index.php\/wp-json\/wp\/v2\/media?parent=42607"}],"wp:term":[{"taxonomy":"category","embeddable":true,"href":"https:\/\/ciudadyregion.com.co\/index.php\/wp-json\/wp\/v2\/categories?post=42607"},{"taxonomy":"post_tag","embeddable":true,"href":"https:\/\/ciudadyregion.com.co\/index.php\/wp-json\/wp\/v2\/tags?post=42607"}],"curies":[{"name":"wp","href":"https:\/\/api.w.org\/{rel}","templated":true}]}}