{"id":42587,"date":"2025-08-15T04:52:58","date_gmt":"2025-08-15T09:52:58","guid":{"rendered":"https:\/\/ciudadyregion.com.co\/?p=42587"},"modified":"2025-08-14T12:53:24","modified_gmt":"2025-08-14T17:53:24","slug":"judicializados-madres-e-hijo-por-ser-los-presuntos-responsables-del-crimen-de-un-hombre-en-medio-de-un-hecho-de-intolerancia","status":"publish","type":"post","link":"https:\/\/ciudadyregion.com.co\/index.php\/judicializados-madres-e-hijo-por-ser-los-presuntos-responsables-del-crimen-de-un-hombre-en-medio-de-un-hecho-de-intolerancia\/judicial\/","title":{"rendered":"Judicializados madres e hijo por ser los presuntos responsables del crimen de un hombre en medio de un hecho de intolerancia"},"content":{"rendered":"<h4 data-ogsc=\"black\"><strong><i data-ogsc=\"\">Los procesados madre e hijo, habr\u00edan seguido a la v\u00edctima hasta su residencia en donde lo atacaron en m\u00faltiples ocasiones con objetos contundentes y cortopunzantes.<\/i><\/strong><\/h4>\n<p>El material probatorio aportado por la Fiscal\u00eda General de la Naci\u00f3n permiti\u00f3 judicializar a Marisela Barrag\u00e1n Romero y Jes\u00fas David Chica Barrag\u00e1n por su presunta responsabilidad\u00a0en el delito de homicidio agravado.<\/p>\n<p>Los hechos materia de investigaci\u00f3n se presentaron el 28 de febrero pasado en el sector del mercado de pescados en San Antero (C\u00f3rdoba).\u00a0Ese d\u00eda se present\u00f3 una discusi\u00f3n entre los procesados y la v\u00edctima, quienes eran vecinos.<\/p>\n<p>En el momento que el hombre\u00a0se desplazaba hacia su vivienda fue abordado por un grupo de varias personas entre ellas las dos imputadas, quienes se abalanzaron sobre \u00e9l.<\/p>\n<p>La v\u00edctima intent\u00f3 resguardarse en su vivienda pero la persiguieron golpe\u00e1ndola con objetos contundentes y cortopunzantes. Los procesados le habr\u00edan causado graves heridas\u00a0que terminaron en su muerte en un centro cl\u00ednico de la regi\u00f3n.<\/p>\n<p>Estas personas no aceptaron su responsabilidad durante las audiencias preliminares. Un\u00a0juez de control de garant\u00edas le impuso medida de aseguramiento en centro carcelario a Chica Barrag\u00e1n,\u00a0mientras que Barrag\u00e1n Romero en lugar de domicilio por ser madre soltera.<\/p>\n","protected":false},"excerpt":{"rendered":"<p>Los procesados madre e hijo, habr\u00edan seguido a la v\u00edctima hasta su residencia en donde lo atacaron en m\u00faltiples ocasiones con objetos contundentes y cortopunzantes. El material probatorio aportado por la Fiscal\u00eda General de la Naci\u00f3n permiti\u00f3 judicializar a Marisela Barrag\u00e1n Romero y Jes\u00fas David Chica Barrag\u00e1n por su presunta<span class=\"more-link\"><a href=\"https:\/\/ciudadyregion.com.co\/index.php\/judicializados-madres-e-hijo-por-ser-los-presuntos-responsables-del-crimen-de-un-hombre-en-medio-de-un-hecho-de-intolerancia\/judicial\/\">Continuar Leyendo<\/a><\/span><\/p>\n","protected":false},"author":2,"featured_media":42588,"comment_status":"open","ping_status":"open","sticky":false,"template":"","format":"standard","meta":{"_uf_show_specific_survey":0,"_uf_disable_surveys":false,"_jetpack_memberships_contains_paid_content":false,"footnotes":"","jetpack_publicize_message":"","jetpack_publicize_feature_enabled":true,"jetpack_social_post_already_shared":true,"jetpack_social_options":{"image_generator_settings":{"template":"highway","enabled":false},"version":2}},"categories":[18],"tags":[],"class_list":["entry","author-diegoaguirre","post-42587","post","type-post","status-publish","format-standard","has-post-thumbnail","category-judicial"],"jetpack_publicize_connections":[],"yoast_head":"<!-- This site is optimized with the Yoast SEO plugin v24.3 - https:\/\/yoast.com\/wordpress\/plugins\/seo\/ -->\n<title>Judicializados madres e hijo por ser los presuntos responsables del crimen de un hombre en medio de un hecho de intolerancia - Ciudad y Region<\/title>\n<meta name=\"robots\" content=\"index, follow, max-snippet:-1, max-image-preview:large, max-video-preview:-1\" \/>\n<link rel=\"canonical\" href=\"https:\/\/ciudadyregion.com.co\/index.php\/judicializados-madres-e-hijo-por-ser-los-presuntos-responsables-del-crimen-de-un-hombre-en-medio-de-un-hecho-de-intolerancia\/judicial\/\" \/>\n<meta property=\"og:locale\" content=\"es_ES\" \/>\n<meta property=\"og:type\" content=\"article\" \/>\n<meta property=\"og:title\" content=\"Judicializados madres e hijo por ser los presuntos responsables del crimen de un hombre en medio de un hecho de intolerancia - Ciudad y Region\" \/>\n<meta property=\"og:description\" content=\"Los procesados madre e hijo, habr\u00edan seguido a la v\u00edctima hasta su residencia en donde lo atacaron en m\u00faltiples ocasiones con objetos contundentes y cortopunzantes. El material probatorio aportado por la Fiscal\u00eda General de la Naci\u00f3n permiti\u00f3 judicializar a Marisela Barrag\u00e1n Romero y Jes\u00fas David Chica Barrag\u00e1n por su presuntaContinuar Leyendo\" \/>\n<meta property=\"og:url\" content=\"https:\/\/ciudadyregion.com.co\/index.php\/judicializados-madres-e-hijo-por-ser-los-presuntos-responsables-del-crimen-de-un-hombre-en-medio-de-un-hecho-de-intolerancia\/judicial\/\" \/>\n<meta property=\"og:site_name\" content=\"Ciudad y Region\" \/>\n<meta property=\"article:published_time\" content=\"2025-08-15T09:52:58+00:00\" \/>\n<meta property=\"article:modified_time\" content=\"2025-08-14T17:53:24+00:00\" \/>\n<meta property=\"og:image\" content=\"https:\/\/i0.wp.com\/ciudadyregion.com.co\/wp-content\/uploads\/2025\/08\/2-2025-08-14T125011.693.jpg?fit=800%2C445&ssl=1\" \/>\n\t<meta property=\"og:image:width\" content=\"800\" \/>\n\t<meta property=\"og:image:height\" content=\"445\" \/>\n\t<meta property=\"og:image:type\" content=\"image\/jpeg\" \/>\n<meta name=\"author\" content=\"David Andr\u00e9s Aguirre\" \/>\n<meta name=\"twitter:card\" content=\"summary_large_image\" \/>\n<meta name=\"twitter:label1\" content=\"Escrito por\" \/>\n\t<meta name=\"twitter:data1\" content=\"David Andr\u00e9s Aguirre\" \/>\n\t<meta name=\"twitter:label2\" content=\"Tiempo de lectura\" \/>\n\t<meta name=\"twitter:data2\" content=\"2 minutos\" \/>\n<script type=\"application\/ld+json\" class=\"yoast-schema-graph\">{\"@context\":\"https:\/\/schema.org\",\"@graph\":[{\"@type\":\"WebPage\",\"@id\":\"https:\/\/ciudadyregion.com.co\/index.php\/judicializados-madres-e-hijo-por-ser-los-presuntos-responsables-del-crimen-de-un-hombre-en-medio-de-un-hecho-de-intolerancia\/judicial\/\",\"url\":\"https:\/\/ciudadyregion.com.co\/index.php\/judicializados-madres-e-hijo-por-ser-los-presuntos-responsables-del-crimen-de-un-hombre-en-medio-de-un-hecho-de-intolerancia\/judicial\/\",\"name\":\"Judicializados madres e hijo por ser los presuntos responsables del crimen de un hombre en medio de un hecho de intolerancia - Ciudad y Region\",\"isPartOf\":{\"@id\":\"https:\/\/ciudadyregion.com.co\/#website\"},\"primaryImageOfPage\":{\"@id\":\"https:\/\/ciudadyregion.com.co\/index.php\/judicializados-madres-e-hijo-por-ser-los-presuntos-responsables-del-crimen-de-un-hombre-en-medio-de-un-hecho-de-intolerancia\/judicial\/#primaryimage\"},\"image\":{\"@id\":\"https:\/\/ciudadyregion.com.co\/index.php\/judicializados-madres-e-hijo-por-ser-los-presuntos-responsables-del-crimen-de-un-hombre-en-medio-de-un-hecho-de-intolerancia\/judicial\/#primaryimage\"},\"thumbnailUrl\":\"https:\/\/i0.wp.com\/ciudadyregion.com.co\/wp-content\/uploads\/2025\/08\/2-2025-08-14T125011.693.jpg?fit=800%2C445&ssl=1\",\"datePublished\":\"2025-08-15T09:52:58+00:00\",\"dateModified\":\"2025-08-14T17:53:24+00:00\",\"author\":{\"@id\":\"https:\/\/ciudadyregion.com.co\/#\/schema\/person\/04a4954373ebc4051f46e8c65ff78622\"},\"breadcrumb\":{\"@id\":\"https:\/\/ciudadyregion.com.co\/index.php\/judicializados-madres-e-hijo-por-ser-los-presuntos-responsables-del-crimen-de-un-hombre-en-medio-de-un-hecho-de-intolerancia\/judicial\/#breadcrumb\"},\"inLanguage\":\"es\",\"potentialAction\":[{\"@type\":\"ReadAction\",\"target\":[\"https:\/\/ciudadyregion.com.co\/index.php\/judicializados-madres-e-hijo-por-ser-los-presuntos-responsables-del-crimen-de-un-hombre-en-medio-de-un-hecho-de-intolerancia\/judicial\/\"]}]},{\"@type\":\"ImageObject\",\"inLanguage\":\"es\",\"@id\":\"https:\/\/ciudadyregion.com.co\/index.php\/judicializados-madres-e-hijo-por-ser-los-presuntos-responsables-del-crimen-de-un-hombre-en-medio-de-un-hecho-de-intolerancia\/judicial\/#primaryimage\",\"url\":\"https:\/\/i0.wp.com\/ciudadyregion.com.co\/wp-content\/uploads\/2025\/08\/2-2025-08-14T125011.693.jpg?fit=800%2C445&ssl=1\",\"contentUrl\":\"https:\/\/i0.wp.com\/ciudadyregion.com.co\/wp-content\/uploads\/2025\/08\/2-2025-08-14T125011.693.jpg?fit=800%2C445&ssl=1\",\"width\":800,\"height\":445},{\"@type\":\"BreadcrumbList\",\"@id\":\"https:\/\/ciudadyregion.com.co\/index.php\/judicializados-madres-e-hijo-por-ser-los-presuntos-responsables-del-crimen-de-un-hombre-en-medio-de-un-hecho-de-intolerancia\/judicial\/#breadcrumb\",\"itemListElement\":[{\"@type\":\"ListItem\",\"position\":1,\"name\":\"Portada\",\"item\":\"https:\/\/ciudadyregion.com.co\/\"},{\"@type\":\"ListItem\",\"position\":2,\"name\":\"Judicializados madres e hijo por ser los presuntos responsables del crimen de un hombre en medio de un hecho de intolerancia\"}]},{\"@type\":\"WebSite\",\"@id\":\"https:\/\/ciudadyregion.com.co\/#website\",\"url\":\"https:\/\/ciudadyregion.com.co\/\",\"name\":\"Ciudad y Region\",\"description\":\"\",\"potentialAction\":[{\"@type\":\"SearchAction\",\"target\":{\"@type\":\"EntryPoint\",\"urlTemplate\":\"https:\/\/ciudadyregion.com.co\/?s={search_term_string}\"},\"query-input\":{\"@type\":\"PropertyValueSpecification\",\"valueRequired\":true,\"valueName\":\"search_term_string\"}}],\"inLanguage\":\"es\"},{\"@type\":\"Person\",\"@id\":\"https:\/\/ciudadyregion.com.co\/#\/schema\/person\/04a4954373ebc4051f46e8c65ff78622\",\"name\":\"David Andr\u00e9s Aguirre\",\"image\":{\"@type\":\"ImageObject\",\"inLanguage\":\"es\",\"@id\":\"https:\/\/ciudadyregion.com.co\/#\/schema\/person\/image\/\",\"url\":\"https:\/\/secure.gravatar.com\/avatar\/bc3c655860202182ee6d1b5edd042dbe?s=96&d=mm&r=g\",\"contentUrl\":\"https:\/\/secure.gravatar.com\/avatar\/bc3c655860202182ee6d1b5edd042dbe?s=96&d=mm&r=g\",\"caption\":\"David Andr\u00e9s Aguirre\"},\"url\":\"https:\/\/ciudadyregion.com.co\/index.php\/author\/diegoaguirre\/\"}]}<\/script>\n<!-- \/ Yoast SEO plugin. -->","yoast_head_json":{"title":"Judicializados madres e hijo por ser los presuntos responsables del crimen de un hombre en medio de un hecho de intolerancia - Ciudad y Region","robots":{"index":"index","follow":"follow","max-snippet":"max-snippet:-1","max-image-preview":"max-image-preview:large","max-video-preview":"max-video-preview:-1"},"canonical":"https:\/\/ciudadyregion.com.co\/index.php\/judicializados-madres-e-hijo-por-ser-los-presuntos-responsables-del-crimen-de-un-hombre-en-medio-de-un-hecho-de-intolerancia\/judicial\/","og_locale":"es_ES","og_type":"article","og_title":"Judicializados madres e hijo por ser los presuntos responsables del crimen de un hombre en medio de un hecho de intolerancia - Ciudad y Region","og_description":"Los procesados madre e hijo, habr\u00edan seguido a la v\u00edctima hasta su residencia en donde lo atacaron en m\u00faltiples ocasiones con objetos contundentes y cortopunzantes. El material probatorio aportado por la Fiscal\u00eda General de la Naci\u00f3n permiti\u00f3 judicializar a Marisela Barrag\u00e1n Romero y Jes\u00fas David Chica Barrag\u00e1n por su presuntaContinuar Leyendo","og_url":"https:\/\/ciudadyregion.com.co\/index.php\/judicializados-madres-e-hijo-por-ser-los-presuntos-responsables-del-crimen-de-un-hombre-en-medio-de-un-hecho-de-intolerancia\/judicial\/","og_site_name":"Ciudad y Region","article_published_time":"2025-08-15T09:52:58+00:00","article_modified_time":"2025-08-14T17:53:24+00:00","og_image":[{"width":800,"height":445,"url":"https:\/\/i0.wp.com\/ciudadyregion.com.co\/wp-content\/uploads\/2025\/08\/2-2025-08-14T125011.693.jpg?fit=800%2C445&ssl=1","type":"image\/jpeg"}],"author":"David Andr\u00e9s Aguirre","twitter_card":"summary_large_image","twitter_misc":{"Escrito por":"David Andr\u00e9s Aguirre","Tiempo de lectura":"2 minutos"},"schema":{"@context":"https:\/\/schema.org","@graph":[{"@type":"WebPage","@id":"https:\/\/ciudadyregion.com.co\/index.php\/judicializados-madres-e-hijo-por-ser-los-presuntos-responsables-del-crimen-de-un-hombre-en-medio-de-un-hecho-de-intolerancia\/judicial\/","url":"https:\/\/ciudadyregion.com.co\/index.php\/judicializados-madres-e-hijo-por-ser-los-presuntos-responsables-del-crimen-de-un-hombre-en-medio-de-un-hecho-de-intolerancia\/judicial\/","name":"Judicializados madres e hijo por ser los presuntos responsables del crimen de un hombre en medio de un hecho de intolerancia - Ciudad y Region","isPartOf":{"@id":"https:\/\/ciudadyregion.com.co\/#website"},"primaryImageOfPage":{"@id":"https:\/\/ciudadyregion.com.co\/index.php\/judicializados-madres-e-hijo-por-ser-los-presuntos-responsables-del-crimen-de-un-hombre-en-medio-de-un-hecho-de-intolerancia\/judicial\/#primaryimage"},"image":{"@id":"https:\/\/ciudadyregion.com.co\/index.php\/judicializados-madres-e-hijo-por-ser-los-presuntos-responsables-del-crimen-de-un-hombre-en-medio-de-un-hecho-de-intolerancia\/judicial\/#primaryimage"},"thumbnailUrl":"https:\/\/i0.wp.com\/ciudadyregion.com.co\/wp-content\/uploads\/2025\/08\/2-2025-08-14T125011.693.jpg?fit=800%2C445&ssl=1","datePublished":"2025-08-15T09:52:58+00:00","dateModified":"2025-08-14T17:53:24+00:00","author":{"@id":"https:\/\/ciudadyregion.com.co\/#\/schema\/person\/04a4954373ebc4051f46e8c65ff78622"},"breadcrumb":{"@id":"https:\/\/ciudadyregion.com.co\/index.php\/judicializados-madres-e-hijo-por-ser-los-presuntos-responsables-del-crimen-de-un-hombre-en-medio-de-un-hecho-de-intolerancia\/judicial\/#breadcrumb"},"inLanguage":"es","potentialAction":[{"@type":"ReadAction","target":["https:\/\/ciudadyregion.com.co\/index.php\/judicializados-madres-e-hijo-por-ser-los-presuntos-responsables-del-crimen-de-un-hombre-en-medio-de-un-hecho-de-intolerancia\/judicial\/"]}]},{"@type":"ImageObject","inLanguage":"es","@id":"https:\/\/ciudadyregion.com.co\/index.php\/judicializados-madres-e-hijo-por-ser-los-presuntos-responsables-del-crimen-de-un-hombre-en-medio-de-un-hecho-de-intolerancia\/judicial\/#primaryimage","url":"https:\/\/i0.wp.com\/ciudadyregion.com.co\/wp-content\/uploads\/2025\/08\/2-2025-08-14T125011.693.jpg?fit=800%2C445&ssl=1","contentUrl":"https:\/\/i0.wp.com\/ciudadyregion.com.co\/wp-content\/uploads\/2025\/08\/2-2025-08-14T125011.693.jpg?fit=800%2C445&ssl=1","width":800,"height":445},{"@type":"BreadcrumbList","@id":"https:\/\/ciudadyregion.com.co\/index.php\/judicializados-madres-e-hijo-por-ser-los-presuntos-responsables-del-crimen-de-un-hombre-en-medio-de-un-hecho-de-intolerancia\/judicial\/#breadcrumb","itemListElement":[{"@type":"ListItem","position":1,"name":"Portada","item":"https:\/\/ciudadyregion.com.co\/"},{"@type":"ListItem","position":2,"name":"Judicializados madres e hijo por ser los presuntos responsables del crimen de un hombre en medio de un hecho de intolerancia"}]},{"@type":"WebSite","@id":"https:\/\/ciudadyregion.com.co\/#website","url":"https:\/\/ciudadyregion.com.co\/","name":"Ciudad y Region","description":"","potentialAction":[{"@type":"SearchAction","target":{"@type":"EntryPoint","urlTemplate":"https:\/\/ciudadyregion.com.co\/?s={search_term_string}"},"query-input":{"@type":"PropertyValueSpecification","valueRequired":true,"valueName":"search_term_string"}}],"inLanguage":"es"},{"@type":"Person","@id":"https:\/\/ciudadyregion.com.co\/#\/schema\/person\/04a4954373ebc4051f46e8c65ff78622","name":"David Andr\u00e9s Aguirre","image":{"@type":"ImageObject","inLanguage":"es","@id":"https:\/\/ciudadyregion.com.co\/#\/schema\/person\/image\/","url":"https:\/\/secure.gravatar.com\/avatar\/bc3c655860202182ee6d1b5edd042dbe?s=96&d=mm&r=g","contentUrl":"https:\/\/secure.gravatar.com\/avatar\/bc3c655860202182ee6d1b5edd042dbe?s=96&d=mm&r=g","caption":"David Andr\u00e9s Aguirre"},"url":"https:\/\/ciudadyregion.com.co\/index.php\/author\/diegoaguirre\/"}]}},"jetpack_featured_media_url":"https:\/\/i0.wp.com\/ciudadyregion.com.co\/wp-content\/uploads\/2025\/08\/2-2025-08-14T125011.693.jpg?fit=800%2C445&ssl=1","jetpack_sharing_enabled":true,"jetpack_shortlink":"https:\/\/wp.me\/pbS7hh-b4T","jetpack-related-posts":[],"_links":{"self":[{"href":"https:\/\/ciudadyregion.com.co\/index.php\/wp-json\/wp\/v2\/posts\/42587"}],"collection":[{"href":"https:\/\/ciudadyregion.com.co\/index.php\/wp-json\/wp\/v2\/posts"}],"about":[{"href":"https:\/\/ciudadyregion.com.co\/index.php\/wp-json\/wp\/v2\/types\/post"}],"author":[{"embeddable":true,"href":"https:\/\/ciudadyregion.com.co\/index.php\/wp-json\/wp\/v2\/users\/2"}],"replies":[{"embeddable":true,"href":"https:\/\/ciudadyregion.com.co\/index.php\/wp-json\/wp\/v2\/comments?post=42587"}],"version-history":[{"count":2,"href":"https:\/\/ciudadyregion.com.co\/index.php\/wp-json\/wp\/v2\/posts\/42587\/revisions"}],"predecessor-version":[{"id":42590,"href":"https:\/\/ciudadyregion.com.co\/index.php\/wp-json\/wp\/v2\/posts\/42587\/revisions\/42590"}],"wp:featuredmedia":[{"embeddable":true,"href":"https:\/\/ciudadyregion.com.co\/index.php\/wp-json\/wp\/v2\/media\/42588"}],"wp:attachment":[{"href":"https:\/\/ciudadyregion.com.co\/index.php\/wp-json\/wp\/v2\/media?parent=42587"}],"wp:term":[{"taxonomy":"category","embeddable":true,"href":"https:\/\/ciudadyregion.com.co\/index.php\/wp-json\/wp\/v2\/categories?post=42587"},{"taxonomy":"post_tag","embeddable":true,"href":"https:\/\/ciudadyregion.com.co\/index.php\/wp-json\/wp\/v2\/tags?post=42587"}],"curies":[{"name":"wp","href":"https:\/\/api.w.org\/{rel}","templated":true}]}}