{"id":42571,"date":"2025-08-15T04:29:52","date_gmt":"2025-08-15T09:29:52","guid":{"rendered":"https:\/\/ciudadyregion.com.co\/?p=42571"},"modified":"2025-08-14T12:30:22","modified_gmt":"2025-08-14T17:30:22","slug":"abuelo-asesino-asegurado-adulto-mayor-que-le-habria-quitado-la-vida-a-un-joven-en-medio-de-una-rina","status":"publish","type":"post","link":"https:\/\/ciudadyregion.com.co\/index.php\/abuelo-asesino-asegurado-adulto-mayor-que-le-habria-quitado-la-vida-a-un-joven-en-medio-de-una-rina\/judicial\/","title":{"rendered":"Abuelo asesino: Asegurado adulto mayor que le habr\u00eda quitado la vida a un joven en medio de una ri\u00f1a"},"content":{"rendered":"<h4 class=\"x_elementToProof\" data-ogsc=\"rgb(0, 0, 0)\"><strong><i data-ogsc=\"\">El procesado habr\u00eda perseguido a la v\u00edctima y la atac\u00f3 luego de que esta resbalara.<\/i><\/strong><\/h4>\n<p>Labores investigativas adelantadas por la Fiscal\u00eda General de la Naci\u00f3n permitieron judicializar a\u00a0\u00c1lvaro Antonio Vega Peinado por su presunta responsabilidad en el crimen de un joven de 21 a\u00f1os\u00a0en Monter\u00eda (C\u00f3rdoba).<\/p>\n<p>Los hechos se presentaron el pasado 21 de febrero en\u00a0medio de un acto de intolerancia entre vecinos en el barrio Nuevo Horizonte, frente a la salida de una instituci\u00f3n educativa.<\/p>\n<p>En el lugar el victimario de 63 a\u00f1os intervino en una discusi\u00f3n entre varias personas y de manera violenta habr\u00eda agredido f\u00edsicamente a la v\u00edctima.<\/p>\n<p>Se estableci\u00f3 que el imputado persigui\u00f3 al joven por varias cuadras y aprovechando que se tropez\u00f3 con escombros en la v\u00eda, al parecer,\u00a0lo agredi\u00f3 con un arma cortopunzante caus\u00e1ndole una lesi\u00f3n que le provoc\u00f3 la muerte.<\/p>\n<p>Por estos hechos, una fiscal URI de la Seccional C\u00f3rdoba le imput\u00f3 el\u00a0delito de homicidio agravado.\u00a0El procesado no acept\u00f3 cargos y un juez de control de garant\u00edas le impuso medida de aseguramiento en establecimiento carcelario.<\/p>\n","protected":false},"excerpt":{"rendered":"<p>El procesado habr\u00eda perseguido a la v\u00edctima y la atac\u00f3 luego de que esta resbalara. Labores investigativas adelantadas por la Fiscal\u00eda General de la Naci\u00f3n permitieron judicializar a\u00a0\u00c1lvaro Antonio Vega Peinado por su presunta responsabilidad en el crimen de un joven de 21 a\u00f1os\u00a0en Monter\u00eda (C\u00f3rdoba). Los hechos se presentaron<span class=\"more-link\"><a href=\"https:\/\/ciudadyregion.com.co\/index.php\/abuelo-asesino-asegurado-adulto-mayor-que-le-habria-quitado-la-vida-a-un-joven-en-medio-de-una-rina\/judicial\/\">Continuar Leyendo<\/a><\/span><\/p>\n","protected":false},"author":2,"featured_media":42572,"comment_status":"open","ping_status":"open","sticky":false,"template":"","format":"standard","meta":{"_uf_show_specific_survey":0,"_uf_disable_surveys":false,"_jetpack_memberships_contains_paid_content":false,"footnotes":"","jetpack_publicize_message":"","jetpack_publicize_feature_enabled":true,"jetpack_social_post_already_shared":true,"jetpack_social_options":{"image_generator_settings":{"template":"highway","enabled":false},"version":2}},"categories":[18],"tags":[],"class_list":["entry","author-diegoaguirre","post-42571","post","type-post","status-publish","format-standard","has-post-thumbnail","category-judicial"],"jetpack_publicize_connections":[],"yoast_head":"<!-- This site is optimized with the Yoast SEO plugin v24.3 - https:\/\/yoast.com\/wordpress\/plugins\/seo\/ -->\n<title>Abuelo asesino: Asegurado adulto mayor que le habr\u00eda quitado la vida a un joven en medio de una ri\u00f1a - Ciudad y Region<\/title>\n<meta name=\"robots\" content=\"index, follow, max-snippet:-1, max-image-preview:large, max-video-preview:-1\" \/>\n<link rel=\"canonical\" href=\"https:\/\/ciudadyregion.com.co\/index.php\/abuelo-asesino-asegurado-adulto-mayor-que-le-habria-quitado-la-vida-a-un-joven-en-medio-de-una-rina\/judicial\/\" \/>\n<meta property=\"og:locale\" content=\"es_ES\" \/>\n<meta property=\"og:type\" content=\"article\" \/>\n<meta property=\"og:title\" content=\"Abuelo asesino: Asegurado adulto mayor que le habr\u00eda quitado la vida a un joven en medio de una ri\u00f1a - Ciudad y Region\" \/>\n<meta property=\"og:description\" content=\"El procesado habr\u00eda perseguido a la v\u00edctima y la atac\u00f3 luego de que esta resbalara. Labores investigativas adelantadas por la Fiscal\u00eda General de la Naci\u00f3n permitieron judicializar a\u00a0\u00c1lvaro Antonio Vega Peinado por su presunta responsabilidad en el crimen de un joven de 21 a\u00f1os\u00a0en Monter\u00eda (C\u00f3rdoba). Los hechos se presentaronContinuar Leyendo\" \/>\n<meta property=\"og:url\" content=\"https:\/\/ciudadyregion.com.co\/index.php\/abuelo-asesino-asegurado-adulto-mayor-que-le-habria-quitado-la-vida-a-un-joven-en-medio-de-una-rina\/judicial\/\" \/>\n<meta property=\"og:site_name\" content=\"Ciudad y Region\" \/>\n<meta property=\"article:published_time\" content=\"2025-08-15T09:29:52+00:00\" \/>\n<meta property=\"article:modified_time\" content=\"2025-08-14T17:30:22+00:00\" \/>\n<meta property=\"og:image\" content=\"https:\/\/i0.wp.com\/ciudadyregion.com.co\/wp-content\/uploads\/2025\/08\/3-89.jpg?fit=800%2C445&ssl=1\" \/>\n\t<meta property=\"og:image:width\" content=\"800\" \/>\n\t<meta property=\"og:image:height\" content=\"445\" \/>\n\t<meta property=\"og:image:type\" content=\"image\/jpeg\" \/>\n<meta name=\"author\" content=\"David Andr\u00e9s Aguirre\" \/>\n<meta name=\"twitter:card\" content=\"summary_large_image\" \/>\n<meta name=\"twitter:label1\" content=\"Escrito por\" \/>\n\t<meta name=\"twitter:data1\" content=\"David Andr\u00e9s Aguirre\" \/>\n\t<meta name=\"twitter:label2\" content=\"Tiempo de lectura\" \/>\n\t<meta name=\"twitter:data2\" content=\"2 minutos\" \/>\n<script type=\"application\/ld+json\" class=\"yoast-schema-graph\">{\"@context\":\"https:\/\/schema.org\",\"@graph\":[{\"@type\":\"WebPage\",\"@id\":\"https:\/\/ciudadyregion.com.co\/index.php\/abuelo-asesino-asegurado-adulto-mayor-que-le-habria-quitado-la-vida-a-un-joven-en-medio-de-una-rina\/judicial\/\",\"url\":\"https:\/\/ciudadyregion.com.co\/index.php\/abuelo-asesino-asegurado-adulto-mayor-que-le-habria-quitado-la-vida-a-un-joven-en-medio-de-una-rina\/judicial\/\",\"name\":\"Abuelo asesino: Asegurado adulto mayor que le habr\u00eda quitado la vida a un joven en medio de una ri\u00f1a - Ciudad y Region\",\"isPartOf\":{\"@id\":\"https:\/\/ciudadyregion.com.co\/#website\"},\"primaryImageOfPage\":{\"@id\":\"https:\/\/ciudadyregion.com.co\/index.php\/abuelo-asesino-asegurado-adulto-mayor-que-le-habria-quitado-la-vida-a-un-joven-en-medio-de-una-rina\/judicial\/#primaryimage\"},\"image\":{\"@id\":\"https:\/\/ciudadyregion.com.co\/index.php\/abuelo-asesino-asegurado-adulto-mayor-que-le-habria-quitado-la-vida-a-un-joven-en-medio-de-una-rina\/judicial\/#primaryimage\"},\"thumbnailUrl\":\"https:\/\/i0.wp.com\/ciudadyregion.com.co\/wp-content\/uploads\/2025\/08\/3-89.jpg?fit=800%2C445&ssl=1\",\"datePublished\":\"2025-08-15T09:29:52+00:00\",\"dateModified\":\"2025-08-14T17:30:22+00:00\",\"author\":{\"@id\":\"https:\/\/ciudadyregion.com.co\/#\/schema\/person\/04a4954373ebc4051f46e8c65ff78622\"},\"breadcrumb\":{\"@id\":\"https:\/\/ciudadyregion.com.co\/index.php\/abuelo-asesino-asegurado-adulto-mayor-que-le-habria-quitado-la-vida-a-un-joven-en-medio-de-una-rina\/judicial\/#breadcrumb\"},\"inLanguage\":\"es\",\"potentialAction\":[{\"@type\":\"ReadAction\",\"target\":[\"https:\/\/ciudadyregion.com.co\/index.php\/abuelo-asesino-asegurado-adulto-mayor-que-le-habria-quitado-la-vida-a-un-joven-en-medio-de-una-rina\/judicial\/\"]}]},{\"@type\":\"ImageObject\",\"inLanguage\":\"es\",\"@id\":\"https:\/\/ciudadyregion.com.co\/index.php\/abuelo-asesino-asegurado-adulto-mayor-que-le-habria-quitado-la-vida-a-un-joven-en-medio-de-una-rina\/judicial\/#primaryimage\",\"url\":\"https:\/\/i0.wp.com\/ciudadyregion.com.co\/wp-content\/uploads\/2025\/08\/3-89.jpg?fit=800%2C445&ssl=1\",\"contentUrl\":\"https:\/\/i0.wp.com\/ciudadyregion.com.co\/wp-content\/uploads\/2025\/08\/3-89.jpg?fit=800%2C445&ssl=1\",\"width\":800,\"height\":445},{\"@type\":\"BreadcrumbList\",\"@id\":\"https:\/\/ciudadyregion.com.co\/index.php\/abuelo-asesino-asegurado-adulto-mayor-que-le-habria-quitado-la-vida-a-un-joven-en-medio-de-una-rina\/judicial\/#breadcrumb\",\"itemListElement\":[{\"@type\":\"ListItem\",\"position\":1,\"name\":\"Portada\",\"item\":\"https:\/\/ciudadyregion.com.co\/\"},{\"@type\":\"ListItem\",\"position\":2,\"name\":\"Abuelo asesino: Asegurado adulto mayor que le habr\u00eda quitado la vida a un joven en medio de una ri\u00f1a\"}]},{\"@type\":\"WebSite\",\"@id\":\"https:\/\/ciudadyregion.com.co\/#website\",\"url\":\"https:\/\/ciudadyregion.com.co\/\",\"name\":\"Ciudad y Region\",\"description\":\"\",\"potentialAction\":[{\"@type\":\"SearchAction\",\"target\":{\"@type\":\"EntryPoint\",\"urlTemplate\":\"https:\/\/ciudadyregion.com.co\/?s={search_term_string}\"},\"query-input\":{\"@type\":\"PropertyValueSpecification\",\"valueRequired\":true,\"valueName\":\"search_term_string\"}}],\"inLanguage\":\"es\"},{\"@type\":\"Person\",\"@id\":\"https:\/\/ciudadyregion.com.co\/#\/schema\/person\/04a4954373ebc4051f46e8c65ff78622\",\"name\":\"David Andr\u00e9s Aguirre\",\"image\":{\"@type\":\"ImageObject\",\"inLanguage\":\"es\",\"@id\":\"https:\/\/ciudadyregion.com.co\/#\/schema\/person\/image\/\",\"url\":\"https:\/\/secure.gravatar.com\/avatar\/bc3c655860202182ee6d1b5edd042dbe?s=96&d=mm&r=g\",\"contentUrl\":\"https:\/\/secure.gravatar.com\/avatar\/bc3c655860202182ee6d1b5edd042dbe?s=96&d=mm&r=g\",\"caption\":\"David Andr\u00e9s Aguirre\"},\"url\":\"https:\/\/ciudadyregion.com.co\/index.php\/author\/diegoaguirre\/\"}]}<\/script>\n<!-- \/ Yoast SEO plugin. -->","yoast_head_json":{"title":"Abuelo asesino: Asegurado adulto mayor que le habr\u00eda quitado la vida a un joven en medio de una ri\u00f1a - Ciudad y Region","robots":{"index":"index","follow":"follow","max-snippet":"max-snippet:-1","max-image-preview":"max-image-preview:large","max-video-preview":"max-video-preview:-1"},"canonical":"https:\/\/ciudadyregion.com.co\/index.php\/abuelo-asesino-asegurado-adulto-mayor-que-le-habria-quitado-la-vida-a-un-joven-en-medio-de-una-rina\/judicial\/","og_locale":"es_ES","og_type":"article","og_title":"Abuelo asesino: Asegurado adulto mayor que le habr\u00eda quitado la vida a un joven en medio de una ri\u00f1a - Ciudad y Region","og_description":"El procesado habr\u00eda perseguido a la v\u00edctima y la atac\u00f3 luego de que esta resbalara. Labores investigativas adelantadas por la Fiscal\u00eda General de la Naci\u00f3n permitieron judicializar a\u00a0\u00c1lvaro Antonio Vega Peinado por su presunta responsabilidad en el crimen de un joven de 21 a\u00f1os\u00a0en Monter\u00eda (C\u00f3rdoba). Los hechos se presentaronContinuar Leyendo","og_url":"https:\/\/ciudadyregion.com.co\/index.php\/abuelo-asesino-asegurado-adulto-mayor-que-le-habria-quitado-la-vida-a-un-joven-en-medio-de-una-rina\/judicial\/","og_site_name":"Ciudad y Region","article_published_time":"2025-08-15T09:29:52+00:00","article_modified_time":"2025-08-14T17:30:22+00:00","og_image":[{"width":800,"height":445,"url":"https:\/\/i0.wp.com\/ciudadyregion.com.co\/wp-content\/uploads\/2025\/08\/3-89.jpg?fit=800%2C445&ssl=1","type":"image\/jpeg"}],"author":"David Andr\u00e9s Aguirre","twitter_card":"summary_large_image","twitter_misc":{"Escrito por":"David Andr\u00e9s Aguirre","Tiempo de lectura":"2 minutos"},"schema":{"@context":"https:\/\/schema.org","@graph":[{"@type":"WebPage","@id":"https:\/\/ciudadyregion.com.co\/index.php\/abuelo-asesino-asegurado-adulto-mayor-que-le-habria-quitado-la-vida-a-un-joven-en-medio-de-una-rina\/judicial\/","url":"https:\/\/ciudadyregion.com.co\/index.php\/abuelo-asesino-asegurado-adulto-mayor-que-le-habria-quitado-la-vida-a-un-joven-en-medio-de-una-rina\/judicial\/","name":"Abuelo asesino: Asegurado adulto mayor que le habr\u00eda quitado la vida a un joven en medio de una ri\u00f1a - Ciudad y Region","isPartOf":{"@id":"https:\/\/ciudadyregion.com.co\/#website"},"primaryImageOfPage":{"@id":"https:\/\/ciudadyregion.com.co\/index.php\/abuelo-asesino-asegurado-adulto-mayor-que-le-habria-quitado-la-vida-a-un-joven-en-medio-de-una-rina\/judicial\/#primaryimage"},"image":{"@id":"https:\/\/ciudadyregion.com.co\/index.php\/abuelo-asesino-asegurado-adulto-mayor-que-le-habria-quitado-la-vida-a-un-joven-en-medio-de-una-rina\/judicial\/#primaryimage"},"thumbnailUrl":"https:\/\/i0.wp.com\/ciudadyregion.com.co\/wp-content\/uploads\/2025\/08\/3-89.jpg?fit=800%2C445&ssl=1","datePublished":"2025-08-15T09:29:52+00:00","dateModified":"2025-08-14T17:30:22+00:00","author":{"@id":"https:\/\/ciudadyregion.com.co\/#\/schema\/person\/04a4954373ebc4051f46e8c65ff78622"},"breadcrumb":{"@id":"https:\/\/ciudadyregion.com.co\/index.php\/abuelo-asesino-asegurado-adulto-mayor-que-le-habria-quitado-la-vida-a-un-joven-en-medio-de-una-rina\/judicial\/#breadcrumb"},"inLanguage":"es","potentialAction":[{"@type":"ReadAction","target":["https:\/\/ciudadyregion.com.co\/index.php\/abuelo-asesino-asegurado-adulto-mayor-que-le-habria-quitado-la-vida-a-un-joven-en-medio-de-una-rina\/judicial\/"]}]},{"@type":"ImageObject","inLanguage":"es","@id":"https:\/\/ciudadyregion.com.co\/index.php\/abuelo-asesino-asegurado-adulto-mayor-que-le-habria-quitado-la-vida-a-un-joven-en-medio-de-una-rina\/judicial\/#primaryimage","url":"https:\/\/i0.wp.com\/ciudadyregion.com.co\/wp-content\/uploads\/2025\/08\/3-89.jpg?fit=800%2C445&ssl=1","contentUrl":"https:\/\/i0.wp.com\/ciudadyregion.com.co\/wp-content\/uploads\/2025\/08\/3-89.jpg?fit=800%2C445&ssl=1","width":800,"height":445},{"@type":"BreadcrumbList","@id":"https:\/\/ciudadyregion.com.co\/index.php\/abuelo-asesino-asegurado-adulto-mayor-que-le-habria-quitado-la-vida-a-un-joven-en-medio-de-una-rina\/judicial\/#breadcrumb","itemListElement":[{"@type":"ListItem","position":1,"name":"Portada","item":"https:\/\/ciudadyregion.com.co\/"},{"@type":"ListItem","position":2,"name":"Abuelo asesino: Asegurado adulto mayor que le habr\u00eda quitado la vida a un joven en medio de una ri\u00f1a"}]},{"@type":"WebSite","@id":"https:\/\/ciudadyregion.com.co\/#website","url":"https:\/\/ciudadyregion.com.co\/","name":"Ciudad y Region","description":"","potentialAction":[{"@type":"SearchAction","target":{"@type":"EntryPoint","urlTemplate":"https:\/\/ciudadyregion.com.co\/?s={search_term_string}"},"query-input":{"@type":"PropertyValueSpecification","valueRequired":true,"valueName":"search_term_string"}}],"inLanguage":"es"},{"@type":"Person","@id":"https:\/\/ciudadyregion.com.co\/#\/schema\/person\/04a4954373ebc4051f46e8c65ff78622","name":"David Andr\u00e9s Aguirre","image":{"@type":"ImageObject","inLanguage":"es","@id":"https:\/\/ciudadyregion.com.co\/#\/schema\/person\/image\/","url":"https:\/\/secure.gravatar.com\/avatar\/bc3c655860202182ee6d1b5edd042dbe?s=96&d=mm&r=g","contentUrl":"https:\/\/secure.gravatar.com\/avatar\/bc3c655860202182ee6d1b5edd042dbe?s=96&d=mm&r=g","caption":"David Andr\u00e9s Aguirre"},"url":"https:\/\/ciudadyregion.com.co\/index.php\/author\/diegoaguirre\/"}]}},"jetpack_featured_media_url":"https:\/\/i0.wp.com\/ciudadyregion.com.co\/wp-content\/uploads\/2025\/08\/3-89.jpg?fit=800%2C445&ssl=1","jetpack_sharing_enabled":true,"jetpack_shortlink":"https:\/\/wp.me\/pbS7hh-b4D","jetpack-related-posts":[],"_links":{"self":[{"href":"https:\/\/ciudadyregion.com.co\/index.php\/wp-json\/wp\/v2\/posts\/42571"}],"collection":[{"href":"https:\/\/ciudadyregion.com.co\/index.php\/wp-json\/wp\/v2\/posts"}],"about":[{"href":"https:\/\/ciudadyregion.com.co\/index.php\/wp-json\/wp\/v2\/types\/post"}],"author":[{"embeddable":true,"href":"https:\/\/ciudadyregion.com.co\/index.php\/wp-json\/wp\/v2\/users\/2"}],"replies":[{"embeddable":true,"href":"https:\/\/ciudadyregion.com.co\/index.php\/wp-json\/wp\/v2\/comments?post=42571"}],"version-history":[{"count":1,"href":"https:\/\/ciudadyregion.com.co\/index.php\/wp-json\/wp\/v2\/posts\/42571\/revisions"}],"predecessor-version":[{"id":42573,"href":"https:\/\/ciudadyregion.com.co\/index.php\/wp-json\/wp\/v2\/posts\/42571\/revisions\/42573"}],"wp:featuredmedia":[{"embeddable":true,"href":"https:\/\/ciudadyregion.com.co\/index.php\/wp-json\/wp\/v2\/media\/42572"}],"wp:attachment":[{"href":"https:\/\/ciudadyregion.com.co\/index.php\/wp-json\/wp\/v2\/media?parent=42571"}],"wp:term":[{"taxonomy":"category","embeddable":true,"href":"https:\/\/ciudadyregion.com.co\/index.php\/wp-json\/wp\/v2\/categories?post=42571"},{"taxonomy":"post_tag","embeddable":true,"href":"https:\/\/ciudadyregion.com.co\/index.php\/wp-json\/wp\/v2\/tags?post=42571"}],"curies":[{"name":"wp","href":"https:\/\/api.w.org\/{rel}","templated":true}]}}