{"id":42569,"date":"2025-08-15T04:26:22","date_gmt":"2025-08-15T09:26:22","guid":{"rendered":"https:\/\/ciudadyregion.com.co\/?p=42569"},"modified":"2025-08-14T12:27:37","modified_gmt":"2025-08-14T17:27:37","slug":"maltratadores-judicializados-cinco-hombres-por-presuntos-maltratos-a-sus-familiares","status":"publish","type":"post","link":"https:\/\/ciudadyregion.com.co\/index.php\/maltratadores-judicializados-cinco-hombres-por-presuntos-maltratos-a-sus-familiares\/judicial\/","title":{"rendered":"Maltratadores: Judicializados cinco hombres por presuntos maltratos a sus familiares"},"content":{"rendered":"<p>Por solicitud de la Fiscal\u00eda General de la Naci\u00f3n, jueces de control de garant\u00edas impusieron medidas de aseguramiento en centro carcelario contra cinco hombres, por su presunta responsabilidad en el delito de violencia intrafamiliar agravada.<\/p>\n<p>Estos hombres, en hechos diferentes, habr\u00edan maltratado f\u00edsica y psicol\u00f3gicamente a sus excompa\u00f1eras sentimentales y padres. Fueron capturados por servidores del Cuerpo T\u00e9cnico de Investigaci\u00f3n (CTI), con apoyo de la Polic\u00eda Nacional, en Aguazul, Paz de Ariporo y Yopal (Casanare).<\/p>\n<p>Uno de los judicializados, en abril de 2022, lleg\u00f3 a la casa de sus padres, ubicada en Yopal y presuntamente, atac\u00f3 a su pap\u00e1 con armas cortopunzante y contundente. La v\u00edctima recibi\u00f3 una incapacidad m\u00e9dica de 15 d\u00edas.<\/p>\n<p>En otro caso, en enero pasado el presunto agresor lleg\u00f3 a la residencia de su expareja sentimental, a quien atac\u00f3 por la espalda y la golpe\u00f3, sin permitirle defenderse; adem\u00e1s, le reclamaba por no continuar con la relaci\u00f3n.<\/p>\n<p>Ninguno de los procesados acept\u00f3 los cargos imputados por la Fiscal\u00eda<\/p>\n","protected":false},"excerpt":{"rendered":"<p>Por solicitud de la Fiscal\u00eda General de la Naci\u00f3n, jueces de control de garant\u00edas impusieron medidas de aseguramiento en centro carcelario contra cinco hombres, por su presunta responsabilidad en el delito de violencia intrafamiliar agravada. Estos hombres, en hechos diferentes, habr\u00edan maltratado f\u00edsica y psicol\u00f3gicamente a sus excompa\u00f1eras sentimentales y<span class=\"more-link\"><a href=\"https:\/\/ciudadyregion.com.co\/index.php\/maltratadores-judicializados-cinco-hombres-por-presuntos-maltratos-a-sus-familiares\/judicial\/\">Continuar Leyendo<\/a><\/span><\/p>\n","protected":false},"author":2,"featured_media":39439,"comment_status":"open","ping_status":"open","sticky":false,"template":"","format":"standard","meta":{"_uf_show_specific_survey":0,"_uf_disable_surveys":false,"_jetpack_memberships_contains_paid_content":false,"footnotes":"","jetpack_publicize_message":"","jetpack_publicize_feature_enabled":true,"jetpack_social_post_already_shared":true,"jetpack_social_options":{"image_generator_settings":{"template":"highway","enabled":false},"version":2}},"categories":[18],"tags":[],"class_list":["entry","author-diegoaguirre","post-42569","post","type-post","status-publish","format-standard","has-post-thumbnail","category-judicial"],"jetpack_publicize_connections":[],"yoast_head":"<!-- This site is optimized with the Yoast SEO plugin v24.3 - https:\/\/yoast.com\/wordpress\/plugins\/seo\/ -->\n<title>Maltratadores: Judicializados cinco hombres por presuntos maltratos a sus familiares - Ciudad y Region<\/title>\n<meta name=\"robots\" content=\"index, follow, max-snippet:-1, max-image-preview:large, max-video-preview:-1\" \/>\n<link rel=\"canonical\" href=\"https:\/\/ciudadyregion.com.co\/index.php\/maltratadores-judicializados-cinco-hombres-por-presuntos-maltratos-a-sus-familiares\/judicial\/\" \/>\n<meta property=\"og:locale\" content=\"es_ES\" \/>\n<meta property=\"og:type\" content=\"article\" \/>\n<meta property=\"og:title\" content=\"Maltratadores: Judicializados cinco hombres por presuntos maltratos a sus familiares - Ciudad y Region\" \/>\n<meta property=\"og:description\" content=\"Por solicitud de la Fiscal\u00eda General de la Naci\u00f3n, jueces de control de garant\u00edas impusieron medidas de aseguramiento en centro carcelario contra cinco hombres, por su presunta responsabilidad en el delito de violencia intrafamiliar agravada. Estos hombres, en hechos diferentes, habr\u00edan maltratado f\u00edsica y psicol\u00f3gicamente a sus excompa\u00f1eras sentimentales yContinuar Leyendo\" \/>\n<meta property=\"og:url\" content=\"https:\/\/ciudadyregion.com.co\/index.php\/maltratadores-judicializados-cinco-hombres-por-presuntos-maltratos-a-sus-familiares\/judicial\/\" \/>\n<meta property=\"og:site_name\" content=\"Ciudad y Region\" \/>\n<meta property=\"article:published_time\" content=\"2025-08-15T09:26:22+00:00\" \/>\n<meta property=\"article:modified_time\" content=\"2025-08-14T17:27:37+00:00\" \/>\n<meta property=\"og:image\" content=\"https:\/\/i0.wp.com\/ciudadyregion.com.co\/wp-content\/uploads\/2025\/07\/maltrato-violencia.jpg?fit=800%2C445&ssl=1\" \/>\n\t<meta property=\"og:image:width\" content=\"800\" \/>\n\t<meta property=\"og:image:height\" content=\"445\" \/>\n\t<meta property=\"og:image:type\" content=\"image\/jpeg\" \/>\n<meta name=\"author\" content=\"David Andr\u00e9s Aguirre\" \/>\n<meta name=\"twitter:card\" content=\"summary_large_image\" \/>\n<meta name=\"twitter:label1\" content=\"Escrito por\" \/>\n\t<meta name=\"twitter:data1\" content=\"David Andr\u00e9s Aguirre\" \/>\n\t<meta name=\"twitter:label2\" content=\"Tiempo de lectura\" \/>\n\t<meta name=\"twitter:data2\" content=\"1 minuto\" \/>\n<script type=\"application\/ld+json\" class=\"yoast-schema-graph\">{\"@context\":\"https:\/\/schema.org\",\"@graph\":[{\"@type\":\"WebPage\",\"@id\":\"https:\/\/ciudadyregion.com.co\/index.php\/maltratadores-judicializados-cinco-hombres-por-presuntos-maltratos-a-sus-familiares\/judicial\/\",\"url\":\"https:\/\/ciudadyregion.com.co\/index.php\/maltratadores-judicializados-cinco-hombres-por-presuntos-maltratos-a-sus-familiares\/judicial\/\",\"name\":\"Maltratadores: Judicializados cinco hombres por presuntos maltratos a sus familiares - Ciudad y Region\",\"isPartOf\":{\"@id\":\"https:\/\/ciudadyregion.com.co\/#website\"},\"primaryImageOfPage\":{\"@id\":\"https:\/\/ciudadyregion.com.co\/index.php\/maltratadores-judicializados-cinco-hombres-por-presuntos-maltratos-a-sus-familiares\/judicial\/#primaryimage\"},\"image\":{\"@id\":\"https:\/\/ciudadyregion.com.co\/index.php\/maltratadores-judicializados-cinco-hombres-por-presuntos-maltratos-a-sus-familiares\/judicial\/#primaryimage\"},\"thumbnailUrl\":\"https:\/\/i0.wp.com\/ciudadyregion.com.co\/wp-content\/uploads\/2025\/07\/maltrato-violencia.jpg?fit=800%2C445&ssl=1\",\"datePublished\":\"2025-08-15T09:26:22+00:00\",\"dateModified\":\"2025-08-14T17:27:37+00:00\",\"author\":{\"@id\":\"https:\/\/ciudadyregion.com.co\/#\/schema\/person\/04a4954373ebc4051f46e8c65ff78622\"},\"breadcrumb\":{\"@id\":\"https:\/\/ciudadyregion.com.co\/index.php\/maltratadores-judicializados-cinco-hombres-por-presuntos-maltratos-a-sus-familiares\/judicial\/#breadcrumb\"},\"inLanguage\":\"es\",\"potentialAction\":[{\"@type\":\"ReadAction\",\"target\":[\"https:\/\/ciudadyregion.com.co\/index.php\/maltratadores-judicializados-cinco-hombres-por-presuntos-maltratos-a-sus-familiares\/judicial\/\"]}]},{\"@type\":\"ImageObject\",\"inLanguage\":\"es\",\"@id\":\"https:\/\/ciudadyregion.com.co\/index.php\/maltratadores-judicializados-cinco-hombres-por-presuntos-maltratos-a-sus-familiares\/judicial\/#primaryimage\",\"url\":\"https:\/\/i0.wp.com\/ciudadyregion.com.co\/wp-content\/uploads\/2025\/07\/maltrato-violencia.jpg?fit=800%2C445&ssl=1\",\"contentUrl\":\"https:\/\/i0.wp.com\/ciudadyregion.com.co\/wp-content\/uploads\/2025\/07\/maltrato-violencia.jpg?fit=800%2C445&ssl=1\",\"width\":800,\"height\":445},{\"@type\":\"BreadcrumbList\",\"@id\":\"https:\/\/ciudadyregion.com.co\/index.php\/maltratadores-judicializados-cinco-hombres-por-presuntos-maltratos-a-sus-familiares\/judicial\/#breadcrumb\",\"itemListElement\":[{\"@type\":\"ListItem\",\"position\":1,\"name\":\"Portada\",\"item\":\"https:\/\/ciudadyregion.com.co\/\"},{\"@type\":\"ListItem\",\"position\":2,\"name\":\"Maltratadores: Judicializados cinco hombres por presuntos maltratos a sus familiares\"}]},{\"@type\":\"WebSite\",\"@id\":\"https:\/\/ciudadyregion.com.co\/#website\",\"url\":\"https:\/\/ciudadyregion.com.co\/\",\"name\":\"Ciudad y Region\",\"description\":\"\",\"potentialAction\":[{\"@type\":\"SearchAction\",\"target\":{\"@type\":\"EntryPoint\",\"urlTemplate\":\"https:\/\/ciudadyregion.com.co\/?s={search_term_string}\"},\"query-input\":{\"@type\":\"PropertyValueSpecification\",\"valueRequired\":true,\"valueName\":\"search_term_string\"}}],\"inLanguage\":\"es\"},{\"@type\":\"Person\",\"@id\":\"https:\/\/ciudadyregion.com.co\/#\/schema\/person\/04a4954373ebc4051f46e8c65ff78622\",\"name\":\"David Andr\u00e9s Aguirre\",\"image\":{\"@type\":\"ImageObject\",\"inLanguage\":\"es\",\"@id\":\"https:\/\/ciudadyregion.com.co\/#\/schema\/person\/image\/\",\"url\":\"https:\/\/secure.gravatar.com\/avatar\/bc3c655860202182ee6d1b5edd042dbe?s=96&d=mm&r=g\",\"contentUrl\":\"https:\/\/secure.gravatar.com\/avatar\/bc3c655860202182ee6d1b5edd042dbe?s=96&d=mm&r=g\",\"caption\":\"David Andr\u00e9s Aguirre\"},\"url\":\"https:\/\/ciudadyregion.com.co\/index.php\/author\/diegoaguirre\/\"}]}<\/script>\n<!-- \/ Yoast SEO plugin. -->","yoast_head_json":{"title":"Maltratadores: Judicializados cinco hombres por presuntos maltratos a sus familiares - Ciudad y Region","robots":{"index":"index","follow":"follow","max-snippet":"max-snippet:-1","max-image-preview":"max-image-preview:large","max-video-preview":"max-video-preview:-1"},"canonical":"https:\/\/ciudadyregion.com.co\/index.php\/maltratadores-judicializados-cinco-hombres-por-presuntos-maltratos-a-sus-familiares\/judicial\/","og_locale":"es_ES","og_type":"article","og_title":"Maltratadores: Judicializados cinco hombres por presuntos maltratos a sus familiares - Ciudad y Region","og_description":"Por solicitud de la Fiscal\u00eda General de la Naci\u00f3n, jueces de control de garant\u00edas impusieron medidas de aseguramiento en centro carcelario contra cinco hombres, por su presunta responsabilidad en el delito de violencia intrafamiliar agravada. Estos hombres, en hechos diferentes, habr\u00edan maltratado f\u00edsica y psicol\u00f3gicamente a sus excompa\u00f1eras sentimentales yContinuar Leyendo","og_url":"https:\/\/ciudadyregion.com.co\/index.php\/maltratadores-judicializados-cinco-hombres-por-presuntos-maltratos-a-sus-familiares\/judicial\/","og_site_name":"Ciudad y Region","article_published_time":"2025-08-15T09:26:22+00:00","article_modified_time":"2025-08-14T17:27:37+00:00","og_image":[{"width":800,"height":445,"url":"https:\/\/i0.wp.com\/ciudadyregion.com.co\/wp-content\/uploads\/2025\/07\/maltrato-violencia.jpg?fit=800%2C445&ssl=1","type":"image\/jpeg"}],"author":"David Andr\u00e9s Aguirre","twitter_card":"summary_large_image","twitter_misc":{"Escrito por":"David Andr\u00e9s Aguirre","Tiempo de lectura":"1 minuto"},"schema":{"@context":"https:\/\/schema.org","@graph":[{"@type":"WebPage","@id":"https:\/\/ciudadyregion.com.co\/index.php\/maltratadores-judicializados-cinco-hombres-por-presuntos-maltratos-a-sus-familiares\/judicial\/","url":"https:\/\/ciudadyregion.com.co\/index.php\/maltratadores-judicializados-cinco-hombres-por-presuntos-maltratos-a-sus-familiares\/judicial\/","name":"Maltratadores: Judicializados cinco hombres por presuntos maltratos a sus familiares - Ciudad y Region","isPartOf":{"@id":"https:\/\/ciudadyregion.com.co\/#website"},"primaryImageOfPage":{"@id":"https:\/\/ciudadyregion.com.co\/index.php\/maltratadores-judicializados-cinco-hombres-por-presuntos-maltratos-a-sus-familiares\/judicial\/#primaryimage"},"image":{"@id":"https:\/\/ciudadyregion.com.co\/index.php\/maltratadores-judicializados-cinco-hombres-por-presuntos-maltratos-a-sus-familiares\/judicial\/#primaryimage"},"thumbnailUrl":"https:\/\/i0.wp.com\/ciudadyregion.com.co\/wp-content\/uploads\/2025\/07\/maltrato-violencia.jpg?fit=800%2C445&ssl=1","datePublished":"2025-08-15T09:26:22+00:00","dateModified":"2025-08-14T17:27:37+00:00","author":{"@id":"https:\/\/ciudadyregion.com.co\/#\/schema\/person\/04a4954373ebc4051f46e8c65ff78622"},"breadcrumb":{"@id":"https:\/\/ciudadyregion.com.co\/index.php\/maltratadores-judicializados-cinco-hombres-por-presuntos-maltratos-a-sus-familiares\/judicial\/#breadcrumb"},"inLanguage":"es","potentialAction":[{"@type":"ReadAction","target":["https:\/\/ciudadyregion.com.co\/index.php\/maltratadores-judicializados-cinco-hombres-por-presuntos-maltratos-a-sus-familiares\/judicial\/"]}]},{"@type":"ImageObject","inLanguage":"es","@id":"https:\/\/ciudadyregion.com.co\/index.php\/maltratadores-judicializados-cinco-hombres-por-presuntos-maltratos-a-sus-familiares\/judicial\/#primaryimage","url":"https:\/\/i0.wp.com\/ciudadyregion.com.co\/wp-content\/uploads\/2025\/07\/maltrato-violencia.jpg?fit=800%2C445&ssl=1","contentUrl":"https:\/\/i0.wp.com\/ciudadyregion.com.co\/wp-content\/uploads\/2025\/07\/maltrato-violencia.jpg?fit=800%2C445&ssl=1","width":800,"height":445},{"@type":"BreadcrumbList","@id":"https:\/\/ciudadyregion.com.co\/index.php\/maltratadores-judicializados-cinco-hombres-por-presuntos-maltratos-a-sus-familiares\/judicial\/#breadcrumb","itemListElement":[{"@type":"ListItem","position":1,"name":"Portada","item":"https:\/\/ciudadyregion.com.co\/"},{"@type":"ListItem","position":2,"name":"Maltratadores: Judicializados cinco hombres por presuntos maltratos a sus familiares"}]},{"@type":"WebSite","@id":"https:\/\/ciudadyregion.com.co\/#website","url":"https:\/\/ciudadyregion.com.co\/","name":"Ciudad y Region","description":"","potentialAction":[{"@type":"SearchAction","target":{"@type":"EntryPoint","urlTemplate":"https:\/\/ciudadyregion.com.co\/?s={search_term_string}"},"query-input":{"@type":"PropertyValueSpecification","valueRequired":true,"valueName":"search_term_string"}}],"inLanguage":"es"},{"@type":"Person","@id":"https:\/\/ciudadyregion.com.co\/#\/schema\/person\/04a4954373ebc4051f46e8c65ff78622","name":"David Andr\u00e9s Aguirre","image":{"@type":"ImageObject","inLanguage":"es","@id":"https:\/\/ciudadyregion.com.co\/#\/schema\/person\/image\/","url":"https:\/\/secure.gravatar.com\/avatar\/bc3c655860202182ee6d1b5edd042dbe?s=96&d=mm&r=g","contentUrl":"https:\/\/secure.gravatar.com\/avatar\/bc3c655860202182ee6d1b5edd042dbe?s=96&d=mm&r=g","caption":"David Andr\u00e9s Aguirre"},"url":"https:\/\/ciudadyregion.com.co\/index.php\/author\/diegoaguirre\/"}]}},"jetpack_featured_media_url":"https:\/\/i0.wp.com\/ciudadyregion.com.co\/wp-content\/uploads\/2025\/07\/maltrato-violencia.jpg?fit=800%2C445&ssl=1","jetpack_sharing_enabled":true,"jetpack_shortlink":"https:\/\/wp.me\/pbS7hh-b4B","jetpack-related-posts":[],"_links":{"self":[{"href":"https:\/\/ciudadyregion.com.co\/index.php\/wp-json\/wp\/v2\/posts\/42569"}],"collection":[{"href":"https:\/\/ciudadyregion.com.co\/index.php\/wp-json\/wp\/v2\/posts"}],"about":[{"href":"https:\/\/ciudadyregion.com.co\/index.php\/wp-json\/wp\/v2\/types\/post"}],"author":[{"embeddable":true,"href":"https:\/\/ciudadyregion.com.co\/index.php\/wp-json\/wp\/v2\/users\/2"}],"replies":[{"embeddable":true,"href":"https:\/\/ciudadyregion.com.co\/index.php\/wp-json\/wp\/v2\/comments?post=42569"}],"version-history":[{"count":1,"href":"https:\/\/ciudadyregion.com.co\/index.php\/wp-json\/wp\/v2\/posts\/42569\/revisions"}],"predecessor-version":[{"id":42570,"href":"https:\/\/ciudadyregion.com.co\/index.php\/wp-json\/wp\/v2\/posts\/42569\/revisions\/42570"}],"wp:featuredmedia":[{"embeddable":true,"href":"https:\/\/ciudadyregion.com.co\/index.php\/wp-json\/wp\/v2\/media\/39439"}],"wp:attachment":[{"href":"https:\/\/ciudadyregion.com.co\/index.php\/wp-json\/wp\/v2\/media?parent=42569"}],"wp:term":[{"taxonomy":"category","embeddable":true,"href":"https:\/\/ciudadyregion.com.co\/index.php\/wp-json\/wp\/v2\/categories?post=42569"},{"taxonomy":"post_tag","embeddable":true,"href":"https:\/\/ciudadyregion.com.co\/index.php\/wp-json\/wp\/v2\/tags?post=42569"}],"curies":[{"name":"wp","href":"https:\/\/api.w.org\/{rel}","templated":true}]}}