{"id":42567,"date":"2025-08-15T04:21:40","date_gmt":"2025-08-15T09:21:40","guid":{"rendered":"https:\/\/ciudadyregion.com.co\/?p=42567"},"modified":"2025-08-14T12:22:22","modified_gmt":"2025-08-14T17:22:22","slug":"confirmada-condena-a-16-anos-de-prision-contra-profesor-que-abuso-sexualmente-de-una-estudiante-menor-de-edad","status":"publish","type":"post","link":"https:\/\/ciudadyregion.com.co\/index.php\/confirmada-condena-a-16-anos-de-prision-contra-profesor-que-abuso-sexualmente-de-una-estudiante-menor-de-edad\/judicial\/","title":{"rendered":"Confirmada condena a 16 a\u00f1os de prisi\u00f3n contra profesor que abus\u00f3 sexualmente de una estudiante menor de edad"},"content":{"rendered":"<p>Las pruebas presentadas por la Fiscal\u00eda General de la Naci\u00f3n permitieron que el Tribunal Superior de Neiva ratificara la condena contra C\u00e9sar Augusto Quintero Amaya, responsable de abusar sexualmente de una estudiante de 12 a\u00f1os.<\/p>\n<p>Este hombre fue declarado culpable del delito de acceso carnal abusivo con menor de 14 a\u00f1os agravado. La decisi\u00f3n en primera instancia se conoci\u00f3 el 30 de abril del a\u00f1o 2021 cuando fue condenado a 16 a\u00f1os de prisi\u00f3n e inhabilitado para ejercer cargos p\u00fablicos por el mismo tiempo de la pena principal.<\/p>\n<p>La Fiscal\u00eda demostr\u00f3 que, los hechos ocurrieron en febrero de 2012, en Baraya (Huila), donde la v\u00edctima asist\u00eda a clases dictadas por Quintero Amaya. Un d\u00eda, el agresor cerr\u00f3 la puerta del sal\u00f3n, tom\u00f3 a la estudiante por la fuerza y la atac\u00f3. Producto del abuso qued\u00f3 en embarazo.<\/p>\n<p>La decisi\u00f3n qued\u00f3 en firme.<\/p>\n","protected":false},"excerpt":{"rendered":"<p>Las pruebas presentadas por la Fiscal\u00eda General de la Naci\u00f3n permitieron que el Tribunal Superior de Neiva ratificara la condena contra C\u00e9sar Augusto Quintero Amaya, responsable de abusar sexualmente de una estudiante de 12 a\u00f1os. Este hombre fue declarado culpable del delito de acceso carnal abusivo con menor de 14<span class=\"more-link\"><a href=\"https:\/\/ciudadyregion.com.co\/index.php\/confirmada-condena-a-16-anos-de-prision-contra-profesor-que-abuso-sexualmente-de-una-estudiante-menor-de-edad\/judicial\/\">Continuar Leyendo<\/a><\/span><\/p>\n","protected":false},"author":2,"featured_media":21901,"comment_status":"open","ping_status":"open","sticky":false,"template":"","format":"standard","meta":{"_uf_show_specific_survey":0,"_uf_disable_surveys":false,"_jetpack_memberships_contains_paid_content":false,"footnotes":"","jetpack_publicize_message":"","jetpack_publicize_feature_enabled":true,"jetpack_social_post_already_shared":true,"jetpack_social_options":{"image_generator_settings":{"template":"highway","enabled":false},"version":2}},"categories":[18],"tags":[],"class_list":["entry","author-diegoaguirre","post-42567","post","type-post","status-publish","format-standard","has-post-thumbnail","category-judicial"],"jetpack_publicize_connections":[],"yoast_head":"<!-- This site is optimized with the Yoast SEO plugin v24.3 - https:\/\/yoast.com\/wordpress\/plugins\/seo\/ -->\n<title>Confirmada condena a 16 a\u00f1os de prisi\u00f3n contra profesor que abus\u00f3 sexualmente de una estudiante menor de edad - Ciudad y Region<\/title>\n<meta name=\"robots\" content=\"index, follow, max-snippet:-1, max-image-preview:large, max-video-preview:-1\" \/>\n<link rel=\"canonical\" href=\"https:\/\/ciudadyregion.com.co\/index.php\/confirmada-condena-a-16-anos-de-prision-contra-profesor-que-abuso-sexualmente-de-una-estudiante-menor-de-edad\/judicial\/\" \/>\n<meta property=\"og:locale\" content=\"es_ES\" \/>\n<meta property=\"og:type\" content=\"article\" \/>\n<meta property=\"og:title\" content=\"Confirmada condena a 16 a\u00f1os de prisi\u00f3n contra profesor que abus\u00f3 sexualmente de una estudiante menor de edad - Ciudad y Region\" \/>\n<meta property=\"og:description\" content=\"Las pruebas presentadas por la Fiscal\u00eda General de la Naci\u00f3n permitieron que el Tribunal Superior de Neiva ratificara la condena contra C\u00e9sar Augusto Quintero Amaya, responsable de abusar sexualmente de una estudiante de 12 a\u00f1os. Este hombre fue declarado culpable del delito de acceso carnal abusivo con menor de 14Continuar Leyendo\" \/>\n<meta property=\"og:url\" content=\"https:\/\/ciudadyregion.com.co\/index.php\/confirmada-condena-a-16-anos-de-prision-contra-profesor-que-abuso-sexualmente-de-una-estudiante-menor-de-edad\/judicial\/\" \/>\n<meta property=\"og:site_name\" content=\"Ciudad y Region\" \/>\n<meta property=\"article:published_time\" content=\"2025-08-15T09:21:40+00:00\" \/>\n<meta property=\"article:modified_time\" content=\"2025-08-14T17:22:22+00:00\" \/>\n<meta property=\"og:image\" content=\"https:\/\/i0.wp.com\/ciudadyregion.com.co\/wp-content\/uploads\/2024\/09\/docente-profesor-abuso-violacion.jpg?fit=800%2C445&ssl=1\" \/>\n\t<meta property=\"og:image:width\" content=\"800\" \/>\n\t<meta property=\"og:image:height\" content=\"445\" \/>\n\t<meta property=\"og:image:type\" content=\"image\/jpeg\" \/>\n<meta name=\"author\" content=\"David Andr\u00e9s Aguirre\" \/>\n<meta name=\"twitter:card\" content=\"summary_large_image\" \/>\n<meta name=\"twitter:label1\" content=\"Escrito por\" \/>\n\t<meta name=\"twitter:data1\" content=\"David Andr\u00e9s Aguirre\" \/>\n\t<meta name=\"twitter:label2\" content=\"Tiempo de lectura\" \/>\n\t<meta name=\"twitter:data2\" content=\"1 minuto\" \/>\n<script type=\"application\/ld+json\" class=\"yoast-schema-graph\">{\"@context\":\"https:\/\/schema.org\",\"@graph\":[{\"@type\":\"WebPage\",\"@id\":\"https:\/\/ciudadyregion.com.co\/index.php\/confirmada-condena-a-16-anos-de-prision-contra-profesor-que-abuso-sexualmente-de-una-estudiante-menor-de-edad\/judicial\/\",\"url\":\"https:\/\/ciudadyregion.com.co\/index.php\/confirmada-condena-a-16-anos-de-prision-contra-profesor-que-abuso-sexualmente-de-una-estudiante-menor-de-edad\/judicial\/\",\"name\":\"Confirmada condena a 16 a\u00f1os de prisi\u00f3n contra profesor que abus\u00f3 sexualmente de una estudiante menor de edad - Ciudad y Region\",\"isPartOf\":{\"@id\":\"https:\/\/ciudadyregion.com.co\/#website\"},\"primaryImageOfPage\":{\"@id\":\"https:\/\/ciudadyregion.com.co\/index.php\/confirmada-condena-a-16-anos-de-prision-contra-profesor-que-abuso-sexualmente-de-una-estudiante-menor-de-edad\/judicial\/#primaryimage\"},\"image\":{\"@id\":\"https:\/\/ciudadyregion.com.co\/index.php\/confirmada-condena-a-16-anos-de-prision-contra-profesor-que-abuso-sexualmente-de-una-estudiante-menor-de-edad\/judicial\/#primaryimage\"},\"thumbnailUrl\":\"https:\/\/i0.wp.com\/ciudadyregion.com.co\/wp-content\/uploads\/2024\/09\/docente-profesor-abuso-violacion.jpg?fit=800%2C445&ssl=1\",\"datePublished\":\"2025-08-15T09:21:40+00:00\",\"dateModified\":\"2025-08-14T17:22:22+00:00\",\"author\":{\"@id\":\"https:\/\/ciudadyregion.com.co\/#\/schema\/person\/04a4954373ebc4051f46e8c65ff78622\"},\"breadcrumb\":{\"@id\":\"https:\/\/ciudadyregion.com.co\/index.php\/confirmada-condena-a-16-anos-de-prision-contra-profesor-que-abuso-sexualmente-de-una-estudiante-menor-de-edad\/judicial\/#breadcrumb\"},\"inLanguage\":\"es\",\"potentialAction\":[{\"@type\":\"ReadAction\",\"target\":[\"https:\/\/ciudadyregion.com.co\/index.php\/confirmada-condena-a-16-anos-de-prision-contra-profesor-que-abuso-sexualmente-de-una-estudiante-menor-de-edad\/judicial\/\"]}]},{\"@type\":\"ImageObject\",\"inLanguage\":\"es\",\"@id\":\"https:\/\/ciudadyregion.com.co\/index.php\/confirmada-condena-a-16-anos-de-prision-contra-profesor-que-abuso-sexualmente-de-una-estudiante-menor-de-edad\/judicial\/#primaryimage\",\"url\":\"https:\/\/i0.wp.com\/ciudadyregion.com.co\/wp-content\/uploads\/2024\/09\/docente-profesor-abuso-violacion.jpg?fit=800%2C445&ssl=1\",\"contentUrl\":\"https:\/\/i0.wp.com\/ciudadyregion.com.co\/wp-content\/uploads\/2024\/09\/docente-profesor-abuso-violacion.jpg?fit=800%2C445&ssl=1\",\"width\":800,\"height\":445},{\"@type\":\"BreadcrumbList\",\"@id\":\"https:\/\/ciudadyregion.com.co\/index.php\/confirmada-condena-a-16-anos-de-prision-contra-profesor-que-abuso-sexualmente-de-una-estudiante-menor-de-edad\/judicial\/#breadcrumb\",\"itemListElement\":[{\"@type\":\"ListItem\",\"position\":1,\"name\":\"Portada\",\"item\":\"https:\/\/ciudadyregion.com.co\/\"},{\"@type\":\"ListItem\",\"position\":2,\"name\":\"Confirmada condena a 16 a\u00f1os de prisi\u00f3n contra profesor que abus\u00f3 sexualmente de una estudiante menor de edad\"}]},{\"@type\":\"WebSite\",\"@id\":\"https:\/\/ciudadyregion.com.co\/#website\",\"url\":\"https:\/\/ciudadyregion.com.co\/\",\"name\":\"Ciudad y Region\",\"description\":\"\",\"potentialAction\":[{\"@type\":\"SearchAction\",\"target\":{\"@type\":\"EntryPoint\",\"urlTemplate\":\"https:\/\/ciudadyregion.com.co\/?s={search_term_string}\"},\"query-input\":{\"@type\":\"PropertyValueSpecification\",\"valueRequired\":true,\"valueName\":\"search_term_string\"}}],\"inLanguage\":\"es\"},{\"@type\":\"Person\",\"@id\":\"https:\/\/ciudadyregion.com.co\/#\/schema\/person\/04a4954373ebc4051f46e8c65ff78622\",\"name\":\"David Andr\u00e9s Aguirre\",\"image\":{\"@type\":\"ImageObject\",\"inLanguage\":\"es\",\"@id\":\"https:\/\/ciudadyregion.com.co\/#\/schema\/person\/image\/\",\"url\":\"https:\/\/secure.gravatar.com\/avatar\/bc3c655860202182ee6d1b5edd042dbe?s=96&d=mm&r=g\",\"contentUrl\":\"https:\/\/secure.gravatar.com\/avatar\/bc3c655860202182ee6d1b5edd042dbe?s=96&d=mm&r=g\",\"caption\":\"David Andr\u00e9s Aguirre\"},\"url\":\"https:\/\/ciudadyregion.com.co\/index.php\/author\/diegoaguirre\/\"}]}<\/script>\n<!-- \/ Yoast SEO plugin. -->","yoast_head_json":{"title":"Confirmada condena a 16 a\u00f1os de prisi\u00f3n contra profesor que abus\u00f3 sexualmente de una estudiante menor de edad - Ciudad y Region","robots":{"index":"index","follow":"follow","max-snippet":"max-snippet:-1","max-image-preview":"max-image-preview:large","max-video-preview":"max-video-preview:-1"},"canonical":"https:\/\/ciudadyregion.com.co\/index.php\/confirmada-condena-a-16-anos-de-prision-contra-profesor-que-abuso-sexualmente-de-una-estudiante-menor-de-edad\/judicial\/","og_locale":"es_ES","og_type":"article","og_title":"Confirmada condena a 16 a\u00f1os de prisi\u00f3n contra profesor que abus\u00f3 sexualmente de una estudiante menor de edad - Ciudad y Region","og_description":"Las pruebas presentadas por la Fiscal\u00eda General de la Naci\u00f3n permitieron que el Tribunal Superior de Neiva ratificara la condena contra C\u00e9sar Augusto Quintero Amaya, responsable de abusar sexualmente de una estudiante de 12 a\u00f1os. Este hombre fue declarado culpable del delito de acceso carnal abusivo con menor de 14Continuar Leyendo","og_url":"https:\/\/ciudadyregion.com.co\/index.php\/confirmada-condena-a-16-anos-de-prision-contra-profesor-que-abuso-sexualmente-de-una-estudiante-menor-de-edad\/judicial\/","og_site_name":"Ciudad y Region","article_published_time":"2025-08-15T09:21:40+00:00","article_modified_time":"2025-08-14T17:22:22+00:00","og_image":[{"width":800,"height":445,"url":"https:\/\/i0.wp.com\/ciudadyregion.com.co\/wp-content\/uploads\/2024\/09\/docente-profesor-abuso-violacion.jpg?fit=800%2C445&ssl=1","type":"image\/jpeg"}],"author":"David Andr\u00e9s Aguirre","twitter_card":"summary_large_image","twitter_misc":{"Escrito por":"David Andr\u00e9s Aguirre","Tiempo de lectura":"1 minuto"},"schema":{"@context":"https:\/\/schema.org","@graph":[{"@type":"WebPage","@id":"https:\/\/ciudadyregion.com.co\/index.php\/confirmada-condena-a-16-anos-de-prision-contra-profesor-que-abuso-sexualmente-de-una-estudiante-menor-de-edad\/judicial\/","url":"https:\/\/ciudadyregion.com.co\/index.php\/confirmada-condena-a-16-anos-de-prision-contra-profesor-que-abuso-sexualmente-de-una-estudiante-menor-de-edad\/judicial\/","name":"Confirmada condena a 16 a\u00f1os de prisi\u00f3n contra profesor que abus\u00f3 sexualmente de una estudiante menor de edad - Ciudad y Region","isPartOf":{"@id":"https:\/\/ciudadyregion.com.co\/#website"},"primaryImageOfPage":{"@id":"https:\/\/ciudadyregion.com.co\/index.php\/confirmada-condena-a-16-anos-de-prision-contra-profesor-que-abuso-sexualmente-de-una-estudiante-menor-de-edad\/judicial\/#primaryimage"},"image":{"@id":"https:\/\/ciudadyregion.com.co\/index.php\/confirmada-condena-a-16-anos-de-prision-contra-profesor-que-abuso-sexualmente-de-una-estudiante-menor-de-edad\/judicial\/#primaryimage"},"thumbnailUrl":"https:\/\/i0.wp.com\/ciudadyregion.com.co\/wp-content\/uploads\/2024\/09\/docente-profesor-abuso-violacion.jpg?fit=800%2C445&ssl=1","datePublished":"2025-08-15T09:21:40+00:00","dateModified":"2025-08-14T17:22:22+00:00","author":{"@id":"https:\/\/ciudadyregion.com.co\/#\/schema\/person\/04a4954373ebc4051f46e8c65ff78622"},"breadcrumb":{"@id":"https:\/\/ciudadyregion.com.co\/index.php\/confirmada-condena-a-16-anos-de-prision-contra-profesor-que-abuso-sexualmente-de-una-estudiante-menor-de-edad\/judicial\/#breadcrumb"},"inLanguage":"es","potentialAction":[{"@type":"ReadAction","target":["https:\/\/ciudadyregion.com.co\/index.php\/confirmada-condena-a-16-anos-de-prision-contra-profesor-que-abuso-sexualmente-de-una-estudiante-menor-de-edad\/judicial\/"]}]},{"@type":"ImageObject","inLanguage":"es","@id":"https:\/\/ciudadyregion.com.co\/index.php\/confirmada-condena-a-16-anos-de-prision-contra-profesor-que-abuso-sexualmente-de-una-estudiante-menor-de-edad\/judicial\/#primaryimage","url":"https:\/\/i0.wp.com\/ciudadyregion.com.co\/wp-content\/uploads\/2024\/09\/docente-profesor-abuso-violacion.jpg?fit=800%2C445&ssl=1","contentUrl":"https:\/\/i0.wp.com\/ciudadyregion.com.co\/wp-content\/uploads\/2024\/09\/docente-profesor-abuso-violacion.jpg?fit=800%2C445&ssl=1","width":800,"height":445},{"@type":"BreadcrumbList","@id":"https:\/\/ciudadyregion.com.co\/index.php\/confirmada-condena-a-16-anos-de-prision-contra-profesor-que-abuso-sexualmente-de-una-estudiante-menor-de-edad\/judicial\/#breadcrumb","itemListElement":[{"@type":"ListItem","position":1,"name":"Portada","item":"https:\/\/ciudadyregion.com.co\/"},{"@type":"ListItem","position":2,"name":"Confirmada condena a 16 a\u00f1os de prisi\u00f3n contra profesor que abus\u00f3 sexualmente de una estudiante menor de edad"}]},{"@type":"WebSite","@id":"https:\/\/ciudadyregion.com.co\/#website","url":"https:\/\/ciudadyregion.com.co\/","name":"Ciudad y Region","description":"","potentialAction":[{"@type":"SearchAction","target":{"@type":"EntryPoint","urlTemplate":"https:\/\/ciudadyregion.com.co\/?s={search_term_string}"},"query-input":{"@type":"PropertyValueSpecification","valueRequired":true,"valueName":"search_term_string"}}],"inLanguage":"es"},{"@type":"Person","@id":"https:\/\/ciudadyregion.com.co\/#\/schema\/person\/04a4954373ebc4051f46e8c65ff78622","name":"David Andr\u00e9s Aguirre","image":{"@type":"ImageObject","inLanguage":"es","@id":"https:\/\/ciudadyregion.com.co\/#\/schema\/person\/image\/","url":"https:\/\/secure.gravatar.com\/avatar\/bc3c655860202182ee6d1b5edd042dbe?s=96&d=mm&r=g","contentUrl":"https:\/\/secure.gravatar.com\/avatar\/bc3c655860202182ee6d1b5edd042dbe?s=96&d=mm&r=g","caption":"David Andr\u00e9s Aguirre"},"url":"https:\/\/ciudadyregion.com.co\/index.php\/author\/diegoaguirre\/"}]}},"jetpack_featured_media_url":"https:\/\/i0.wp.com\/ciudadyregion.com.co\/wp-content\/uploads\/2024\/09\/docente-profesor-abuso-violacion.jpg?fit=800%2C445&ssl=1","jetpack_sharing_enabled":true,"jetpack_shortlink":"https:\/\/wp.me\/pbS7hh-b4z","jetpack-related-posts":[],"_links":{"self":[{"href":"https:\/\/ciudadyregion.com.co\/index.php\/wp-json\/wp\/v2\/posts\/42567"}],"collection":[{"href":"https:\/\/ciudadyregion.com.co\/index.php\/wp-json\/wp\/v2\/posts"}],"about":[{"href":"https:\/\/ciudadyregion.com.co\/index.php\/wp-json\/wp\/v2\/types\/post"}],"author":[{"embeddable":true,"href":"https:\/\/ciudadyregion.com.co\/index.php\/wp-json\/wp\/v2\/users\/2"}],"replies":[{"embeddable":true,"href":"https:\/\/ciudadyregion.com.co\/index.php\/wp-json\/wp\/v2\/comments?post=42567"}],"version-history":[{"count":1,"href":"https:\/\/ciudadyregion.com.co\/index.php\/wp-json\/wp\/v2\/posts\/42567\/revisions"}],"predecessor-version":[{"id":42568,"href":"https:\/\/ciudadyregion.com.co\/index.php\/wp-json\/wp\/v2\/posts\/42567\/revisions\/42568"}],"wp:featuredmedia":[{"embeddable":true,"href":"https:\/\/ciudadyregion.com.co\/index.php\/wp-json\/wp\/v2\/media\/21901"}],"wp:attachment":[{"href":"https:\/\/ciudadyregion.com.co\/index.php\/wp-json\/wp\/v2\/media?parent=42567"}],"wp:term":[{"taxonomy":"category","embeddable":true,"href":"https:\/\/ciudadyregion.com.co\/index.php\/wp-json\/wp\/v2\/categories?post=42567"},{"taxonomy":"post_tag","embeddable":true,"href":"https:\/\/ciudadyregion.com.co\/index.php\/wp-json\/wp\/v2\/tags?post=42567"}],"curies":[{"name":"wp","href":"https:\/\/api.w.org\/{rel}","templated":true}]}}