{"id":42561,"date":"2025-08-15T04:17:21","date_gmt":"2025-08-15T09:17:21","guid":{"rendered":"https:\/\/ciudadyregion.com.co\/?p=42561"},"modified":"2025-08-14T12:19:11","modified_gmt":"2025-08-14T17:19:11","slug":"afectado-grupo-delincuencial-involucrado-en-trafico-local-de-estupefacientes-en-san-francisco-cundinamarca","status":"publish","type":"post","link":"https:\/\/ciudadyregion.com.co\/index.php\/afectado-grupo-delincuencial-involucrado-en-trafico-local-de-estupefacientes-en-san-francisco-cundinamarca\/judicial\/","title":{"rendered":"Afectado grupo delincuencial involucrado en tr\u00e1fico local de estupefacientes en San Francisco Cundinamarca"},"content":{"rendered":"<p>La Fiscal\u00eda General de la Naci\u00f3n judicializ\u00f3 ocho presuntos integrantes del grupo delincuencial Los Santos, que estar\u00edan involucrados en el tr\u00e1fico local de sustancias estupefacientes en San Francisco (Cundinamarca), en hechos ocurridos desde septiembre de 2024.<\/p>\n<p>Una fiscal de la Estructura de Apoyo (EDA) de la Seccional Cundinamarca les imput\u00f3 los delitos de concierto para delinquir agravado, y tr\u00e1fico, fabricaci\u00f3n o porte de estupefacientes. Ninguno de los procesados acept\u00f3 los cargos.<\/p>\n<p>La investigaci\u00f3n evidenci\u00f3 que estas personas, al parecer, se encargaban de la venta y distribuci\u00f3n de alucin\u00f3genos en puntos fijos, concertados con los compradores, y a domicilio.<\/p>\n<p>Tambi\u00e9n se pudo establecer, que las actividades il\u00edcitas las estar\u00edan ejecutando en el barrio Centro, parque principal, plaza de ganado, y en los sectores del cementerio y las corralejas del municipio.<\/p>\n<p>Los judicializados son Dora Ivonne Arango Abello, Johan Mauricio P\u00e9rez Arango, Cindy Ang\u00e9lica Arango Bello, Hamilton Torres Torres, Riyer Contreras Cabana, Alfonso Ar\u00e9valo Medina, Jos\u00e9 Santos Herrera L\u00f3pez y Eder Luis Miranda Julio.<\/p>\n<p>Un juez de control de garant\u00edas impuso medida de aseguramiento en centro<\/p>\n","protected":false},"excerpt":{"rendered":"<p>La Fiscal\u00eda General de la Naci\u00f3n judicializ\u00f3 ocho presuntos integrantes del grupo delincuencial Los Santos, que estar\u00edan involucrados en el tr\u00e1fico local de sustancias estupefacientes en San Francisco (Cundinamarca), en hechos ocurridos desde septiembre de 2024. Una fiscal de la Estructura de Apoyo (EDA) de la Seccional Cundinamarca les imput\u00f3<span class=\"more-link\"><a href=\"https:\/\/ciudadyregion.com.co\/index.php\/afectado-grupo-delincuencial-involucrado-en-trafico-local-de-estupefacientes-en-san-francisco-cundinamarca\/judicial\/\">Continuar Leyendo<\/a><\/span><\/p>\n","protected":false},"author":2,"featured_media":42562,"comment_status":"open","ping_status":"open","sticky":false,"template":"","format":"standard","meta":{"_uf_show_specific_survey":0,"_uf_disable_surveys":false,"_jetpack_memberships_contains_paid_content":false,"footnotes":"","jetpack_publicize_message":"","jetpack_publicize_feature_enabled":true,"jetpack_social_post_already_shared":true,"jetpack_social_options":{"image_generator_settings":{"template":"highway","enabled":false},"version":2}},"categories":[18],"tags":[],"class_list":["entry","author-diegoaguirre","post-42561","post","type-post","status-publish","format-standard","has-post-thumbnail","category-judicial"],"jetpack_publicize_connections":[],"yoast_head":"<!-- This site is optimized with the Yoast SEO plugin v24.3 - https:\/\/yoast.com\/wordpress\/plugins\/seo\/ -->\n<title>Afectado grupo delincuencial involucrado en tr\u00e1fico local de estupefacientes en San Francisco Cundinamarca - Ciudad y Region<\/title>\n<meta name=\"robots\" content=\"index, follow, max-snippet:-1, max-image-preview:large, max-video-preview:-1\" \/>\n<link rel=\"canonical\" href=\"https:\/\/ciudadyregion.com.co\/index.php\/afectado-grupo-delincuencial-involucrado-en-trafico-local-de-estupefacientes-en-san-francisco-cundinamarca\/judicial\/\" \/>\n<meta property=\"og:locale\" content=\"es_ES\" \/>\n<meta property=\"og:type\" content=\"article\" \/>\n<meta property=\"og:title\" content=\"Afectado grupo delincuencial involucrado en tr\u00e1fico local de estupefacientes en San Francisco Cundinamarca - Ciudad y Region\" \/>\n<meta property=\"og:description\" content=\"La Fiscal\u00eda General de la Naci\u00f3n judicializ\u00f3 ocho presuntos integrantes del grupo delincuencial Los Santos, que estar\u00edan involucrados en el tr\u00e1fico local de sustancias estupefacientes en San Francisco (Cundinamarca), en hechos ocurridos desde septiembre de 2024. Una fiscal de la Estructura de Apoyo (EDA) de la Seccional Cundinamarca les imput\u00f3Continuar Leyendo\" \/>\n<meta property=\"og:url\" content=\"https:\/\/ciudadyregion.com.co\/index.php\/afectado-grupo-delincuencial-involucrado-en-trafico-local-de-estupefacientes-en-san-francisco-cundinamarca\/judicial\/\" \/>\n<meta property=\"og:site_name\" content=\"Ciudad y Region\" \/>\n<meta property=\"article:published_time\" content=\"2025-08-15T09:17:21+00:00\" \/>\n<meta property=\"article:modified_time\" content=\"2025-08-14T17:19:11+00:00\" \/>\n<meta property=\"og:image\" content=\"https:\/\/i0.wp.com\/ciudadyregion.com.co\/wp-content\/uploads\/2025\/08\/trafico-estupefacientes-drogas.jpg?fit=800%2C445&ssl=1\" \/>\n\t<meta property=\"og:image:width\" content=\"800\" \/>\n\t<meta property=\"og:image:height\" content=\"445\" \/>\n\t<meta property=\"og:image:type\" content=\"image\/jpeg\" \/>\n<meta name=\"author\" content=\"David Andr\u00e9s Aguirre\" \/>\n<meta name=\"twitter:card\" content=\"summary_large_image\" \/>\n<meta name=\"twitter:label1\" content=\"Escrito por\" \/>\n\t<meta name=\"twitter:data1\" content=\"David Andr\u00e9s Aguirre\" \/>\n\t<meta name=\"twitter:label2\" content=\"Tiempo de lectura\" \/>\n\t<meta name=\"twitter:data2\" content=\"1 minuto\" \/>\n<script type=\"application\/ld+json\" class=\"yoast-schema-graph\">{\"@context\":\"https:\/\/schema.org\",\"@graph\":[{\"@type\":\"WebPage\",\"@id\":\"https:\/\/ciudadyregion.com.co\/index.php\/afectado-grupo-delincuencial-involucrado-en-trafico-local-de-estupefacientes-en-san-francisco-cundinamarca\/judicial\/\",\"url\":\"https:\/\/ciudadyregion.com.co\/index.php\/afectado-grupo-delincuencial-involucrado-en-trafico-local-de-estupefacientes-en-san-francisco-cundinamarca\/judicial\/\",\"name\":\"Afectado grupo delincuencial involucrado en tr\u00e1fico local de estupefacientes en San Francisco Cundinamarca - Ciudad y Region\",\"isPartOf\":{\"@id\":\"https:\/\/ciudadyregion.com.co\/#website\"},\"primaryImageOfPage\":{\"@id\":\"https:\/\/ciudadyregion.com.co\/index.php\/afectado-grupo-delincuencial-involucrado-en-trafico-local-de-estupefacientes-en-san-francisco-cundinamarca\/judicial\/#primaryimage\"},\"image\":{\"@id\":\"https:\/\/ciudadyregion.com.co\/index.php\/afectado-grupo-delincuencial-involucrado-en-trafico-local-de-estupefacientes-en-san-francisco-cundinamarca\/judicial\/#primaryimage\"},\"thumbnailUrl\":\"https:\/\/i0.wp.com\/ciudadyregion.com.co\/wp-content\/uploads\/2025\/08\/trafico-estupefacientes-drogas.jpg?fit=800%2C445&ssl=1\",\"datePublished\":\"2025-08-15T09:17:21+00:00\",\"dateModified\":\"2025-08-14T17:19:11+00:00\",\"author\":{\"@id\":\"https:\/\/ciudadyregion.com.co\/#\/schema\/person\/04a4954373ebc4051f46e8c65ff78622\"},\"breadcrumb\":{\"@id\":\"https:\/\/ciudadyregion.com.co\/index.php\/afectado-grupo-delincuencial-involucrado-en-trafico-local-de-estupefacientes-en-san-francisco-cundinamarca\/judicial\/#breadcrumb\"},\"inLanguage\":\"es\",\"potentialAction\":[{\"@type\":\"ReadAction\",\"target\":[\"https:\/\/ciudadyregion.com.co\/index.php\/afectado-grupo-delincuencial-involucrado-en-trafico-local-de-estupefacientes-en-san-francisco-cundinamarca\/judicial\/\"]}]},{\"@type\":\"ImageObject\",\"inLanguage\":\"es\",\"@id\":\"https:\/\/ciudadyregion.com.co\/index.php\/afectado-grupo-delincuencial-involucrado-en-trafico-local-de-estupefacientes-en-san-francisco-cundinamarca\/judicial\/#primaryimage\",\"url\":\"https:\/\/i0.wp.com\/ciudadyregion.com.co\/wp-content\/uploads\/2025\/08\/trafico-estupefacientes-drogas.jpg?fit=800%2C445&ssl=1\",\"contentUrl\":\"https:\/\/i0.wp.com\/ciudadyregion.com.co\/wp-content\/uploads\/2025\/08\/trafico-estupefacientes-drogas.jpg?fit=800%2C445&ssl=1\",\"width\":800,\"height\":445},{\"@type\":\"BreadcrumbList\",\"@id\":\"https:\/\/ciudadyregion.com.co\/index.php\/afectado-grupo-delincuencial-involucrado-en-trafico-local-de-estupefacientes-en-san-francisco-cundinamarca\/judicial\/#breadcrumb\",\"itemListElement\":[{\"@type\":\"ListItem\",\"position\":1,\"name\":\"Portada\",\"item\":\"https:\/\/ciudadyregion.com.co\/\"},{\"@type\":\"ListItem\",\"position\":2,\"name\":\"Afectado grupo delincuencial involucrado en tr\u00e1fico local de estupefacientes en San Francisco Cundinamarca\"}]},{\"@type\":\"WebSite\",\"@id\":\"https:\/\/ciudadyregion.com.co\/#website\",\"url\":\"https:\/\/ciudadyregion.com.co\/\",\"name\":\"Ciudad y Region\",\"description\":\"\",\"potentialAction\":[{\"@type\":\"SearchAction\",\"target\":{\"@type\":\"EntryPoint\",\"urlTemplate\":\"https:\/\/ciudadyregion.com.co\/?s={search_term_string}\"},\"query-input\":{\"@type\":\"PropertyValueSpecification\",\"valueRequired\":true,\"valueName\":\"search_term_string\"}}],\"inLanguage\":\"es\"},{\"@type\":\"Person\",\"@id\":\"https:\/\/ciudadyregion.com.co\/#\/schema\/person\/04a4954373ebc4051f46e8c65ff78622\",\"name\":\"David Andr\u00e9s Aguirre\",\"image\":{\"@type\":\"ImageObject\",\"inLanguage\":\"es\",\"@id\":\"https:\/\/ciudadyregion.com.co\/#\/schema\/person\/image\/\",\"url\":\"https:\/\/secure.gravatar.com\/avatar\/bc3c655860202182ee6d1b5edd042dbe?s=96&d=mm&r=g\",\"contentUrl\":\"https:\/\/secure.gravatar.com\/avatar\/bc3c655860202182ee6d1b5edd042dbe?s=96&d=mm&r=g\",\"caption\":\"David Andr\u00e9s Aguirre\"},\"url\":\"https:\/\/ciudadyregion.com.co\/index.php\/author\/diegoaguirre\/\"}]}<\/script>\n<!-- \/ Yoast SEO plugin. -->","yoast_head_json":{"title":"Afectado grupo delincuencial involucrado en tr\u00e1fico local de estupefacientes en San Francisco Cundinamarca - Ciudad y Region","robots":{"index":"index","follow":"follow","max-snippet":"max-snippet:-1","max-image-preview":"max-image-preview:large","max-video-preview":"max-video-preview:-1"},"canonical":"https:\/\/ciudadyregion.com.co\/index.php\/afectado-grupo-delincuencial-involucrado-en-trafico-local-de-estupefacientes-en-san-francisco-cundinamarca\/judicial\/","og_locale":"es_ES","og_type":"article","og_title":"Afectado grupo delincuencial involucrado en tr\u00e1fico local de estupefacientes en San Francisco Cundinamarca - Ciudad y Region","og_description":"La Fiscal\u00eda General de la Naci\u00f3n judicializ\u00f3 ocho presuntos integrantes del grupo delincuencial Los Santos, que estar\u00edan involucrados en el tr\u00e1fico local de sustancias estupefacientes en San Francisco (Cundinamarca), en hechos ocurridos desde septiembre de 2024. Una fiscal de la Estructura de Apoyo (EDA) de la Seccional Cundinamarca les imput\u00f3Continuar Leyendo","og_url":"https:\/\/ciudadyregion.com.co\/index.php\/afectado-grupo-delincuencial-involucrado-en-trafico-local-de-estupefacientes-en-san-francisco-cundinamarca\/judicial\/","og_site_name":"Ciudad y Region","article_published_time":"2025-08-15T09:17:21+00:00","article_modified_time":"2025-08-14T17:19:11+00:00","og_image":[{"width":800,"height":445,"url":"https:\/\/i0.wp.com\/ciudadyregion.com.co\/wp-content\/uploads\/2025\/08\/trafico-estupefacientes-drogas.jpg?fit=800%2C445&ssl=1","type":"image\/jpeg"}],"author":"David Andr\u00e9s Aguirre","twitter_card":"summary_large_image","twitter_misc":{"Escrito por":"David Andr\u00e9s Aguirre","Tiempo de lectura":"1 minuto"},"schema":{"@context":"https:\/\/schema.org","@graph":[{"@type":"WebPage","@id":"https:\/\/ciudadyregion.com.co\/index.php\/afectado-grupo-delincuencial-involucrado-en-trafico-local-de-estupefacientes-en-san-francisco-cundinamarca\/judicial\/","url":"https:\/\/ciudadyregion.com.co\/index.php\/afectado-grupo-delincuencial-involucrado-en-trafico-local-de-estupefacientes-en-san-francisco-cundinamarca\/judicial\/","name":"Afectado grupo delincuencial involucrado en tr\u00e1fico local de estupefacientes en San Francisco Cundinamarca - Ciudad y Region","isPartOf":{"@id":"https:\/\/ciudadyregion.com.co\/#website"},"primaryImageOfPage":{"@id":"https:\/\/ciudadyregion.com.co\/index.php\/afectado-grupo-delincuencial-involucrado-en-trafico-local-de-estupefacientes-en-san-francisco-cundinamarca\/judicial\/#primaryimage"},"image":{"@id":"https:\/\/ciudadyregion.com.co\/index.php\/afectado-grupo-delincuencial-involucrado-en-trafico-local-de-estupefacientes-en-san-francisco-cundinamarca\/judicial\/#primaryimage"},"thumbnailUrl":"https:\/\/i0.wp.com\/ciudadyregion.com.co\/wp-content\/uploads\/2025\/08\/trafico-estupefacientes-drogas.jpg?fit=800%2C445&ssl=1","datePublished":"2025-08-15T09:17:21+00:00","dateModified":"2025-08-14T17:19:11+00:00","author":{"@id":"https:\/\/ciudadyregion.com.co\/#\/schema\/person\/04a4954373ebc4051f46e8c65ff78622"},"breadcrumb":{"@id":"https:\/\/ciudadyregion.com.co\/index.php\/afectado-grupo-delincuencial-involucrado-en-trafico-local-de-estupefacientes-en-san-francisco-cundinamarca\/judicial\/#breadcrumb"},"inLanguage":"es","potentialAction":[{"@type":"ReadAction","target":["https:\/\/ciudadyregion.com.co\/index.php\/afectado-grupo-delincuencial-involucrado-en-trafico-local-de-estupefacientes-en-san-francisco-cundinamarca\/judicial\/"]}]},{"@type":"ImageObject","inLanguage":"es","@id":"https:\/\/ciudadyregion.com.co\/index.php\/afectado-grupo-delincuencial-involucrado-en-trafico-local-de-estupefacientes-en-san-francisco-cundinamarca\/judicial\/#primaryimage","url":"https:\/\/i0.wp.com\/ciudadyregion.com.co\/wp-content\/uploads\/2025\/08\/trafico-estupefacientes-drogas.jpg?fit=800%2C445&ssl=1","contentUrl":"https:\/\/i0.wp.com\/ciudadyregion.com.co\/wp-content\/uploads\/2025\/08\/trafico-estupefacientes-drogas.jpg?fit=800%2C445&ssl=1","width":800,"height":445},{"@type":"BreadcrumbList","@id":"https:\/\/ciudadyregion.com.co\/index.php\/afectado-grupo-delincuencial-involucrado-en-trafico-local-de-estupefacientes-en-san-francisco-cundinamarca\/judicial\/#breadcrumb","itemListElement":[{"@type":"ListItem","position":1,"name":"Portada","item":"https:\/\/ciudadyregion.com.co\/"},{"@type":"ListItem","position":2,"name":"Afectado grupo delincuencial involucrado en tr\u00e1fico local de estupefacientes en San Francisco Cundinamarca"}]},{"@type":"WebSite","@id":"https:\/\/ciudadyregion.com.co\/#website","url":"https:\/\/ciudadyregion.com.co\/","name":"Ciudad y Region","description":"","potentialAction":[{"@type":"SearchAction","target":{"@type":"EntryPoint","urlTemplate":"https:\/\/ciudadyregion.com.co\/?s={search_term_string}"},"query-input":{"@type":"PropertyValueSpecification","valueRequired":true,"valueName":"search_term_string"}}],"inLanguage":"es"},{"@type":"Person","@id":"https:\/\/ciudadyregion.com.co\/#\/schema\/person\/04a4954373ebc4051f46e8c65ff78622","name":"David Andr\u00e9s Aguirre","image":{"@type":"ImageObject","inLanguage":"es","@id":"https:\/\/ciudadyregion.com.co\/#\/schema\/person\/image\/","url":"https:\/\/secure.gravatar.com\/avatar\/bc3c655860202182ee6d1b5edd042dbe?s=96&d=mm&r=g","contentUrl":"https:\/\/secure.gravatar.com\/avatar\/bc3c655860202182ee6d1b5edd042dbe?s=96&d=mm&r=g","caption":"David Andr\u00e9s Aguirre"},"url":"https:\/\/ciudadyregion.com.co\/index.php\/author\/diegoaguirre\/"}]}},"jetpack_featured_media_url":"https:\/\/i0.wp.com\/ciudadyregion.com.co\/wp-content\/uploads\/2025\/08\/trafico-estupefacientes-drogas.jpg?fit=800%2C445&ssl=1","jetpack_sharing_enabled":true,"jetpack_shortlink":"https:\/\/wp.me\/pbS7hh-b4t","jetpack-related-posts":[],"_links":{"self":[{"href":"https:\/\/ciudadyregion.com.co\/index.php\/wp-json\/wp\/v2\/posts\/42561"}],"collection":[{"href":"https:\/\/ciudadyregion.com.co\/index.php\/wp-json\/wp\/v2\/posts"}],"about":[{"href":"https:\/\/ciudadyregion.com.co\/index.php\/wp-json\/wp\/v2\/types\/post"}],"author":[{"embeddable":true,"href":"https:\/\/ciudadyregion.com.co\/index.php\/wp-json\/wp\/v2\/users\/2"}],"replies":[{"embeddable":true,"href":"https:\/\/ciudadyregion.com.co\/index.php\/wp-json\/wp\/v2\/comments?post=42561"}],"version-history":[{"count":1,"href":"https:\/\/ciudadyregion.com.co\/index.php\/wp-json\/wp\/v2\/posts\/42561\/revisions"}],"predecessor-version":[{"id":42563,"href":"https:\/\/ciudadyregion.com.co\/index.php\/wp-json\/wp\/v2\/posts\/42561\/revisions\/42563"}],"wp:featuredmedia":[{"embeddable":true,"href":"https:\/\/ciudadyregion.com.co\/index.php\/wp-json\/wp\/v2\/media\/42562"}],"wp:attachment":[{"href":"https:\/\/ciudadyregion.com.co\/index.php\/wp-json\/wp\/v2\/media?parent=42561"}],"wp:term":[{"taxonomy":"category","embeddable":true,"href":"https:\/\/ciudadyregion.com.co\/index.php\/wp-json\/wp\/v2\/categories?post=42561"},{"taxonomy":"post_tag","embeddable":true,"href":"https:\/\/ciudadyregion.com.co\/index.php\/wp-json\/wp\/v2\/tags?post=42561"}],"curies":[{"name":"wp","href":"https:\/\/api.w.org\/{rel}","templated":true}]}}