{"id":42557,"date":"2025-08-15T04:14:48","date_gmt":"2025-08-15T09:14:48","guid":{"rendered":"https:\/\/ciudadyregion.com.co\/?p=42557"},"modified":"2025-08-14T12:15:22","modified_gmt":"2025-08-14T17:15:22","slug":"judicializado-presunto-responsable-del-crimen-de-una-menor-de-edad-en-santander","status":"publish","type":"post","link":"https:\/\/ciudadyregion.com.co\/index.php\/judicializado-presunto-responsable-del-crimen-de-una-menor-de-edad-en-santander\/judicial\/","title":{"rendered":"Judicializado presunto responsable del crimen de una menor de edad en Santander"},"content":{"rendered":"<blockquote>\n<h4><em><strong>La v\u00edctima fue alcanzada por un disparo mientras pescaba con su padre y un acompa\u00f1ante.<\/strong><\/em><\/h4>\n<\/blockquote>\n<p>Por su posible responsabilidad en el asesinato de una menor de edad de 12 a\u00f1os en hechos ocurridos Rionegro (Santander), la Fiscal\u00eda General de la Naci\u00f3n judicializ\u00f3 a N\u00e9lson Rodr\u00edguez Anaya.<\/p>\n<p>Una fiscal de la Unidad Especial de Investigaci\u00f3n de Delitos contra Ni\u00f1os, Ni\u00f1as y Adolescentes (UENNA) le formul\u00f3 imputaci\u00f3n por los delitos de homicidio agravado; y fabricaci\u00f3n, tr\u00e1fico, porte o tenencia de armas de fuego, accesorios, partes o municiones.<\/p>\n<p>Los cargos no fueron aceptados por el procesado y por disposici\u00f3n de un juez de control de garant\u00edas le fue impuesta medida de aseguramiento en centro carcelario.<\/p>\n<p>Los elementos materiales probatorios evidenciaron que la noche del pasado 9 de agosto, en la vereda El Bamb\u00fa, la v\u00edctima, su padre y un acompa\u00f1ante se encontraban pescando al borde del r\u00edo. Cuando regresaban a sus residencias pasaron por una arenera, que era administrada por Rodr\u00edguez Anaya quien les exigi\u00f3 que abandonaran el lugar.<\/p>\n<p>Los hombres respondieron que no estaban realizando ninguna actividad indebida, continuaron su camino por la orilla del r\u00edo y volvieron a pescar. Minutos despu\u00e9s, escucharon un disparo, encendieron sus linternas y son\u00f3 un segundo impacto, el cual hiri\u00f3 a la ni\u00f1a en el cuello.<\/p>\n<p>El padre de la menor de edad y su acompa\u00f1ante, vieron al hoy procesado, al parecer, apuntando con una escopeta. La v\u00edctima fue trasladada a un centro asistencial, donde lleg\u00f3 sin signos vitales.<\/p>\n<p>Momentos despu\u00e9s de los hechos, Rodr\u00edguez Anaya fue capturado en flagrancia por la Polic\u00eda Nacional. Las autoridades hallaron la escopeta oculta en la arenera.<\/p>\n","protected":false},"excerpt":{"rendered":"<p>La v\u00edctima fue alcanzada por un disparo mientras pescaba con su padre y un acompa\u00f1ante. Por su posible responsabilidad en el asesinato de una menor de edad de 12 a\u00f1os en hechos ocurridos Rionegro (Santander), la Fiscal\u00eda General de la Naci\u00f3n judicializ\u00f3 a N\u00e9lson Rodr\u00edguez Anaya. Una fiscal de la<span class=\"more-link\"><a href=\"https:\/\/ciudadyregion.com.co\/index.php\/judicializado-presunto-responsable-del-crimen-de-una-menor-de-edad-en-santander\/judicial\/\">Continuar Leyendo<\/a><\/span><\/p>\n","protected":false},"author":2,"featured_media":42558,"comment_status":"open","ping_status":"open","sticky":false,"template":"","format":"standard","meta":{"_uf_show_specific_survey":0,"_uf_disable_surveys":false,"_jetpack_memberships_contains_paid_content":false,"footnotes":"","jetpack_publicize_message":"","jetpack_publicize_feature_enabled":true,"jetpack_social_post_already_shared":true,"jetpack_social_options":{"image_generator_settings":{"template":"highway","enabled":false},"version":2}},"categories":[18],"tags":[],"class_list":["entry","author-diegoaguirre","post-42557","post","type-post","status-publish","format-standard","has-post-thumbnail","category-judicial"],"jetpack_publicize_connections":[],"yoast_head":"<!-- This site is optimized with the Yoast SEO plugin v24.3 - https:\/\/yoast.com\/wordpress\/plugins\/seo\/ -->\n<title>Judicializado presunto responsable del crimen de una menor de edad en Santander - Ciudad y Region<\/title>\n<meta name=\"robots\" content=\"index, follow, max-snippet:-1, max-image-preview:large, max-video-preview:-1\" \/>\n<link rel=\"canonical\" href=\"https:\/\/ciudadyregion.com.co\/index.php\/judicializado-presunto-responsable-del-crimen-de-una-menor-de-edad-en-santander\/judicial\/\" \/>\n<meta property=\"og:locale\" content=\"es_ES\" \/>\n<meta property=\"og:type\" content=\"article\" \/>\n<meta property=\"og:title\" content=\"Judicializado presunto responsable del crimen de una menor de edad en Santander - Ciudad y Region\" \/>\n<meta property=\"og:description\" content=\"La v\u00edctima fue alcanzada por un disparo mientras pescaba con su padre y un acompa\u00f1ante. Por su posible responsabilidad en el asesinato de una menor de edad de 12 a\u00f1os en hechos ocurridos Rionegro (Santander), la Fiscal\u00eda General de la Naci\u00f3n judicializ\u00f3 a N\u00e9lson Rodr\u00edguez Anaya. Una fiscal de laContinuar Leyendo\" \/>\n<meta property=\"og:url\" content=\"https:\/\/ciudadyregion.com.co\/index.php\/judicializado-presunto-responsable-del-crimen-de-una-menor-de-edad-en-santander\/judicial\/\" \/>\n<meta property=\"og:site_name\" content=\"Ciudad y Region\" \/>\n<meta property=\"article:published_time\" content=\"2025-08-15T09:14:48+00:00\" \/>\n<meta property=\"article:modified_time\" content=\"2025-08-14T17:15:22+00:00\" \/>\n<meta property=\"og:image\" content=\"https:\/\/i0.wp.com\/ciudadyregion.com.co\/wp-content\/uploads\/2025\/08\/1-93.jpg?fit=800%2C445&ssl=1\" \/>\n\t<meta property=\"og:image:width\" content=\"800\" \/>\n\t<meta property=\"og:image:height\" content=\"445\" \/>\n\t<meta property=\"og:image:type\" content=\"image\/jpeg\" \/>\n<meta name=\"author\" content=\"David Andr\u00e9s Aguirre\" \/>\n<meta name=\"twitter:card\" content=\"summary_large_image\" \/>\n<meta name=\"twitter:label1\" content=\"Escrito por\" \/>\n\t<meta name=\"twitter:data1\" content=\"David Andr\u00e9s Aguirre\" \/>\n\t<meta name=\"twitter:label2\" content=\"Tiempo de lectura\" \/>\n\t<meta name=\"twitter:data2\" content=\"2 minutos\" \/>\n<script type=\"application\/ld+json\" class=\"yoast-schema-graph\">{\"@context\":\"https:\/\/schema.org\",\"@graph\":[{\"@type\":\"WebPage\",\"@id\":\"https:\/\/ciudadyregion.com.co\/index.php\/judicializado-presunto-responsable-del-crimen-de-una-menor-de-edad-en-santander\/judicial\/\",\"url\":\"https:\/\/ciudadyregion.com.co\/index.php\/judicializado-presunto-responsable-del-crimen-de-una-menor-de-edad-en-santander\/judicial\/\",\"name\":\"Judicializado presunto responsable del crimen de una menor de edad en Santander - Ciudad y Region\",\"isPartOf\":{\"@id\":\"https:\/\/ciudadyregion.com.co\/#website\"},\"primaryImageOfPage\":{\"@id\":\"https:\/\/ciudadyregion.com.co\/index.php\/judicializado-presunto-responsable-del-crimen-de-una-menor-de-edad-en-santander\/judicial\/#primaryimage\"},\"image\":{\"@id\":\"https:\/\/ciudadyregion.com.co\/index.php\/judicializado-presunto-responsable-del-crimen-de-una-menor-de-edad-en-santander\/judicial\/#primaryimage\"},\"thumbnailUrl\":\"https:\/\/i0.wp.com\/ciudadyregion.com.co\/wp-content\/uploads\/2025\/08\/1-93.jpg?fit=800%2C445&ssl=1\",\"datePublished\":\"2025-08-15T09:14:48+00:00\",\"dateModified\":\"2025-08-14T17:15:22+00:00\",\"author\":{\"@id\":\"https:\/\/ciudadyregion.com.co\/#\/schema\/person\/04a4954373ebc4051f46e8c65ff78622\"},\"breadcrumb\":{\"@id\":\"https:\/\/ciudadyregion.com.co\/index.php\/judicializado-presunto-responsable-del-crimen-de-una-menor-de-edad-en-santander\/judicial\/#breadcrumb\"},\"inLanguage\":\"es\",\"potentialAction\":[{\"@type\":\"ReadAction\",\"target\":[\"https:\/\/ciudadyregion.com.co\/index.php\/judicializado-presunto-responsable-del-crimen-de-una-menor-de-edad-en-santander\/judicial\/\"]}]},{\"@type\":\"ImageObject\",\"inLanguage\":\"es\",\"@id\":\"https:\/\/ciudadyregion.com.co\/index.php\/judicializado-presunto-responsable-del-crimen-de-una-menor-de-edad-en-santander\/judicial\/#primaryimage\",\"url\":\"https:\/\/i0.wp.com\/ciudadyregion.com.co\/wp-content\/uploads\/2025\/08\/1-93.jpg?fit=800%2C445&ssl=1\",\"contentUrl\":\"https:\/\/i0.wp.com\/ciudadyregion.com.co\/wp-content\/uploads\/2025\/08\/1-93.jpg?fit=800%2C445&ssl=1\",\"width\":800,\"height\":445},{\"@type\":\"BreadcrumbList\",\"@id\":\"https:\/\/ciudadyregion.com.co\/index.php\/judicializado-presunto-responsable-del-crimen-de-una-menor-de-edad-en-santander\/judicial\/#breadcrumb\",\"itemListElement\":[{\"@type\":\"ListItem\",\"position\":1,\"name\":\"Portada\",\"item\":\"https:\/\/ciudadyregion.com.co\/\"},{\"@type\":\"ListItem\",\"position\":2,\"name\":\"Judicializado presunto responsable del crimen de una menor de edad en Santander\"}]},{\"@type\":\"WebSite\",\"@id\":\"https:\/\/ciudadyregion.com.co\/#website\",\"url\":\"https:\/\/ciudadyregion.com.co\/\",\"name\":\"Ciudad y Region\",\"description\":\"\",\"potentialAction\":[{\"@type\":\"SearchAction\",\"target\":{\"@type\":\"EntryPoint\",\"urlTemplate\":\"https:\/\/ciudadyregion.com.co\/?s={search_term_string}\"},\"query-input\":{\"@type\":\"PropertyValueSpecification\",\"valueRequired\":true,\"valueName\":\"search_term_string\"}}],\"inLanguage\":\"es\"},{\"@type\":\"Person\",\"@id\":\"https:\/\/ciudadyregion.com.co\/#\/schema\/person\/04a4954373ebc4051f46e8c65ff78622\",\"name\":\"David Andr\u00e9s Aguirre\",\"image\":{\"@type\":\"ImageObject\",\"inLanguage\":\"es\",\"@id\":\"https:\/\/ciudadyregion.com.co\/#\/schema\/person\/image\/\",\"url\":\"https:\/\/secure.gravatar.com\/avatar\/bc3c655860202182ee6d1b5edd042dbe?s=96&d=mm&r=g\",\"contentUrl\":\"https:\/\/secure.gravatar.com\/avatar\/bc3c655860202182ee6d1b5edd042dbe?s=96&d=mm&r=g\",\"caption\":\"David Andr\u00e9s Aguirre\"},\"url\":\"https:\/\/ciudadyregion.com.co\/index.php\/author\/diegoaguirre\/\"}]}<\/script>\n<!-- \/ Yoast SEO plugin. -->","yoast_head_json":{"title":"Judicializado presunto responsable del crimen de una menor de edad en Santander - Ciudad y Region","robots":{"index":"index","follow":"follow","max-snippet":"max-snippet:-1","max-image-preview":"max-image-preview:large","max-video-preview":"max-video-preview:-1"},"canonical":"https:\/\/ciudadyregion.com.co\/index.php\/judicializado-presunto-responsable-del-crimen-de-una-menor-de-edad-en-santander\/judicial\/","og_locale":"es_ES","og_type":"article","og_title":"Judicializado presunto responsable del crimen de una menor de edad en Santander - Ciudad y Region","og_description":"La v\u00edctima fue alcanzada por un disparo mientras pescaba con su padre y un acompa\u00f1ante. Por su posible responsabilidad en el asesinato de una menor de edad de 12 a\u00f1os en hechos ocurridos Rionegro (Santander), la Fiscal\u00eda General de la Naci\u00f3n judicializ\u00f3 a N\u00e9lson Rodr\u00edguez Anaya. Una fiscal de laContinuar Leyendo","og_url":"https:\/\/ciudadyregion.com.co\/index.php\/judicializado-presunto-responsable-del-crimen-de-una-menor-de-edad-en-santander\/judicial\/","og_site_name":"Ciudad y Region","article_published_time":"2025-08-15T09:14:48+00:00","article_modified_time":"2025-08-14T17:15:22+00:00","og_image":[{"width":800,"height":445,"url":"https:\/\/i0.wp.com\/ciudadyregion.com.co\/wp-content\/uploads\/2025\/08\/1-93.jpg?fit=800%2C445&ssl=1","type":"image\/jpeg"}],"author":"David Andr\u00e9s Aguirre","twitter_card":"summary_large_image","twitter_misc":{"Escrito por":"David Andr\u00e9s Aguirre","Tiempo de lectura":"2 minutos"},"schema":{"@context":"https:\/\/schema.org","@graph":[{"@type":"WebPage","@id":"https:\/\/ciudadyregion.com.co\/index.php\/judicializado-presunto-responsable-del-crimen-de-una-menor-de-edad-en-santander\/judicial\/","url":"https:\/\/ciudadyregion.com.co\/index.php\/judicializado-presunto-responsable-del-crimen-de-una-menor-de-edad-en-santander\/judicial\/","name":"Judicializado presunto responsable del crimen de una menor de edad en Santander - Ciudad y Region","isPartOf":{"@id":"https:\/\/ciudadyregion.com.co\/#website"},"primaryImageOfPage":{"@id":"https:\/\/ciudadyregion.com.co\/index.php\/judicializado-presunto-responsable-del-crimen-de-una-menor-de-edad-en-santander\/judicial\/#primaryimage"},"image":{"@id":"https:\/\/ciudadyregion.com.co\/index.php\/judicializado-presunto-responsable-del-crimen-de-una-menor-de-edad-en-santander\/judicial\/#primaryimage"},"thumbnailUrl":"https:\/\/i0.wp.com\/ciudadyregion.com.co\/wp-content\/uploads\/2025\/08\/1-93.jpg?fit=800%2C445&ssl=1","datePublished":"2025-08-15T09:14:48+00:00","dateModified":"2025-08-14T17:15:22+00:00","author":{"@id":"https:\/\/ciudadyregion.com.co\/#\/schema\/person\/04a4954373ebc4051f46e8c65ff78622"},"breadcrumb":{"@id":"https:\/\/ciudadyregion.com.co\/index.php\/judicializado-presunto-responsable-del-crimen-de-una-menor-de-edad-en-santander\/judicial\/#breadcrumb"},"inLanguage":"es","potentialAction":[{"@type":"ReadAction","target":["https:\/\/ciudadyregion.com.co\/index.php\/judicializado-presunto-responsable-del-crimen-de-una-menor-de-edad-en-santander\/judicial\/"]}]},{"@type":"ImageObject","inLanguage":"es","@id":"https:\/\/ciudadyregion.com.co\/index.php\/judicializado-presunto-responsable-del-crimen-de-una-menor-de-edad-en-santander\/judicial\/#primaryimage","url":"https:\/\/i0.wp.com\/ciudadyregion.com.co\/wp-content\/uploads\/2025\/08\/1-93.jpg?fit=800%2C445&ssl=1","contentUrl":"https:\/\/i0.wp.com\/ciudadyregion.com.co\/wp-content\/uploads\/2025\/08\/1-93.jpg?fit=800%2C445&ssl=1","width":800,"height":445},{"@type":"BreadcrumbList","@id":"https:\/\/ciudadyregion.com.co\/index.php\/judicializado-presunto-responsable-del-crimen-de-una-menor-de-edad-en-santander\/judicial\/#breadcrumb","itemListElement":[{"@type":"ListItem","position":1,"name":"Portada","item":"https:\/\/ciudadyregion.com.co\/"},{"@type":"ListItem","position":2,"name":"Judicializado presunto responsable del crimen de una menor de edad en Santander"}]},{"@type":"WebSite","@id":"https:\/\/ciudadyregion.com.co\/#website","url":"https:\/\/ciudadyregion.com.co\/","name":"Ciudad y Region","description":"","potentialAction":[{"@type":"SearchAction","target":{"@type":"EntryPoint","urlTemplate":"https:\/\/ciudadyregion.com.co\/?s={search_term_string}"},"query-input":{"@type":"PropertyValueSpecification","valueRequired":true,"valueName":"search_term_string"}}],"inLanguage":"es"},{"@type":"Person","@id":"https:\/\/ciudadyregion.com.co\/#\/schema\/person\/04a4954373ebc4051f46e8c65ff78622","name":"David Andr\u00e9s Aguirre","image":{"@type":"ImageObject","inLanguage":"es","@id":"https:\/\/ciudadyregion.com.co\/#\/schema\/person\/image\/","url":"https:\/\/secure.gravatar.com\/avatar\/bc3c655860202182ee6d1b5edd042dbe?s=96&d=mm&r=g","contentUrl":"https:\/\/secure.gravatar.com\/avatar\/bc3c655860202182ee6d1b5edd042dbe?s=96&d=mm&r=g","caption":"David Andr\u00e9s Aguirre"},"url":"https:\/\/ciudadyregion.com.co\/index.php\/author\/diegoaguirre\/"}]}},"jetpack_featured_media_url":"https:\/\/i0.wp.com\/ciudadyregion.com.co\/wp-content\/uploads\/2025\/08\/1-93.jpg?fit=800%2C445&ssl=1","jetpack_sharing_enabled":true,"jetpack_shortlink":"https:\/\/wp.me\/pbS7hh-b4p","jetpack-related-posts":[],"_links":{"self":[{"href":"https:\/\/ciudadyregion.com.co\/index.php\/wp-json\/wp\/v2\/posts\/42557"}],"collection":[{"href":"https:\/\/ciudadyregion.com.co\/index.php\/wp-json\/wp\/v2\/posts"}],"about":[{"href":"https:\/\/ciudadyregion.com.co\/index.php\/wp-json\/wp\/v2\/types\/post"}],"author":[{"embeddable":true,"href":"https:\/\/ciudadyregion.com.co\/index.php\/wp-json\/wp\/v2\/users\/2"}],"replies":[{"embeddable":true,"href":"https:\/\/ciudadyregion.com.co\/index.php\/wp-json\/wp\/v2\/comments?post=42557"}],"version-history":[{"count":1,"href":"https:\/\/ciudadyregion.com.co\/index.php\/wp-json\/wp\/v2\/posts\/42557\/revisions"}],"predecessor-version":[{"id":42559,"href":"https:\/\/ciudadyregion.com.co\/index.php\/wp-json\/wp\/v2\/posts\/42557\/revisions\/42559"}],"wp:featuredmedia":[{"embeddable":true,"href":"https:\/\/ciudadyregion.com.co\/index.php\/wp-json\/wp\/v2\/media\/42558"}],"wp:attachment":[{"href":"https:\/\/ciudadyregion.com.co\/index.php\/wp-json\/wp\/v2\/media?parent=42557"}],"wp:term":[{"taxonomy":"category","embeddable":true,"href":"https:\/\/ciudadyregion.com.co\/index.php\/wp-json\/wp\/v2\/categories?post=42557"},{"taxonomy":"post_tag","embeddable":true,"href":"https:\/\/ciudadyregion.com.co\/index.php\/wp-json\/wp\/v2\/tags?post=42557"}],"curies":[{"name":"wp","href":"https:\/\/api.w.org\/{rel}","templated":true}]}}