{"id":42555,"date":"2025-08-15T04:12:27","date_gmt":"2025-08-15T09:12:27","guid":{"rendered":"https:\/\/ciudadyregion.com.co\/?p=42555"},"modified":"2025-08-14T12:14:08","modified_gmt":"2025-08-14T17:14:08","slug":"hermanos-senalados-de-asesinar-a-un-hombre-en-situacion-de-calle-en-envigado-fueron-enviados-a-la-carcel","status":"publish","type":"post","link":"https:\/\/ciudadyregion.com.co\/index.php\/hermanos-senalados-de-asesinar-a-un-hombre-en-situacion-de-calle-en-envigado-fueron-enviados-a-la-carcel\/judicial\/","title":{"rendered":"Hermanos se\u00f1alados de asesinar a un hombre en situaci\u00f3n de calle en Envigado fueron enviados a la c\u00e1rcel"},"content":{"rendered":"<p>La Fiscal\u00eda General de la Naci\u00f3n obtuvo medida de aseguramiento en centro carcelario en contra de los hermanos Mateo y Santiago Ca\u00f1as Cano, por su presunta responsabilidad en el crimen de un habitante en situaci\u00f3n de calle en Envigado (Antioquia).<\/p>\n<p>El 2 de agosto del a\u00f1o en curso, las autoridades hallaron el cuerpo de la v\u00edctima de 55 a\u00f1os en la quebrada La Ayur\u00e1, a la altura del barrio El Salado de la mencionada poblaci\u00f3n. Seg\u00fan el dictamen del Instituto Nacional de Medicina Legal y Ciencias Forenses, la muerte se produjo por asfixia mec\u00e1nica.<\/p>\n<p>De acuerdo con la investigaci\u00f3n adelantada por una fiscal del Grupo de Alertas Tempranas de la URI, la v\u00edctima habr\u00eda sido asesinada en un acto de intolerancia por los hermanos de 24 y 27 a\u00f1os.<\/p>\n<p>Varias horas despu\u00e9s del hecho, los presuntos agresores se presentaron ante las autoridades y durante las audiencias concentradas no se allanaron a los cargos imputados por el delito de homicidio agravado.<\/p>\n<p>&nbsp;<\/p>\n","protected":false},"excerpt":{"rendered":"<p>La Fiscal\u00eda General de la Naci\u00f3n obtuvo medida de aseguramiento en centro carcelario en contra de los hermanos Mateo y Santiago Ca\u00f1as Cano, por su presunta responsabilidad en el crimen de un habitante en situaci\u00f3n de calle en Envigado (Antioquia). El 2 de agosto del a\u00f1o en curso, las autoridades<span class=\"more-link\"><a href=\"https:\/\/ciudadyregion.com.co\/index.php\/hermanos-senalados-de-asesinar-a-un-hombre-en-situacion-de-calle-en-envigado-fueron-enviados-a-la-carcel\/judicial\/\">Continuar Leyendo<\/a><\/span><\/p>\n","protected":false},"author":2,"featured_media":41583,"comment_status":"open","ping_status":"open","sticky":false,"template":"","format":"standard","meta":{"_uf_show_specific_survey":0,"_uf_disable_surveys":false,"_jetpack_memberships_contains_paid_content":false,"footnotes":"","jetpack_publicize_message":"","jetpack_publicize_feature_enabled":true,"jetpack_social_post_already_shared":true,"jetpack_social_options":{"image_generator_settings":{"template":"highway","enabled":false},"version":2}},"categories":[18],"tags":[],"class_list":["entry","author-diegoaguirre","post-42555","post","type-post","status-publish","format-standard","has-post-thumbnail","category-judicial"],"jetpack_publicize_connections":[],"yoast_head":"<!-- This site is optimized with the Yoast SEO plugin v24.3 - https:\/\/yoast.com\/wordpress\/plugins\/seo\/ -->\n<title>Hermanos se\u00f1alados de asesinar a un hombre en situaci\u00f3n de calle en Envigado fueron enviados a la c\u00e1rcel - Ciudad y Region<\/title>\n<meta name=\"robots\" content=\"index, follow, max-snippet:-1, max-image-preview:large, max-video-preview:-1\" \/>\n<link rel=\"canonical\" href=\"https:\/\/ciudadyregion.com.co\/index.php\/hermanos-senalados-de-asesinar-a-un-hombre-en-situacion-de-calle-en-envigado-fueron-enviados-a-la-carcel\/judicial\/\" \/>\n<meta property=\"og:locale\" content=\"es_ES\" \/>\n<meta property=\"og:type\" content=\"article\" \/>\n<meta property=\"og:title\" content=\"Hermanos se\u00f1alados de asesinar a un hombre en situaci\u00f3n de calle en Envigado fueron enviados a la c\u00e1rcel - Ciudad y Region\" \/>\n<meta property=\"og:description\" content=\"La Fiscal\u00eda General de la Naci\u00f3n obtuvo medida de aseguramiento en centro carcelario en contra de los hermanos Mateo y Santiago Ca\u00f1as Cano, por su presunta responsabilidad en el crimen de un habitante en situaci\u00f3n de calle en Envigado (Antioquia). El 2 de agosto del a\u00f1o en curso, las autoridadesContinuar Leyendo\" \/>\n<meta property=\"og:url\" content=\"https:\/\/ciudadyregion.com.co\/index.php\/hermanos-senalados-de-asesinar-a-un-hombre-en-situacion-de-calle-en-envigado-fueron-enviados-a-la-carcel\/judicial\/\" \/>\n<meta property=\"og:site_name\" content=\"Ciudad y Region\" \/>\n<meta property=\"article:published_time\" content=\"2025-08-15T09:12:27+00:00\" \/>\n<meta property=\"article:modified_time\" content=\"2025-08-14T17:14:08+00:00\" \/>\n<meta property=\"og:image\" content=\"https:\/\/i0.wp.com\/ciudadyregion.com.co\/wp-content\/uploads\/2025\/07\/carcel-1-1.jpg?fit=800%2C445&ssl=1\" \/>\n\t<meta property=\"og:image:width\" content=\"800\" \/>\n\t<meta property=\"og:image:height\" content=\"445\" \/>\n\t<meta property=\"og:image:type\" content=\"image\/jpeg\" \/>\n<meta name=\"author\" content=\"David Andr\u00e9s Aguirre\" \/>\n<meta name=\"twitter:card\" content=\"summary_large_image\" \/>\n<meta name=\"twitter:label1\" content=\"Escrito por\" \/>\n\t<meta name=\"twitter:data1\" content=\"David Andr\u00e9s Aguirre\" \/>\n\t<meta name=\"twitter:label2\" content=\"Tiempo de lectura\" \/>\n\t<meta name=\"twitter:data2\" content=\"1 minuto\" \/>\n<script type=\"application\/ld+json\" class=\"yoast-schema-graph\">{\"@context\":\"https:\/\/schema.org\",\"@graph\":[{\"@type\":\"WebPage\",\"@id\":\"https:\/\/ciudadyregion.com.co\/index.php\/hermanos-senalados-de-asesinar-a-un-hombre-en-situacion-de-calle-en-envigado-fueron-enviados-a-la-carcel\/judicial\/\",\"url\":\"https:\/\/ciudadyregion.com.co\/index.php\/hermanos-senalados-de-asesinar-a-un-hombre-en-situacion-de-calle-en-envigado-fueron-enviados-a-la-carcel\/judicial\/\",\"name\":\"Hermanos se\u00f1alados de asesinar a un hombre en situaci\u00f3n de calle en Envigado fueron enviados a la c\u00e1rcel - Ciudad y Region\",\"isPartOf\":{\"@id\":\"https:\/\/ciudadyregion.com.co\/#website\"},\"primaryImageOfPage\":{\"@id\":\"https:\/\/ciudadyregion.com.co\/index.php\/hermanos-senalados-de-asesinar-a-un-hombre-en-situacion-de-calle-en-envigado-fueron-enviados-a-la-carcel\/judicial\/#primaryimage\"},\"image\":{\"@id\":\"https:\/\/ciudadyregion.com.co\/index.php\/hermanos-senalados-de-asesinar-a-un-hombre-en-situacion-de-calle-en-envigado-fueron-enviados-a-la-carcel\/judicial\/#primaryimage\"},\"thumbnailUrl\":\"https:\/\/i0.wp.com\/ciudadyregion.com.co\/wp-content\/uploads\/2025\/07\/carcel-1-1.jpg?fit=800%2C445&ssl=1\",\"datePublished\":\"2025-08-15T09:12:27+00:00\",\"dateModified\":\"2025-08-14T17:14:08+00:00\",\"author\":{\"@id\":\"https:\/\/ciudadyregion.com.co\/#\/schema\/person\/04a4954373ebc4051f46e8c65ff78622\"},\"breadcrumb\":{\"@id\":\"https:\/\/ciudadyregion.com.co\/index.php\/hermanos-senalados-de-asesinar-a-un-hombre-en-situacion-de-calle-en-envigado-fueron-enviados-a-la-carcel\/judicial\/#breadcrumb\"},\"inLanguage\":\"es\",\"potentialAction\":[{\"@type\":\"ReadAction\",\"target\":[\"https:\/\/ciudadyregion.com.co\/index.php\/hermanos-senalados-de-asesinar-a-un-hombre-en-situacion-de-calle-en-envigado-fueron-enviados-a-la-carcel\/judicial\/\"]}]},{\"@type\":\"ImageObject\",\"inLanguage\":\"es\",\"@id\":\"https:\/\/ciudadyregion.com.co\/index.php\/hermanos-senalados-de-asesinar-a-un-hombre-en-situacion-de-calle-en-envigado-fueron-enviados-a-la-carcel\/judicial\/#primaryimage\",\"url\":\"https:\/\/i0.wp.com\/ciudadyregion.com.co\/wp-content\/uploads\/2025\/07\/carcel-1-1.jpg?fit=800%2C445&ssl=1\",\"contentUrl\":\"https:\/\/i0.wp.com\/ciudadyregion.com.co\/wp-content\/uploads\/2025\/07\/carcel-1-1.jpg?fit=800%2C445&ssl=1\",\"width\":800,\"height\":445},{\"@type\":\"BreadcrumbList\",\"@id\":\"https:\/\/ciudadyregion.com.co\/index.php\/hermanos-senalados-de-asesinar-a-un-hombre-en-situacion-de-calle-en-envigado-fueron-enviados-a-la-carcel\/judicial\/#breadcrumb\",\"itemListElement\":[{\"@type\":\"ListItem\",\"position\":1,\"name\":\"Portada\",\"item\":\"https:\/\/ciudadyregion.com.co\/\"},{\"@type\":\"ListItem\",\"position\":2,\"name\":\"Hermanos se\u00f1alados de asesinar a un hombre en situaci\u00f3n de calle en Envigado fueron enviados a la c\u00e1rcel\"}]},{\"@type\":\"WebSite\",\"@id\":\"https:\/\/ciudadyregion.com.co\/#website\",\"url\":\"https:\/\/ciudadyregion.com.co\/\",\"name\":\"Ciudad y Region\",\"description\":\"\",\"potentialAction\":[{\"@type\":\"SearchAction\",\"target\":{\"@type\":\"EntryPoint\",\"urlTemplate\":\"https:\/\/ciudadyregion.com.co\/?s={search_term_string}\"},\"query-input\":{\"@type\":\"PropertyValueSpecification\",\"valueRequired\":true,\"valueName\":\"search_term_string\"}}],\"inLanguage\":\"es\"},{\"@type\":\"Person\",\"@id\":\"https:\/\/ciudadyregion.com.co\/#\/schema\/person\/04a4954373ebc4051f46e8c65ff78622\",\"name\":\"David Andr\u00e9s Aguirre\",\"image\":{\"@type\":\"ImageObject\",\"inLanguage\":\"es\",\"@id\":\"https:\/\/ciudadyregion.com.co\/#\/schema\/person\/image\/\",\"url\":\"https:\/\/secure.gravatar.com\/avatar\/bc3c655860202182ee6d1b5edd042dbe?s=96&d=mm&r=g\",\"contentUrl\":\"https:\/\/secure.gravatar.com\/avatar\/bc3c655860202182ee6d1b5edd042dbe?s=96&d=mm&r=g\",\"caption\":\"David Andr\u00e9s Aguirre\"},\"url\":\"https:\/\/ciudadyregion.com.co\/index.php\/author\/diegoaguirre\/\"}]}<\/script>\n<!-- \/ Yoast SEO plugin. -->","yoast_head_json":{"title":"Hermanos se\u00f1alados de asesinar a un hombre en situaci\u00f3n de calle en Envigado fueron enviados a la c\u00e1rcel - Ciudad y Region","robots":{"index":"index","follow":"follow","max-snippet":"max-snippet:-1","max-image-preview":"max-image-preview:large","max-video-preview":"max-video-preview:-1"},"canonical":"https:\/\/ciudadyregion.com.co\/index.php\/hermanos-senalados-de-asesinar-a-un-hombre-en-situacion-de-calle-en-envigado-fueron-enviados-a-la-carcel\/judicial\/","og_locale":"es_ES","og_type":"article","og_title":"Hermanos se\u00f1alados de asesinar a un hombre en situaci\u00f3n de calle en Envigado fueron enviados a la c\u00e1rcel - Ciudad y Region","og_description":"La Fiscal\u00eda General de la Naci\u00f3n obtuvo medida de aseguramiento en centro carcelario en contra de los hermanos Mateo y Santiago Ca\u00f1as Cano, por su presunta responsabilidad en el crimen de un habitante en situaci\u00f3n de calle en Envigado (Antioquia). El 2 de agosto del a\u00f1o en curso, las autoridadesContinuar Leyendo","og_url":"https:\/\/ciudadyregion.com.co\/index.php\/hermanos-senalados-de-asesinar-a-un-hombre-en-situacion-de-calle-en-envigado-fueron-enviados-a-la-carcel\/judicial\/","og_site_name":"Ciudad y Region","article_published_time":"2025-08-15T09:12:27+00:00","article_modified_time":"2025-08-14T17:14:08+00:00","og_image":[{"width":800,"height":445,"url":"https:\/\/i0.wp.com\/ciudadyregion.com.co\/wp-content\/uploads\/2025\/07\/carcel-1-1.jpg?fit=800%2C445&ssl=1","type":"image\/jpeg"}],"author":"David Andr\u00e9s Aguirre","twitter_card":"summary_large_image","twitter_misc":{"Escrito por":"David Andr\u00e9s Aguirre","Tiempo de lectura":"1 minuto"},"schema":{"@context":"https:\/\/schema.org","@graph":[{"@type":"WebPage","@id":"https:\/\/ciudadyregion.com.co\/index.php\/hermanos-senalados-de-asesinar-a-un-hombre-en-situacion-de-calle-en-envigado-fueron-enviados-a-la-carcel\/judicial\/","url":"https:\/\/ciudadyregion.com.co\/index.php\/hermanos-senalados-de-asesinar-a-un-hombre-en-situacion-de-calle-en-envigado-fueron-enviados-a-la-carcel\/judicial\/","name":"Hermanos se\u00f1alados de asesinar a un hombre en situaci\u00f3n de calle en Envigado fueron enviados a la c\u00e1rcel - Ciudad y Region","isPartOf":{"@id":"https:\/\/ciudadyregion.com.co\/#website"},"primaryImageOfPage":{"@id":"https:\/\/ciudadyregion.com.co\/index.php\/hermanos-senalados-de-asesinar-a-un-hombre-en-situacion-de-calle-en-envigado-fueron-enviados-a-la-carcel\/judicial\/#primaryimage"},"image":{"@id":"https:\/\/ciudadyregion.com.co\/index.php\/hermanos-senalados-de-asesinar-a-un-hombre-en-situacion-de-calle-en-envigado-fueron-enviados-a-la-carcel\/judicial\/#primaryimage"},"thumbnailUrl":"https:\/\/i0.wp.com\/ciudadyregion.com.co\/wp-content\/uploads\/2025\/07\/carcel-1-1.jpg?fit=800%2C445&ssl=1","datePublished":"2025-08-15T09:12:27+00:00","dateModified":"2025-08-14T17:14:08+00:00","author":{"@id":"https:\/\/ciudadyregion.com.co\/#\/schema\/person\/04a4954373ebc4051f46e8c65ff78622"},"breadcrumb":{"@id":"https:\/\/ciudadyregion.com.co\/index.php\/hermanos-senalados-de-asesinar-a-un-hombre-en-situacion-de-calle-en-envigado-fueron-enviados-a-la-carcel\/judicial\/#breadcrumb"},"inLanguage":"es","potentialAction":[{"@type":"ReadAction","target":["https:\/\/ciudadyregion.com.co\/index.php\/hermanos-senalados-de-asesinar-a-un-hombre-en-situacion-de-calle-en-envigado-fueron-enviados-a-la-carcel\/judicial\/"]}]},{"@type":"ImageObject","inLanguage":"es","@id":"https:\/\/ciudadyregion.com.co\/index.php\/hermanos-senalados-de-asesinar-a-un-hombre-en-situacion-de-calle-en-envigado-fueron-enviados-a-la-carcel\/judicial\/#primaryimage","url":"https:\/\/i0.wp.com\/ciudadyregion.com.co\/wp-content\/uploads\/2025\/07\/carcel-1-1.jpg?fit=800%2C445&ssl=1","contentUrl":"https:\/\/i0.wp.com\/ciudadyregion.com.co\/wp-content\/uploads\/2025\/07\/carcel-1-1.jpg?fit=800%2C445&ssl=1","width":800,"height":445},{"@type":"BreadcrumbList","@id":"https:\/\/ciudadyregion.com.co\/index.php\/hermanos-senalados-de-asesinar-a-un-hombre-en-situacion-de-calle-en-envigado-fueron-enviados-a-la-carcel\/judicial\/#breadcrumb","itemListElement":[{"@type":"ListItem","position":1,"name":"Portada","item":"https:\/\/ciudadyregion.com.co\/"},{"@type":"ListItem","position":2,"name":"Hermanos se\u00f1alados de asesinar a un hombre en situaci\u00f3n de calle en Envigado fueron enviados a la c\u00e1rcel"}]},{"@type":"WebSite","@id":"https:\/\/ciudadyregion.com.co\/#website","url":"https:\/\/ciudadyregion.com.co\/","name":"Ciudad y Region","description":"","potentialAction":[{"@type":"SearchAction","target":{"@type":"EntryPoint","urlTemplate":"https:\/\/ciudadyregion.com.co\/?s={search_term_string}"},"query-input":{"@type":"PropertyValueSpecification","valueRequired":true,"valueName":"search_term_string"}}],"inLanguage":"es"},{"@type":"Person","@id":"https:\/\/ciudadyregion.com.co\/#\/schema\/person\/04a4954373ebc4051f46e8c65ff78622","name":"David Andr\u00e9s Aguirre","image":{"@type":"ImageObject","inLanguage":"es","@id":"https:\/\/ciudadyregion.com.co\/#\/schema\/person\/image\/","url":"https:\/\/secure.gravatar.com\/avatar\/bc3c655860202182ee6d1b5edd042dbe?s=96&d=mm&r=g","contentUrl":"https:\/\/secure.gravatar.com\/avatar\/bc3c655860202182ee6d1b5edd042dbe?s=96&d=mm&r=g","caption":"David Andr\u00e9s Aguirre"},"url":"https:\/\/ciudadyregion.com.co\/index.php\/author\/diegoaguirre\/"}]}},"jetpack_featured_media_url":"https:\/\/i0.wp.com\/ciudadyregion.com.co\/wp-content\/uploads\/2025\/07\/carcel-1-1.jpg?fit=800%2C445&ssl=1","jetpack_sharing_enabled":true,"jetpack_shortlink":"https:\/\/wp.me\/pbS7hh-b4n","jetpack-related-posts":[],"_links":{"self":[{"href":"https:\/\/ciudadyregion.com.co\/index.php\/wp-json\/wp\/v2\/posts\/42555"}],"collection":[{"href":"https:\/\/ciudadyregion.com.co\/index.php\/wp-json\/wp\/v2\/posts"}],"about":[{"href":"https:\/\/ciudadyregion.com.co\/index.php\/wp-json\/wp\/v2\/types\/post"}],"author":[{"embeddable":true,"href":"https:\/\/ciudadyregion.com.co\/index.php\/wp-json\/wp\/v2\/users\/2"}],"replies":[{"embeddable":true,"href":"https:\/\/ciudadyregion.com.co\/index.php\/wp-json\/wp\/v2\/comments?post=42555"}],"version-history":[{"count":1,"href":"https:\/\/ciudadyregion.com.co\/index.php\/wp-json\/wp\/v2\/posts\/42555\/revisions"}],"predecessor-version":[{"id":42556,"href":"https:\/\/ciudadyregion.com.co\/index.php\/wp-json\/wp\/v2\/posts\/42555\/revisions\/42556"}],"wp:featuredmedia":[{"embeddable":true,"href":"https:\/\/ciudadyregion.com.co\/index.php\/wp-json\/wp\/v2\/media\/41583"}],"wp:attachment":[{"href":"https:\/\/ciudadyregion.com.co\/index.php\/wp-json\/wp\/v2\/media?parent=42555"}],"wp:term":[{"taxonomy":"category","embeddable":true,"href":"https:\/\/ciudadyregion.com.co\/index.php\/wp-json\/wp\/v2\/categories?post=42555"},{"taxonomy":"post_tag","embeddable":true,"href":"https:\/\/ciudadyregion.com.co\/index.php\/wp-json\/wp\/v2\/tags?post=42555"}],"curies":[{"name":"wp","href":"https:\/\/api.w.org\/{rel}","templated":true}]}}