{"id":42551,"date":"2025-08-15T04:10:12","date_gmt":"2025-08-15T09:10:12","guid":{"rendered":"https:\/\/ciudadyregion.com.co\/?p=42551"},"modified":"2025-08-14T12:10:50","modified_gmt":"2025-08-14T17:10:50","slug":"hombre-que-habria-arrollado-con-su-vehiculo-a-un-agente-de-transito-en-cali-fue-asegurado","status":"publish","type":"post","link":"https:\/\/ciudadyregion.com.co\/index.php\/hombre-que-habria-arrollado-con-su-vehiculo-a-un-agente-de-transito-en-cali-fue-asegurado\/judicial\/","title":{"rendered":"Hombre que habr\u00eda arrollado con su veh\u00edculo a un agente de tr\u00e1nsito en Cali fue asegurado"},"content":{"rendered":"<ul>\n<li><strong><i>Los hechos ocurrieron cuando la v\u00edctima requiri\u00f3 al presunto agresor por haber cometido una infracci\u00f3n de tr\u00e1nsito minutos antes.<\/i><\/strong><\/li>\n<\/ul>\n<p>Un hombre que habr\u00eda arrollado, con un veh\u00edculo, a un agente de tr\u00e1nsito fue judicializado por la Fiscal\u00eda General de la Naci\u00f3n por los\u00a0delitos de violencia contra servidor p\u00fablico agravado\u00a0y fraude a resoluci\u00f3n judicial, en Cali (Valle del Cauca).<\/p>\n<p>Se trata de Jes\u00fas Orlando Holgu\u00edn Velasco, de 36 a\u00f1os, investigado por la Fiscal\u00eda por hechos ocurridos el pasado 12 de agosto, en una v\u00eda p\u00fablica del barrio Nuevo Tequendama, donde fue arrollado por un veh\u00edculo\u00a0un agente de tr\u00e1nsito que en cumplimiento de su rol le hizo el llamado por omitir una se\u00f1al de pare.<\/p>\n<p>Asimismo, la Fiscal\u00eda pudo establecer que el hoy imputado ten\u00eda suspendida la licencia de conducci\u00f3n durante 10 a\u00f1os por conducir en estado de embriaguez, desde el 26 de diciembre de 2021.<\/p>\n<p>Por lo anterior, Holgu\u00edn Velasco fue capturado en flagrancia por personal de la Polic\u00eda Nacional.<\/p>\n<p>En desarrollo de las audiencias concentradas, un juez de control de garant\u00edas acogi\u00f3 la solicitud de la Fiscal\u00eda y priv\u00f3 de la libertad al presunto implicado en centro carcelario.<\/p>\n","protected":false},"excerpt":{"rendered":"<p>Los hechos ocurrieron cuando la v\u00edctima requiri\u00f3 al presunto agresor por haber cometido una infracci\u00f3n de tr\u00e1nsito minutos antes. Un hombre que habr\u00eda arrollado, con un veh\u00edculo, a un agente de tr\u00e1nsito fue judicializado por la Fiscal\u00eda General de la Naci\u00f3n por los\u00a0delitos de violencia contra servidor p\u00fablico agravado\u00a0y fraude<span class=\"more-link\"><a href=\"https:\/\/ciudadyregion.com.co\/index.php\/hombre-que-habria-arrollado-con-su-vehiculo-a-un-agente-de-transito-en-cali-fue-asegurado\/judicial\/\">Continuar Leyendo<\/a><\/span><\/p>\n","protected":false},"author":2,"featured_media":42553,"comment_status":"open","ping_status":"open","sticky":false,"template":"","format":"standard","meta":{"_uf_show_specific_survey":0,"_uf_disable_surveys":false,"_jetpack_memberships_contains_paid_content":false,"footnotes":"","jetpack_publicize_message":"","jetpack_publicize_feature_enabled":true,"jetpack_social_post_already_shared":true,"jetpack_social_options":{"image_generator_settings":{"template":"highway","enabled":false},"version":2}},"categories":[18],"tags":[],"class_list":["entry","author-diegoaguirre","post-42551","post","type-post","status-publish","format-standard","has-post-thumbnail","category-judicial"],"jetpack_publicize_connections":[],"yoast_head":"<!-- This site is optimized with the Yoast SEO plugin v24.3 - https:\/\/yoast.com\/wordpress\/plugins\/seo\/ -->\n<title>Hombre que habr\u00eda arrollado con su veh\u00edculo a un agente de tr\u00e1nsito en Cali fue asegurado - Ciudad y Region<\/title>\n<meta name=\"robots\" content=\"index, follow, max-snippet:-1, max-image-preview:large, max-video-preview:-1\" \/>\n<link rel=\"canonical\" href=\"https:\/\/ciudadyregion.com.co\/index.php\/hombre-que-habria-arrollado-con-su-vehiculo-a-un-agente-de-transito-en-cali-fue-asegurado\/judicial\/\" \/>\n<meta property=\"og:locale\" content=\"es_ES\" \/>\n<meta property=\"og:type\" content=\"article\" \/>\n<meta property=\"og:title\" content=\"Hombre que habr\u00eda arrollado con su veh\u00edculo a un agente de tr\u00e1nsito en Cali fue asegurado - Ciudad y Region\" \/>\n<meta property=\"og:description\" content=\"Los hechos ocurrieron cuando la v\u00edctima requiri\u00f3 al presunto agresor por haber cometido una infracci\u00f3n de tr\u00e1nsito minutos antes. Un hombre que habr\u00eda arrollado, con un veh\u00edculo, a un agente de tr\u00e1nsito fue judicializado por la Fiscal\u00eda General de la Naci\u00f3n por los\u00a0delitos de violencia contra servidor p\u00fablico agravado\u00a0y fraudeContinuar Leyendo\" \/>\n<meta property=\"og:url\" content=\"https:\/\/ciudadyregion.com.co\/index.php\/hombre-que-habria-arrollado-con-su-vehiculo-a-un-agente-de-transito-en-cali-fue-asegurado\/judicial\/\" \/>\n<meta property=\"og:site_name\" content=\"Ciudad y Region\" \/>\n<meta property=\"article:published_time\" content=\"2025-08-15T09:10:12+00:00\" \/>\n<meta property=\"article:modified_time\" content=\"2025-08-14T17:10:50+00:00\" \/>\n<meta property=\"og:image\" content=\"https:\/\/i0.wp.com\/ciudadyregion.com.co\/wp-content\/uploads\/2025\/08\/2-2025-08-14T120835.601.jpg?fit=800%2C445&ssl=1\" \/>\n\t<meta property=\"og:image:width\" content=\"800\" \/>\n\t<meta property=\"og:image:height\" content=\"445\" \/>\n\t<meta property=\"og:image:type\" content=\"image\/jpeg\" \/>\n<meta name=\"author\" content=\"David Andr\u00e9s Aguirre\" \/>\n<meta name=\"twitter:card\" content=\"summary_large_image\" \/>\n<meta name=\"twitter:label1\" content=\"Escrito por\" \/>\n\t<meta name=\"twitter:data1\" content=\"David Andr\u00e9s Aguirre\" \/>\n\t<meta name=\"twitter:label2\" content=\"Tiempo de lectura\" \/>\n\t<meta name=\"twitter:data2\" content=\"2 minutos\" \/>\n<script type=\"application\/ld+json\" class=\"yoast-schema-graph\">{\"@context\":\"https:\/\/schema.org\",\"@graph\":[{\"@type\":\"WebPage\",\"@id\":\"https:\/\/ciudadyregion.com.co\/index.php\/hombre-que-habria-arrollado-con-su-vehiculo-a-un-agente-de-transito-en-cali-fue-asegurado\/judicial\/\",\"url\":\"https:\/\/ciudadyregion.com.co\/index.php\/hombre-que-habria-arrollado-con-su-vehiculo-a-un-agente-de-transito-en-cali-fue-asegurado\/judicial\/\",\"name\":\"Hombre que habr\u00eda arrollado con su veh\u00edculo a un agente de tr\u00e1nsito en Cali fue asegurado - Ciudad y Region\",\"isPartOf\":{\"@id\":\"https:\/\/ciudadyregion.com.co\/#website\"},\"primaryImageOfPage\":{\"@id\":\"https:\/\/ciudadyregion.com.co\/index.php\/hombre-que-habria-arrollado-con-su-vehiculo-a-un-agente-de-transito-en-cali-fue-asegurado\/judicial\/#primaryimage\"},\"image\":{\"@id\":\"https:\/\/ciudadyregion.com.co\/index.php\/hombre-que-habria-arrollado-con-su-vehiculo-a-un-agente-de-transito-en-cali-fue-asegurado\/judicial\/#primaryimage\"},\"thumbnailUrl\":\"https:\/\/i0.wp.com\/ciudadyregion.com.co\/wp-content\/uploads\/2025\/08\/2-2025-08-14T120835.601.jpg?fit=800%2C445&ssl=1\",\"datePublished\":\"2025-08-15T09:10:12+00:00\",\"dateModified\":\"2025-08-14T17:10:50+00:00\",\"author\":{\"@id\":\"https:\/\/ciudadyregion.com.co\/#\/schema\/person\/04a4954373ebc4051f46e8c65ff78622\"},\"breadcrumb\":{\"@id\":\"https:\/\/ciudadyregion.com.co\/index.php\/hombre-que-habria-arrollado-con-su-vehiculo-a-un-agente-de-transito-en-cali-fue-asegurado\/judicial\/#breadcrumb\"},\"inLanguage\":\"es\",\"potentialAction\":[{\"@type\":\"ReadAction\",\"target\":[\"https:\/\/ciudadyregion.com.co\/index.php\/hombre-que-habria-arrollado-con-su-vehiculo-a-un-agente-de-transito-en-cali-fue-asegurado\/judicial\/\"]}]},{\"@type\":\"ImageObject\",\"inLanguage\":\"es\",\"@id\":\"https:\/\/ciudadyregion.com.co\/index.php\/hombre-que-habria-arrollado-con-su-vehiculo-a-un-agente-de-transito-en-cali-fue-asegurado\/judicial\/#primaryimage\",\"url\":\"https:\/\/i0.wp.com\/ciudadyregion.com.co\/wp-content\/uploads\/2025\/08\/2-2025-08-14T120835.601.jpg?fit=800%2C445&ssl=1\",\"contentUrl\":\"https:\/\/i0.wp.com\/ciudadyregion.com.co\/wp-content\/uploads\/2025\/08\/2-2025-08-14T120835.601.jpg?fit=800%2C445&ssl=1\",\"width\":800,\"height\":445},{\"@type\":\"BreadcrumbList\",\"@id\":\"https:\/\/ciudadyregion.com.co\/index.php\/hombre-que-habria-arrollado-con-su-vehiculo-a-un-agente-de-transito-en-cali-fue-asegurado\/judicial\/#breadcrumb\",\"itemListElement\":[{\"@type\":\"ListItem\",\"position\":1,\"name\":\"Portada\",\"item\":\"https:\/\/ciudadyregion.com.co\/\"},{\"@type\":\"ListItem\",\"position\":2,\"name\":\"Hombre que habr\u00eda arrollado con su veh\u00edculo a un agente de tr\u00e1nsito en Cali fue asegurado\"}]},{\"@type\":\"WebSite\",\"@id\":\"https:\/\/ciudadyregion.com.co\/#website\",\"url\":\"https:\/\/ciudadyregion.com.co\/\",\"name\":\"Ciudad y Region\",\"description\":\"\",\"potentialAction\":[{\"@type\":\"SearchAction\",\"target\":{\"@type\":\"EntryPoint\",\"urlTemplate\":\"https:\/\/ciudadyregion.com.co\/?s={search_term_string}\"},\"query-input\":{\"@type\":\"PropertyValueSpecification\",\"valueRequired\":true,\"valueName\":\"search_term_string\"}}],\"inLanguage\":\"es\"},{\"@type\":\"Person\",\"@id\":\"https:\/\/ciudadyregion.com.co\/#\/schema\/person\/04a4954373ebc4051f46e8c65ff78622\",\"name\":\"David Andr\u00e9s Aguirre\",\"image\":{\"@type\":\"ImageObject\",\"inLanguage\":\"es\",\"@id\":\"https:\/\/ciudadyregion.com.co\/#\/schema\/person\/image\/\",\"url\":\"https:\/\/secure.gravatar.com\/avatar\/bc3c655860202182ee6d1b5edd042dbe?s=96&d=mm&r=g\",\"contentUrl\":\"https:\/\/secure.gravatar.com\/avatar\/bc3c655860202182ee6d1b5edd042dbe?s=96&d=mm&r=g\",\"caption\":\"David Andr\u00e9s Aguirre\"},\"url\":\"https:\/\/ciudadyregion.com.co\/index.php\/author\/diegoaguirre\/\"}]}<\/script>\n<!-- \/ Yoast SEO plugin. -->","yoast_head_json":{"title":"Hombre que habr\u00eda arrollado con su veh\u00edculo a un agente de tr\u00e1nsito en Cali fue asegurado - Ciudad y Region","robots":{"index":"index","follow":"follow","max-snippet":"max-snippet:-1","max-image-preview":"max-image-preview:large","max-video-preview":"max-video-preview:-1"},"canonical":"https:\/\/ciudadyregion.com.co\/index.php\/hombre-que-habria-arrollado-con-su-vehiculo-a-un-agente-de-transito-en-cali-fue-asegurado\/judicial\/","og_locale":"es_ES","og_type":"article","og_title":"Hombre que habr\u00eda arrollado con su veh\u00edculo a un agente de tr\u00e1nsito en Cali fue asegurado - Ciudad y Region","og_description":"Los hechos ocurrieron cuando la v\u00edctima requiri\u00f3 al presunto agresor por haber cometido una infracci\u00f3n de tr\u00e1nsito minutos antes. Un hombre que habr\u00eda arrollado, con un veh\u00edculo, a un agente de tr\u00e1nsito fue judicializado por la Fiscal\u00eda General de la Naci\u00f3n por los\u00a0delitos de violencia contra servidor p\u00fablico agravado\u00a0y fraudeContinuar Leyendo","og_url":"https:\/\/ciudadyregion.com.co\/index.php\/hombre-que-habria-arrollado-con-su-vehiculo-a-un-agente-de-transito-en-cali-fue-asegurado\/judicial\/","og_site_name":"Ciudad y Region","article_published_time":"2025-08-15T09:10:12+00:00","article_modified_time":"2025-08-14T17:10:50+00:00","og_image":[{"width":800,"height":445,"url":"https:\/\/i0.wp.com\/ciudadyregion.com.co\/wp-content\/uploads\/2025\/08\/2-2025-08-14T120835.601.jpg?fit=800%2C445&ssl=1","type":"image\/jpeg"}],"author":"David Andr\u00e9s Aguirre","twitter_card":"summary_large_image","twitter_misc":{"Escrito por":"David Andr\u00e9s Aguirre","Tiempo de lectura":"2 minutos"},"schema":{"@context":"https:\/\/schema.org","@graph":[{"@type":"WebPage","@id":"https:\/\/ciudadyregion.com.co\/index.php\/hombre-que-habria-arrollado-con-su-vehiculo-a-un-agente-de-transito-en-cali-fue-asegurado\/judicial\/","url":"https:\/\/ciudadyregion.com.co\/index.php\/hombre-que-habria-arrollado-con-su-vehiculo-a-un-agente-de-transito-en-cali-fue-asegurado\/judicial\/","name":"Hombre que habr\u00eda arrollado con su veh\u00edculo a un agente de tr\u00e1nsito en Cali fue asegurado - Ciudad y Region","isPartOf":{"@id":"https:\/\/ciudadyregion.com.co\/#website"},"primaryImageOfPage":{"@id":"https:\/\/ciudadyregion.com.co\/index.php\/hombre-que-habria-arrollado-con-su-vehiculo-a-un-agente-de-transito-en-cali-fue-asegurado\/judicial\/#primaryimage"},"image":{"@id":"https:\/\/ciudadyregion.com.co\/index.php\/hombre-que-habria-arrollado-con-su-vehiculo-a-un-agente-de-transito-en-cali-fue-asegurado\/judicial\/#primaryimage"},"thumbnailUrl":"https:\/\/i0.wp.com\/ciudadyregion.com.co\/wp-content\/uploads\/2025\/08\/2-2025-08-14T120835.601.jpg?fit=800%2C445&ssl=1","datePublished":"2025-08-15T09:10:12+00:00","dateModified":"2025-08-14T17:10:50+00:00","author":{"@id":"https:\/\/ciudadyregion.com.co\/#\/schema\/person\/04a4954373ebc4051f46e8c65ff78622"},"breadcrumb":{"@id":"https:\/\/ciudadyregion.com.co\/index.php\/hombre-que-habria-arrollado-con-su-vehiculo-a-un-agente-de-transito-en-cali-fue-asegurado\/judicial\/#breadcrumb"},"inLanguage":"es","potentialAction":[{"@type":"ReadAction","target":["https:\/\/ciudadyregion.com.co\/index.php\/hombre-que-habria-arrollado-con-su-vehiculo-a-un-agente-de-transito-en-cali-fue-asegurado\/judicial\/"]}]},{"@type":"ImageObject","inLanguage":"es","@id":"https:\/\/ciudadyregion.com.co\/index.php\/hombre-que-habria-arrollado-con-su-vehiculo-a-un-agente-de-transito-en-cali-fue-asegurado\/judicial\/#primaryimage","url":"https:\/\/i0.wp.com\/ciudadyregion.com.co\/wp-content\/uploads\/2025\/08\/2-2025-08-14T120835.601.jpg?fit=800%2C445&ssl=1","contentUrl":"https:\/\/i0.wp.com\/ciudadyregion.com.co\/wp-content\/uploads\/2025\/08\/2-2025-08-14T120835.601.jpg?fit=800%2C445&ssl=1","width":800,"height":445},{"@type":"BreadcrumbList","@id":"https:\/\/ciudadyregion.com.co\/index.php\/hombre-que-habria-arrollado-con-su-vehiculo-a-un-agente-de-transito-en-cali-fue-asegurado\/judicial\/#breadcrumb","itemListElement":[{"@type":"ListItem","position":1,"name":"Portada","item":"https:\/\/ciudadyregion.com.co\/"},{"@type":"ListItem","position":2,"name":"Hombre que habr\u00eda arrollado con su veh\u00edculo a un agente de tr\u00e1nsito en Cali fue asegurado"}]},{"@type":"WebSite","@id":"https:\/\/ciudadyregion.com.co\/#website","url":"https:\/\/ciudadyregion.com.co\/","name":"Ciudad y Region","description":"","potentialAction":[{"@type":"SearchAction","target":{"@type":"EntryPoint","urlTemplate":"https:\/\/ciudadyregion.com.co\/?s={search_term_string}"},"query-input":{"@type":"PropertyValueSpecification","valueRequired":true,"valueName":"search_term_string"}}],"inLanguage":"es"},{"@type":"Person","@id":"https:\/\/ciudadyregion.com.co\/#\/schema\/person\/04a4954373ebc4051f46e8c65ff78622","name":"David Andr\u00e9s Aguirre","image":{"@type":"ImageObject","inLanguage":"es","@id":"https:\/\/ciudadyregion.com.co\/#\/schema\/person\/image\/","url":"https:\/\/secure.gravatar.com\/avatar\/bc3c655860202182ee6d1b5edd042dbe?s=96&d=mm&r=g","contentUrl":"https:\/\/secure.gravatar.com\/avatar\/bc3c655860202182ee6d1b5edd042dbe?s=96&d=mm&r=g","caption":"David Andr\u00e9s Aguirre"},"url":"https:\/\/ciudadyregion.com.co\/index.php\/author\/diegoaguirre\/"}]}},"jetpack_featured_media_url":"https:\/\/i0.wp.com\/ciudadyregion.com.co\/wp-content\/uploads\/2025\/08\/2-2025-08-14T120835.601.jpg?fit=800%2C445&ssl=1","jetpack_sharing_enabled":true,"jetpack_shortlink":"https:\/\/wp.me\/pbS7hh-b4j","jetpack-related-posts":[],"_links":{"self":[{"href":"https:\/\/ciudadyregion.com.co\/index.php\/wp-json\/wp\/v2\/posts\/42551"}],"collection":[{"href":"https:\/\/ciudadyregion.com.co\/index.php\/wp-json\/wp\/v2\/posts"}],"about":[{"href":"https:\/\/ciudadyregion.com.co\/index.php\/wp-json\/wp\/v2\/types\/post"}],"author":[{"embeddable":true,"href":"https:\/\/ciudadyregion.com.co\/index.php\/wp-json\/wp\/v2\/users\/2"}],"replies":[{"embeddable":true,"href":"https:\/\/ciudadyregion.com.co\/index.php\/wp-json\/wp\/v2\/comments?post=42551"}],"version-history":[{"count":1,"href":"https:\/\/ciudadyregion.com.co\/index.php\/wp-json\/wp\/v2\/posts\/42551\/revisions"}],"predecessor-version":[{"id":42554,"href":"https:\/\/ciudadyregion.com.co\/index.php\/wp-json\/wp\/v2\/posts\/42551\/revisions\/42554"}],"wp:featuredmedia":[{"embeddable":true,"href":"https:\/\/ciudadyregion.com.co\/index.php\/wp-json\/wp\/v2\/media\/42553"}],"wp:attachment":[{"href":"https:\/\/ciudadyregion.com.co\/index.php\/wp-json\/wp\/v2\/media?parent=42551"}],"wp:term":[{"taxonomy":"category","embeddable":true,"href":"https:\/\/ciudadyregion.com.co\/index.php\/wp-json\/wp\/v2\/categories?post=42551"},{"taxonomy":"post_tag","embeddable":true,"href":"https:\/\/ciudadyregion.com.co\/index.php\/wp-json\/wp\/v2\/tags?post=42551"}],"curies":[{"name":"wp","href":"https:\/\/api.w.org\/{rel}","templated":true}]}}