{"id":42548,"date":"2025-08-14T07:56:15","date_gmt":"2025-08-14T12:56:15","guid":{"rendered":"https:\/\/ciudadyregion.com.co\/?p=42548"},"modified":"2025-08-14T07:56:15","modified_gmt":"2025-08-14T12:56:15","slug":"es-falso-que-se-quiere-unir-a-los-ejercitos-de-colombia-y-venezuela-se-quiere-es-coordinar-la-lucha-contra-el-narcotrafico-presidente-petro","status":"publish","type":"post","link":"https:\/\/ciudadyregion.com.co\/index.php\/es-falso-que-se-quiere-unir-a-los-ejercitos-de-colombia-y-venezuela-se-quiere-es-coordinar-la-lucha-contra-el-narcotrafico-presidente-petro\/nacional\/","title":{"rendered":"\u201cEs falso que se quiere unir a los Ej\u00e9rcitos de Colombia y Venezuela; se quiere es coordinar la lucha contra el narcotr\u00e1fico\u201d: presidente Petro"},"content":{"rendered":"<div>\u201cEs falsa la noticia de la prensa (colombiana) de hoy, de que quieren unir el Ej\u00e9rcito venezolano con el colombiano; eso no es cierto\u201d, afirm\u00f3 categ\u00f3ricamente el presidente Gustavo Petro durante la ceremonia de ascenso de coroneles a generales, en la Escuela de Cadetes de Polic\u00eda General Santander.<\/div>\n<div><\/div>\n<div>El mandatario se refiri\u00f3 a las declaraciones del presidente de Venezuela, Nicol\u00e1s Maduro, quien en acto p\u00fablico frente a comandantes militares de su pa\u00eds habl\u00f3 de fortalecer la cooperaci\u00f3n militar en la frontera com\u00fan.<\/div>\n<div><\/div>\n<div>\u201cLas palabras reales de Nicol\u00e1s Maduro es que coordinemos acciones contra el narcotr\u00e1fico. Es muy diferente. Sabemos que nuestra frontera, desde que nos quitaron las relaciones (bilaterales) y la cerraron, est\u00e1 en poder de la mafia, y el ej\u00e9rcito m\u00e1s importante de esa mafia se llama Ej\u00e9rcito de Liberaci\u00f3n Nacional, que se le olvid\u00f3 qu\u00e9 es la naci\u00f3n y qu\u00e9 es la liberaci\u00f3n, por traquetear, porque se le llen\u00f3 de codicia el coraz\u00f3n\u201d, sostuvo.<\/div>\n<div><\/div>\n<div>El jefe de Estado asegur\u00f3 que \u201che movido diplom\u00e1ticamente al Gobierno de Venezuela\u201d para golpear al Eln, la \u2018Segunda Marquetalia\u2019 y otros grupos ilegales como el \u2018clan del Golfo\u2019 que act\u00faan en la frontera binacional.<\/div>\n<div><\/div>\n<div>Agreg\u00f3 que actualmente el narcotr\u00e1fico tiene m\u00e1s poder: \u201clo peor que se puede hacer es entregarle poder al narcotr\u00e1fico, y en Am\u00e9rica Latina cada vez tiene m\u00e1s poder, y eso no se quita bombardeando. Bombardean es al pobre, al joven que por no tener dinero se mete en malos caminos, cuando necesita es oportunidades, no bombas en su cabeza\u201d.<\/div>\n<div><\/div>\n<div>Dijo que la \u00fanica alianza posible es sobre la libertad humana. \u201cLo que tenemos que hacer es no matarnos entre nosotros, y no acudir a voces extranjeras que nos piden que nos matemos\u201d, asegur\u00f3 en referencia \u2013sin mencionar a ning\u00fan pa\u00eds- a versiones seg\u00fan las cuales fuerzas internacionales podr\u00edan combatir militarmente a los carteles de la droga en la frontera colombo-venezolana.<\/div>\n<div><\/div>\n<div>Al respecto inst\u00f3 a que, para defender la soberan\u00eda y la libertad, \u201cpase lo que pase, los ministros, cancilleres de Am\u00e9rica Latina, tienen que reunirse lo m\u00e1s pronto posible, porque nos han amenazado, porque quieren agredir, como en Gaza, la patria de Bol\u00edvar\u201d.<\/div>\n<div><\/div>\n<div>El presidente Petro reiter\u00f3 que el narcotr\u00e1fico quiere matarlo a \u00e9l y a su familia \u201cporque los estamos destruyendo\u201d, y le pidi\u00f3 al general Carlos Fernando Triana, director de la Polic\u00eda Nacional, que con la Inteligencia m\u00e1s fuerte que hay en Colombia \u201cse articule al mundo, no a Venezuela, como dicen por ah\u00ed, pero a Venezuela tambi\u00e9n, y a Per\u00fa, a pesar de nuestra diferencia, y a Ecuador, Panam\u00e1, Uruguay y Paraguay y a todo el Caribe, y a Paraguay y Uruguay.<\/div>\n<div><\/div>\n<div>Asegur\u00f3 que de Paraguay sali\u00f3 un dinero, al parecer a trav\u00e9s de una iglesia, con la que asesinaron en Colombia al fiscal Marcelo Pecci. \u201cAlg\u00fan narcotraficante, cuyo nombre por ah\u00ed est\u00e1, es el que est\u00e1 detr\u00e1s del asesinato de la familia presidencial, el que se tom\u00f3 la Fiscal\u00eda vieja\u201d, concluy\u00f3.<\/div>\n<div><\/div>\n","protected":false},"excerpt":{"rendered":"<p>\u201cEs falsa la noticia de la prensa (colombiana) de hoy, de que quieren unir el Ej\u00e9rcito venezolano con el colombiano; eso no es cierto\u201d, afirm\u00f3 categ\u00f3ricamente el presidente Gustavo Petro durante la ceremonia de ascenso de coroneles a generales, en la Escuela de Cadetes de Polic\u00eda General Santander. El mandatario<span class=\"more-link\"><a href=\"https:\/\/ciudadyregion.com.co\/index.php\/es-falso-que-se-quiere-unir-a-los-ejercitos-de-colombia-y-venezuela-se-quiere-es-coordinar-la-lucha-contra-el-narcotrafico-presidente-petro\/nacional\/\">Continuar Leyendo<\/a><\/span><\/p>\n","protected":false},"author":2,"featured_media":42549,"comment_status":"open","ping_status":"open","sticky":false,"template":"","format":"standard","meta":{"_uf_show_specific_survey":0,"_uf_disable_surveys":false,"_jetpack_memberships_contains_paid_content":false,"footnotes":"","jetpack_publicize_message":"","jetpack_publicize_feature_enabled":true,"jetpack_social_post_already_shared":true,"jetpack_social_options":{"image_generator_settings":{"template":"highway","enabled":false},"version":2}},"categories":[23],"tags":[],"class_list":["entry","author-diegoaguirre","post-42548","post","type-post","status-publish","format-standard","has-post-thumbnail","category-nacional"],"jetpack_publicize_connections":[],"yoast_head":"<!-- This site is optimized with the Yoast SEO plugin v24.3 - https:\/\/yoast.com\/wordpress\/plugins\/seo\/ -->\n<title>\u201cEs falso que se quiere unir a los Ej\u00e9rcitos de Colombia y Venezuela; se quiere es coordinar la lucha contra el narcotr\u00e1fico\u201d: presidente Petro - Ciudad y Region<\/title>\n<meta name=\"robots\" content=\"index, follow, max-snippet:-1, max-image-preview:large, max-video-preview:-1\" \/>\n<link rel=\"canonical\" href=\"https:\/\/ciudadyregion.com.co\/index.php\/es-falso-que-se-quiere-unir-a-los-ejercitos-de-colombia-y-venezuela-se-quiere-es-coordinar-la-lucha-contra-el-narcotrafico-presidente-petro\/nacional\/\" \/>\n<meta property=\"og:locale\" content=\"es_ES\" \/>\n<meta property=\"og:type\" content=\"article\" \/>\n<meta property=\"og:title\" content=\"\u201cEs falso que se quiere unir a los Ej\u00e9rcitos de Colombia y Venezuela; se quiere es coordinar la lucha contra el narcotr\u00e1fico\u201d: presidente Petro - Ciudad y Region\" \/>\n<meta property=\"og:description\" content=\"\u201cEs falsa la noticia de la prensa (colombiana) de hoy, de que quieren unir el Ej\u00e9rcito venezolano con el colombiano; eso no es cierto\u201d, afirm\u00f3 categ\u00f3ricamente el presidente Gustavo Petro durante la ceremonia de ascenso de coroneles a generales, en la Escuela de Cadetes de Polic\u00eda General Santander. El mandatarioContinuar Leyendo\" \/>\n<meta property=\"og:url\" content=\"https:\/\/ciudadyregion.com.co\/index.php\/es-falso-que-se-quiere-unir-a-los-ejercitos-de-colombia-y-venezuela-se-quiere-es-coordinar-la-lucha-contra-el-narcotrafico-presidente-petro\/nacional\/\" \/>\n<meta property=\"og:site_name\" content=\"Ciudad y Region\" \/>\n<meta property=\"article:published_time\" content=\"2025-08-14T12:56:15+00:00\" \/>\n<meta property=\"og:image\" content=\"https:\/\/ciudadyregion.com.co\/wp-content\/uploads\/2025\/08\/1-92.jpg\" \/>\n\t<meta property=\"og:image:width\" content=\"800\" \/>\n\t<meta property=\"og:image:height\" content=\"445\" \/>\n\t<meta property=\"og:image:type\" content=\"image\/jpeg\" \/>\n<meta name=\"author\" content=\"David Andr\u00e9s Aguirre\" \/>\n<meta name=\"twitter:card\" content=\"summary_large_image\" \/>\n<meta name=\"twitter:label1\" content=\"Escrito por\" \/>\n\t<meta name=\"twitter:data1\" content=\"David Andr\u00e9s Aguirre\" \/>\n\t<meta name=\"twitter:label2\" content=\"Tiempo de lectura\" \/>\n\t<meta name=\"twitter:data2\" content=\"3 minutos\" \/>\n<script type=\"application\/ld+json\" class=\"yoast-schema-graph\">{\"@context\":\"https:\/\/schema.org\",\"@graph\":[{\"@type\":\"WebPage\",\"@id\":\"https:\/\/ciudadyregion.com.co\/index.php\/es-falso-que-se-quiere-unir-a-los-ejercitos-de-colombia-y-venezuela-se-quiere-es-coordinar-la-lucha-contra-el-narcotrafico-presidente-petro\/nacional\/\",\"url\":\"https:\/\/ciudadyregion.com.co\/index.php\/es-falso-que-se-quiere-unir-a-los-ejercitos-de-colombia-y-venezuela-se-quiere-es-coordinar-la-lucha-contra-el-narcotrafico-presidente-petro\/nacional\/\",\"name\":\"\u201cEs falso que se quiere unir a los Ej\u00e9rcitos de Colombia y Venezuela; se quiere es coordinar la lucha contra el narcotr\u00e1fico\u201d: presidente Petro - Ciudad y Region\",\"isPartOf\":{\"@id\":\"https:\/\/ciudadyregion.com.co\/#website\"},\"primaryImageOfPage\":{\"@id\":\"https:\/\/ciudadyregion.com.co\/index.php\/es-falso-que-se-quiere-unir-a-los-ejercitos-de-colombia-y-venezuela-se-quiere-es-coordinar-la-lucha-contra-el-narcotrafico-presidente-petro\/nacional\/#primaryimage\"},\"image\":{\"@id\":\"https:\/\/ciudadyregion.com.co\/index.php\/es-falso-que-se-quiere-unir-a-los-ejercitos-de-colombia-y-venezuela-se-quiere-es-coordinar-la-lucha-contra-el-narcotrafico-presidente-petro\/nacional\/#primaryimage\"},\"thumbnailUrl\":\"https:\/\/i0.wp.com\/ciudadyregion.com.co\/wp-content\/uploads\/2025\/08\/1-92.jpg?fit=800%2C445&ssl=1\",\"datePublished\":\"2025-08-14T12:56:15+00:00\",\"dateModified\":\"2025-08-14T12:56:15+00:00\",\"author\":{\"@id\":\"https:\/\/ciudadyregion.com.co\/#\/schema\/person\/04a4954373ebc4051f46e8c65ff78622\"},\"breadcrumb\":{\"@id\":\"https:\/\/ciudadyregion.com.co\/index.php\/es-falso-que-se-quiere-unir-a-los-ejercitos-de-colombia-y-venezuela-se-quiere-es-coordinar-la-lucha-contra-el-narcotrafico-presidente-petro\/nacional\/#breadcrumb\"},\"inLanguage\":\"es\",\"potentialAction\":[{\"@type\":\"ReadAction\",\"target\":[\"https:\/\/ciudadyregion.com.co\/index.php\/es-falso-que-se-quiere-unir-a-los-ejercitos-de-colombia-y-venezuela-se-quiere-es-coordinar-la-lucha-contra-el-narcotrafico-presidente-petro\/nacional\/\"]}]},{\"@type\":\"ImageObject\",\"inLanguage\":\"es\",\"@id\":\"https:\/\/ciudadyregion.com.co\/index.php\/es-falso-que-se-quiere-unir-a-los-ejercitos-de-colombia-y-venezuela-se-quiere-es-coordinar-la-lucha-contra-el-narcotrafico-presidente-petro\/nacional\/#primaryimage\",\"url\":\"https:\/\/i0.wp.com\/ciudadyregion.com.co\/wp-content\/uploads\/2025\/08\/1-92.jpg?fit=800%2C445&ssl=1\",\"contentUrl\":\"https:\/\/i0.wp.com\/ciudadyregion.com.co\/wp-content\/uploads\/2025\/08\/1-92.jpg?fit=800%2C445&ssl=1\",\"width\":800,\"height\":445},{\"@type\":\"BreadcrumbList\",\"@id\":\"https:\/\/ciudadyregion.com.co\/index.php\/es-falso-que-se-quiere-unir-a-los-ejercitos-de-colombia-y-venezuela-se-quiere-es-coordinar-la-lucha-contra-el-narcotrafico-presidente-petro\/nacional\/#breadcrumb\",\"itemListElement\":[{\"@type\":\"ListItem\",\"position\":1,\"name\":\"Portada\",\"item\":\"https:\/\/ciudadyregion.com.co\/\"},{\"@type\":\"ListItem\",\"position\":2,\"name\":\"\u201cEs falso que se quiere unir a los Ej\u00e9rcitos de Colombia y Venezuela; se quiere es coordinar la lucha contra el narcotr\u00e1fico\u201d: presidente Petro\"}]},{\"@type\":\"WebSite\",\"@id\":\"https:\/\/ciudadyregion.com.co\/#website\",\"url\":\"https:\/\/ciudadyregion.com.co\/\",\"name\":\"Ciudad y Region\",\"description\":\"\",\"potentialAction\":[{\"@type\":\"SearchAction\",\"target\":{\"@type\":\"EntryPoint\",\"urlTemplate\":\"https:\/\/ciudadyregion.com.co\/?s={search_term_string}\"},\"query-input\":{\"@type\":\"PropertyValueSpecification\",\"valueRequired\":true,\"valueName\":\"search_term_string\"}}],\"inLanguage\":\"es\"},{\"@type\":\"Person\",\"@id\":\"https:\/\/ciudadyregion.com.co\/#\/schema\/person\/04a4954373ebc4051f46e8c65ff78622\",\"name\":\"David Andr\u00e9s Aguirre\",\"image\":{\"@type\":\"ImageObject\",\"inLanguage\":\"es\",\"@id\":\"https:\/\/ciudadyregion.com.co\/#\/schema\/person\/image\/\",\"url\":\"https:\/\/secure.gravatar.com\/avatar\/bc3c655860202182ee6d1b5edd042dbe?s=96&d=mm&r=g\",\"contentUrl\":\"https:\/\/secure.gravatar.com\/avatar\/bc3c655860202182ee6d1b5edd042dbe?s=96&d=mm&r=g\",\"caption\":\"David Andr\u00e9s Aguirre\"},\"url\":\"https:\/\/ciudadyregion.com.co\/index.php\/author\/diegoaguirre\/\"}]}<\/script>\n<!-- \/ Yoast SEO plugin. -->","yoast_head_json":{"title":"\u201cEs falso que se quiere unir a los Ej\u00e9rcitos de Colombia y Venezuela; se quiere es coordinar la lucha contra el narcotr\u00e1fico\u201d: presidente Petro - Ciudad y Region","robots":{"index":"index","follow":"follow","max-snippet":"max-snippet:-1","max-image-preview":"max-image-preview:large","max-video-preview":"max-video-preview:-1"},"canonical":"https:\/\/ciudadyregion.com.co\/index.php\/es-falso-que-se-quiere-unir-a-los-ejercitos-de-colombia-y-venezuela-se-quiere-es-coordinar-la-lucha-contra-el-narcotrafico-presidente-petro\/nacional\/","og_locale":"es_ES","og_type":"article","og_title":"\u201cEs falso que se quiere unir a los Ej\u00e9rcitos de Colombia y Venezuela; se quiere es coordinar la lucha contra el narcotr\u00e1fico\u201d: presidente Petro - Ciudad y Region","og_description":"\u201cEs falsa la noticia de la prensa (colombiana) de hoy, de que quieren unir el Ej\u00e9rcito venezolano con el colombiano; eso no es cierto\u201d, afirm\u00f3 categ\u00f3ricamente el presidente Gustavo Petro durante la ceremonia de ascenso de coroneles a generales, en la Escuela de Cadetes de Polic\u00eda General Santander. El mandatarioContinuar Leyendo","og_url":"https:\/\/ciudadyregion.com.co\/index.php\/es-falso-que-se-quiere-unir-a-los-ejercitos-de-colombia-y-venezuela-se-quiere-es-coordinar-la-lucha-contra-el-narcotrafico-presidente-petro\/nacional\/","og_site_name":"Ciudad y Region","article_published_time":"2025-08-14T12:56:15+00:00","og_image":[{"width":800,"height":445,"url":"https:\/\/ciudadyregion.com.co\/wp-content\/uploads\/2025\/08\/1-92.jpg","type":"image\/jpeg"}],"author":"David Andr\u00e9s Aguirre","twitter_card":"summary_large_image","twitter_misc":{"Escrito por":"David Andr\u00e9s Aguirre","Tiempo de lectura":"3 minutos"},"schema":{"@context":"https:\/\/schema.org","@graph":[{"@type":"WebPage","@id":"https:\/\/ciudadyregion.com.co\/index.php\/es-falso-que-se-quiere-unir-a-los-ejercitos-de-colombia-y-venezuela-se-quiere-es-coordinar-la-lucha-contra-el-narcotrafico-presidente-petro\/nacional\/","url":"https:\/\/ciudadyregion.com.co\/index.php\/es-falso-que-se-quiere-unir-a-los-ejercitos-de-colombia-y-venezuela-se-quiere-es-coordinar-la-lucha-contra-el-narcotrafico-presidente-petro\/nacional\/","name":"\u201cEs falso que se quiere unir a los Ej\u00e9rcitos de Colombia y Venezuela; se quiere es coordinar la lucha contra el narcotr\u00e1fico\u201d: presidente Petro - Ciudad y Region","isPartOf":{"@id":"https:\/\/ciudadyregion.com.co\/#website"},"primaryImageOfPage":{"@id":"https:\/\/ciudadyregion.com.co\/index.php\/es-falso-que-se-quiere-unir-a-los-ejercitos-de-colombia-y-venezuela-se-quiere-es-coordinar-la-lucha-contra-el-narcotrafico-presidente-petro\/nacional\/#primaryimage"},"image":{"@id":"https:\/\/ciudadyregion.com.co\/index.php\/es-falso-que-se-quiere-unir-a-los-ejercitos-de-colombia-y-venezuela-se-quiere-es-coordinar-la-lucha-contra-el-narcotrafico-presidente-petro\/nacional\/#primaryimage"},"thumbnailUrl":"https:\/\/i0.wp.com\/ciudadyregion.com.co\/wp-content\/uploads\/2025\/08\/1-92.jpg?fit=800%2C445&ssl=1","datePublished":"2025-08-14T12:56:15+00:00","dateModified":"2025-08-14T12:56:15+00:00","author":{"@id":"https:\/\/ciudadyregion.com.co\/#\/schema\/person\/04a4954373ebc4051f46e8c65ff78622"},"breadcrumb":{"@id":"https:\/\/ciudadyregion.com.co\/index.php\/es-falso-que-se-quiere-unir-a-los-ejercitos-de-colombia-y-venezuela-se-quiere-es-coordinar-la-lucha-contra-el-narcotrafico-presidente-petro\/nacional\/#breadcrumb"},"inLanguage":"es","potentialAction":[{"@type":"ReadAction","target":["https:\/\/ciudadyregion.com.co\/index.php\/es-falso-que-se-quiere-unir-a-los-ejercitos-de-colombia-y-venezuela-se-quiere-es-coordinar-la-lucha-contra-el-narcotrafico-presidente-petro\/nacional\/"]}]},{"@type":"ImageObject","inLanguage":"es","@id":"https:\/\/ciudadyregion.com.co\/index.php\/es-falso-que-se-quiere-unir-a-los-ejercitos-de-colombia-y-venezuela-se-quiere-es-coordinar-la-lucha-contra-el-narcotrafico-presidente-petro\/nacional\/#primaryimage","url":"https:\/\/i0.wp.com\/ciudadyregion.com.co\/wp-content\/uploads\/2025\/08\/1-92.jpg?fit=800%2C445&ssl=1","contentUrl":"https:\/\/i0.wp.com\/ciudadyregion.com.co\/wp-content\/uploads\/2025\/08\/1-92.jpg?fit=800%2C445&ssl=1","width":800,"height":445},{"@type":"BreadcrumbList","@id":"https:\/\/ciudadyregion.com.co\/index.php\/es-falso-que-se-quiere-unir-a-los-ejercitos-de-colombia-y-venezuela-se-quiere-es-coordinar-la-lucha-contra-el-narcotrafico-presidente-petro\/nacional\/#breadcrumb","itemListElement":[{"@type":"ListItem","position":1,"name":"Portada","item":"https:\/\/ciudadyregion.com.co\/"},{"@type":"ListItem","position":2,"name":"\u201cEs falso que se quiere unir a los Ej\u00e9rcitos de Colombia y Venezuela; se quiere es coordinar la lucha contra el narcotr\u00e1fico\u201d: presidente Petro"}]},{"@type":"WebSite","@id":"https:\/\/ciudadyregion.com.co\/#website","url":"https:\/\/ciudadyregion.com.co\/","name":"Ciudad y Region","description":"","potentialAction":[{"@type":"SearchAction","target":{"@type":"EntryPoint","urlTemplate":"https:\/\/ciudadyregion.com.co\/?s={search_term_string}"},"query-input":{"@type":"PropertyValueSpecification","valueRequired":true,"valueName":"search_term_string"}}],"inLanguage":"es"},{"@type":"Person","@id":"https:\/\/ciudadyregion.com.co\/#\/schema\/person\/04a4954373ebc4051f46e8c65ff78622","name":"David Andr\u00e9s Aguirre","image":{"@type":"ImageObject","inLanguage":"es","@id":"https:\/\/ciudadyregion.com.co\/#\/schema\/person\/image\/","url":"https:\/\/secure.gravatar.com\/avatar\/bc3c655860202182ee6d1b5edd042dbe?s=96&d=mm&r=g","contentUrl":"https:\/\/secure.gravatar.com\/avatar\/bc3c655860202182ee6d1b5edd042dbe?s=96&d=mm&r=g","caption":"David Andr\u00e9s Aguirre"},"url":"https:\/\/ciudadyregion.com.co\/index.php\/author\/diegoaguirre\/"}]}},"jetpack_featured_media_url":"https:\/\/i0.wp.com\/ciudadyregion.com.co\/wp-content\/uploads\/2025\/08\/1-92.jpg?fit=800%2C445&ssl=1","jetpack_sharing_enabled":true,"jetpack_shortlink":"https:\/\/wp.me\/pbS7hh-b4g","jetpack-related-posts":[],"_links":{"self":[{"href":"https:\/\/ciudadyregion.com.co\/index.php\/wp-json\/wp\/v2\/posts\/42548"}],"collection":[{"href":"https:\/\/ciudadyregion.com.co\/index.php\/wp-json\/wp\/v2\/posts"}],"about":[{"href":"https:\/\/ciudadyregion.com.co\/index.php\/wp-json\/wp\/v2\/types\/post"}],"author":[{"embeddable":true,"href":"https:\/\/ciudadyregion.com.co\/index.php\/wp-json\/wp\/v2\/users\/2"}],"replies":[{"embeddable":true,"href":"https:\/\/ciudadyregion.com.co\/index.php\/wp-json\/wp\/v2\/comments?post=42548"}],"version-history":[{"count":1,"href":"https:\/\/ciudadyregion.com.co\/index.php\/wp-json\/wp\/v2\/posts\/42548\/revisions"}],"predecessor-version":[{"id":42550,"href":"https:\/\/ciudadyregion.com.co\/index.php\/wp-json\/wp\/v2\/posts\/42548\/revisions\/42550"}],"wp:featuredmedia":[{"embeddable":true,"href":"https:\/\/ciudadyregion.com.co\/index.php\/wp-json\/wp\/v2\/media\/42549"}],"wp:attachment":[{"href":"https:\/\/ciudadyregion.com.co\/index.php\/wp-json\/wp\/v2\/media?parent=42548"}],"wp:term":[{"taxonomy":"category","embeddable":true,"href":"https:\/\/ciudadyregion.com.co\/index.php\/wp-json\/wp\/v2\/categories?post=42548"},{"taxonomy":"post_tag","embeddable":true,"href":"https:\/\/ciudadyregion.com.co\/index.php\/wp-json\/wp\/v2\/tags?post=42548"}],"curies":[{"name":"wp","href":"https:\/\/api.w.org\/{rel}","templated":true}]}}