{"id":42545,"date":"2025-08-14T07:49:08","date_gmt":"2025-08-14T12:49:08","guid":{"rendered":"https:\/\/ciudadyregion.com.co\/?p=42545"},"modified":"2025-08-14T07:49:08","modified_gmt":"2025-08-14T12:49:08","slug":"colombia-peru-y-ecuador-ejercen-control-sobre-la-triple-frontera-que-comparten-en-la-amazonia","status":"publish","type":"post","link":"https:\/\/ciudadyregion.com.co\/index.php\/colombia-peru-y-ecuador-ejercen-control-sobre-la-triple-frontera-que-comparten-en-la-amazonia\/nacional\/","title":{"rendered":"Colombia, Per\u00fa y Ecuador ejercen control sobre la triple frontera que comparten en la Amazon\u00eda"},"content":{"rendered":"<div>Las fuerzas militares colombianas, ecuatorianas y peruanas definieron una hoja de ruta para combatir el narcotr\u00e1fico, la miner\u00eda ilegal, el tr\u00e1fico il\u00edcito de armas, la migraci\u00f3n, el contrabando y el tr\u00e1fico de flora y fauna en el \u00e1rea lim\u00edtrofe de las tres naciones, mediante operaciones conjuntas en \u00e1reas que fueron definidas de manera previa.<\/div>\n<div><\/div>\n<div>Las acciones ser\u00e1n combinadas, sostenidas, articuladas y simult\u00e1neas a lo largo de la triple frontera. Cada pa\u00eds aportar\u00e1 capacidades humanas y t\u00e9cnicas en procura de la seguridad regional, aplicando una estrategia propia luego de analizar e intercambiar por m\u00e1s de un a\u00f1o informaci\u00f3n de inteligencia.<\/div>\n<div><\/div>\n<div>De acuerdo con lo acordado en el marco de la Tripartita de Inteligencia Militar Colombia &#8211; Ecuador \u2013 Per\u00fa, celebrada en la ciudad de Puerto Legu\u00edzamo (Putumayo) con la participaci\u00f3n de los mandos militares de las tres naciones, que comparten jurisdicci\u00f3n territorial en la triple frontera, se espera atacar las principales fuentes de financiaci\u00f3n il\u00edcitas de los grupos al margen de la ley.<\/div>\n<div><\/div>\n<div>En este encuentro, que se convierte en el primero de este tipo, las delegaciones de los tres pa\u00edses concertaron instrumentos esenciales para fortalecer la seguridad fronteriza y la cooperaci\u00f3n binacional, que redunden en la tranquilidad de sus pobladores y contribuyan a la seguridad regional.<\/div>\n<div><\/div>\n<div>La Tripartita surge a partir de los mecanismos de intercambio de informaci\u00f3n y de cooperaci\u00f3n que adelanta Colombia con naciones de la regi\u00f3n, y que se vienen adelantando hace m\u00e1s de dos d\u00e9cadas en la Comisi\u00f3n Binacional Fronteriza (Combifron).<\/div>\n<div><\/div>\n<div>En la zona operan los Comandos de la Frontera, grupo disidente de las extintas Fuerzas Armadas Revolucionarias de Colombia (FARC), y una estructura criminal ecuatoriana denominada Los Lobos, ambas asociadas con la miner\u00eda ilegal.<\/div>\n<div><\/div>\n<div><em>Con informaci\u00f3n del Comando de las Fuerzas Militares.<\/em><\/div>\n","protected":false},"excerpt":{"rendered":"<p>Las fuerzas militares colombianas, ecuatorianas y peruanas definieron una hoja de ruta para combatir el narcotr\u00e1fico, la miner\u00eda ilegal, el tr\u00e1fico il\u00edcito de armas, la migraci\u00f3n, el contrabando y el tr\u00e1fico de flora y fauna en el \u00e1rea lim\u00edtrofe de las tres naciones, mediante operaciones conjuntas en \u00e1reas que fueron<span class=\"more-link\"><a href=\"https:\/\/ciudadyregion.com.co\/index.php\/colombia-peru-y-ecuador-ejercen-control-sobre-la-triple-frontera-que-comparten-en-la-amazonia\/nacional\/\">Continuar Leyendo<\/a><\/span><\/p>\n","protected":false},"author":2,"featured_media":42546,"comment_status":"open","ping_status":"open","sticky":false,"template":"","format":"standard","meta":{"_uf_show_specific_survey":0,"_uf_disable_surveys":false,"_jetpack_memberships_contains_paid_content":false,"footnotes":"","jetpack_publicize_message":"","jetpack_publicize_feature_enabled":true,"jetpack_social_post_already_shared":true,"jetpack_social_options":{"image_generator_settings":{"template":"highway","enabled":false},"version":2}},"categories":[23],"tags":[],"class_list":["entry","author-diegoaguirre","post-42545","post","type-post","status-publish","format-standard","has-post-thumbnail","category-nacional"],"jetpack_publicize_connections":[],"yoast_head":"<!-- This site is optimized with the Yoast SEO plugin v24.3 - https:\/\/yoast.com\/wordpress\/plugins\/seo\/ -->\n<title>Colombia, Per\u00fa y Ecuador ejercen control sobre la triple frontera que comparten en la Amazon\u00eda - Ciudad y Region<\/title>\n<meta name=\"robots\" content=\"index, follow, max-snippet:-1, max-image-preview:large, max-video-preview:-1\" \/>\n<link rel=\"canonical\" href=\"https:\/\/ciudadyregion.com.co\/index.php\/colombia-peru-y-ecuador-ejercen-control-sobre-la-triple-frontera-que-comparten-en-la-amazonia\/nacional\/\" \/>\n<meta property=\"og:locale\" content=\"es_ES\" \/>\n<meta property=\"og:type\" content=\"article\" \/>\n<meta property=\"og:title\" content=\"Colombia, Per\u00fa y Ecuador ejercen control sobre la triple frontera que comparten en la Amazon\u00eda - Ciudad y Region\" \/>\n<meta property=\"og:description\" content=\"Las fuerzas militares colombianas, ecuatorianas y peruanas definieron una hoja de ruta para combatir el narcotr\u00e1fico, la miner\u00eda ilegal, el tr\u00e1fico il\u00edcito de armas, la migraci\u00f3n, el contrabando y el tr\u00e1fico de flora y fauna en el \u00e1rea lim\u00edtrofe de las tres naciones, mediante operaciones conjuntas en \u00e1reas que fueronContinuar Leyendo\" \/>\n<meta property=\"og:url\" content=\"https:\/\/ciudadyregion.com.co\/index.php\/colombia-peru-y-ecuador-ejercen-control-sobre-la-triple-frontera-que-comparten-en-la-amazonia\/nacional\/\" \/>\n<meta property=\"og:site_name\" content=\"Ciudad y Region\" \/>\n<meta property=\"article:published_time\" content=\"2025-08-14T12:49:08+00:00\" \/>\n<meta property=\"og:image\" content=\"https:\/\/ciudadyregion.com.co\/wp-content\/uploads\/2025\/08\/3-87.jpg\" \/>\n\t<meta property=\"og:image:width\" content=\"800\" \/>\n\t<meta property=\"og:image:height\" content=\"445\" \/>\n\t<meta property=\"og:image:type\" content=\"image\/jpeg\" \/>\n<meta name=\"author\" content=\"David Andr\u00e9s Aguirre\" \/>\n<meta name=\"twitter:card\" content=\"summary_large_image\" \/>\n<meta name=\"twitter:label1\" content=\"Escrito por\" \/>\n\t<meta name=\"twitter:data1\" content=\"David Andr\u00e9s Aguirre\" \/>\n<script type=\"application\/ld+json\" class=\"yoast-schema-graph\">{\"@context\":\"https:\/\/schema.org\",\"@graph\":[{\"@type\":\"WebPage\",\"@id\":\"https:\/\/ciudadyregion.com.co\/index.php\/colombia-peru-y-ecuador-ejercen-control-sobre-la-triple-frontera-que-comparten-en-la-amazonia\/nacional\/\",\"url\":\"https:\/\/ciudadyregion.com.co\/index.php\/colombia-peru-y-ecuador-ejercen-control-sobre-la-triple-frontera-que-comparten-en-la-amazonia\/nacional\/\",\"name\":\"Colombia, Per\u00fa y Ecuador ejercen control sobre la triple frontera que comparten en la Amazon\u00eda - Ciudad y Region\",\"isPartOf\":{\"@id\":\"https:\/\/ciudadyregion.com.co\/#website\"},\"primaryImageOfPage\":{\"@id\":\"https:\/\/ciudadyregion.com.co\/index.php\/colombia-peru-y-ecuador-ejercen-control-sobre-la-triple-frontera-que-comparten-en-la-amazonia\/nacional\/#primaryimage\"},\"image\":{\"@id\":\"https:\/\/ciudadyregion.com.co\/index.php\/colombia-peru-y-ecuador-ejercen-control-sobre-la-triple-frontera-que-comparten-en-la-amazonia\/nacional\/#primaryimage\"},\"thumbnailUrl\":\"https:\/\/i0.wp.com\/ciudadyregion.com.co\/wp-content\/uploads\/2025\/08\/3-87.jpg?fit=800%2C445&ssl=1\",\"datePublished\":\"2025-08-14T12:49:08+00:00\",\"dateModified\":\"2025-08-14T12:49:08+00:00\",\"author\":{\"@id\":\"https:\/\/ciudadyregion.com.co\/#\/schema\/person\/04a4954373ebc4051f46e8c65ff78622\"},\"breadcrumb\":{\"@id\":\"https:\/\/ciudadyregion.com.co\/index.php\/colombia-peru-y-ecuador-ejercen-control-sobre-la-triple-frontera-que-comparten-en-la-amazonia\/nacional\/#breadcrumb\"},\"inLanguage\":\"es\",\"potentialAction\":[{\"@type\":\"ReadAction\",\"target\":[\"https:\/\/ciudadyregion.com.co\/index.php\/colombia-peru-y-ecuador-ejercen-control-sobre-la-triple-frontera-que-comparten-en-la-amazonia\/nacional\/\"]}]},{\"@type\":\"ImageObject\",\"inLanguage\":\"es\",\"@id\":\"https:\/\/ciudadyregion.com.co\/index.php\/colombia-peru-y-ecuador-ejercen-control-sobre-la-triple-frontera-que-comparten-en-la-amazonia\/nacional\/#primaryimage\",\"url\":\"https:\/\/i0.wp.com\/ciudadyregion.com.co\/wp-content\/uploads\/2025\/08\/3-87.jpg?fit=800%2C445&ssl=1\",\"contentUrl\":\"https:\/\/i0.wp.com\/ciudadyregion.com.co\/wp-content\/uploads\/2025\/08\/3-87.jpg?fit=800%2C445&ssl=1\",\"width\":800,\"height\":445},{\"@type\":\"BreadcrumbList\",\"@id\":\"https:\/\/ciudadyregion.com.co\/index.php\/colombia-peru-y-ecuador-ejercen-control-sobre-la-triple-frontera-que-comparten-en-la-amazonia\/nacional\/#breadcrumb\",\"itemListElement\":[{\"@type\":\"ListItem\",\"position\":1,\"name\":\"Portada\",\"item\":\"https:\/\/ciudadyregion.com.co\/\"},{\"@type\":\"ListItem\",\"position\":2,\"name\":\"Colombia, Per\u00fa y Ecuador ejercen control sobre la triple frontera que comparten en la Amazon\u00eda\"}]},{\"@type\":\"WebSite\",\"@id\":\"https:\/\/ciudadyregion.com.co\/#website\",\"url\":\"https:\/\/ciudadyregion.com.co\/\",\"name\":\"Ciudad y Region\",\"description\":\"\",\"potentialAction\":[{\"@type\":\"SearchAction\",\"target\":{\"@type\":\"EntryPoint\",\"urlTemplate\":\"https:\/\/ciudadyregion.com.co\/?s={search_term_string}\"},\"query-input\":{\"@type\":\"PropertyValueSpecification\",\"valueRequired\":true,\"valueName\":\"search_term_string\"}}],\"inLanguage\":\"es\"},{\"@type\":\"Person\",\"@id\":\"https:\/\/ciudadyregion.com.co\/#\/schema\/person\/04a4954373ebc4051f46e8c65ff78622\",\"name\":\"David Andr\u00e9s Aguirre\",\"image\":{\"@type\":\"ImageObject\",\"inLanguage\":\"es\",\"@id\":\"https:\/\/ciudadyregion.com.co\/#\/schema\/person\/image\/\",\"url\":\"https:\/\/secure.gravatar.com\/avatar\/bc3c655860202182ee6d1b5edd042dbe?s=96&d=mm&r=g\",\"contentUrl\":\"https:\/\/secure.gravatar.com\/avatar\/bc3c655860202182ee6d1b5edd042dbe?s=96&d=mm&r=g\",\"caption\":\"David Andr\u00e9s Aguirre\"},\"url\":\"https:\/\/ciudadyregion.com.co\/index.php\/author\/diegoaguirre\/\"}]}<\/script>\n<!-- \/ Yoast SEO plugin. -->","yoast_head_json":{"title":"Colombia, Per\u00fa y Ecuador ejercen control sobre la triple frontera que comparten en la Amazon\u00eda - Ciudad y Region","robots":{"index":"index","follow":"follow","max-snippet":"max-snippet:-1","max-image-preview":"max-image-preview:large","max-video-preview":"max-video-preview:-1"},"canonical":"https:\/\/ciudadyregion.com.co\/index.php\/colombia-peru-y-ecuador-ejercen-control-sobre-la-triple-frontera-que-comparten-en-la-amazonia\/nacional\/","og_locale":"es_ES","og_type":"article","og_title":"Colombia, Per\u00fa y Ecuador ejercen control sobre la triple frontera que comparten en la Amazon\u00eda - Ciudad y Region","og_description":"Las fuerzas militares colombianas, ecuatorianas y peruanas definieron una hoja de ruta para combatir el narcotr\u00e1fico, la miner\u00eda ilegal, el tr\u00e1fico il\u00edcito de armas, la migraci\u00f3n, el contrabando y el tr\u00e1fico de flora y fauna en el \u00e1rea lim\u00edtrofe de las tres naciones, mediante operaciones conjuntas en \u00e1reas que fueronContinuar Leyendo","og_url":"https:\/\/ciudadyregion.com.co\/index.php\/colombia-peru-y-ecuador-ejercen-control-sobre-la-triple-frontera-que-comparten-en-la-amazonia\/nacional\/","og_site_name":"Ciudad y Region","article_published_time":"2025-08-14T12:49:08+00:00","og_image":[{"width":800,"height":445,"url":"https:\/\/ciudadyregion.com.co\/wp-content\/uploads\/2025\/08\/3-87.jpg","type":"image\/jpeg"}],"author":"David Andr\u00e9s Aguirre","twitter_card":"summary_large_image","twitter_misc":{"Escrito por":"David Andr\u00e9s Aguirre"},"schema":{"@context":"https:\/\/schema.org","@graph":[{"@type":"WebPage","@id":"https:\/\/ciudadyregion.com.co\/index.php\/colombia-peru-y-ecuador-ejercen-control-sobre-la-triple-frontera-que-comparten-en-la-amazonia\/nacional\/","url":"https:\/\/ciudadyregion.com.co\/index.php\/colombia-peru-y-ecuador-ejercen-control-sobre-la-triple-frontera-que-comparten-en-la-amazonia\/nacional\/","name":"Colombia, Per\u00fa y Ecuador ejercen control sobre la triple frontera que comparten en la Amazon\u00eda - Ciudad y Region","isPartOf":{"@id":"https:\/\/ciudadyregion.com.co\/#website"},"primaryImageOfPage":{"@id":"https:\/\/ciudadyregion.com.co\/index.php\/colombia-peru-y-ecuador-ejercen-control-sobre-la-triple-frontera-que-comparten-en-la-amazonia\/nacional\/#primaryimage"},"image":{"@id":"https:\/\/ciudadyregion.com.co\/index.php\/colombia-peru-y-ecuador-ejercen-control-sobre-la-triple-frontera-que-comparten-en-la-amazonia\/nacional\/#primaryimage"},"thumbnailUrl":"https:\/\/i0.wp.com\/ciudadyregion.com.co\/wp-content\/uploads\/2025\/08\/3-87.jpg?fit=800%2C445&ssl=1","datePublished":"2025-08-14T12:49:08+00:00","dateModified":"2025-08-14T12:49:08+00:00","author":{"@id":"https:\/\/ciudadyregion.com.co\/#\/schema\/person\/04a4954373ebc4051f46e8c65ff78622"},"breadcrumb":{"@id":"https:\/\/ciudadyregion.com.co\/index.php\/colombia-peru-y-ecuador-ejercen-control-sobre-la-triple-frontera-que-comparten-en-la-amazonia\/nacional\/#breadcrumb"},"inLanguage":"es","potentialAction":[{"@type":"ReadAction","target":["https:\/\/ciudadyregion.com.co\/index.php\/colombia-peru-y-ecuador-ejercen-control-sobre-la-triple-frontera-que-comparten-en-la-amazonia\/nacional\/"]}]},{"@type":"ImageObject","inLanguage":"es","@id":"https:\/\/ciudadyregion.com.co\/index.php\/colombia-peru-y-ecuador-ejercen-control-sobre-la-triple-frontera-que-comparten-en-la-amazonia\/nacional\/#primaryimage","url":"https:\/\/i0.wp.com\/ciudadyregion.com.co\/wp-content\/uploads\/2025\/08\/3-87.jpg?fit=800%2C445&ssl=1","contentUrl":"https:\/\/i0.wp.com\/ciudadyregion.com.co\/wp-content\/uploads\/2025\/08\/3-87.jpg?fit=800%2C445&ssl=1","width":800,"height":445},{"@type":"BreadcrumbList","@id":"https:\/\/ciudadyregion.com.co\/index.php\/colombia-peru-y-ecuador-ejercen-control-sobre-la-triple-frontera-que-comparten-en-la-amazonia\/nacional\/#breadcrumb","itemListElement":[{"@type":"ListItem","position":1,"name":"Portada","item":"https:\/\/ciudadyregion.com.co\/"},{"@type":"ListItem","position":2,"name":"Colombia, Per\u00fa y Ecuador ejercen control sobre la triple frontera que comparten en la Amazon\u00eda"}]},{"@type":"WebSite","@id":"https:\/\/ciudadyregion.com.co\/#website","url":"https:\/\/ciudadyregion.com.co\/","name":"Ciudad y Region","description":"","potentialAction":[{"@type":"SearchAction","target":{"@type":"EntryPoint","urlTemplate":"https:\/\/ciudadyregion.com.co\/?s={search_term_string}"},"query-input":{"@type":"PropertyValueSpecification","valueRequired":true,"valueName":"search_term_string"}}],"inLanguage":"es"},{"@type":"Person","@id":"https:\/\/ciudadyregion.com.co\/#\/schema\/person\/04a4954373ebc4051f46e8c65ff78622","name":"David Andr\u00e9s Aguirre","image":{"@type":"ImageObject","inLanguage":"es","@id":"https:\/\/ciudadyregion.com.co\/#\/schema\/person\/image\/","url":"https:\/\/secure.gravatar.com\/avatar\/bc3c655860202182ee6d1b5edd042dbe?s=96&d=mm&r=g","contentUrl":"https:\/\/secure.gravatar.com\/avatar\/bc3c655860202182ee6d1b5edd042dbe?s=96&d=mm&r=g","caption":"David Andr\u00e9s Aguirre"},"url":"https:\/\/ciudadyregion.com.co\/index.php\/author\/diegoaguirre\/"}]}},"jetpack_featured_media_url":"https:\/\/i0.wp.com\/ciudadyregion.com.co\/wp-content\/uploads\/2025\/08\/3-87.jpg?fit=800%2C445&ssl=1","jetpack_sharing_enabled":true,"jetpack_shortlink":"https:\/\/wp.me\/pbS7hh-b4d","jetpack-related-posts":[],"_links":{"self":[{"href":"https:\/\/ciudadyregion.com.co\/index.php\/wp-json\/wp\/v2\/posts\/42545"}],"collection":[{"href":"https:\/\/ciudadyregion.com.co\/index.php\/wp-json\/wp\/v2\/posts"}],"about":[{"href":"https:\/\/ciudadyregion.com.co\/index.php\/wp-json\/wp\/v2\/types\/post"}],"author":[{"embeddable":true,"href":"https:\/\/ciudadyregion.com.co\/index.php\/wp-json\/wp\/v2\/users\/2"}],"replies":[{"embeddable":true,"href":"https:\/\/ciudadyregion.com.co\/index.php\/wp-json\/wp\/v2\/comments?post=42545"}],"version-history":[{"count":1,"href":"https:\/\/ciudadyregion.com.co\/index.php\/wp-json\/wp\/v2\/posts\/42545\/revisions"}],"predecessor-version":[{"id":42547,"href":"https:\/\/ciudadyregion.com.co\/index.php\/wp-json\/wp\/v2\/posts\/42545\/revisions\/42547"}],"wp:featuredmedia":[{"embeddable":true,"href":"https:\/\/ciudadyregion.com.co\/index.php\/wp-json\/wp\/v2\/media\/42546"}],"wp:attachment":[{"href":"https:\/\/ciudadyregion.com.co\/index.php\/wp-json\/wp\/v2\/media?parent=42545"}],"wp:term":[{"taxonomy":"category","embeddable":true,"href":"https:\/\/ciudadyregion.com.co\/index.php\/wp-json\/wp\/v2\/categories?post=42545"},{"taxonomy":"post_tag","embeddable":true,"href":"https:\/\/ciudadyregion.com.co\/index.php\/wp-json\/wp\/v2\/tags?post=42545"}],"curies":[{"name":"wp","href":"https:\/\/api.w.org\/{rel}","templated":true}]}}