{"id":42538,"date":"2025-08-14T07:42:07","date_gmt":"2025-08-14T12:42:07","guid":{"rendered":"https:\/\/ciudadyregion.com.co\/?p=42538"},"modified":"2025-08-14T07:42:07","modified_gmt":"2025-08-14T12:42:07","slug":"gobierno-impulsa-reforma-clave-a-la-ley-de-proteccion-de-datos-personales-en-colombia","status":"publish","type":"post","link":"https:\/\/ciudadyregion.com.co\/index.php\/gobierno-impulsa-reforma-clave-a-la-ley-de-proteccion-de-datos-personales-en-colombia\/nacional\/","title":{"rendered":"Gobierno impulsa reforma clave a la Ley de Protecci\u00f3n de Datos Personales en Colombia"},"content":{"rendered":"<div>El borrador de la iniciativa fue socializado despu\u00e9s de siete jornadas en las que participaron expertos y diferentes instituciones de educaci\u00f3n superior con propuestas para definir una reforma a la Ley Estatutaria 1581 de 2012.<\/div>\n<div><\/div>\n<div>La presentaci\u00f3n del borrador de propuesta la realizaron la superintendente de Industria y Comercio, Cielo Rusinque, y la ministra de Ciencia, Tecnolog\u00eda e Innovaci\u00f3n, Yesenia Olaya, durante la apertura del XII Congreso Internacional de Protecci\u00f3n de Datos Personales, que se realiz\u00f3 en la Universidad Externado, en Bogot\u00e1.<\/div>\n<div><\/div>\n<div>El proyecto de ley, que ser\u00e1 radicado ente el Congreso de la Rep\u00fablica en los pr\u00f3ximos d\u00edas, se\u00f1ala que es necesario actualizar el tratamiento de datos personales para armonizarlos con los cambios que impone la transformaci\u00f3n de la econom\u00eda mundial y el acelerado desarrollo tecnol\u00f3gico.<\/div>\n<div><\/div>\n<div>\u201cTodo ello incluye el crecimiento de los modelos de negocio basados en datos, el aumento de flujos transfronterizos de datos, la deslocalizaci\u00f3n de la informaci\u00f3n, las din\u00e1micas extraterritoriales de tratamiento de datos, la incorporaci\u00f3n de sistemas de inteligencia artificial, la automatizaci\u00f3n en la toma de decisiones y la elaboraci\u00f3n masiva de perfiles individuales, entre muchos otros fen\u00f3menos\u201d, asegur\u00f3 la superintendente Rusinque.<\/div>\n<div><\/div>\n<div>Por su parte, la ministra Olaya agreg\u00f3 que \u201ces evidente la necesidad de modernizar nuestras leyes para adaptarlas a las econom\u00edas de tecnolog\u00edas emergentes, siguiendo altos est\u00e1ndares internacionales, y poniendo a Colombia a la vanguardia regional en protecci\u00f3n de datos\u201d.<\/div>\n<div><\/div>\n<h2>Alcances del proyecto<\/h2>\n<div><\/div>\n<div>Algunos aspectos que aborda el borrador de proyecto de ley son:<\/div>\n<div><\/div>\n<div>&#8211; Aplicaci\u00f3n de la ley: aplicar\u00eda cuando el tratamiento se lleve a cabo en el territorio colombiano, ya sea que est\u00e9 relacionado con la oferta de bienes o servicios, a titulares de datos ubicados en Colombia, o que est\u00e9 relacionado con el control del comportamiento de los titulares.<\/div>\n<div><\/div>\n<div>&#8211; Definiciones propias de la econom\u00eda digital: el proyecto reconoce la utilizaci\u00f3n de tecnolog\u00eda donde no hay intervenci\u00f3n humana y se encuentra dirigido a analizar, evaluar, predecir, clasificar o tomar decisiones con base en datos personales, entre otros aspectos.<\/div>\n<div><\/div>\n<div>&#8211; Prohibici\u00f3n absoluta de tratamiento de datos de menores de edad: el proyecto permite el tratamiento de datos de mayores de 14 a\u00f1os con su autorizaci\u00f3n. Sin embargo, se mantienen los deberes en cabeza del Estado y de la sociedad, en especial de las entidades educativas, de proveer informaci\u00f3n y capacitar a docentes, padres y tutores sobre las ventajas y riesgos a los que se ven abocados los ni\u00f1os, ni\u00f1as y adolescentes.<\/div>\n<div><\/div>\n<div>&#8211; Prohibici\u00f3n de perfiles de menores de edad: el proyecto de norma proh\u00edbe la elaboraci\u00f3n de perfiles de menores de 18 a\u00f1os que faciliten conductas que puedan perjudicar su desarrollo f\u00edsico o mental, o que se adelanten con fines comerciales, entre otros.<\/div>\n<div><\/div>\n<div>&#8211; Ampliaci\u00f3n de bases legales para el tratamiento de datos, incluyendo el principio de legalidad y el cumplimiento de contratos.<\/div>\n<div><\/div>\n<div>&#8211; Supervisi\u00f3n: se fortalece la interacci\u00f3n entre la autoridad nacional de protecci\u00f3n de datos personales y la Procuradur\u00eda General de la Naci\u00f3n.<\/div>\n<div><\/div>\n<div>\u201cNuestro horizonte no es otro que la edificaci\u00f3n de un r\u00e9gimen de datos que pueda domesticar los mercados, evitar los peligros de los monopolios cognitivos, garantizar que los principios del Estado social de derecho se extiendan al mundo digital y avanzar en la profundizaci\u00f3n de las exigencias propias de una organizaci\u00f3n democr\u00e1tica de la sociedad, concluy\u00f3 la superintendente Cielo Rusinque.<\/div>\n<div><\/div>\n<div><em>Con informaci\u00f3n de la Superintendencia de Industria y Comercio &#8211; SIC<\/em><\/div>\n","protected":false},"excerpt":{"rendered":"<p>El borrador de la iniciativa fue socializado despu\u00e9s de siete jornadas en las que participaron expertos y diferentes instituciones de educaci\u00f3n superior con propuestas para definir una reforma a la Ley Estatutaria 1581 de 2012. La presentaci\u00f3n del borrador de propuesta la realizaron la superintendente de Industria y Comercio, Cielo<span class=\"more-link\"><a href=\"https:\/\/ciudadyregion.com.co\/index.php\/gobierno-impulsa-reforma-clave-a-la-ley-de-proteccion-de-datos-personales-en-colombia\/nacional\/\">Continuar Leyendo<\/a><\/span><\/p>\n","protected":false},"author":2,"featured_media":42539,"comment_status":"open","ping_status":"open","sticky":false,"template":"","format":"standard","meta":{"_uf_show_specific_survey":0,"_uf_disable_surveys":false,"_jetpack_memberships_contains_paid_content":false,"footnotes":"","jetpack_publicize_message":"","jetpack_publicize_feature_enabled":true,"jetpack_social_post_already_shared":true,"jetpack_social_options":{"image_generator_settings":{"template":"highway","enabled":false},"version":2}},"categories":[23],"tags":[],"class_list":["entry","author-diegoaguirre","post-42538","post","type-post","status-publish","format-standard","has-post-thumbnail","category-nacional"],"jetpack_publicize_connections":[],"yoast_head":"<!-- This site is optimized with the Yoast SEO plugin v24.3 - https:\/\/yoast.com\/wordpress\/plugins\/seo\/ -->\n<title>Gobierno impulsa reforma clave a la Ley de Protecci\u00f3n de Datos Personales en Colombia - Ciudad y Region<\/title>\n<meta name=\"robots\" content=\"index, follow, max-snippet:-1, max-image-preview:large, max-video-preview:-1\" \/>\n<link rel=\"canonical\" href=\"https:\/\/ciudadyregion.com.co\/index.php\/gobierno-impulsa-reforma-clave-a-la-ley-de-proteccion-de-datos-personales-en-colombia\/nacional\/\" \/>\n<meta property=\"og:locale\" content=\"es_ES\" \/>\n<meta property=\"og:type\" content=\"article\" \/>\n<meta property=\"og:title\" content=\"Gobierno impulsa reforma clave a la Ley de Protecci\u00f3n de Datos Personales en Colombia - Ciudad y Region\" \/>\n<meta property=\"og:description\" content=\"El borrador de la iniciativa fue socializado despu\u00e9s de siete jornadas en las que participaron expertos y diferentes instituciones de educaci\u00f3n superior con propuestas para definir una reforma a la Ley Estatutaria 1581 de 2012. La presentaci\u00f3n del borrador de propuesta la realizaron la superintendente de Industria y Comercio, CieloContinuar Leyendo\" \/>\n<meta property=\"og:url\" content=\"https:\/\/ciudadyregion.com.co\/index.php\/gobierno-impulsa-reforma-clave-a-la-ley-de-proteccion-de-datos-personales-en-colombia\/nacional\/\" \/>\n<meta property=\"og:site_name\" content=\"Ciudad y Region\" \/>\n<meta property=\"article:published_time\" content=\"2025-08-14T12:42:07+00:00\" \/>\n<meta property=\"og:image\" content=\"https:\/\/ciudadyregion.com.co\/wp-content\/uploads\/2025\/08\/1-91.jpg\" \/>\n\t<meta property=\"og:image:width\" content=\"800\" \/>\n\t<meta property=\"og:image:height\" content=\"445\" \/>\n\t<meta property=\"og:image:type\" content=\"image\/jpeg\" \/>\n<meta name=\"author\" content=\"David Andr\u00e9s Aguirre\" \/>\n<meta name=\"twitter:card\" content=\"summary_large_image\" \/>\n<meta name=\"twitter:label1\" content=\"Escrito por\" \/>\n\t<meta name=\"twitter:data1\" content=\"David Andr\u00e9s Aguirre\" \/>\n<script type=\"application\/ld+json\" class=\"yoast-schema-graph\">{\"@context\":\"https:\/\/schema.org\",\"@graph\":[{\"@type\":\"WebPage\",\"@id\":\"https:\/\/ciudadyregion.com.co\/index.php\/gobierno-impulsa-reforma-clave-a-la-ley-de-proteccion-de-datos-personales-en-colombia\/nacional\/\",\"url\":\"https:\/\/ciudadyregion.com.co\/index.php\/gobierno-impulsa-reforma-clave-a-la-ley-de-proteccion-de-datos-personales-en-colombia\/nacional\/\",\"name\":\"Gobierno impulsa reforma clave a la Ley de Protecci\u00f3n de Datos Personales en Colombia - Ciudad y Region\",\"isPartOf\":{\"@id\":\"https:\/\/ciudadyregion.com.co\/#website\"},\"primaryImageOfPage\":{\"@id\":\"https:\/\/ciudadyregion.com.co\/index.php\/gobierno-impulsa-reforma-clave-a-la-ley-de-proteccion-de-datos-personales-en-colombia\/nacional\/#primaryimage\"},\"image\":{\"@id\":\"https:\/\/ciudadyregion.com.co\/index.php\/gobierno-impulsa-reforma-clave-a-la-ley-de-proteccion-de-datos-personales-en-colombia\/nacional\/#primaryimage\"},\"thumbnailUrl\":\"https:\/\/i0.wp.com\/ciudadyregion.com.co\/wp-content\/uploads\/2025\/08\/1-91.jpg?fit=800%2C445&ssl=1\",\"datePublished\":\"2025-08-14T12:42:07+00:00\",\"dateModified\":\"2025-08-14T12:42:07+00:00\",\"author\":{\"@id\":\"https:\/\/ciudadyregion.com.co\/#\/schema\/person\/04a4954373ebc4051f46e8c65ff78622\"},\"breadcrumb\":{\"@id\":\"https:\/\/ciudadyregion.com.co\/index.php\/gobierno-impulsa-reforma-clave-a-la-ley-de-proteccion-de-datos-personales-en-colombia\/nacional\/#breadcrumb\"},\"inLanguage\":\"es\",\"potentialAction\":[{\"@type\":\"ReadAction\",\"target\":[\"https:\/\/ciudadyregion.com.co\/index.php\/gobierno-impulsa-reforma-clave-a-la-ley-de-proteccion-de-datos-personales-en-colombia\/nacional\/\"]}]},{\"@type\":\"ImageObject\",\"inLanguage\":\"es\",\"@id\":\"https:\/\/ciudadyregion.com.co\/index.php\/gobierno-impulsa-reforma-clave-a-la-ley-de-proteccion-de-datos-personales-en-colombia\/nacional\/#primaryimage\",\"url\":\"https:\/\/i0.wp.com\/ciudadyregion.com.co\/wp-content\/uploads\/2025\/08\/1-91.jpg?fit=800%2C445&ssl=1\",\"contentUrl\":\"https:\/\/i0.wp.com\/ciudadyregion.com.co\/wp-content\/uploads\/2025\/08\/1-91.jpg?fit=800%2C445&ssl=1\",\"width\":800,\"height\":445},{\"@type\":\"BreadcrumbList\",\"@id\":\"https:\/\/ciudadyregion.com.co\/index.php\/gobierno-impulsa-reforma-clave-a-la-ley-de-proteccion-de-datos-personales-en-colombia\/nacional\/#breadcrumb\",\"itemListElement\":[{\"@type\":\"ListItem\",\"position\":1,\"name\":\"Portada\",\"item\":\"https:\/\/ciudadyregion.com.co\/\"},{\"@type\":\"ListItem\",\"position\":2,\"name\":\"Gobierno impulsa reforma clave a la Ley de Protecci\u00f3n de Datos Personales en Colombia\"}]},{\"@type\":\"WebSite\",\"@id\":\"https:\/\/ciudadyregion.com.co\/#website\",\"url\":\"https:\/\/ciudadyregion.com.co\/\",\"name\":\"Ciudad y Region\",\"description\":\"\",\"potentialAction\":[{\"@type\":\"SearchAction\",\"target\":{\"@type\":\"EntryPoint\",\"urlTemplate\":\"https:\/\/ciudadyregion.com.co\/?s={search_term_string}\"},\"query-input\":{\"@type\":\"PropertyValueSpecification\",\"valueRequired\":true,\"valueName\":\"search_term_string\"}}],\"inLanguage\":\"es\"},{\"@type\":\"Person\",\"@id\":\"https:\/\/ciudadyregion.com.co\/#\/schema\/person\/04a4954373ebc4051f46e8c65ff78622\",\"name\":\"David Andr\u00e9s Aguirre\",\"image\":{\"@type\":\"ImageObject\",\"inLanguage\":\"es\",\"@id\":\"https:\/\/ciudadyregion.com.co\/#\/schema\/person\/image\/\",\"url\":\"https:\/\/secure.gravatar.com\/avatar\/bc3c655860202182ee6d1b5edd042dbe?s=96&d=mm&r=g\",\"contentUrl\":\"https:\/\/secure.gravatar.com\/avatar\/bc3c655860202182ee6d1b5edd042dbe?s=96&d=mm&r=g\",\"caption\":\"David Andr\u00e9s Aguirre\"},\"url\":\"https:\/\/ciudadyregion.com.co\/index.php\/author\/diegoaguirre\/\"}]}<\/script>\n<!-- \/ Yoast SEO plugin. -->","yoast_head_json":{"title":"Gobierno impulsa reforma clave a la Ley de Protecci\u00f3n de Datos Personales en Colombia - Ciudad y Region","robots":{"index":"index","follow":"follow","max-snippet":"max-snippet:-1","max-image-preview":"max-image-preview:large","max-video-preview":"max-video-preview:-1"},"canonical":"https:\/\/ciudadyregion.com.co\/index.php\/gobierno-impulsa-reforma-clave-a-la-ley-de-proteccion-de-datos-personales-en-colombia\/nacional\/","og_locale":"es_ES","og_type":"article","og_title":"Gobierno impulsa reforma clave a la Ley de Protecci\u00f3n de Datos Personales en Colombia - Ciudad y Region","og_description":"El borrador de la iniciativa fue socializado despu\u00e9s de siete jornadas en las que participaron expertos y diferentes instituciones de educaci\u00f3n superior con propuestas para definir una reforma a la Ley Estatutaria 1581 de 2012. La presentaci\u00f3n del borrador de propuesta la realizaron la superintendente de Industria y Comercio, CieloContinuar Leyendo","og_url":"https:\/\/ciudadyregion.com.co\/index.php\/gobierno-impulsa-reforma-clave-a-la-ley-de-proteccion-de-datos-personales-en-colombia\/nacional\/","og_site_name":"Ciudad y Region","article_published_time":"2025-08-14T12:42:07+00:00","og_image":[{"width":800,"height":445,"url":"https:\/\/ciudadyregion.com.co\/wp-content\/uploads\/2025\/08\/1-91.jpg","type":"image\/jpeg"}],"author":"David Andr\u00e9s Aguirre","twitter_card":"summary_large_image","twitter_misc":{"Escrito por":"David Andr\u00e9s Aguirre"},"schema":{"@context":"https:\/\/schema.org","@graph":[{"@type":"WebPage","@id":"https:\/\/ciudadyregion.com.co\/index.php\/gobierno-impulsa-reforma-clave-a-la-ley-de-proteccion-de-datos-personales-en-colombia\/nacional\/","url":"https:\/\/ciudadyregion.com.co\/index.php\/gobierno-impulsa-reforma-clave-a-la-ley-de-proteccion-de-datos-personales-en-colombia\/nacional\/","name":"Gobierno impulsa reforma clave a la Ley de Protecci\u00f3n de Datos Personales en Colombia - Ciudad y Region","isPartOf":{"@id":"https:\/\/ciudadyregion.com.co\/#website"},"primaryImageOfPage":{"@id":"https:\/\/ciudadyregion.com.co\/index.php\/gobierno-impulsa-reforma-clave-a-la-ley-de-proteccion-de-datos-personales-en-colombia\/nacional\/#primaryimage"},"image":{"@id":"https:\/\/ciudadyregion.com.co\/index.php\/gobierno-impulsa-reforma-clave-a-la-ley-de-proteccion-de-datos-personales-en-colombia\/nacional\/#primaryimage"},"thumbnailUrl":"https:\/\/i0.wp.com\/ciudadyregion.com.co\/wp-content\/uploads\/2025\/08\/1-91.jpg?fit=800%2C445&ssl=1","datePublished":"2025-08-14T12:42:07+00:00","dateModified":"2025-08-14T12:42:07+00:00","author":{"@id":"https:\/\/ciudadyregion.com.co\/#\/schema\/person\/04a4954373ebc4051f46e8c65ff78622"},"breadcrumb":{"@id":"https:\/\/ciudadyregion.com.co\/index.php\/gobierno-impulsa-reforma-clave-a-la-ley-de-proteccion-de-datos-personales-en-colombia\/nacional\/#breadcrumb"},"inLanguage":"es","potentialAction":[{"@type":"ReadAction","target":["https:\/\/ciudadyregion.com.co\/index.php\/gobierno-impulsa-reforma-clave-a-la-ley-de-proteccion-de-datos-personales-en-colombia\/nacional\/"]}]},{"@type":"ImageObject","inLanguage":"es","@id":"https:\/\/ciudadyregion.com.co\/index.php\/gobierno-impulsa-reforma-clave-a-la-ley-de-proteccion-de-datos-personales-en-colombia\/nacional\/#primaryimage","url":"https:\/\/i0.wp.com\/ciudadyregion.com.co\/wp-content\/uploads\/2025\/08\/1-91.jpg?fit=800%2C445&ssl=1","contentUrl":"https:\/\/i0.wp.com\/ciudadyregion.com.co\/wp-content\/uploads\/2025\/08\/1-91.jpg?fit=800%2C445&ssl=1","width":800,"height":445},{"@type":"BreadcrumbList","@id":"https:\/\/ciudadyregion.com.co\/index.php\/gobierno-impulsa-reforma-clave-a-la-ley-de-proteccion-de-datos-personales-en-colombia\/nacional\/#breadcrumb","itemListElement":[{"@type":"ListItem","position":1,"name":"Portada","item":"https:\/\/ciudadyregion.com.co\/"},{"@type":"ListItem","position":2,"name":"Gobierno impulsa reforma clave a la Ley de Protecci\u00f3n de Datos Personales en Colombia"}]},{"@type":"WebSite","@id":"https:\/\/ciudadyregion.com.co\/#website","url":"https:\/\/ciudadyregion.com.co\/","name":"Ciudad y Region","description":"","potentialAction":[{"@type":"SearchAction","target":{"@type":"EntryPoint","urlTemplate":"https:\/\/ciudadyregion.com.co\/?s={search_term_string}"},"query-input":{"@type":"PropertyValueSpecification","valueRequired":true,"valueName":"search_term_string"}}],"inLanguage":"es"},{"@type":"Person","@id":"https:\/\/ciudadyregion.com.co\/#\/schema\/person\/04a4954373ebc4051f46e8c65ff78622","name":"David Andr\u00e9s Aguirre","image":{"@type":"ImageObject","inLanguage":"es","@id":"https:\/\/ciudadyregion.com.co\/#\/schema\/person\/image\/","url":"https:\/\/secure.gravatar.com\/avatar\/bc3c655860202182ee6d1b5edd042dbe?s=96&d=mm&r=g","contentUrl":"https:\/\/secure.gravatar.com\/avatar\/bc3c655860202182ee6d1b5edd042dbe?s=96&d=mm&r=g","caption":"David Andr\u00e9s Aguirre"},"url":"https:\/\/ciudadyregion.com.co\/index.php\/author\/diegoaguirre\/"}]}},"jetpack_featured_media_url":"https:\/\/i0.wp.com\/ciudadyregion.com.co\/wp-content\/uploads\/2025\/08\/1-91.jpg?fit=800%2C445&ssl=1","jetpack_sharing_enabled":true,"jetpack_shortlink":"https:\/\/wp.me\/pbS7hh-b46","jetpack-related-posts":[],"_links":{"self":[{"href":"https:\/\/ciudadyregion.com.co\/index.php\/wp-json\/wp\/v2\/posts\/42538"}],"collection":[{"href":"https:\/\/ciudadyregion.com.co\/index.php\/wp-json\/wp\/v2\/posts"}],"about":[{"href":"https:\/\/ciudadyregion.com.co\/index.php\/wp-json\/wp\/v2\/types\/post"}],"author":[{"embeddable":true,"href":"https:\/\/ciudadyregion.com.co\/index.php\/wp-json\/wp\/v2\/users\/2"}],"replies":[{"embeddable":true,"href":"https:\/\/ciudadyregion.com.co\/index.php\/wp-json\/wp\/v2\/comments?post=42538"}],"version-history":[{"count":2,"href":"https:\/\/ciudadyregion.com.co\/index.php\/wp-json\/wp\/v2\/posts\/42538\/revisions"}],"predecessor-version":[{"id":42541,"href":"https:\/\/ciudadyregion.com.co\/index.php\/wp-json\/wp\/v2\/posts\/42538\/revisions\/42541"}],"wp:featuredmedia":[{"embeddable":true,"href":"https:\/\/ciudadyregion.com.co\/index.php\/wp-json\/wp\/v2\/media\/42539"}],"wp:attachment":[{"href":"https:\/\/ciudadyregion.com.co\/index.php\/wp-json\/wp\/v2\/media?parent=42538"}],"wp:term":[{"taxonomy":"category","embeddable":true,"href":"https:\/\/ciudadyregion.com.co\/index.php\/wp-json\/wp\/v2\/categories?post=42538"},{"taxonomy":"post_tag","embeddable":true,"href":"https:\/\/ciudadyregion.com.co\/index.php\/wp-json\/wp\/v2\/tags?post=42538"}],"curies":[{"name":"wp","href":"https:\/\/api.w.org\/{rel}","templated":true}]}}