{"id":42532,"date":"2025-08-14T07:32:16","date_gmt":"2025-08-14T12:32:16","guid":{"rendered":"https:\/\/ciudadyregion.com.co\/?p=42532"},"modified":"2025-08-14T07:32:16","modified_gmt":"2025-08-14T12:32:16","slug":"gobierno-logro-acuerdo-con-pequenos-mineros-de-coscuez-y-la-empresa-fura-gems","status":"publish","type":"post","link":"https:\/\/ciudadyregion.com.co\/index.php\/gobierno-logro-acuerdo-con-pequenos-mineros-de-coscuez-y-la-empresa-fura-gems\/nacional\/","title":{"rendered":"Gobierno logr\u00f3 acuerdo con peque\u00f1os mineros de Coscuez y la empresa Fura Gems"},"content":{"rendered":"<div>El Gobierno del presidente Gustavo Petro reconoci\u00f3 a los trabajadores, sindicatos y peque\u00f1os mineros informales y guaqueros del municipio de Coscuez (Boyac\u00e1), como parte del acuerdo para iniciar un proceso que permita su formalizaci\u00f3n laboral.<\/div>\n<div><\/div>\n<div>Adem\u00e1s del Gobierno nacional, en la negociaci\u00f3n participaron autoridades locales y regionales, y representantes del sector minero. Esto condujo al levantamiento del paro que adelantaban los peque\u00f1os mineros y mineros artesanales.<\/div>\n<div><\/div>\n<div>En la mesa de di\u00e1logo social estuvieron tambi\u00e9n los ministerios de Minas y Energ\u00eda, Interior, Trabajo y Defensa, la Gobernaci\u00f3n Boyac\u00e1, la Alcald\u00eda de San Pablo de Borbur, Corpoboyac\u00e1, la Agencia Nacional de Miner\u00eda, y la empresa Coscuez S.A- Fura Gems.<\/div>\n<div><\/div>\n<h2>Los acuerdos<\/h2>\n<div><\/div>\n<div>Algunos de los acuerdos alcanzados son:<\/div>\n<div><\/div>\n<div>&#8211; La empresa Coscuez S.A, compan\u0303i\u0301a de Fura Gems, se compromete a reconocer los procesos de miner\u00eda ancestral y tradicional (guaqueros) que hist\u00f3ricamente se han llevado a cabo en San Pablo de Borbur.<\/div>\n<div><\/div>\n<div>&#8211; Se establecen mesas de di\u00e1logo con todos los actores, incluyendo 500 trabajadores formales y alrededor de 2.000 mineros informales, que participan de la actividad minera ancestral y tradicional, que sean reconocidos por la Agencia Nacional de Miner\u00eda.<\/div>\n<div><\/div>\n<div>&#8211; El Ministerio de Minas y Energ\u00eda y la Agencia Nacional de Miner\u00eda se comprometen a fortalecer el proceso de formalizaci\u00f3n y avanzar en acuerdos directamente con los mineros.<\/div>\n<div><\/div>\n<div>&#8211; Se reanudar\u00e1n los contratos que se encontraban suspendidos por el paro de peque\u00f1os mineros, bajo el compromiso de levantar los puntos restantes de bloqueo.<\/div>\n<div><\/div>\n<div>&#8211; La empresa Coscuez S.A se reunir\u00e1 con el viceministerio de Relaciones Laborales, los trabajadores y sus sindicatos y mineros, para abordar asuntos laborales y sindicales pendientes.<\/div>\n<div><\/div>\n<div>Las partes destacaron la gesti\u00f3n del Ministerio de Minas y Energ\u00eda para aunar voluntades que permitan la concertaci\u00f3n sobre problemas heredados de Gobiernos anteriores.<\/div>\n<div><\/div>\n<div><em>Con informaci\u00f3n del Ministerio de Minas y Energ\u00eda<\/em><\/div>\n","protected":false},"excerpt":{"rendered":"<p>El Gobierno del presidente Gustavo Petro reconoci\u00f3 a los trabajadores, sindicatos y peque\u00f1os mineros informales y guaqueros del municipio de Coscuez (Boyac\u00e1), como parte del acuerdo para iniciar un proceso que permita su formalizaci\u00f3n laboral. Adem\u00e1s del Gobierno nacional, en la negociaci\u00f3n participaron autoridades locales y regionales, y representantes del<span class=\"more-link\"><a href=\"https:\/\/ciudadyregion.com.co\/index.php\/gobierno-logro-acuerdo-con-pequenos-mineros-de-coscuez-y-la-empresa-fura-gems\/nacional\/\">Continuar Leyendo<\/a><\/span><\/p>\n","protected":false},"author":2,"featured_media":42533,"comment_status":"open","ping_status":"open","sticky":false,"template":"","format":"standard","meta":{"_uf_show_specific_survey":0,"_uf_disable_surveys":false,"_jetpack_memberships_contains_paid_content":false,"footnotes":"","jetpack_publicize_message":"","jetpack_publicize_feature_enabled":true,"jetpack_social_post_already_shared":true,"jetpack_social_options":{"image_generator_settings":{"template":"highway","enabled":false},"version":2}},"categories":[23],"tags":[],"class_list":["entry","author-diegoaguirre","post-42532","post","type-post","status-publish","format-standard","has-post-thumbnail","category-nacional"],"jetpack_publicize_connections":[],"yoast_head":"<!-- This site is optimized with the Yoast SEO plugin v24.3 - https:\/\/yoast.com\/wordpress\/plugins\/seo\/ -->\n<title>Gobierno logr\u00f3 acuerdo con peque\u00f1os mineros de Coscuez y la empresa Fura Gems - Ciudad y Region<\/title>\n<meta name=\"robots\" content=\"index, follow, max-snippet:-1, max-image-preview:large, max-video-preview:-1\" \/>\n<link rel=\"canonical\" href=\"https:\/\/ciudadyregion.com.co\/index.php\/gobierno-logro-acuerdo-con-pequenos-mineros-de-coscuez-y-la-empresa-fura-gems\/nacional\/\" \/>\n<meta property=\"og:locale\" content=\"es_ES\" \/>\n<meta property=\"og:type\" content=\"article\" \/>\n<meta property=\"og:title\" content=\"Gobierno logr\u00f3 acuerdo con peque\u00f1os mineros de Coscuez y la empresa Fura Gems - Ciudad y Region\" \/>\n<meta property=\"og:description\" content=\"El Gobierno del presidente Gustavo Petro reconoci\u00f3 a los trabajadores, sindicatos y peque\u00f1os mineros informales y guaqueros del municipio de Coscuez (Boyac\u00e1), como parte del acuerdo para iniciar un proceso que permita su formalizaci\u00f3n laboral. Adem\u00e1s del Gobierno nacional, en la negociaci\u00f3n participaron autoridades locales y regionales, y representantes delContinuar Leyendo\" \/>\n<meta property=\"og:url\" content=\"https:\/\/ciudadyregion.com.co\/index.php\/gobierno-logro-acuerdo-con-pequenos-mineros-de-coscuez-y-la-empresa-fura-gems\/nacional\/\" \/>\n<meta property=\"og:site_name\" content=\"Ciudad y Region\" \/>\n<meta property=\"article:published_time\" content=\"2025-08-14T12:32:16+00:00\" \/>\n<meta property=\"og:image\" content=\"https:\/\/ciudadyregion.com.co\/wp-content\/uploads\/2025\/08\/2-2025-08-14T073048.768.jpg\" \/>\n\t<meta property=\"og:image:width\" content=\"674\" \/>\n\t<meta property=\"og:image:height\" content=\"375\" \/>\n\t<meta property=\"og:image:type\" content=\"image\/jpeg\" \/>\n<meta name=\"author\" content=\"David Andr\u00e9s Aguirre\" \/>\n<meta name=\"twitter:card\" content=\"summary_large_image\" \/>\n<meta name=\"twitter:label1\" content=\"Escrito por\" \/>\n\t<meta name=\"twitter:data1\" content=\"David Andr\u00e9s Aguirre\" \/>\n<script type=\"application\/ld+json\" class=\"yoast-schema-graph\">{\"@context\":\"https:\/\/schema.org\",\"@graph\":[{\"@type\":\"WebPage\",\"@id\":\"https:\/\/ciudadyregion.com.co\/index.php\/gobierno-logro-acuerdo-con-pequenos-mineros-de-coscuez-y-la-empresa-fura-gems\/nacional\/\",\"url\":\"https:\/\/ciudadyregion.com.co\/index.php\/gobierno-logro-acuerdo-con-pequenos-mineros-de-coscuez-y-la-empresa-fura-gems\/nacional\/\",\"name\":\"Gobierno logr\u00f3 acuerdo con peque\u00f1os mineros de Coscuez y la empresa Fura Gems - Ciudad y Region\",\"isPartOf\":{\"@id\":\"https:\/\/ciudadyregion.com.co\/#website\"},\"primaryImageOfPage\":{\"@id\":\"https:\/\/ciudadyregion.com.co\/index.php\/gobierno-logro-acuerdo-con-pequenos-mineros-de-coscuez-y-la-empresa-fura-gems\/nacional\/#primaryimage\"},\"image\":{\"@id\":\"https:\/\/ciudadyregion.com.co\/index.php\/gobierno-logro-acuerdo-con-pequenos-mineros-de-coscuez-y-la-empresa-fura-gems\/nacional\/#primaryimage\"},\"thumbnailUrl\":\"https:\/\/i0.wp.com\/ciudadyregion.com.co\/wp-content\/uploads\/2025\/08\/2-2025-08-14T073048.768.jpg?fit=674%2C375&ssl=1\",\"datePublished\":\"2025-08-14T12:32:16+00:00\",\"dateModified\":\"2025-08-14T12:32:16+00:00\",\"author\":{\"@id\":\"https:\/\/ciudadyregion.com.co\/#\/schema\/person\/04a4954373ebc4051f46e8c65ff78622\"},\"breadcrumb\":{\"@id\":\"https:\/\/ciudadyregion.com.co\/index.php\/gobierno-logro-acuerdo-con-pequenos-mineros-de-coscuez-y-la-empresa-fura-gems\/nacional\/#breadcrumb\"},\"inLanguage\":\"es\",\"potentialAction\":[{\"@type\":\"ReadAction\",\"target\":[\"https:\/\/ciudadyregion.com.co\/index.php\/gobierno-logro-acuerdo-con-pequenos-mineros-de-coscuez-y-la-empresa-fura-gems\/nacional\/\"]}]},{\"@type\":\"ImageObject\",\"inLanguage\":\"es\",\"@id\":\"https:\/\/ciudadyregion.com.co\/index.php\/gobierno-logro-acuerdo-con-pequenos-mineros-de-coscuez-y-la-empresa-fura-gems\/nacional\/#primaryimage\",\"url\":\"https:\/\/i0.wp.com\/ciudadyregion.com.co\/wp-content\/uploads\/2025\/08\/2-2025-08-14T073048.768.jpg?fit=674%2C375&ssl=1\",\"contentUrl\":\"https:\/\/i0.wp.com\/ciudadyregion.com.co\/wp-content\/uploads\/2025\/08\/2-2025-08-14T073048.768.jpg?fit=674%2C375&ssl=1\",\"width\":674,\"height\":375},{\"@type\":\"BreadcrumbList\",\"@id\":\"https:\/\/ciudadyregion.com.co\/index.php\/gobierno-logro-acuerdo-con-pequenos-mineros-de-coscuez-y-la-empresa-fura-gems\/nacional\/#breadcrumb\",\"itemListElement\":[{\"@type\":\"ListItem\",\"position\":1,\"name\":\"Portada\",\"item\":\"https:\/\/ciudadyregion.com.co\/\"},{\"@type\":\"ListItem\",\"position\":2,\"name\":\"Gobierno logr\u00f3 acuerdo con peque\u00f1os mineros de Coscuez y la empresa Fura Gems\"}]},{\"@type\":\"WebSite\",\"@id\":\"https:\/\/ciudadyregion.com.co\/#website\",\"url\":\"https:\/\/ciudadyregion.com.co\/\",\"name\":\"Ciudad y Region\",\"description\":\"\",\"potentialAction\":[{\"@type\":\"SearchAction\",\"target\":{\"@type\":\"EntryPoint\",\"urlTemplate\":\"https:\/\/ciudadyregion.com.co\/?s={search_term_string}\"},\"query-input\":{\"@type\":\"PropertyValueSpecification\",\"valueRequired\":true,\"valueName\":\"search_term_string\"}}],\"inLanguage\":\"es\"},{\"@type\":\"Person\",\"@id\":\"https:\/\/ciudadyregion.com.co\/#\/schema\/person\/04a4954373ebc4051f46e8c65ff78622\",\"name\":\"David Andr\u00e9s Aguirre\",\"image\":{\"@type\":\"ImageObject\",\"inLanguage\":\"es\",\"@id\":\"https:\/\/ciudadyregion.com.co\/#\/schema\/person\/image\/\",\"url\":\"https:\/\/secure.gravatar.com\/avatar\/bc3c655860202182ee6d1b5edd042dbe?s=96&d=mm&r=g\",\"contentUrl\":\"https:\/\/secure.gravatar.com\/avatar\/bc3c655860202182ee6d1b5edd042dbe?s=96&d=mm&r=g\",\"caption\":\"David Andr\u00e9s Aguirre\"},\"url\":\"https:\/\/ciudadyregion.com.co\/index.php\/author\/diegoaguirre\/\"}]}<\/script>\n<!-- \/ Yoast SEO plugin. -->","yoast_head_json":{"title":"Gobierno logr\u00f3 acuerdo con peque\u00f1os mineros de Coscuez y la empresa Fura Gems - Ciudad y Region","robots":{"index":"index","follow":"follow","max-snippet":"max-snippet:-1","max-image-preview":"max-image-preview:large","max-video-preview":"max-video-preview:-1"},"canonical":"https:\/\/ciudadyregion.com.co\/index.php\/gobierno-logro-acuerdo-con-pequenos-mineros-de-coscuez-y-la-empresa-fura-gems\/nacional\/","og_locale":"es_ES","og_type":"article","og_title":"Gobierno logr\u00f3 acuerdo con peque\u00f1os mineros de Coscuez y la empresa Fura Gems - Ciudad y Region","og_description":"El Gobierno del presidente Gustavo Petro reconoci\u00f3 a los trabajadores, sindicatos y peque\u00f1os mineros informales y guaqueros del municipio de Coscuez (Boyac\u00e1), como parte del acuerdo para iniciar un proceso que permita su formalizaci\u00f3n laboral. Adem\u00e1s del Gobierno nacional, en la negociaci\u00f3n participaron autoridades locales y regionales, y representantes delContinuar Leyendo","og_url":"https:\/\/ciudadyregion.com.co\/index.php\/gobierno-logro-acuerdo-con-pequenos-mineros-de-coscuez-y-la-empresa-fura-gems\/nacional\/","og_site_name":"Ciudad y Region","article_published_time":"2025-08-14T12:32:16+00:00","og_image":[{"width":674,"height":375,"url":"https:\/\/ciudadyregion.com.co\/wp-content\/uploads\/2025\/08\/2-2025-08-14T073048.768.jpg","type":"image\/jpeg"}],"author":"David Andr\u00e9s Aguirre","twitter_card":"summary_large_image","twitter_misc":{"Escrito por":"David Andr\u00e9s Aguirre"},"schema":{"@context":"https:\/\/schema.org","@graph":[{"@type":"WebPage","@id":"https:\/\/ciudadyregion.com.co\/index.php\/gobierno-logro-acuerdo-con-pequenos-mineros-de-coscuez-y-la-empresa-fura-gems\/nacional\/","url":"https:\/\/ciudadyregion.com.co\/index.php\/gobierno-logro-acuerdo-con-pequenos-mineros-de-coscuez-y-la-empresa-fura-gems\/nacional\/","name":"Gobierno logr\u00f3 acuerdo con peque\u00f1os mineros de Coscuez y la empresa Fura Gems - Ciudad y Region","isPartOf":{"@id":"https:\/\/ciudadyregion.com.co\/#website"},"primaryImageOfPage":{"@id":"https:\/\/ciudadyregion.com.co\/index.php\/gobierno-logro-acuerdo-con-pequenos-mineros-de-coscuez-y-la-empresa-fura-gems\/nacional\/#primaryimage"},"image":{"@id":"https:\/\/ciudadyregion.com.co\/index.php\/gobierno-logro-acuerdo-con-pequenos-mineros-de-coscuez-y-la-empresa-fura-gems\/nacional\/#primaryimage"},"thumbnailUrl":"https:\/\/i0.wp.com\/ciudadyregion.com.co\/wp-content\/uploads\/2025\/08\/2-2025-08-14T073048.768.jpg?fit=674%2C375&ssl=1","datePublished":"2025-08-14T12:32:16+00:00","dateModified":"2025-08-14T12:32:16+00:00","author":{"@id":"https:\/\/ciudadyregion.com.co\/#\/schema\/person\/04a4954373ebc4051f46e8c65ff78622"},"breadcrumb":{"@id":"https:\/\/ciudadyregion.com.co\/index.php\/gobierno-logro-acuerdo-con-pequenos-mineros-de-coscuez-y-la-empresa-fura-gems\/nacional\/#breadcrumb"},"inLanguage":"es","potentialAction":[{"@type":"ReadAction","target":["https:\/\/ciudadyregion.com.co\/index.php\/gobierno-logro-acuerdo-con-pequenos-mineros-de-coscuez-y-la-empresa-fura-gems\/nacional\/"]}]},{"@type":"ImageObject","inLanguage":"es","@id":"https:\/\/ciudadyregion.com.co\/index.php\/gobierno-logro-acuerdo-con-pequenos-mineros-de-coscuez-y-la-empresa-fura-gems\/nacional\/#primaryimage","url":"https:\/\/i0.wp.com\/ciudadyregion.com.co\/wp-content\/uploads\/2025\/08\/2-2025-08-14T073048.768.jpg?fit=674%2C375&ssl=1","contentUrl":"https:\/\/i0.wp.com\/ciudadyregion.com.co\/wp-content\/uploads\/2025\/08\/2-2025-08-14T073048.768.jpg?fit=674%2C375&ssl=1","width":674,"height":375},{"@type":"BreadcrumbList","@id":"https:\/\/ciudadyregion.com.co\/index.php\/gobierno-logro-acuerdo-con-pequenos-mineros-de-coscuez-y-la-empresa-fura-gems\/nacional\/#breadcrumb","itemListElement":[{"@type":"ListItem","position":1,"name":"Portada","item":"https:\/\/ciudadyregion.com.co\/"},{"@type":"ListItem","position":2,"name":"Gobierno logr\u00f3 acuerdo con peque\u00f1os mineros de Coscuez y la empresa Fura Gems"}]},{"@type":"WebSite","@id":"https:\/\/ciudadyregion.com.co\/#website","url":"https:\/\/ciudadyregion.com.co\/","name":"Ciudad y Region","description":"","potentialAction":[{"@type":"SearchAction","target":{"@type":"EntryPoint","urlTemplate":"https:\/\/ciudadyregion.com.co\/?s={search_term_string}"},"query-input":{"@type":"PropertyValueSpecification","valueRequired":true,"valueName":"search_term_string"}}],"inLanguage":"es"},{"@type":"Person","@id":"https:\/\/ciudadyregion.com.co\/#\/schema\/person\/04a4954373ebc4051f46e8c65ff78622","name":"David Andr\u00e9s Aguirre","image":{"@type":"ImageObject","inLanguage":"es","@id":"https:\/\/ciudadyregion.com.co\/#\/schema\/person\/image\/","url":"https:\/\/secure.gravatar.com\/avatar\/bc3c655860202182ee6d1b5edd042dbe?s=96&d=mm&r=g","contentUrl":"https:\/\/secure.gravatar.com\/avatar\/bc3c655860202182ee6d1b5edd042dbe?s=96&d=mm&r=g","caption":"David Andr\u00e9s Aguirre"},"url":"https:\/\/ciudadyregion.com.co\/index.php\/author\/diegoaguirre\/"}]}},"jetpack_featured_media_url":"https:\/\/i0.wp.com\/ciudadyregion.com.co\/wp-content\/uploads\/2025\/08\/2-2025-08-14T073048.768.jpg?fit=674%2C375&ssl=1","jetpack_sharing_enabled":true,"jetpack_shortlink":"https:\/\/wp.me\/pbS7hh-b40","jetpack-related-posts":[],"_links":{"self":[{"href":"https:\/\/ciudadyregion.com.co\/index.php\/wp-json\/wp\/v2\/posts\/42532"}],"collection":[{"href":"https:\/\/ciudadyregion.com.co\/index.php\/wp-json\/wp\/v2\/posts"}],"about":[{"href":"https:\/\/ciudadyregion.com.co\/index.php\/wp-json\/wp\/v2\/types\/post"}],"author":[{"embeddable":true,"href":"https:\/\/ciudadyregion.com.co\/index.php\/wp-json\/wp\/v2\/users\/2"}],"replies":[{"embeddable":true,"href":"https:\/\/ciudadyregion.com.co\/index.php\/wp-json\/wp\/v2\/comments?post=42532"}],"version-history":[{"count":1,"href":"https:\/\/ciudadyregion.com.co\/index.php\/wp-json\/wp\/v2\/posts\/42532\/revisions"}],"predecessor-version":[{"id":42534,"href":"https:\/\/ciudadyregion.com.co\/index.php\/wp-json\/wp\/v2\/posts\/42532\/revisions\/42534"}],"wp:featuredmedia":[{"embeddable":true,"href":"https:\/\/ciudadyregion.com.co\/index.php\/wp-json\/wp\/v2\/media\/42533"}],"wp:attachment":[{"href":"https:\/\/ciudadyregion.com.co\/index.php\/wp-json\/wp\/v2\/media?parent=42532"}],"wp:term":[{"taxonomy":"category","embeddable":true,"href":"https:\/\/ciudadyregion.com.co\/index.php\/wp-json\/wp\/v2\/categories?post=42532"},{"taxonomy":"post_tag","embeddable":true,"href":"https:\/\/ciudadyregion.com.co\/index.php\/wp-json\/wp\/v2\/tags?post=42532"}],"curies":[{"name":"wp","href":"https:\/\/api.w.org\/{rel}","templated":true}]}}