{"id":42529,"date":"2025-08-14T07:30:22","date_gmt":"2025-08-14T12:30:22","guid":{"rendered":"https:\/\/ciudadyregion.com.co\/?p=42529"},"modified":"2025-08-14T07:30:22","modified_gmt":"2025-08-14T12:30:22","slug":"presidente-petro-anuncio-que-bahia-solano-tendra-hospital-de-segundo-nivel","status":"publish","type":"post","link":"https:\/\/ciudadyregion.com.co\/index.php\/presidente-petro-anuncio-que-bahia-solano-tendra-hospital-de-segundo-nivel\/nacional\/","title":{"rendered":"Presidente Petro anunci\u00f3 que Bah\u00eda Solano tendr\u00e1 hospital de segundo nivel"},"content":{"rendered":"<div>Un hospital p\u00fablico de segundo nivel, \u00fanico en el litoral pac\u00edfico en el Choco, ya cuenta con planos y dinero para empezar su modernizaci\u00f3n.<\/div>\n<div><\/div>\n<div>As\u00ed lo confirm\u00f3 este mi\u00e9rcoles 13 el presidente Gustavo Petro en Bah\u00eda Solano (Choc\u00f3), a donde se traslad\u00f3 para presentar el proyecto de modernizaci\u00f3n del aer\u00f3dromo que beneficiar\u00e1 a m\u00e1s de 11.400 habitantes.<\/div>\n<div><\/div>\n<div>El hospital de segundo nivel, \u00fanico en todo el litoral pac\u00edfico chocoano, representa un incremento de los servicios de salud a la poblaci\u00f3n misma, se\u00f1al\u00f3 el mandatario.<\/div>\n<div><\/div>\n<div>\u201cAqu\u00ed, dec\u00edan, tienen que irse en avioneta, en ambulancia a\u00e9rea. S\u00ed, porque la ley 100, que es lo que estamos tratando de reformar y el Congreso y las \u00e9lites econ\u00f3micas no han querido, produjo esto\u201d, subray\u00f3 el presidente.<\/div>\n<div><\/div>\n<div>El mandatario explic\u00f3 a las comunidades c\u00f3mo se acabaron los servicios de salud y se perdieron billones de pesos p\u00fablicos porque las EPS, cuyos due\u00f1os no tiene cl\u00ednicas en el municipio, usan el dinero p\u00fablico para dar al paciente un servicio car\u00edsimo, en avioneta, con acompa\u00f1ante y a un lugar lejano.<\/div>\n<div><\/div>\n<div>\u00bfCu\u00e1ntos ciudadanos y ciudadanas y ni\u00f1os y ni\u00f1as mueren si se hubieran atendido a tiempo o incluso hubi\u00e9ramos prevenido la enfermedad?, pregunt\u00f3. \u201cHubiera salido m\u00e1s barato tener el hospital aqu\u00ed hace tiempo. Much\u00edsimo m\u00e1s barato. Pero como el hospital era o ser\u00eda o es en este momento p\u00fablico, pues no es negocio\u201d.<\/div>\n<div><\/div>\n<h2>Choc\u00f3 debe reducir mortalidad infantil<\/h2>\n<div><\/div>\n<div>El mandatario advirti\u00f3 que el detrimento de la ni\u00f1ez del Choc\u00f3 o de la Guajira o de otras regiones de Colombia tiene que ver con el sistema de salud.<\/div>\n<div><\/div>\n<div>\u201cEn muchos departamentos se ha logrado reducir la mortalidad infantil, miles de ni\u00f1os que ya no mueren y antes s\u00ed mor\u00edan. Pero en unas regiones no baja tanto como en el Choc\u00f3.\u201d<\/div>\n<div><\/div>\n<div>El presidente Petro inst\u00f3 a la gobernadora del Choc\u00f3, Nubia Carolina C\u00f3rdoba, a que d\u00e9 el paso para que todos los puestos de salud en el Choc\u00f3 sean p\u00fablicos y que, en una regi\u00f3n que todav\u00eda es d\u00e9bil, se pueda reducir la mortalidad infantil.<\/div>\n<div><\/div>\n<div>Esto implica, explic\u00f3, inversiones, una acci\u00f3n del Estado y una soluci\u00f3n diferente a la que dio la Ley 100 que s\u00f3lo termin\u00f3 con el hospital aqu\u00ed, lo destruy\u00f3 y con ello, parte de la salud.<\/div>\n<div><\/div>\n<div>\u201cNo s\u00f3lo es un hospital, es que se pueda prevenir todas las posibilidades de la enfermedad. Tiene que haber equipos de salud preventiva\u201d.<\/div>\n<div><\/div>\n<div>El presidente record\u00f3 que se est\u00e1 acondicionando el Buque Hospital contratado por el gobierno y presentado por la Armada Nacional el pasado 22 de julio.<\/div>\n<div><\/div>\n<div>\u201cAhora se est\u00e1 acondicionando, le est\u00e1n poniendo los aparatos de salud que se necesitan para que recorra, desde el mes de enero, todo el litoral pac\u00edfico. Ese va a ser su campo de maniobra, de tal manera que venga y vaya con personal m\u00e9dico capaz profesionalmente, y que complemente lo que ser\u00e1 aqu\u00ed el hospital de segundo nivel, pero en muchos caser\u00edos y municipios que dan hacia el mar. Ser\u00e1 una soluci\u00f3n porque ni siquiera han tenido servicio de salud. Entonces ya tenemos un hospital que tendr\u00e1 que empezar a construirse, est\u00e1 viabilizado\u201d.<\/div>\n","protected":false},"excerpt":{"rendered":"<p>Un hospital p\u00fablico de segundo nivel, \u00fanico en el litoral pac\u00edfico en el Choco, ya cuenta con planos y dinero para empezar su modernizaci\u00f3n. As\u00ed lo confirm\u00f3 este mi\u00e9rcoles 13 el presidente Gustavo Petro en Bah\u00eda Solano (Choc\u00f3), a donde se traslad\u00f3 para presentar el proyecto de modernizaci\u00f3n del aer\u00f3dromo<span class=\"more-link\"><a href=\"https:\/\/ciudadyregion.com.co\/index.php\/presidente-petro-anuncio-que-bahia-solano-tendra-hospital-de-segundo-nivel\/nacional\/\">Continuar Leyendo<\/a><\/span><\/p>\n","protected":false},"author":2,"featured_media":42530,"comment_status":"open","ping_status":"open","sticky":false,"template":"","format":"standard","meta":{"_uf_show_specific_survey":0,"_uf_disable_surveys":false,"_jetpack_memberships_contains_paid_content":false,"footnotes":"","jetpack_publicize_message":"","jetpack_publicize_feature_enabled":true,"jetpack_social_post_already_shared":true,"jetpack_social_options":{"image_generator_settings":{"template":"highway","enabled":false},"version":2}},"categories":[23],"tags":[],"class_list":["entry","author-diegoaguirre","post-42529","post","type-post","status-publish","format-standard","has-post-thumbnail","category-nacional"],"jetpack_publicize_connections":[],"yoast_head":"<!-- This site is optimized with the Yoast SEO plugin v24.3 - https:\/\/yoast.com\/wordpress\/plugins\/seo\/ -->\n<title>Presidente Petro anunci\u00f3 que Bah\u00eda Solano tendr\u00e1 hospital de segundo nivel - Ciudad y Region<\/title>\n<meta name=\"robots\" content=\"index, follow, max-snippet:-1, max-image-preview:large, max-video-preview:-1\" \/>\n<link rel=\"canonical\" href=\"https:\/\/ciudadyregion.com.co\/index.php\/presidente-petro-anuncio-que-bahia-solano-tendra-hospital-de-segundo-nivel\/nacional\/\" \/>\n<meta property=\"og:locale\" content=\"es_ES\" \/>\n<meta property=\"og:type\" content=\"article\" \/>\n<meta property=\"og:title\" content=\"Presidente Petro anunci\u00f3 que Bah\u00eda Solano tendr\u00e1 hospital de segundo nivel - Ciudad y Region\" \/>\n<meta property=\"og:description\" content=\"Un hospital p\u00fablico de segundo nivel, \u00fanico en el litoral pac\u00edfico en el Choco, ya cuenta con planos y dinero para empezar su modernizaci\u00f3n. As\u00ed lo confirm\u00f3 este mi\u00e9rcoles 13 el presidente Gustavo Petro en Bah\u00eda Solano (Choc\u00f3), a donde se traslad\u00f3 para presentar el proyecto de modernizaci\u00f3n del aer\u00f3dromoContinuar Leyendo\" \/>\n<meta property=\"og:url\" content=\"https:\/\/ciudadyregion.com.co\/index.php\/presidente-petro-anuncio-que-bahia-solano-tendra-hospital-de-segundo-nivel\/nacional\/\" \/>\n<meta property=\"og:site_name\" content=\"Ciudad y Region\" \/>\n<meta property=\"article:published_time\" content=\"2025-08-14T12:30:22+00:00\" \/>\n<meta property=\"og:image\" content=\"https:\/\/ciudadyregion.com.co\/wp-content\/uploads\/2025\/08\/1-90.jpg\" \/>\n\t<meta property=\"og:image:width\" content=\"800\" \/>\n\t<meta property=\"og:image:height\" content=\"445\" \/>\n\t<meta property=\"og:image:type\" content=\"image\/jpeg\" \/>\n<meta name=\"author\" content=\"David Andr\u00e9s Aguirre\" \/>\n<meta name=\"twitter:card\" content=\"summary_large_image\" \/>\n<meta name=\"twitter:label1\" content=\"Escrito por\" \/>\n\t<meta name=\"twitter:data1\" content=\"David Andr\u00e9s Aguirre\" \/>\n\t<meta name=\"twitter:label2\" content=\"Tiempo de lectura\" \/>\n\t<meta name=\"twitter:data2\" content=\"1 minuto\" \/>\n<script type=\"application\/ld+json\" class=\"yoast-schema-graph\">{\"@context\":\"https:\/\/schema.org\",\"@graph\":[{\"@type\":\"WebPage\",\"@id\":\"https:\/\/ciudadyregion.com.co\/index.php\/presidente-petro-anuncio-que-bahia-solano-tendra-hospital-de-segundo-nivel\/nacional\/\",\"url\":\"https:\/\/ciudadyregion.com.co\/index.php\/presidente-petro-anuncio-que-bahia-solano-tendra-hospital-de-segundo-nivel\/nacional\/\",\"name\":\"Presidente Petro anunci\u00f3 que Bah\u00eda Solano tendr\u00e1 hospital de segundo nivel - Ciudad y Region\",\"isPartOf\":{\"@id\":\"https:\/\/ciudadyregion.com.co\/#website\"},\"primaryImageOfPage\":{\"@id\":\"https:\/\/ciudadyregion.com.co\/index.php\/presidente-petro-anuncio-que-bahia-solano-tendra-hospital-de-segundo-nivel\/nacional\/#primaryimage\"},\"image\":{\"@id\":\"https:\/\/ciudadyregion.com.co\/index.php\/presidente-petro-anuncio-que-bahia-solano-tendra-hospital-de-segundo-nivel\/nacional\/#primaryimage\"},\"thumbnailUrl\":\"https:\/\/i0.wp.com\/ciudadyregion.com.co\/wp-content\/uploads\/2025\/08\/1-90.jpg?fit=800%2C445&ssl=1\",\"datePublished\":\"2025-08-14T12:30:22+00:00\",\"dateModified\":\"2025-08-14T12:30:22+00:00\",\"author\":{\"@id\":\"https:\/\/ciudadyregion.com.co\/#\/schema\/person\/04a4954373ebc4051f46e8c65ff78622\"},\"breadcrumb\":{\"@id\":\"https:\/\/ciudadyregion.com.co\/index.php\/presidente-petro-anuncio-que-bahia-solano-tendra-hospital-de-segundo-nivel\/nacional\/#breadcrumb\"},\"inLanguage\":\"es\",\"potentialAction\":[{\"@type\":\"ReadAction\",\"target\":[\"https:\/\/ciudadyregion.com.co\/index.php\/presidente-petro-anuncio-que-bahia-solano-tendra-hospital-de-segundo-nivel\/nacional\/\"]}]},{\"@type\":\"ImageObject\",\"inLanguage\":\"es\",\"@id\":\"https:\/\/ciudadyregion.com.co\/index.php\/presidente-petro-anuncio-que-bahia-solano-tendra-hospital-de-segundo-nivel\/nacional\/#primaryimage\",\"url\":\"https:\/\/i0.wp.com\/ciudadyregion.com.co\/wp-content\/uploads\/2025\/08\/1-90.jpg?fit=800%2C445&ssl=1\",\"contentUrl\":\"https:\/\/i0.wp.com\/ciudadyregion.com.co\/wp-content\/uploads\/2025\/08\/1-90.jpg?fit=800%2C445&ssl=1\",\"width\":800,\"height\":445},{\"@type\":\"BreadcrumbList\",\"@id\":\"https:\/\/ciudadyregion.com.co\/index.php\/presidente-petro-anuncio-que-bahia-solano-tendra-hospital-de-segundo-nivel\/nacional\/#breadcrumb\",\"itemListElement\":[{\"@type\":\"ListItem\",\"position\":1,\"name\":\"Portada\",\"item\":\"https:\/\/ciudadyregion.com.co\/\"},{\"@type\":\"ListItem\",\"position\":2,\"name\":\"Presidente Petro anunci\u00f3 que Bah\u00eda Solano tendr\u00e1 hospital de segundo nivel\"}]},{\"@type\":\"WebSite\",\"@id\":\"https:\/\/ciudadyregion.com.co\/#website\",\"url\":\"https:\/\/ciudadyregion.com.co\/\",\"name\":\"Ciudad y Region\",\"description\":\"\",\"potentialAction\":[{\"@type\":\"SearchAction\",\"target\":{\"@type\":\"EntryPoint\",\"urlTemplate\":\"https:\/\/ciudadyregion.com.co\/?s={search_term_string}\"},\"query-input\":{\"@type\":\"PropertyValueSpecification\",\"valueRequired\":true,\"valueName\":\"search_term_string\"}}],\"inLanguage\":\"es\"},{\"@type\":\"Person\",\"@id\":\"https:\/\/ciudadyregion.com.co\/#\/schema\/person\/04a4954373ebc4051f46e8c65ff78622\",\"name\":\"David Andr\u00e9s Aguirre\",\"image\":{\"@type\":\"ImageObject\",\"inLanguage\":\"es\",\"@id\":\"https:\/\/ciudadyregion.com.co\/#\/schema\/person\/image\/\",\"url\":\"https:\/\/secure.gravatar.com\/avatar\/bc3c655860202182ee6d1b5edd042dbe?s=96&d=mm&r=g\",\"contentUrl\":\"https:\/\/secure.gravatar.com\/avatar\/bc3c655860202182ee6d1b5edd042dbe?s=96&d=mm&r=g\",\"caption\":\"David Andr\u00e9s Aguirre\"},\"url\":\"https:\/\/ciudadyregion.com.co\/index.php\/author\/diegoaguirre\/\"}]}<\/script>\n<!-- \/ Yoast SEO plugin. -->","yoast_head_json":{"title":"Presidente Petro anunci\u00f3 que Bah\u00eda Solano tendr\u00e1 hospital de segundo nivel - Ciudad y Region","robots":{"index":"index","follow":"follow","max-snippet":"max-snippet:-1","max-image-preview":"max-image-preview:large","max-video-preview":"max-video-preview:-1"},"canonical":"https:\/\/ciudadyregion.com.co\/index.php\/presidente-petro-anuncio-que-bahia-solano-tendra-hospital-de-segundo-nivel\/nacional\/","og_locale":"es_ES","og_type":"article","og_title":"Presidente Petro anunci\u00f3 que Bah\u00eda Solano tendr\u00e1 hospital de segundo nivel - Ciudad y Region","og_description":"Un hospital p\u00fablico de segundo nivel, \u00fanico en el litoral pac\u00edfico en el Choco, ya cuenta con planos y dinero para empezar su modernizaci\u00f3n. As\u00ed lo confirm\u00f3 este mi\u00e9rcoles 13 el presidente Gustavo Petro en Bah\u00eda Solano (Choc\u00f3), a donde se traslad\u00f3 para presentar el proyecto de modernizaci\u00f3n del aer\u00f3dromoContinuar Leyendo","og_url":"https:\/\/ciudadyregion.com.co\/index.php\/presidente-petro-anuncio-que-bahia-solano-tendra-hospital-de-segundo-nivel\/nacional\/","og_site_name":"Ciudad y Region","article_published_time":"2025-08-14T12:30:22+00:00","og_image":[{"width":800,"height":445,"url":"https:\/\/ciudadyregion.com.co\/wp-content\/uploads\/2025\/08\/1-90.jpg","type":"image\/jpeg"}],"author":"David Andr\u00e9s Aguirre","twitter_card":"summary_large_image","twitter_misc":{"Escrito por":"David Andr\u00e9s Aguirre","Tiempo de lectura":"1 minuto"},"schema":{"@context":"https:\/\/schema.org","@graph":[{"@type":"WebPage","@id":"https:\/\/ciudadyregion.com.co\/index.php\/presidente-petro-anuncio-que-bahia-solano-tendra-hospital-de-segundo-nivel\/nacional\/","url":"https:\/\/ciudadyregion.com.co\/index.php\/presidente-petro-anuncio-que-bahia-solano-tendra-hospital-de-segundo-nivel\/nacional\/","name":"Presidente Petro anunci\u00f3 que Bah\u00eda Solano tendr\u00e1 hospital de segundo nivel - Ciudad y Region","isPartOf":{"@id":"https:\/\/ciudadyregion.com.co\/#website"},"primaryImageOfPage":{"@id":"https:\/\/ciudadyregion.com.co\/index.php\/presidente-petro-anuncio-que-bahia-solano-tendra-hospital-de-segundo-nivel\/nacional\/#primaryimage"},"image":{"@id":"https:\/\/ciudadyregion.com.co\/index.php\/presidente-petro-anuncio-que-bahia-solano-tendra-hospital-de-segundo-nivel\/nacional\/#primaryimage"},"thumbnailUrl":"https:\/\/i0.wp.com\/ciudadyregion.com.co\/wp-content\/uploads\/2025\/08\/1-90.jpg?fit=800%2C445&ssl=1","datePublished":"2025-08-14T12:30:22+00:00","dateModified":"2025-08-14T12:30:22+00:00","author":{"@id":"https:\/\/ciudadyregion.com.co\/#\/schema\/person\/04a4954373ebc4051f46e8c65ff78622"},"breadcrumb":{"@id":"https:\/\/ciudadyregion.com.co\/index.php\/presidente-petro-anuncio-que-bahia-solano-tendra-hospital-de-segundo-nivel\/nacional\/#breadcrumb"},"inLanguage":"es","potentialAction":[{"@type":"ReadAction","target":["https:\/\/ciudadyregion.com.co\/index.php\/presidente-petro-anuncio-que-bahia-solano-tendra-hospital-de-segundo-nivel\/nacional\/"]}]},{"@type":"ImageObject","inLanguage":"es","@id":"https:\/\/ciudadyregion.com.co\/index.php\/presidente-petro-anuncio-que-bahia-solano-tendra-hospital-de-segundo-nivel\/nacional\/#primaryimage","url":"https:\/\/i0.wp.com\/ciudadyregion.com.co\/wp-content\/uploads\/2025\/08\/1-90.jpg?fit=800%2C445&ssl=1","contentUrl":"https:\/\/i0.wp.com\/ciudadyregion.com.co\/wp-content\/uploads\/2025\/08\/1-90.jpg?fit=800%2C445&ssl=1","width":800,"height":445},{"@type":"BreadcrumbList","@id":"https:\/\/ciudadyregion.com.co\/index.php\/presidente-petro-anuncio-que-bahia-solano-tendra-hospital-de-segundo-nivel\/nacional\/#breadcrumb","itemListElement":[{"@type":"ListItem","position":1,"name":"Portada","item":"https:\/\/ciudadyregion.com.co\/"},{"@type":"ListItem","position":2,"name":"Presidente Petro anunci\u00f3 que Bah\u00eda Solano tendr\u00e1 hospital de segundo nivel"}]},{"@type":"WebSite","@id":"https:\/\/ciudadyregion.com.co\/#website","url":"https:\/\/ciudadyregion.com.co\/","name":"Ciudad y Region","description":"","potentialAction":[{"@type":"SearchAction","target":{"@type":"EntryPoint","urlTemplate":"https:\/\/ciudadyregion.com.co\/?s={search_term_string}"},"query-input":{"@type":"PropertyValueSpecification","valueRequired":true,"valueName":"search_term_string"}}],"inLanguage":"es"},{"@type":"Person","@id":"https:\/\/ciudadyregion.com.co\/#\/schema\/person\/04a4954373ebc4051f46e8c65ff78622","name":"David Andr\u00e9s Aguirre","image":{"@type":"ImageObject","inLanguage":"es","@id":"https:\/\/ciudadyregion.com.co\/#\/schema\/person\/image\/","url":"https:\/\/secure.gravatar.com\/avatar\/bc3c655860202182ee6d1b5edd042dbe?s=96&d=mm&r=g","contentUrl":"https:\/\/secure.gravatar.com\/avatar\/bc3c655860202182ee6d1b5edd042dbe?s=96&d=mm&r=g","caption":"David Andr\u00e9s Aguirre"},"url":"https:\/\/ciudadyregion.com.co\/index.php\/author\/diegoaguirre\/"}]}},"jetpack_featured_media_url":"https:\/\/i0.wp.com\/ciudadyregion.com.co\/wp-content\/uploads\/2025\/08\/1-90.jpg?fit=800%2C445&ssl=1","jetpack_sharing_enabled":true,"jetpack_shortlink":"https:\/\/wp.me\/pbS7hh-b3X","jetpack-related-posts":[],"_links":{"self":[{"href":"https:\/\/ciudadyregion.com.co\/index.php\/wp-json\/wp\/v2\/posts\/42529"}],"collection":[{"href":"https:\/\/ciudadyregion.com.co\/index.php\/wp-json\/wp\/v2\/posts"}],"about":[{"href":"https:\/\/ciudadyregion.com.co\/index.php\/wp-json\/wp\/v2\/types\/post"}],"author":[{"embeddable":true,"href":"https:\/\/ciudadyregion.com.co\/index.php\/wp-json\/wp\/v2\/users\/2"}],"replies":[{"embeddable":true,"href":"https:\/\/ciudadyregion.com.co\/index.php\/wp-json\/wp\/v2\/comments?post=42529"}],"version-history":[{"count":1,"href":"https:\/\/ciudadyregion.com.co\/index.php\/wp-json\/wp\/v2\/posts\/42529\/revisions"}],"predecessor-version":[{"id":42531,"href":"https:\/\/ciudadyregion.com.co\/index.php\/wp-json\/wp\/v2\/posts\/42529\/revisions\/42531"}],"wp:featuredmedia":[{"embeddable":true,"href":"https:\/\/ciudadyregion.com.co\/index.php\/wp-json\/wp\/v2\/media\/42530"}],"wp:attachment":[{"href":"https:\/\/ciudadyregion.com.co\/index.php\/wp-json\/wp\/v2\/media?parent=42529"}],"wp:term":[{"taxonomy":"category","embeddable":true,"href":"https:\/\/ciudadyregion.com.co\/index.php\/wp-json\/wp\/v2\/categories?post=42529"},{"taxonomy":"post_tag","embeddable":true,"href":"https:\/\/ciudadyregion.com.co\/index.php\/wp-json\/wp\/v2\/tags?post=42529"}],"curies":[{"name":"wp","href":"https:\/\/api.w.org\/{rel}","templated":true}]}}