{"id":42517,"date":"2025-08-14T07:17:09","date_gmt":"2025-08-14T12:17:09","guid":{"rendered":"https:\/\/ciudadyregion.com.co\/?p=42517"},"modified":"2025-08-14T07:17:09","modified_gmt":"2025-08-14T12:17:09","slug":"incendio-consume-vivienda-en-zona-rural-por-presunto-corto-circuito","status":"publish","type":"post","link":"https:\/\/ciudadyregion.com.co\/index.php\/incendio-consume-vivienda-en-zona-rural-por-presunto-corto-circuito\/regional\/","title":{"rendered":"Incendio consume vivienda en zona rural por presunto corto circuito"},"content":{"rendered":"<p>Un voraz incendio consumi\u00f3 en su totalidad una vivienda ubicada en la zona rural, luego de que, seg\u00fan las primeras versiones, un corto circuito en el cable del televisor, situado cerca de un colch\u00f3n, originara las llamas.<\/p>\n<p>El fuego se propag\u00f3 r\u00e1pidamente por la estructura, dejando p\u00e9rdidas materiales totales. Pese al esfuerzo de la comunidad por controlar la emergencia, las llamas se intensificaron antes de la llegada del cuerpo de Bomberos, que, al parecer, se retras\u00f3 debido al mal estado de la v\u00eda de acceso al lugar.<\/p>\n<p>Cuando la unidad de socorro arrib\u00f3, el inmueble ya hab\u00eda sido completamente consumido, sin que se reportaran personas lesionadas. Las autoridades iniciaron las investigaciones para confirmar las causas del incendio y evaluar los da\u00f1os. El Cuerpo de Bomberos Voluntarios de Chaparral inform\u00f3 que la emergencia fue atendida a las 5:15 p. m. y la casa, construida en bareque, qued\u00f3 reducida a escombros.<\/p>\n","protected":false},"excerpt":{"rendered":"<p>Un voraz incendio consumi\u00f3 en su totalidad una vivienda ubicada en la zona rural, luego de que, seg\u00fan las primeras versiones, un corto circuito en el cable del televisor, situado cerca de un colch\u00f3n, originara las llamas. El fuego se propag\u00f3 r\u00e1pidamente por la estructura, dejando p\u00e9rdidas materiales totales. Pese<span class=\"more-link\"><a href=\"https:\/\/ciudadyregion.com.co\/index.php\/incendio-consume-vivienda-en-zona-rural-por-presunto-corto-circuito\/regional\/\">Continuar Leyendo<\/a><\/span><\/p>\n","protected":false},"author":2,"featured_media":42518,"comment_status":"open","ping_status":"open","sticky":false,"template":"","format":"standard","meta":{"_uf_show_specific_survey":0,"_uf_disable_surveys":false,"_jetpack_memberships_contains_paid_content":false,"footnotes":"","jetpack_publicize_message":"","jetpack_publicize_feature_enabled":true,"jetpack_social_post_already_shared":true,"jetpack_social_options":{"image_generator_settings":{"template":"highway","enabled":false},"version":2}},"categories":[13],"tags":[],"class_list":["entry","author-diegoaguirre","post-42517","post","type-post","status-publish","format-standard","has-post-thumbnail","category-regional"],"jetpack_publicize_connections":[],"yoast_head":"<!-- This site is optimized with the Yoast SEO plugin v24.3 - https:\/\/yoast.com\/wordpress\/plugins\/seo\/ -->\n<title>Incendio consume vivienda en zona rural por presunto corto circuito - Ciudad y Region<\/title>\n<meta name=\"robots\" content=\"index, follow, max-snippet:-1, max-image-preview:large, max-video-preview:-1\" \/>\n<link rel=\"canonical\" href=\"https:\/\/ciudadyregion.com.co\/index.php\/incendio-consume-vivienda-en-zona-rural-por-presunto-corto-circuito\/regional\/\" \/>\n<meta property=\"og:locale\" content=\"es_ES\" \/>\n<meta property=\"og:type\" content=\"article\" \/>\n<meta property=\"og:title\" content=\"Incendio consume vivienda en zona rural por presunto corto circuito - Ciudad y Region\" \/>\n<meta property=\"og:description\" content=\"Un voraz incendio consumi\u00f3 en su totalidad una vivienda ubicada en la zona rural, luego de que, seg\u00fan las primeras versiones, un corto circuito en el cable del televisor, situado cerca de un colch\u00f3n, originara las llamas. El fuego se propag\u00f3 r\u00e1pidamente por la estructura, dejando p\u00e9rdidas materiales totales. PeseContinuar Leyendo\" \/>\n<meta property=\"og:url\" content=\"https:\/\/ciudadyregion.com.co\/index.php\/incendio-consume-vivienda-en-zona-rural-por-presunto-corto-circuito\/regional\/\" \/>\n<meta property=\"og:site_name\" content=\"Ciudad y Region\" \/>\n<meta property=\"article:published_time\" content=\"2025-08-14T12:17:09+00:00\" \/>\n<meta property=\"og:image\" content=\"https:\/\/ciudadyregion.com.co\/wp-content\/uploads\/2025\/08\/1-88.jpg\" \/>\n\t<meta property=\"og:image:width\" content=\"800\" \/>\n\t<meta property=\"og:image:height\" content=\"445\" \/>\n\t<meta property=\"og:image:type\" content=\"image\/jpeg\" \/>\n<meta name=\"author\" content=\"David Andr\u00e9s Aguirre\" \/>\n<meta name=\"twitter:card\" content=\"summary_large_image\" \/>\n<meta name=\"twitter:label1\" content=\"Escrito por\" \/>\n\t<meta name=\"twitter:data1\" content=\"David Andr\u00e9s Aguirre\" \/>\n\t<meta name=\"twitter:label2\" content=\"Tiempo de lectura\" \/>\n\t<meta name=\"twitter:data2\" content=\"1 minuto\" \/>\n<script type=\"application\/ld+json\" class=\"yoast-schema-graph\">{\"@context\":\"https:\/\/schema.org\",\"@graph\":[{\"@type\":\"WebPage\",\"@id\":\"https:\/\/ciudadyregion.com.co\/index.php\/incendio-consume-vivienda-en-zona-rural-por-presunto-corto-circuito\/regional\/\",\"url\":\"https:\/\/ciudadyregion.com.co\/index.php\/incendio-consume-vivienda-en-zona-rural-por-presunto-corto-circuito\/regional\/\",\"name\":\"Incendio consume vivienda en zona rural por presunto corto circuito - Ciudad y Region\",\"isPartOf\":{\"@id\":\"https:\/\/ciudadyregion.com.co\/#website\"},\"primaryImageOfPage\":{\"@id\":\"https:\/\/ciudadyregion.com.co\/index.php\/incendio-consume-vivienda-en-zona-rural-por-presunto-corto-circuito\/regional\/#primaryimage\"},\"image\":{\"@id\":\"https:\/\/ciudadyregion.com.co\/index.php\/incendio-consume-vivienda-en-zona-rural-por-presunto-corto-circuito\/regional\/#primaryimage\"},\"thumbnailUrl\":\"https:\/\/i0.wp.com\/ciudadyregion.com.co\/wp-content\/uploads\/2025\/08\/1-88.jpg?fit=800%2C445&ssl=1\",\"datePublished\":\"2025-08-14T12:17:09+00:00\",\"dateModified\":\"2025-08-14T12:17:09+00:00\",\"author\":{\"@id\":\"https:\/\/ciudadyregion.com.co\/#\/schema\/person\/04a4954373ebc4051f46e8c65ff78622\"},\"breadcrumb\":{\"@id\":\"https:\/\/ciudadyregion.com.co\/index.php\/incendio-consume-vivienda-en-zona-rural-por-presunto-corto-circuito\/regional\/#breadcrumb\"},\"inLanguage\":\"es\",\"potentialAction\":[{\"@type\":\"ReadAction\",\"target\":[\"https:\/\/ciudadyregion.com.co\/index.php\/incendio-consume-vivienda-en-zona-rural-por-presunto-corto-circuito\/regional\/\"]}]},{\"@type\":\"ImageObject\",\"inLanguage\":\"es\",\"@id\":\"https:\/\/ciudadyregion.com.co\/index.php\/incendio-consume-vivienda-en-zona-rural-por-presunto-corto-circuito\/regional\/#primaryimage\",\"url\":\"https:\/\/i0.wp.com\/ciudadyregion.com.co\/wp-content\/uploads\/2025\/08\/1-88.jpg?fit=800%2C445&ssl=1\",\"contentUrl\":\"https:\/\/i0.wp.com\/ciudadyregion.com.co\/wp-content\/uploads\/2025\/08\/1-88.jpg?fit=800%2C445&ssl=1\",\"width\":800,\"height\":445},{\"@type\":\"BreadcrumbList\",\"@id\":\"https:\/\/ciudadyregion.com.co\/index.php\/incendio-consume-vivienda-en-zona-rural-por-presunto-corto-circuito\/regional\/#breadcrumb\",\"itemListElement\":[{\"@type\":\"ListItem\",\"position\":1,\"name\":\"Portada\",\"item\":\"https:\/\/ciudadyregion.com.co\/\"},{\"@type\":\"ListItem\",\"position\":2,\"name\":\"Incendio consume vivienda en zona rural por presunto corto circuito\"}]},{\"@type\":\"WebSite\",\"@id\":\"https:\/\/ciudadyregion.com.co\/#website\",\"url\":\"https:\/\/ciudadyregion.com.co\/\",\"name\":\"Ciudad y Region\",\"description\":\"\",\"potentialAction\":[{\"@type\":\"SearchAction\",\"target\":{\"@type\":\"EntryPoint\",\"urlTemplate\":\"https:\/\/ciudadyregion.com.co\/?s={search_term_string}\"},\"query-input\":{\"@type\":\"PropertyValueSpecification\",\"valueRequired\":true,\"valueName\":\"search_term_string\"}}],\"inLanguage\":\"es\"},{\"@type\":\"Person\",\"@id\":\"https:\/\/ciudadyregion.com.co\/#\/schema\/person\/04a4954373ebc4051f46e8c65ff78622\",\"name\":\"David Andr\u00e9s Aguirre\",\"image\":{\"@type\":\"ImageObject\",\"inLanguage\":\"es\",\"@id\":\"https:\/\/ciudadyregion.com.co\/#\/schema\/person\/image\/\",\"url\":\"https:\/\/secure.gravatar.com\/avatar\/bc3c655860202182ee6d1b5edd042dbe?s=96&d=mm&r=g\",\"contentUrl\":\"https:\/\/secure.gravatar.com\/avatar\/bc3c655860202182ee6d1b5edd042dbe?s=96&d=mm&r=g\",\"caption\":\"David Andr\u00e9s Aguirre\"},\"url\":\"https:\/\/ciudadyregion.com.co\/index.php\/author\/diegoaguirre\/\"}]}<\/script>\n<!-- \/ Yoast SEO plugin. -->","yoast_head_json":{"title":"Incendio consume vivienda en zona rural por presunto corto circuito - Ciudad y Region","robots":{"index":"index","follow":"follow","max-snippet":"max-snippet:-1","max-image-preview":"max-image-preview:large","max-video-preview":"max-video-preview:-1"},"canonical":"https:\/\/ciudadyregion.com.co\/index.php\/incendio-consume-vivienda-en-zona-rural-por-presunto-corto-circuito\/regional\/","og_locale":"es_ES","og_type":"article","og_title":"Incendio consume vivienda en zona rural por presunto corto circuito - Ciudad y Region","og_description":"Un voraz incendio consumi\u00f3 en su totalidad una vivienda ubicada en la zona rural, luego de que, seg\u00fan las primeras versiones, un corto circuito en el cable del televisor, situado cerca de un colch\u00f3n, originara las llamas. El fuego se propag\u00f3 r\u00e1pidamente por la estructura, dejando p\u00e9rdidas materiales totales. PeseContinuar Leyendo","og_url":"https:\/\/ciudadyregion.com.co\/index.php\/incendio-consume-vivienda-en-zona-rural-por-presunto-corto-circuito\/regional\/","og_site_name":"Ciudad y Region","article_published_time":"2025-08-14T12:17:09+00:00","og_image":[{"width":800,"height":445,"url":"https:\/\/ciudadyregion.com.co\/wp-content\/uploads\/2025\/08\/1-88.jpg","type":"image\/jpeg"}],"author":"David Andr\u00e9s Aguirre","twitter_card":"summary_large_image","twitter_misc":{"Escrito por":"David Andr\u00e9s Aguirre","Tiempo de lectura":"1 minuto"},"schema":{"@context":"https:\/\/schema.org","@graph":[{"@type":"WebPage","@id":"https:\/\/ciudadyregion.com.co\/index.php\/incendio-consume-vivienda-en-zona-rural-por-presunto-corto-circuito\/regional\/","url":"https:\/\/ciudadyregion.com.co\/index.php\/incendio-consume-vivienda-en-zona-rural-por-presunto-corto-circuito\/regional\/","name":"Incendio consume vivienda en zona rural por presunto corto circuito - Ciudad y Region","isPartOf":{"@id":"https:\/\/ciudadyregion.com.co\/#website"},"primaryImageOfPage":{"@id":"https:\/\/ciudadyregion.com.co\/index.php\/incendio-consume-vivienda-en-zona-rural-por-presunto-corto-circuito\/regional\/#primaryimage"},"image":{"@id":"https:\/\/ciudadyregion.com.co\/index.php\/incendio-consume-vivienda-en-zona-rural-por-presunto-corto-circuito\/regional\/#primaryimage"},"thumbnailUrl":"https:\/\/i0.wp.com\/ciudadyregion.com.co\/wp-content\/uploads\/2025\/08\/1-88.jpg?fit=800%2C445&ssl=1","datePublished":"2025-08-14T12:17:09+00:00","dateModified":"2025-08-14T12:17:09+00:00","author":{"@id":"https:\/\/ciudadyregion.com.co\/#\/schema\/person\/04a4954373ebc4051f46e8c65ff78622"},"breadcrumb":{"@id":"https:\/\/ciudadyregion.com.co\/index.php\/incendio-consume-vivienda-en-zona-rural-por-presunto-corto-circuito\/regional\/#breadcrumb"},"inLanguage":"es","potentialAction":[{"@type":"ReadAction","target":["https:\/\/ciudadyregion.com.co\/index.php\/incendio-consume-vivienda-en-zona-rural-por-presunto-corto-circuito\/regional\/"]}]},{"@type":"ImageObject","inLanguage":"es","@id":"https:\/\/ciudadyregion.com.co\/index.php\/incendio-consume-vivienda-en-zona-rural-por-presunto-corto-circuito\/regional\/#primaryimage","url":"https:\/\/i0.wp.com\/ciudadyregion.com.co\/wp-content\/uploads\/2025\/08\/1-88.jpg?fit=800%2C445&ssl=1","contentUrl":"https:\/\/i0.wp.com\/ciudadyregion.com.co\/wp-content\/uploads\/2025\/08\/1-88.jpg?fit=800%2C445&ssl=1","width":800,"height":445},{"@type":"BreadcrumbList","@id":"https:\/\/ciudadyregion.com.co\/index.php\/incendio-consume-vivienda-en-zona-rural-por-presunto-corto-circuito\/regional\/#breadcrumb","itemListElement":[{"@type":"ListItem","position":1,"name":"Portada","item":"https:\/\/ciudadyregion.com.co\/"},{"@type":"ListItem","position":2,"name":"Incendio consume vivienda en zona rural por presunto corto circuito"}]},{"@type":"WebSite","@id":"https:\/\/ciudadyregion.com.co\/#website","url":"https:\/\/ciudadyregion.com.co\/","name":"Ciudad y Region","description":"","potentialAction":[{"@type":"SearchAction","target":{"@type":"EntryPoint","urlTemplate":"https:\/\/ciudadyregion.com.co\/?s={search_term_string}"},"query-input":{"@type":"PropertyValueSpecification","valueRequired":true,"valueName":"search_term_string"}}],"inLanguage":"es"},{"@type":"Person","@id":"https:\/\/ciudadyregion.com.co\/#\/schema\/person\/04a4954373ebc4051f46e8c65ff78622","name":"David Andr\u00e9s Aguirre","image":{"@type":"ImageObject","inLanguage":"es","@id":"https:\/\/ciudadyregion.com.co\/#\/schema\/person\/image\/","url":"https:\/\/secure.gravatar.com\/avatar\/bc3c655860202182ee6d1b5edd042dbe?s=96&d=mm&r=g","contentUrl":"https:\/\/secure.gravatar.com\/avatar\/bc3c655860202182ee6d1b5edd042dbe?s=96&d=mm&r=g","caption":"David Andr\u00e9s Aguirre"},"url":"https:\/\/ciudadyregion.com.co\/index.php\/author\/diegoaguirre\/"}]}},"jetpack_featured_media_url":"https:\/\/i0.wp.com\/ciudadyregion.com.co\/wp-content\/uploads\/2025\/08\/1-88.jpg?fit=800%2C445&ssl=1","jetpack_sharing_enabled":true,"jetpack_shortlink":"https:\/\/wp.me\/pbS7hh-b3L","jetpack-related-posts":[],"_links":{"self":[{"href":"https:\/\/ciudadyregion.com.co\/index.php\/wp-json\/wp\/v2\/posts\/42517"}],"collection":[{"href":"https:\/\/ciudadyregion.com.co\/index.php\/wp-json\/wp\/v2\/posts"}],"about":[{"href":"https:\/\/ciudadyregion.com.co\/index.php\/wp-json\/wp\/v2\/types\/post"}],"author":[{"embeddable":true,"href":"https:\/\/ciudadyregion.com.co\/index.php\/wp-json\/wp\/v2\/users\/2"}],"replies":[{"embeddable":true,"href":"https:\/\/ciudadyregion.com.co\/index.php\/wp-json\/wp\/v2\/comments?post=42517"}],"version-history":[{"count":1,"href":"https:\/\/ciudadyregion.com.co\/index.php\/wp-json\/wp\/v2\/posts\/42517\/revisions"}],"predecessor-version":[{"id":42519,"href":"https:\/\/ciudadyregion.com.co\/index.php\/wp-json\/wp\/v2\/posts\/42517\/revisions\/42519"}],"wp:featuredmedia":[{"embeddable":true,"href":"https:\/\/ciudadyregion.com.co\/index.php\/wp-json\/wp\/v2\/media\/42518"}],"wp:attachment":[{"href":"https:\/\/ciudadyregion.com.co\/index.php\/wp-json\/wp\/v2\/media?parent=42517"}],"wp:term":[{"taxonomy":"category","embeddable":true,"href":"https:\/\/ciudadyregion.com.co\/index.php\/wp-json\/wp\/v2\/categories?post=42517"},{"taxonomy":"post_tag","embeddable":true,"href":"https:\/\/ciudadyregion.com.co\/index.php\/wp-json\/wp\/v2\/tags?post=42517"}],"curies":[{"name":"wp","href":"https:\/\/api.w.org\/{rel}","templated":true}]}}