{"id":42513,"date":"2025-08-14T05:16:34","date_gmt":"2025-08-14T10:16:34","guid":{"rendered":"https:\/\/ciudadyregion.com.co\/?p=42513"},"modified":"2025-08-14T05:16:34","modified_gmt":"2025-08-14T10:16:34","slug":"construccion-ilegal-en-el-hato-de-la-virgen-en-ibague-fue-sellada-tras-denuncias-ciudadanas","status":"publish","type":"post","link":"https:\/\/ciudadyregion.com.co\/index.php\/construccion-ilegal-en-el-hato-de-la-virgen-en-ibague-fue-sellada-tras-denuncias-ciudadanas\/ibague\/","title":{"rendered":"Construcci\u00f3n ilegal en el Hato de la Virgen en Ibagu\u00e9 fue sellada, tras denuncias ciudadanas"},"content":{"rendered":"<p>Las autoridades advierten sobre posibles sanciones y demoliciones a quienes incumplan la normativa urban\u00edstica.<\/p>\n<p>Una construcci\u00f3n adelantada sin autorizaci\u00f3n en el sector del Hato de la Virgen fue clausurada por la Inspecci\u00f3n Octava de Polic\u00eda, luego de que ciudadanos alertaran sobre la irregularidad. La estructura carec\u00eda de licencias urban\u00edsticas, lo que motiv\u00f3 su sellamiento inmediato.<\/p>\n<blockquote><p>\u201cActuamos de forma inmediata. El Inspector Octavo de Polic\u00eda de la ciudad de Ibagu\u00e9, realiz\u00f3 la verificaci\u00f3n correspondiente y confirm\u00f3 que el inmueble no contaba con la documentaci\u00f3n legal para adelantar dicha obra dentro del asentamiento del Hato de la Virgen\u201d, se\u00f1al\u00f3 Mauricio Guti\u00e9rrez, director de Justicia del municipio.<\/p><\/blockquote>\n<p>El procedimiento se enmarca en los controles que la Administraci\u00f3n Municipal realiza para garantizar el cumplimiento de las normas urbanas y evitar riesgos para la comunidad.<\/p>\n<blockquote><p>\u201cHacemos un llamado para que realicen los tr\u00e1mites respectivos ante las curadur\u00edas urbanas y se asesoren adecuadamente antes de iniciar cualquier tipo de construcci\u00f3n. Esto evitar\u00e1 que sean sorprendidos por las autoridades competentes y que se enfrenten a sanciones como la p\u00e9rdida de su inversi\u00f3n o incluso una orden de demolici\u00f3n\u201d, agreg\u00f3 Guti\u00e9rrez.<\/p><\/blockquote>\n<p>La Alcald\u00eda reiter\u00f3 que continuar\u00e1 respondiendo a las denuncias ciudadanas y reforzando los operativos para evitar desarrollos urbanos fuera de la norma.<\/p>\n","protected":false},"excerpt":{"rendered":"<p>Las autoridades advierten sobre posibles sanciones y demoliciones a quienes incumplan la normativa urban\u00edstica. Una construcci\u00f3n adelantada sin autorizaci\u00f3n en el sector del Hato de la Virgen fue clausurada por la Inspecci\u00f3n Octava de Polic\u00eda, luego de que ciudadanos alertaran sobre la irregularidad. La estructura carec\u00eda de licencias urban\u00edsticas, lo<span class=\"more-link\"><a href=\"https:\/\/ciudadyregion.com.co\/index.php\/construccion-ilegal-en-el-hato-de-la-virgen-en-ibague-fue-sellada-tras-denuncias-ciudadanas\/ibague\/\">Continuar Leyendo<\/a><\/span><\/p>\n","protected":false},"author":2,"featured_media":42514,"comment_status":"open","ping_status":"open","sticky":false,"template":"","format":"standard","meta":{"_uf_show_specific_survey":0,"_uf_disable_surveys":false,"_jetpack_memberships_contains_paid_content":false,"footnotes":"","jetpack_publicize_message":"","jetpack_publicize_feature_enabled":true,"jetpack_social_post_already_shared":true,"jetpack_social_options":{"image_generator_settings":{"template":"highway","enabled":false},"version":2}},"categories":[14],"tags":[],"class_list":["entry","author-diegoaguirre","post-42513","post","type-post","status-publish","format-standard","has-post-thumbnail","category-ibague"],"jetpack_publicize_connections":[],"yoast_head":"<!-- This site is optimized with the Yoast SEO plugin v24.3 - https:\/\/yoast.com\/wordpress\/plugins\/seo\/ -->\n<title>Construcci\u00f3n ilegal en el Hato de la Virgen en Ibagu\u00e9 fue sellada, tras denuncias ciudadanas - Ciudad y Region<\/title>\n<meta name=\"robots\" content=\"index, follow, max-snippet:-1, max-image-preview:large, max-video-preview:-1\" \/>\n<link rel=\"canonical\" href=\"https:\/\/ciudadyregion.com.co\/index.php\/construccion-ilegal-en-el-hato-de-la-virgen-en-ibague-fue-sellada-tras-denuncias-ciudadanas\/ibague\/\" \/>\n<meta property=\"og:locale\" content=\"es_ES\" \/>\n<meta property=\"og:type\" content=\"article\" \/>\n<meta property=\"og:title\" content=\"Construcci\u00f3n ilegal en el Hato de la Virgen en Ibagu\u00e9 fue sellada, tras denuncias ciudadanas - Ciudad y Region\" \/>\n<meta property=\"og:description\" content=\"Las autoridades advierten sobre posibles sanciones y demoliciones a quienes incumplan la normativa urban\u00edstica. Una construcci\u00f3n adelantada sin autorizaci\u00f3n en el sector del Hato de la Virgen fue clausurada por la Inspecci\u00f3n Octava de Polic\u00eda, luego de que ciudadanos alertaran sobre la irregularidad. La estructura carec\u00eda de licencias urban\u00edsticas, loContinuar Leyendo\" \/>\n<meta property=\"og:url\" content=\"https:\/\/ciudadyregion.com.co\/index.php\/construccion-ilegal-en-el-hato-de-la-virgen-en-ibague-fue-sellada-tras-denuncias-ciudadanas\/ibague\/\" \/>\n<meta property=\"og:site_name\" content=\"Ciudad y Region\" \/>\n<meta property=\"article:published_time\" content=\"2025-08-14T10:16:34+00:00\" \/>\n<meta property=\"og:image\" content=\"https:\/\/ciudadyregion.com.co\/wp-content\/uploads\/2025\/08\/a1-1.jpg\" \/>\n\t<meta property=\"og:image:width\" content=\"800\" \/>\n\t<meta property=\"og:image:height\" content=\"445\" \/>\n\t<meta property=\"og:image:type\" content=\"image\/jpeg\" \/>\n<meta name=\"author\" content=\"David Andr\u00e9s Aguirre\" \/>\n<meta name=\"twitter:card\" content=\"summary_large_image\" \/>\n<meta name=\"twitter:label1\" content=\"Escrito por\" \/>\n\t<meta name=\"twitter:data1\" content=\"David Andr\u00e9s Aguirre\" \/>\n\t<meta name=\"twitter:label2\" content=\"Tiempo de lectura\" \/>\n\t<meta name=\"twitter:data2\" content=\"1 minuto\" \/>\n<script type=\"application\/ld+json\" class=\"yoast-schema-graph\">{\"@context\":\"https:\/\/schema.org\",\"@graph\":[{\"@type\":\"WebPage\",\"@id\":\"https:\/\/ciudadyregion.com.co\/index.php\/construccion-ilegal-en-el-hato-de-la-virgen-en-ibague-fue-sellada-tras-denuncias-ciudadanas\/ibague\/\",\"url\":\"https:\/\/ciudadyregion.com.co\/index.php\/construccion-ilegal-en-el-hato-de-la-virgen-en-ibague-fue-sellada-tras-denuncias-ciudadanas\/ibague\/\",\"name\":\"Construcci\u00f3n ilegal en el Hato de la Virgen en Ibagu\u00e9 fue sellada, tras denuncias ciudadanas - Ciudad y Region\",\"isPartOf\":{\"@id\":\"https:\/\/ciudadyregion.com.co\/#website\"},\"primaryImageOfPage\":{\"@id\":\"https:\/\/ciudadyregion.com.co\/index.php\/construccion-ilegal-en-el-hato-de-la-virgen-en-ibague-fue-sellada-tras-denuncias-ciudadanas\/ibague\/#primaryimage\"},\"image\":{\"@id\":\"https:\/\/ciudadyregion.com.co\/index.php\/construccion-ilegal-en-el-hato-de-la-virgen-en-ibague-fue-sellada-tras-denuncias-ciudadanas\/ibague\/#primaryimage\"},\"thumbnailUrl\":\"https:\/\/i0.wp.com\/ciudadyregion.com.co\/wp-content\/uploads\/2025\/08\/a1-1.jpg?fit=800%2C445&ssl=1\",\"datePublished\":\"2025-08-14T10:16:34+00:00\",\"dateModified\":\"2025-08-14T10:16:34+00:00\",\"author\":{\"@id\":\"https:\/\/ciudadyregion.com.co\/#\/schema\/person\/04a4954373ebc4051f46e8c65ff78622\"},\"breadcrumb\":{\"@id\":\"https:\/\/ciudadyregion.com.co\/index.php\/construccion-ilegal-en-el-hato-de-la-virgen-en-ibague-fue-sellada-tras-denuncias-ciudadanas\/ibague\/#breadcrumb\"},\"inLanguage\":\"es\",\"potentialAction\":[{\"@type\":\"ReadAction\",\"target\":[\"https:\/\/ciudadyregion.com.co\/index.php\/construccion-ilegal-en-el-hato-de-la-virgen-en-ibague-fue-sellada-tras-denuncias-ciudadanas\/ibague\/\"]}]},{\"@type\":\"ImageObject\",\"inLanguage\":\"es\",\"@id\":\"https:\/\/ciudadyregion.com.co\/index.php\/construccion-ilegal-en-el-hato-de-la-virgen-en-ibague-fue-sellada-tras-denuncias-ciudadanas\/ibague\/#primaryimage\",\"url\":\"https:\/\/i0.wp.com\/ciudadyregion.com.co\/wp-content\/uploads\/2025\/08\/a1-1.jpg?fit=800%2C445&ssl=1\",\"contentUrl\":\"https:\/\/i0.wp.com\/ciudadyregion.com.co\/wp-content\/uploads\/2025\/08\/a1-1.jpg?fit=800%2C445&ssl=1\",\"width\":800,\"height\":445},{\"@type\":\"BreadcrumbList\",\"@id\":\"https:\/\/ciudadyregion.com.co\/index.php\/construccion-ilegal-en-el-hato-de-la-virgen-en-ibague-fue-sellada-tras-denuncias-ciudadanas\/ibague\/#breadcrumb\",\"itemListElement\":[{\"@type\":\"ListItem\",\"position\":1,\"name\":\"Portada\",\"item\":\"https:\/\/ciudadyregion.com.co\/\"},{\"@type\":\"ListItem\",\"position\":2,\"name\":\"Construcci\u00f3n ilegal en el Hato de la Virgen en Ibagu\u00e9 fue sellada, tras denuncias ciudadanas\"}]},{\"@type\":\"WebSite\",\"@id\":\"https:\/\/ciudadyregion.com.co\/#website\",\"url\":\"https:\/\/ciudadyregion.com.co\/\",\"name\":\"Ciudad y Region\",\"description\":\"\",\"potentialAction\":[{\"@type\":\"SearchAction\",\"target\":{\"@type\":\"EntryPoint\",\"urlTemplate\":\"https:\/\/ciudadyregion.com.co\/?s={search_term_string}\"},\"query-input\":{\"@type\":\"PropertyValueSpecification\",\"valueRequired\":true,\"valueName\":\"search_term_string\"}}],\"inLanguage\":\"es\"},{\"@type\":\"Person\",\"@id\":\"https:\/\/ciudadyregion.com.co\/#\/schema\/person\/04a4954373ebc4051f46e8c65ff78622\",\"name\":\"David Andr\u00e9s Aguirre\",\"image\":{\"@type\":\"ImageObject\",\"inLanguage\":\"es\",\"@id\":\"https:\/\/ciudadyregion.com.co\/#\/schema\/person\/image\/\",\"url\":\"https:\/\/secure.gravatar.com\/avatar\/bc3c655860202182ee6d1b5edd042dbe?s=96&d=mm&r=g\",\"contentUrl\":\"https:\/\/secure.gravatar.com\/avatar\/bc3c655860202182ee6d1b5edd042dbe?s=96&d=mm&r=g\",\"caption\":\"David Andr\u00e9s Aguirre\"},\"url\":\"https:\/\/ciudadyregion.com.co\/index.php\/author\/diegoaguirre\/\"}]}<\/script>\n<!-- \/ Yoast SEO plugin. -->","yoast_head_json":{"title":"Construcci\u00f3n ilegal en el Hato de la Virgen en Ibagu\u00e9 fue sellada, tras denuncias ciudadanas - Ciudad y Region","robots":{"index":"index","follow":"follow","max-snippet":"max-snippet:-1","max-image-preview":"max-image-preview:large","max-video-preview":"max-video-preview:-1"},"canonical":"https:\/\/ciudadyregion.com.co\/index.php\/construccion-ilegal-en-el-hato-de-la-virgen-en-ibague-fue-sellada-tras-denuncias-ciudadanas\/ibague\/","og_locale":"es_ES","og_type":"article","og_title":"Construcci\u00f3n ilegal en el Hato de la Virgen en Ibagu\u00e9 fue sellada, tras denuncias ciudadanas - Ciudad y Region","og_description":"Las autoridades advierten sobre posibles sanciones y demoliciones a quienes incumplan la normativa urban\u00edstica. Una construcci\u00f3n adelantada sin autorizaci\u00f3n en el sector del Hato de la Virgen fue clausurada por la Inspecci\u00f3n Octava de Polic\u00eda, luego de que ciudadanos alertaran sobre la irregularidad. La estructura carec\u00eda de licencias urban\u00edsticas, loContinuar Leyendo","og_url":"https:\/\/ciudadyregion.com.co\/index.php\/construccion-ilegal-en-el-hato-de-la-virgen-en-ibague-fue-sellada-tras-denuncias-ciudadanas\/ibague\/","og_site_name":"Ciudad y Region","article_published_time":"2025-08-14T10:16:34+00:00","og_image":[{"width":800,"height":445,"url":"https:\/\/ciudadyregion.com.co\/wp-content\/uploads\/2025\/08\/a1-1.jpg","type":"image\/jpeg"}],"author":"David Andr\u00e9s Aguirre","twitter_card":"summary_large_image","twitter_misc":{"Escrito por":"David Andr\u00e9s Aguirre","Tiempo de lectura":"1 minuto"},"schema":{"@context":"https:\/\/schema.org","@graph":[{"@type":"WebPage","@id":"https:\/\/ciudadyregion.com.co\/index.php\/construccion-ilegal-en-el-hato-de-la-virgen-en-ibague-fue-sellada-tras-denuncias-ciudadanas\/ibague\/","url":"https:\/\/ciudadyregion.com.co\/index.php\/construccion-ilegal-en-el-hato-de-la-virgen-en-ibague-fue-sellada-tras-denuncias-ciudadanas\/ibague\/","name":"Construcci\u00f3n ilegal en el Hato de la Virgen en Ibagu\u00e9 fue sellada, tras denuncias ciudadanas - Ciudad y Region","isPartOf":{"@id":"https:\/\/ciudadyregion.com.co\/#website"},"primaryImageOfPage":{"@id":"https:\/\/ciudadyregion.com.co\/index.php\/construccion-ilegal-en-el-hato-de-la-virgen-en-ibague-fue-sellada-tras-denuncias-ciudadanas\/ibague\/#primaryimage"},"image":{"@id":"https:\/\/ciudadyregion.com.co\/index.php\/construccion-ilegal-en-el-hato-de-la-virgen-en-ibague-fue-sellada-tras-denuncias-ciudadanas\/ibague\/#primaryimage"},"thumbnailUrl":"https:\/\/i0.wp.com\/ciudadyregion.com.co\/wp-content\/uploads\/2025\/08\/a1-1.jpg?fit=800%2C445&ssl=1","datePublished":"2025-08-14T10:16:34+00:00","dateModified":"2025-08-14T10:16:34+00:00","author":{"@id":"https:\/\/ciudadyregion.com.co\/#\/schema\/person\/04a4954373ebc4051f46e8c65ff78622"},"breadcrumb":{"@id":"https:\/\/ciudadyregion.com.co\/index.php\/construccion-ilegal-en-el-hato-de-la-virgen-en-ibague-fue-sellada-tras-denuncias-ciudadanas\/ibague\/#breadcrumb"},"inLanguage":"es","potentialAction":[{"@type":"ReadAction","target":["https:\/\/ciudadyregion.com.co\/index.php\/construccion-ilegal-en-el-hato-de-la-virgen-en-ibague-fue-sellada-tras-denuncias-ciudadanas\/ibague\/"]}]},{"@type":"ImageObject","inLanguage":"es","@id":"https:\/\/ciudadyregion.com.co\/index.php\/construccion-ilegal-en-el-hato-de-la-virgen-en-ibague-fue-sellada-tras-denuncias-ciudadanas\/ibague\/#primaryimage","url":"https:\/\/i0.wp.com\/ciudadyregion.com.co\/wp-content\/uploads\/2025\/08\/a1-1.jpg?fit=800%2C445&ssl=1","contentUrl":"https:\/\/i0.wp.com\/ciudadyregion.com.co\/wp-content\/uploads\/2025\/08\/a1-1.jpg?fit=800%2C445&ssl=1","width":800,"height":445},{"@type":"BreadcrumbList","@id":"https:\/\/ciudadyregion.com.co\/index.php\/construccion-ilegal-en-el-hato-de-la-virgen-en-ibague-fue-sellada-tras-denuncias-ciudadanas\/ibague\/#breadcrumb","itemListElement":[{"@type":"ListItem","position":1,"name":"Portada","item":"https:\/\/ciudadyregion.com.co\/"},{"@type":"ListItem","position":2,"name":"Construcci\u00f3n ilegal en el Hato de la Virgen en Ibagu\u00e9 fue sellada, tras denuncias ciudadanas"}]},{"@type":"WebSite","@id":"https:\/\/ciudadyregion.com.co\/#website","url":"https:\/\/ciudadyregion.com.co\/","name":"Ciudad y Region","description":"","potentialAction":[{"@type":"SearchAction","target":{"@type":"EntryPoint","urlTemplate":"https:\/\/ciudadyregion.com.co\/?s={search_term_string}"},"query-input":{"@type":"PropertyValueSpecification","valueRequired":true,"valueName":"search_term_string"}}],"inLanguage":"es"},{"@type":"Person","@id":"https:\/\/ciudadyregion.com.co\/#\/schema\/person\/04a4954373ebc4051f46e8c65ff78622","name":"David Andr\u00e9s Aguirre","image":{"@type":"ImageObject","inLanguage":"es","@id":"https:\/\/ciudadyregion.com.co\/#\/schema\/person\/image\/","url":"https:\/\/secure.gravatar.com\/avatar\/bc3c655860202182ee6d1b5edd042dbe?s=96&d=mm&r=g","contentUrl":"https:\/\/secure.gravatar.com\/avatar\/bc3c655860202182ee6d1b5edd042dbe?s=96&d=mm&r=g","caption":"David Andr\u00e9s Aguirre"},"url":"https:\/\/ciudadyregion.com.co\/index.php\/author\/diegoaguirre\/"}]}},"jetpack_featured_media_url":"https:\/\/i0.wp.com\/ciudadyregion.com.co\/wp-content\/uploads\/2025\/08\/a1-1.jpg?fit=800%2C445&ssl=1","jetpack_sharing_enabled":true,"jetpack_shortlink":"https:\/\/wp.me\/pbS7hh-b3H","jetpack-related-posts":[],"_links":{"self":[{"href":"https:\/\/ciudadyregion.com.co\/index.php\/wp-json\/wp\/v2\/posts\/42513"}],"collection":[{"href":"https:\/\/ciudadyregion.com.co\/index.php\/wp-json\/wp\/v2\/posts"}],"about":[{"href":"https:\/\/ciudadyregion.com.co\/index.php\/wp-json\/wp\/v2\/types\/post"}],"author":[{"embeddable":true,"href":"https:\/\/ciudadyregion.com.co\/index.php\/wp-json\/wp\/v2\/users\/2"}],"replies":[{"embeddable":true,"href":"https:\/\/ciudadyregion.com.co\/index.php\/wp-json\/wp\/v2\/comments?post=42513"}],"version-history":[{"count":1,"href":"https:\/\/ciudadyregion.com.co\/index.php\/wp-json\/wp\/v2\/posts\/42513\/revisions"}],"predecessor-version":[{"id":42515,"href":"https:\/\/ciudadyregion.com.co\/index.php\/wp-json\/wp\/v2\/posts\/42513\/revisions\/42515"}],"wp:featuredmedia":[{"embeddable":true,"href":"https:\/\/ciudadyregion.com.co\/index.php\/wp-json\/wp\/v2\/media\/42514"}],"wp:attachment":[{"href":"https:\/\/ciudadyregion.com.co\/index.php\/wp-json\/wp\/v2\/media?parent=42513"}],"wp:term":[{"taxonomy":"category","embeddable":true,"href":"https:\/\/ciudadyregion.com.co\/index.php\/wp-json\/wp\/v2\/categories?post=42513"},{"taxonomy":"post_tag","embeddable":true,"href":"https:\/\/ciudadyregion.com.co\/index.php\/wp-json\/wp\/v2\/tags?post=42513"}],"curies":[{"name":"wp","href":"https:\/\/api.w.org\/{rel}","templated":true}]}}