{"id":39457,"date":"2025-07-04T04:59:14","date_gmt":"2025-07-04T09:59:14","guid":{"rendered":"https:\/\/ciudadyregion.com.co\/?p=39457"},"modified":"2025-07-03T13:01:02","modified_gmt":"2025-07-03T18:01:02","slug":"a-la-carcel-patrullero-de-la-policia-nacional-que-estaria-involucrado-en-la-retencion-ilegal-y-hurto-de-tres-ciudadanos-en-huila","status":"publish","type":"post","link":"https:\/\/ciudadyregion.com.co\/index.php\/a-la-carcel-patrullero-de-la-policia-nacional-que-estaria-involucrado-en-la-retencion-ilegal-y-hurto-de-tres-ciudadanos-en-huila\/judicial\/","title":{"rendered":"A la c\u00e1rcel patrullero de la Polic\u00eda Nacional que estar\u00eda involucrado en la retenci\u00f3n ilegal y hurto de tres ciudadanos en Huila"},"content":{"rendered":"<p>Por solicitud de la Fiscal\u00eda General de la Naci\u00f3n, un juez de control de garant\u00edas impuso medida de aseguramiento en centro carcelario contra Huberth Leonardo Su\u00e1rez C\u00e1rdenas, patrullero de la Polic\u00eda Nacional, que estar\u00eda involucrado en la planeaci\u00f3n del secuestro de\u00a0tres integrantes de una familia y el hurto a una empresa de giros en Colombia (Huila).<\/p>\n<p>Una fiscal Gaula de la Seccional Huila le formul\u00f3 imputaci\u00f3n por los\u00a0delitos de secuestro simple, hurto calificado y tentativa de hurto calificado,\u00a0todas las conductas agravadas. Cargos que no fueron aceptados por el procesado.<\/p>\n<p>De acuerdo con la investigaci\u00f3n, en el 10 de marzo de 2024, Su\u00e1rez C\u00e1rdenas le habr\u00eda dado las indicaciones otro hombre para que se acercara hasta la vivienda de las v\u00edctimas, quienes fueron retenidas y amordazadas,\u00a0para hurtarles las llaves del local comercial, joyas y otros objetos de valor.<\/p>\n<p>Una vez con las llaves en su poder, ese hombre se comunic\u00f3 a trav\u00e9s de video llamadas con el patrullero quien, al parecer, le dio la orden de ingresar a la empresa de giros y apoderarse de la caja fuerte,\u00a0que supuestamente conten\u00eda 500 millones de pesos.<\/p>\n<p>Servidores del Cuerpo T\u00e9cnico de Investigaci\u00f3n (CTI), con apoyo del Ej\u00e9rcito Nacional, hicieron efectiva la orden de captura contra el patrullero en Sibat\u00e9 (Cundinamarca).<\/p>\n","protected":false},"excerpt":{"rendered":"<p>Por solicitud de la Fiscal\u00eda General de la Naci\u00f3n, un juez de control de garant\u00edas impuso medida de aseguramiento en centro carcelario contra Huberth Leonardo Su\u00e1rez C\u00e1rdenas, patrullero de la Polic\u00eda Nacional, que estar\u00eda involucrado en la planeaci\u00f3n del secuestro de\u00a0tres integrantes de una familia y el hurto a una<span class=\"more-link\"><a href=\"https:\/\/ciudadyregion.com.co\/index.php\/a-la-carcel-patrullero-de-la-policia-nacional-que-estaria-involucrado-en-la-retencion-ilegal-y-hurto-de-tres-ciudadanos-en-huila\/judicial\/\">Continuar Leyendo<\/a><\/span><\/p>\n","protected":false},"author":2,"featured_media":39458,"comment_status":"open","ping_status":"open","sticky":false,"template":"","format":"standard","meta":{"_uf_show_specific_survey":0,"_uf_disable_surveys":false,"_jetpack_memberships_contains_paid_content":false,"footnotes":"","jetpack_publicize_message":"","jetpack_publicize_feature_enabled":true,"jetpack_social_post_already_shared":true,"jetpack_social_options":{"image_generator_settings":{"template":"highway","enabled":false},"version":2}},"categories":[18],"tags":[],"class_list":["entry","author-diegoaguirre","post-39457","post","type-post","status-publish","format-standard","has-post-thumbnail","category-judicial"],"jetpack_publicize_connections":[],"yoast_head":"<!-- This site is optimized with the Yoast SEO plugin v24.3 - https:\/\/yoast.com\/wordpress\/plugins\/seo\/ -->\n<title>A la c\u00e1rcel patrullero de la Polic\u00eda Nacional que estar\u00eda involucrado en la retenci\u00f3n ilegal y hurto de tres ciudadanos en Huila - Ciudad y Region<\/title>\n<meta name=\"robots\" content=\"index, follow, max-snippet:-1, max-image-preview:large, max-video-preview:-1\" \/>\n<link rel=\"canonical\" href=\"https:\/\/ciudadyregion.com.co\/index.php\/a-la-carcel-patrullero-de-la-policia-nacional-que-estaria-involucrado-en-la-retencion-ilegal-y-hurto-de-tres-ciudadanos-en-huila\/judicial\/\" \/>\n<meta property=\"og:locale\" content=\"es_ES\" \/>\n<meta property=\"og:type\" content=\"article\" \/>\n<meta property=\"og:title\" content=\"A la c\u00e1rcel patrullero de la Polic\u00eda Nacional que estar\u00eda involucrado en la retenci\u00f3n ilegal y hurto de tres ciudadanos en Huila - Ciudad y Region\" \/>\n<meta property=\"og:description\" content=\"Por solicitud de la Fiscal\u00eda General de la Naci\u00f3n, un juez de control de garant\u00edas impuso medida de aseguramiento en centro carcelario contra Huberth Leonardo Su\u00e1rez C\u00e1rdenas, patrullero de la Polic\u00eda Nacional, que estar\u00eda involucrado en la planeaci\u00f3n del secuestro de\u00a0tres integrantes de una familia y el hurto a unaContinuar Leyendo\" \/>\n<meta property=\"og:url\" content=\"https:\/\/ciudadyregion.com.co\/index.php\/a-la-carcel-patrullero-de-la-policia-nacional-que-estaria-involucrado-en-la-retencion-ilegal-y-hurto-de-tres-ciudadanos-en-huila\/judicial\/\" \/>\n<meta property=\"og:site_name\" content=\"Ciudad y Region\" \/>\n<meta property=\"article:published_time\" content=\"2025-07-04T09:59:14+00:00\" \/>\n<meta property=\"article:modified_time\" content=\"2025-07-03T18:01:02+00:00\" \/>\n<meta property=\"og:image\" content=\"https:\/\/i0.wp.com\/ciudadyregion.com.co\/wp-content\/uploads\/2025\/07\/2-100.jpg?fit=800%2C445&ssl=1\" \/>\n\t<meta property=\"og:image:width\" content=\"800\" \/>\n\t<meta property=\"og:image:height\" content=\"445\" \/>\n\t<meta property=\"og:image:type\" content=\"image\/jpeg\" \/>\n<meta name=\"author\" content=\"David Andr\u00e9s Aguirre\" \/>\n<meta name=\"twitter:card\" content=\"summary_large_image\" \/>\n<meta name=\"twitter:label1\" content=\"Escrito por\" \/>\n\t<meta name=\"twitter:data1\" content=\"David Andr\u00e9s Aguirre\" \/>\n\t<meta name=\"twitter:label2\" content=\"Tiempo de lectura\" \/>\n\t<meta name=\"twitter:data2\" content=\"2 minutos\" \/>\n<script type=\"application\/ld+json\" class=\"yoast-schema-graph\">{\"@context\":\"https:\/\/schema.org\",\"@graph\":[{\"@type\":\"WebPage\",\"@id\":\"https:\/\/ciudadyregion.com.co\/index.php\/a-la-carcel-patrullero-de-la-policia-nacional-que-estaria-involucrado-en-la-retencion-ilegal-y-hurto-de-tres-ciudadanos-en-huila\/judicial\/\",\"url\":\"https:\/\/ciudadyregion.com.co\/index.php\/a-la-carcel-patrullero-de-la-policia-nacional-que-estaria-involucrado-en-la-retencion-ilegal-y-hurto-de-tres-ciudadanos-en-huila\/judicial\/\",\"name\":\"A la c\u00e1rcel patrullero de la Polic\u00eda Nacional que estar\u00eda involucrado en la retenci\u00f3n ilegal y hurto de tres ciudadanos en Huila - Ciudad y Region\",\"isPartOf\":{\"@id\":\"https:\/\/ciudadyregion.com.co\/#website\"},\"primaryImageOfPage\":{\"@id\":\"https:\/\/ciudadyregion.com.co\/index.php\/a-la-carcel-patrullero-de-la-policia-nacional-que-estaria-involucrado-en-la-retencion-ilegal-y-hurto-de-tres-ciudadanos-en-huila\/judicial\/#primaryimage\"},\"image\":{\"@id\":\"https:\/\/ciudadyregion.com.co\/index.php\/a-la-carcel-patrullero-de-la-policia-nacional-que-estaria-involucrado-en-la-retencion-ilegal-y-hurto-de-tres-ciudadanos-en-huila\/judicial\/#primaryimage\"},\"thumbnailUrl\":\"https:\/\/i0.wp.com\/ciudadyregion.com.co\/wp-content\/uploads\/2025\/07\/2-100.jpg?fit=800%2C445&ssl=1\",\"datePublished\":\"2025-07-04T09:59:14+00:00\",\"dateModified\":\"2025-07-03T18:01:02+00:00\",\"author\":{\"@id\":\"https:\/\/ciudadyregion.com.co\/#\/schema\/person\/04a4954373ebc4051f46e8c65ff78622\"},\"breadcrumb\":{\"@id\":\"https:\/\/ciudadyregion.com.co\/index.php\/a-la-carcel-patrullero-de-la-policia-nacional-que-estaria-involucrado-en-la-retencion-ilegal-y-hurto-de-tres-ciudadanos-en-huila\/judicial\/#breadcrumb\"},\"inLanguage\":\"es\",\"potentialAction\":[{\"@type\":\"ReadAction\",\"target\":[\"https:\/\/ciudadyregion.com.co\/index.php\/a-la-carcel-patrullero-de-la-policia-nacional-que-estaria-involucrado-en-la-retencion-ilegal-y-hurto-de-tres-ciudadanos-en-huila\/judicial\/\"]}]},{\"@type\":\"ImageObject\",\"inLanguage\":\"es\",\"@id\":\"https:\/\/ciudadyregion.com.co\/index.php\/a-la-carcel-patrullero-de-la-policia-nacional-que-estaria-involucrado-en-la-retencion-ilegal-y-hurto-de-tres-ciudadanos-en-huila\/judicial\/#primaryimage\",\"url\":\"https:\/\/i0.wp.com\/ciudadyregion.com.co\/wp-content\/uploads\/2025\/07\/2-100.jpg?fit=800%2C445&ssl=1\",\"contentUrl\":\"https:\/\/i0.wp.com\/ciudadyregion.com.co\/wp-content\/uploads\/2025\/07\/2-100.jpg?fit=800%2C445&ssl=1\",\"width\":800,\"height\":445},{\"@type\":\"BreadcrumbList\",\"@id\":\"https:\/\/ciudadyregion.com.co\/index.php\/a-la-carcel-patrullero-de-la-policia-nacional-que-estaria-involucrado-en-la-retencion-ilegal-y-hurto-de-tres-ciudadanos-en-huila\/judicial\/#breadcrumb\",\"itemListElement\":[{\"@type\":\"ListItem\",\"position\":1,\"name\":\"Portada\",\"item\":\"https:\/\/ciudadyregion.com.co\/\"},{\"@type\":\"ListItem\",\"position\":2,\"name\":\"A la c\u00e1rcel patrullero de la Polic\u00eda Nacional que estar\u00eda involucrado en la retenci\u00f3n ilegal y hurto de tres ciudadanos en Huila\"}]},{\"@type\":\"WebSite\",\"@id\":\"https:\/\/ciudadyregion.com.co\/#website\",\"url\":\"https:\/\/ciudadyregion.com.co\/\",\"name\":\"Ciudad y Region\",\"description\":\"\",\"potentialAction\":[{\"@type\":\"SearchAction\",\"target\":{\"@type\":\"EntryPoint\",\"urlTemplate\":\"https:\/\/ciudadyregion.com.co\/?s={search_term_string}\"},\"query-input\":{\"@type\":\"PropertyValueSpecification\",\"valueRequired\":true,\"valueName\":\"search_term_string\"}}],\"inLanguage\":\"es\"},{\"@type\":\"Person\",\"@id\":\"https:\/\/ciudadyregion.com.co\/#\/schema\/person\/04a4954373ebc4051f46e8c65ff78622\",\"name\":\"David Andr\u00e9s Aguirre\",\"image\":{\"@type\":\"ImageObject\",\"inLanguage\":\"es\",\"@id\":\"https:\/\/ciudadyregion.com.co\/#\/schema\/person\/image\/\",\"url\":\"https:\/\/secure.gravatar.com\/avatar\/bc3c655860202182ee6d1b5edd042dbe?s=96&d=mm&r=g\",\"contentUrl\":\"https:\/\/secure.gravatar.com\/avatar\/bc3c655860202182ee6d1b5edd042dbe?s=96&d=mm&r=g\",\"caption\":\"David Andr\u00e9s Aguirre\"},\"url\":\"https:\/\/ciudadyregion.com.co\/index.php\/author\/diegoaguirre\/\"}]}<\/script>\n<!-- \/ Yoast SEO plugin. -->","yoast_head_json":{"title":"A la c\u00e1rcel patrullero de la Polic\u00eda Nacional que estar\u00eda involucrado en la retenci\u00f3n ilegal y hurto de tres ciudadanos en Huila - Ciudad y Region","robots":{"index":"index","follow":"follow","max-snippet":"max-snippet:-1","max-image-preview":"max-image-preview:large","max-video-preview":"max-video-preview:-1"},"canonical":"https:\/\/ciudadyregion.com.co\/index.php\/a-la-carcel-patrullero-de-la-policia-nacional-que-estaria-involucrado-en-la-retencion-ilegal-y-hurto-de-tres-ciudadanos-en-huila\/judicial\/","og_locale":"es_ES","og_type":"article","og_title":"A la c\u00e1rcel patrullero de la Polic\u00eda Nacional que estar\u00eda involucrado en la retenci\u00f3n ilegal y hurto de tres ciudadanos en Huila - Ciudad y Region","og_description":"Por solicitud de la Fiscal\u00eda General de la Naci\u00f3n, un juez de control de garant\u00edas impuso medida de aseguramiento en centro carcelario contra Huberth Leonardo Su\u00e1rez C\u00e1rdenas, patrullero de la Polic\u00eda Nacional, que estar\u00eda involucrado en la planeaci\u00f3n del secuestro de\u00a0tres integrantes de una familia y el hurto a unaContinuar Leyendo","og_url":"https:\/\/ciudadyregion.com.co\/index.php\/a-la-carcel-patrullero-de-la-policia-nacional-que-estaria-involucrado-en-la-retencion-ilegal-y-hurto-de-tres-ciudadanos-en-huila\/judicial\/","og_site_name":"Ciudad y Region","article_published_time":"2025-07-04T09:59:14+00:00","article_modified_time":"2025-07-03T18:01:02+00:00","og_image":[{"width":800,"height":445,"url":"https:\/\/i0.wp.com\/ciudadyregion.com.co\/wp-content\/uploads\/2025\/07\/2-100.jpg?fit=800%2C445&ssl=1","type":"image\/jpeg"}],"author":"David Andr\u00e9s Aguirre","twitter_card":"summary_large_image","twitter_misc":{"Escrito por":"David Andr\u00e9s Aguirre","Tiempo de lectura":"2 minutos"},"schema":{"@context":"https:\/\/schema.org","@graph":[{"@type":"WebPage","@id":"https:\/\/ciudadyregion.com.co\/index.php\/a-la-carcel-patrullero-de-la-policia-nacional-que-estaria-involucrado-en-la-retencion-ilegal-y-hurto-de-tres-ciudadanos-en-huila\/judicial\/","url":"https:\/\/ciudadyregion.com.co\/index.php\/a-la-carcel-patrullero-de-la-policia-nacional-que-estaria-involucrado-en-la-retencion-ilegal-y-hurto-de-tres-ciudadanos-en-huila\/judicial\/","name":"A la c\u00e1rcel patrullero de la Polic\u00eda Nacional que estar\u00eda involucrado en la retenci\u00f3n ilegal y hurto de tres ciudadanos en Huila - Ciudad y Region","isPartOf":{"@id":"https:\/\/ciudadyregion.com.co\/#website"},"primaryImageOfPage":{"@id":"https:\/\/ciudadyregion.com.co\/index.php\/a-la-carcel-patrullero-de-la-policia-nacional-que-estaria-involucrado-en-la-retencion-ilegal-y-hurto-de-tres-ciudadanos-en-huila\/judicial\/#primaryimage"},"image":{"@id":"https:\/\/ciudadyregion.com.co\/index.php\/a-la-carcel-patrullero-de-la-policia-nacional-que-estaria-involucrado-en-la-retencion-ilegal-y-hurto-de-tres-ciudadanos-en-huila\/judicial\/#primaryimage"},"thumbnailUrl":"https:\/\/i0.wp.com\/ciudadyregion.com.co\/wp-content\/uploads\/2025\/07\/2-100.jpg?fit=800%2C445&ssl=1","datePublished":"2025-07-04T09:59:14+00:00","dateModified":"2025-07-03T18:01:02+00:00","author":{"@id":"https:\/\/ciudadyregion.com.co\/#\/schema\/person\/04a4954373ebc4051f46e8c65ff78622"},"breadcrumb":{"@id":"https:\/\/ciudadyregion.com.co\/index.php\/a-la-carcel-patrullero-de-la-policia-nacional-que-estaria-involucrado-en-la-retencion-ilegal-y-hurto-de-tres-ciudadanos-en-huila\/judicial\/#breadcrumb"},"inLanguage":"es","potentialAction":[{"@type":"ReadAction","target":["https:\/\/ciudadyregion.com.co\/index.php\/a-la-carcel-patrullero-de-la-policia-nacional-que-estaria-involucrado-en-la-retencion-ilegal-y-hurto-de-tres-ciudadanos-en-huila\/judicial\/"]}]},{"@type":"ImageObject","inLanguage":"es","@id":"https:\/\/ciudadyregion.com.co\/index.php\/a-la-carcel-patrullero-de-la-policia-nacional-que-estaria-involucrado-en-la-retencion-ilegal-y-hurto-de-tres-ciudadanos-en-huila\/judicial\/#primaryimage","url":"https:\/\/i0.wp.com\/ciudadyregion.com.co\/wp-content\/uploads\/2025\/07\/2-100.jpg?fit=800%2C445&ssl=1","contentUrl":"https:\/\/i0.wp.com\/ciudadyregion.com.co\/wp-content\/uploads\/2025\/07\/2-100.jpg?fit=800%2C445&ssl=1","width":800,"height":445},{"@type":"BreadcrumbList","@id":"https:\/\/ciudadyregion.com.co\/index.php\/a-la-carcel-patrullero-de-la-policia-nacional-que-estaria-involucrado-en-la-retencion-ilegal-y-hurto-de-tres-ciudadanos-en-huila\/judicial\/#breadcrumb","itemListElement":[{"@type":"ListItem","position":1,"name":"Portada","item":"https:\/\/ciudadyregion.com.co\/"},{"@type":"ListItem","position":2,"name":"A la c\u00e1rcel patrullero de la Polic\u00eda Nacional que estar\u00eda involucrado en la retenci\u00f3n ilegal y hurto de tres ciudadanos en Huila"}]},{"@type":"WebSite","@id":"https:\/\/ciudadyregion.com.co\/#website","url":"https:\/\/ciudadyregion.com.co\/","name":"Ciudad y Region","description":"","potentialAction":[{"@type":"SearchAction","target":{"@type":"EntryPoint","urlTemplate":"https:\/\/ciudadyregion.com.co\/?s={search_term_string}"},"query-input":{"@type":"PropertyValueSpecification","valueRequired":true,"valueName":"search_term_string"}}],"inLanguage":"es"},{"@type":"Person","@id":"https:\/\/ciudadyregion.com.co\/#\/schema\/person\/04a4954373ebc4051f46e8c65ff78622","name":"David Andr\u00e9s Aguirre","image":{"@type":"ImageObject","inLanguage":"es","@id":"https:\/\/ciudadyregion.com.co\/#\/schema\/person\/image\/","url":"https:\/\/secure.gravatar.com\/avatar\/bc3c655860202182ee6d1b5edd042dbe?s=96&d=mm&r=g","contentUrl":"https:\/\/secure.gravatar.com\/avatar\/bc3c655860202182ee6d1b5edd042dbe?s=96&d=mm&r=g","caption":"David Andr\u00e9s Aguirre"},"url":"https:\/\/ciudadyregion.com.co\/index.php\/author\/diegoaguirre\/"}]}},"jetpack_featured_media_url":"https:\/\/i0.wp.com\/ciudadyregion.com.co\/wp-content\/uploads\/2025\/07\/2-100.jpg?fit=800%2C445&ssl=1","jetpack_sharing_enabled":true,"jetpack_shortlink":"https:\/\/wp.me\/pbS7hh-agp","jetpack-related-posts":[],"_links":{"self":[{"href":"https:\/\/ciudadyregion.com.co\/index.php\/wp-json\/wp\/v2\/posts\/39457"}],"collection":[{"href":"https:\/\/ciudadyregion.com.co\/index.php\/wp-json\/wp\/v2\/posts"}],"about":[{"href":"https:\/\/ciudadyregion.com.co\/index.php\/wp-json\/wp\/v2\/types\/post"}],"author":[{"embeddable":true,"href":"https:\/\/ciudadyregion.com.co\/index.php\/wp-json\/wp\/v2\/users\/2"}],"replies":[{"embeddable":true,"href":"https:\/\/ciudadyregion.com.co\/index.php\/wp-json\/wp\/v2\/comments?post=39457"}],"version-history":[{"count":1,"href":"https:\/\/ciudadyregion.com.co\/index.php\/wp-json\/wp\/v2\/posts\/39457\/revisions"}],"predecessor-version":[{"id":39459,"href":"https:\/\/ciudadyregion.com.co\/index.php\/wp-json\/wp\/v2\/posts\/39457\/revisions\/39459"}],"wp:featuredmedia":[{"embeddable":true,"href":"https:\/\/ciudadyregion.com.co\/index.php\/wp-json\/wp\/v2\/media\/39458"}],"wp:attachment":[{"href":"https:\/\/ciudadyregion.com.co\/index.php\/wp-json\/wp\/v2\/media?parent=39457"}],"wp:term":[{"taxonomy":"category","embeddable":true,"href":"https:\/\/ciudadyregion.com.co\/index.php\/wp-json\/wp\/v2\/categories?post=39457"},{"taxonomy":"post_tag","embeddable":true,"href":"https:\/\/ciudadyregion.com.co\/index.php\/wp-json\/wp\/v2\/tags?post=39457"}],"curies":[{"name":"wp","href":"https:\/\/api.w.org\/{rel}","templated":true}]}}