{"id":39454,"date":"2025-07-04T04:56:43","date_gmt":"2025-07-04T09:56:43","guid":{"rendered":"https:\/\/ciudadyregion.com.co\/?p=39454"},"modified":"2025-07-04T05:42:15","modified_gmt":"2025-07-04T10:42:15","slug":"logran-hallazgo-de-fosa-comun-en-la-que-se-encontraban-8-lideres-sociales-y-religiosos-en-guaviare","status":"publish","type":"post","link":"https:\/\/ciudadyregion.com.co\/index.php\/logran-hallazgo-de-fosa-comun-en-la-que-se-encontraban-8-lideres-sociales-y-religiosos-en-guaviare\/judicial\/","title":{"rendered":"Logran hallazgo de fosa com\u00fan en la que se encontraban 8 l\u00edderes sociales y religiosos en Guaviare"},"content":{"rendered":"<h4><strong><em>Estas personas habr\u00edan sido citadas por integrantes del frente Armando R\u00edos de las disidencias de las Farc por sospecha de la posible creaci\u00f3n de una c\u00e9lula del ELN en la zona.<\/em><\/strong><\/h4>\n<p>Con el acompa\u00f1amiento de la Fuerza de Despliegue R\u00e1pido # 11 del Ej\u00e9rcito Nacional, la Fiscal\u00eda General de la Naci\u00f3n recuper\u00f3 los cuerpos de ocho l\u00edderes sociales y religiosos hallados en una fosa com\u00fan en zona rural de Calamar (Guaviare).<\/p>\n<p>De acuerdo con el reconocimiento preliminar de los familiares, se trata de Jes\u00fas Valero, Carlos Valero, Marivel Silva, Isaid G\u00f3mez, Maryuri H\u00e9rnandez, \u00d3scar Hern\u00e1ndez, James Caicedo y Nixon Pe\u00f1aloza Chac\u00f3n.<\/p>\n<p>El hallazgo se origin\u00f3 en la activaci\u00f3n de mecanismos de b\u00fasqueda urgente el pasado mes de abril, ante la denuncia que dio cuenta de la citaci\u00f3n de estas personas por parte del frente primero \u2018Armando R\u00edos\u2019 de las disidencias de las FARC que operan en esa regi\u00f3n.<\/p>\n<p>La indagaci\u00f3n ha permitido establecer que el 4 abril de 2025, dos de las v\u00edctimas fueron citadas por integrantes del mencionado grupo armado y, tres d\u00edas despu\u00e9s, tambi\u00e9n fueron llamadas las seis personas restantes, con el fin de ser \u201cinterrogadas\u201d sobre la posible presencia o creaci\u00f3n de otro grupo delincuencial.<\/p>\n<p>D\u00edas despu\u00e9s, las ocho personas habr\u00edan sido trasladadas a un predio abandonado.<\/p>\n<p>Seg\u00fan la investigaci\u00f3n, los victimarios al parecer recibieron la orden desde el c\u00edrculo de confianza de alias Iv\u00e1n Mordisco para evitar la posible conformaci\u00f3n de una c\u00e9lula del ELN en la regi\u00f3n.<\/p>\n","protected":false},"excerpt":{"rendered":"<p>Estas personas habr\u00edan sido citadas por integrantes del frente Armando R\u00edos de las disidencias de las Farc por sospecha de la posible creaci\u00f3n de una c\u00e9lula del ELN en la zona. Con el acompa\u00f1amiento de la Fuerza de Despliegue R\u00e1pido # 11 del Ej\u00e9rcito Nacional, la Fiscal\u00eda General de la<span class=\"more-link\"><a href=\"https:\/\/ciudadyregion.com.co\/index.php\/logran-hallazgo-de-fosa-comun-en-la-que-se-encontraban-8-lideres-sociales-y-religiosos-en-guaviare\/judicial\/\">Continuar Leyendo<\/a><\/span><\/p>\n","protected":false},"author":2,"featured_media":39455,"comment_status":"open","ping_status":"open","sticky":false,"template":"","format":"standard","meta":{"_uf_show_specific_survey":0,"_uf_disable_surveys":false,"_jetpack_memberships_contains_paid_content":false,"footnotes":"","jetpack_publicize_message":"","jetpack_publicize_feature_enabled":true,"jetpack_social_post_already_shared":true,"jetpack_social_options":{"image_generator_settings":{"template":"highway","enabled":false},"version":2}},"categories":[18],"tags":[],"class_list":["entry","author-diegoaguirre","post-39454","post","type-post","status-publish","format-standard","has-post-thumbnail","category-judicial"],"jetpack_publicize_connections":[],"yoast_head":"<!-- This site is optimized with the Yoast SEO plugin v24.3 - https:\/\/yoast.com\/wordpress\/plugins\/seo\/ -->\n<title>Logran hallazgo de fosa com\u00fan en la que se encontraban 8 l\u00edderes sociales y religiosos en Guaviare - Ciudad y Region<\/title>\n<meta name=\"robots\" content=\"index, follow, max-snippet:-1, max-image-preview:large, max-video-preview:-1\" \/>\n<link rel=\"canonical\" href=\"https:\/\/ciudadyregion.com.co\/index.php\/logran-hallazgo-de-fosa-comun-en-la-que-se-encontraban-8-lideres-sociales-y-religiosos-en-guaviare\/judicial\/\" \/>\n<meta property=\"og:locale\" content=\"es_ES\" \/>\n<meta property=\"og:type\" content=\"article\" \/>\n<meta property=\"og:title\" content=\"Logran hallazgo de fosa com\u00fan en la que se encontraban 8 l\u00edderes sociales y religiosos en Guaviare - Ciudad y Region\" \/>\n<meta property=\"og:description\" content=\"Estas personas habr\u00edan sido citadas por integrantes del frente Armando R\u00edos de las disidencias de las Farc por sospecha de la posible creaci\u00f3n de una c\u00e9lula del ELN en la zona. Con el acompa\u00f1amiento de la Fuerza de Despliegue R\u00e1pido # 11 del Ej\u00e9rcito Nacional, la Fiscal\u00eda General de laContinuar Leyendo\" \/>\n<meta property=\"og:url\" content=\"https:\/\/ciudadyregion.com.co\/index.php\/logran-hallazgo-de-fosa-comun-en-la-que-se-encontraban-8-lideres-sociales-y-religiosos-en-guaviare\/judicial\/\" \/>\n<meta property=\"og:site_name\" content=\"Ciudad y Region\" \/>\n<meta property=\"article:published_time\" content=\"2025-07-04T09:56:43+00:00\" \/>\n<meta property=\"article:modified_time\" content=\"2025-07-04T10:42:15+00:00\" \/>\n<meta property=\"og:image\" content=\"https:\/\/ciudadyregion.com.co\/wp-content\/uploads\/2025\/07\/fosa-comun.jpg\" \/>\n\t<meta property=\"og:image:width\" content=\"800\" \/>\n\t<meta property=\"og:image:height\" content=\"445\" \/>\n\t<meta property=\"og:image:type\" content=\"image\/jpeg\" \/>\n<meta name=\"author\" content=\"David Andr\u00e9s Aguirre\" \/>\n<meta name=\"twitter:card\" content=\"summary_large_image\" \/>\n<meta name=\"twitter:label1\" content=\"Escrito por\" \/>\n\t<meta name=\"twitter:data1\" content=\"David Andr\u00e9s Aguirre\" \/>\n\t<meta name=\"twitter:label2\" content=\"Tiempo de lectura\" \/>\n\t<meta name=\"twitter:data2\" content=\"2 minutos\" \/>\n<script type=\"application\/ld+json\" class=\"yoast-schema-graph\">{\"@context\":\"https:\/\/schema.org\",\"@graph\":[{\"@type\":\"WebPage\",\"@id\":\"https:\/\/ciudadyregion.com.co\/index.php\/logran-hallazgo-de-fosa-comun-en-la-que-se-encontraban-8-lideres-sociales-y-religiosos-en-guaviare\/judicial\/\",\"url\":\"https:\/\/ciudadyregion.com.co\/index.php\/logran-hallazgo-de-fosa-comun-en-la-que-se-encontraban-8-lideres-sociales-y-religiosos-en-guaviare\/judicial\/\",\"name\":\"Logran hallazgo de fosa com\u00fan en la que se encontraban 8 l\u00edderes sociales y religiosos en Guaviare - Ciudad y Region\",\"isPartOf\":{\"@id\":\"https:\/\/ciudadyregion.com.co\/#website\"},\"primaryImageOfPage\":{\"@id\":\"https:\/\/ciudadyregion.com.co\/index.php\/logran-hallazgo-de-fosa-comun-en-la-que-se-encontraban-8-lideres-sociales-y-religiosos-en-guaviare\/judicial\/#primaryimage\"},\"image\":{\"@id\":\"https:\/\/ciudadyregion.com.co\/index.php\/logran-hallazgo-de-fosa-comun-en-la-que-se-encontraban-8-lideres-sociales-y-religiosos-en-guaviare\/judicial\/#primaryimage\"},\"thumbnailUrl\":\"https:\/\/i0.wp.com\/ciudadyregion.com.co\/wp-content\/uploads\/2025\/07\/fosa-comun.jpg?fit=800%2C445&ssl=1\",\"datePublished\":\"2025-07-04T09:56:43+00:00\",\"dateModified\":\"2025-07-04T10:42:15+00:00\",\"author\":{\"@id\":\"https:\/\/ciudadyregion.com.co\/#\/schema\/person\/04a4954373ebc4051f46e8c65ff78622\"},\"breadcrumb\":{\"@id\":\"https:\/\/ciudadyregion.com.co\/index.php\/logran-hallazgo-de-fosa-comun-en-la-que-se-encontraban-8-lideres-sociales-y-religiosos-en-guaviare\/judicial\/#breadcrumb\"},\"inLanguage\":\"es\",\"potentialAction\":[{\"@type\":\"ReadAction\",\"target\":[\"https:\/\/ciudadyregion.com.co\/index.php\/logran-hallazgo-de-fosa-comun-en-la-que-se-encontraban-8-lideres-sociales-y-religiosos-en-guaviare\/judicial\/\"]}]},{\"@type\":\"ImageObject\",\"inLanguage\":\"es\",\"@id\":\"https:\/\/ciudadyregion.com.co\/index.php\/logran-hallazgo-de-fosa-comun-en-la-que-se-encontraban-8-lideres-sociales-y-religiosos-en-guaviare\/judicial\/#primaryimage\",\"url\":\"https:\/\/i0.wp.com\/ciudadyregion.com.co\/wp-content\/uploads\/2025\/07\/fosa-comun.jpg?fit=800%2C445&ssl=1\",\"contentUrl\":\"https:\/\/i0.wp.com\/ciudadyregion.com.co\/wp-content\/uploads\/2025\/07\/fosa-comun.jpg?fit=800%2C445&ssl=1\",\"width\":800,\"height\":445},{\"@type\":\"BreadcrumbList\",\"@id\":\"https:\/\/ciudadyregion.com.co\/index.php\/logran-hallazgo-de-fosa-comun-en-la-que-se-encontraban-8-lideres-sociales-y-religiosos-en-guaviare\/judicial\/#breadcrumb\",\"itemListElement\":[{\"@type\":\"ListItem\",\"position\":1,\"name\":\"Portada\",\"item\":\"https:\/\/ciudadyregion.com.co\/\"},{\"@type\":\"ListItem\",\"position\":2,\"name\":\"Logran hallazgo de fosa com\u00fan en la que se encontraban 8 l\u00edderes sociales y religiosos en Guaviare\"}]},{\"@type\":\"WebSite\",\"@id\":\"https:\/\/ciudadyregion.com.co\/#website\",\"url\":\"https:\/\/ciudadyregion.com.co\/\",\"name\":\"Ciudad y Region\",\"description\":\"\",\"potentialAction\":[{\"@type\":\"SearchAction\",\"target\":{\"@type\":\"EntryPoint\",\"urlTemplate\":\"https:\/\/ciudadyregion.com.co\/?s={search_term_string}\"},\"query-input\":{\"@type\":\"PropertyValueSpecification\",\"valueRequired\":true,\"valueName\":\"search_term_string\"}}],\"inLanguage\":\"es\"},{\"@type\":\"Person\",\"@id\":\"https:\/\/ciudadyregion.com.co\/#\/schema\/person\/04a4954373ebc4051f46e8c65ff78622\",\"name\":\"David Andr\u00e9s Aguirre\",\"image\":{\"@type\":\"ImageObject\",\"inLanguage\":\"es\",\"@id\":\"https:\/\/ciudadyregion.com.co\/#\/schema\/person\/image\/\",\"url\":\"https:\/\/secure.gravatar.com\/avatar\/bc3c655860202182ee6d1b5edd042dbe?s=96&d=mm&r=g\",\"contentUrl\":\"https:\/\/secure.gravatar.com\/avatar\/bc3c655860202182ee6d1b5edd042dbe?s=96&d=mm&r=g\",\"caption\":\"David Andr\u00e9s Aguirre\"},\"url\":\"https:\/\/ciudadyregion.com.co\/index.php\/author\/diegoaguirre\/\"}]}<\/script>\n<!-- \/ Yoast SEO plugin. -->","yoast_head_json":{"title":"Logran hallazgo de fosa com\u00fan en la que se encontraban 8 l\u00edderes sociales y religiosos en Guaviare - Ciudad y Region","robots":{"index":"index","follow":"follow","max-snippet":"max-snippet:-1","max-image-preview":"max-image-preview:large","max-video-preview":"max-video-preview:-1"},"canonical":"https:\/\/ciudadyregion.com.co\/index.php\/logran-hallazgo-de-fosa-comun-en-la-que-se-encontraban-8-lideres-sociales-y-religiosos-en-guaviare\/judicial\/","og_locale":"es_ES","og_type":"article","og_title":"Logran hallazgo de fosa com\u00fan en la que se encontraban 8 l\u00edderes sociales y religiosos en Guaviare - Ciudad y Region","og_description":"Estas personas habr\u00edan sido citadas por integrantes del frente Armando R\u00edos de las disidencias de las Farc por sospecha de la posible creaci\u00f3n de una c\u00e9lula del ELN en la zona. Con el acompa\u00f1amiento de la Fuerza de Despliegue R\u00e1pido # 11 del Ej\u00e9rcito Nacional, la Fiscal\u00eda General de laContinuar Leyendo","og_url":"https:\/\/ciudadyregion.com.co\/index.php\/logran-hallazgo-de-fosa-comun-en-la-que-se-encontraban-8-lideres-sociales-y-religiosos-en-guaviare\/judicial\/","og_site_name":"Ciudad y Region","article_published_time":"2025-07-04T09:56:43+00:00","article_modified_time":"2025-07-04T10:42:15+00:00","og_image":[{"width":800,"height":445,"url":"https:\/\/ciudadyregion.com.co\/wp-content\/uploads\/2025\/07\/fosa-comun.jpg","type":"image\/jpeg"}],"author":"David Andr\u00e9s Aguirre","twitter_card":"summary_large_image","twitter_misc":{"Escrito por":"David Andr\u00e9s Aguirre","Tiempo de lectura":"2 minutos"},"schema":{"@context":"https:\/\/schema.org","@graph":[{"@type":"WebPage","@id":"https:\/\/ciudadyregion.com.co\/index.php\/logran-hallazgo-de-fosa-comun-en-la-que-se-encontraban-8-lideres-sociales-y-religiosos-en-guaviare\/judicial\/","url":"https:\/\/ciudadyregion.com.co\/index.php\/logran-hallazgo-de-fosa-comun-en-la-que-se-encontraban-8-lideres-sociales-y-religiosos-en-guaviare\/judicial\/","name":"Logran hallazgo de fosa com\u00fan en la que se encontraban 8 l\u00edderes sociales y religiosos en Guaviare - Ciudad y Region","isPartOf":{"@id":"https:\/\/ciudadyregion.com.co\/#website"},"primaryImageOfPage":{"@id":"https:\/\/ciudadyregion.com.co\/index.php\/logran-hallazgo-de-fosa-comun-en-la-que-se-encontraban-8-lideres-sociales-y-religiosos-en-guaviare\/judicial\/#primaryimage"},"image":{"@id":"https:\/\/ciudadyregion.com.co\/index.php\/logran-hallazgo-de-fosa-comun-en-la-que-se-encontraban-8-lideres-sociales-y-religiosos-en-guaviare\/judicial\/#primaryimage"},"thumbnailUrl":"https:\/\/i0.wp.com\/ciudadyregion.com.co\/wp-content\/uploads\/2025\/07\/fosa-comun.jpg?fit=800%2C445&ssl=1","datePublished":"2025-07-04T09:56:43+00:00","dateModified":"2025-07-04T10:42:15+00:00","author":{"@id":"https:\/\/ciudadyregion.com.co\/#\/schema\/person\/04a4954373ebc4051f46e8c65ff78622"},"breadcrumb":{"@id":"https:\/\/ciudadyregion.com.co\/index.php\/logran-hallazgo-de-fosa-comun-en-la-que-se-encontraban-8-lideres-sociales-y-religiosos-en-guaviare\/judicial\/#breadcrumb"},"inLanguage":"es","potentialAction":[{"@type":"ReadAction","target":["https:\/\/ciudadyregion.com.co\/index.php\/logran-hallazgo-de-fosa-comun-en-la-que-se-encontraban-8-lideres-sociales-y-religiosos-en-guaviare\/judicial\/"]}]},{"@type":"ImageObject","inLanguage":"es","@id":"https:\/\/ciudadyregion.com.co\/index.php\/logran-hallazgo-de-fosa-comun-en-la-que-se-encontraban-8-lideres-sociales-y-religiosos-en-guaviare\/judicial\/#primaryimage","url":"https:\/\/i0.wp.com\/ciudadyregion.com.co\/wp-content\/uploads\/2025\/07\/fosa-comun.jpg?fit=800%2C445&ssl=1","contentUrl":"https:\/\/i0.wp.com\/ciudadyregion.com.co\/wp-content\/uploads\/2025\/07\/fosa-comun.jpg?fit=800%2C445&ssl=1","width":800,"height":445},{"@type":"BreadcrumbList","@id":"https:\/\/ciudadyregion.com.co\/index.php\/logran-hallazgo-de-fosa-comun-en-la-que-se-encontraban-8-lideres-sociales-y-religiosos-en-guaviare\/judicial\/#breadcrumb","itemListElement":[{"@type":"ListItem","position":1,"name":"Portada","item":"https:\/\/ciudadyregion.com.co\/"},{"@type":"ListItem","position":2,"name":"Logran hallazgo de fosa com\u00fan en la que se encontraban 8 l\u00edderes sociales y religiosos en Guaviare"}]},{"@type":"WebSite","@id":"https:\/\/ciudadyregion.com.co\/#website","url":"https:\/\/ciudadyregion.com.co\/","name":"Ciudad y Region","description":"","potentialAction":[{"@type":"SearchAction","target":{"@type":"EntryPoint","urlTemplate":"https:\/\/ciudadyregion.com.co\/?s={search_term_string}"},"query-input":{"@type":"PropertyValueSpecification","valueRequired":true,"valueName":"search_term_string"}}],"inLanguage":"es"},{"@type":"Person","@id":"https:\/\/ciudadyregion.com.co\/#\/schema\/person\/04a4954373ebc4051f46e8c65ff78622","name":"David Andr\u00e9s Aguirre","image":{"@type":"ImageObject","inLanguage":"es","@id":"https:\/\/ciudadyregion.com.co\/#\/schema\/person\/image\/","url":"https:\/\/secure.gravatar.com\/avatar\/bc3c655860202182ee6d1b5edd042dbe?s=96&d=mm&r=g","contentUrl":"https:\/\/secure.gravatar.com\/avatar\/bc3c655860202182ee6d1b5edd042dbe?s=96&d=mm&r=g","caption":"David Andr\u00e9s Aguirre"},"url":"https:\/\/ciudadyregion.com.co\/index.php\/author\/diegoaguirre\/"}]}},"jetpack_featured_media_url":"https:\/\/i0.wp.com\/ciudadyregion.com.co\/wp-content\/uploads\/2025\/07\/fosa-comun.jpg?fit=800%2C445&ssl=1","jetpack_sharing_enabled":true,"jetpack_shortlink":"https:\/\/wp.me\/pbS7hh-agm","jetpack-related-posts":[],"_links":{"self":[{"href":"https:\/\/ciudadyregion.com.co\/index.php\/wp-json\/wp\/v2\/posts\/39454"}],"collection":[{"href":"https:\/\/ciudadyregion.com.co\/index.php\/wp-json\/wp\/v2\/posts"}],"about":[{"href":"https:\/\/ciudadyregion.com.co\/index.php\/wp-json\/wp\/v2\/types\/post"}],"author":[{"embeddable":true,"href":"https:\/\/ciudadyregion.com.co\/index.php\/wp-json\/wp\/v2\/users\/2"}],"replies":[{"embeddable":true,"href":"https:\/\/ciudadyregion.com.co\/index.php\/wp-json\/wp\/v2\/comments?post=39454"}],"version-history":[{"count":1,"href":"https:\/\/ciudadyregion.com.co\/index.php\/wp-json\/wp\/v2\/posts\/39454\/revisions"}],"predecessor-version":[{"id":39456,"href":"https:\/\/ciudadyregion.com.co\/index.php\/wp-json\/wp\/v2\/posts\/39454\/revisions\/39456"}],"wp:featuredmedia":[{"embeddable":true,"href":"https:\/\/ciudadyregion.com.co\/index.php\/wp-json\/wp\/v2\/media\/39455"}],"wp:attachment":[{"href":"https:\/\/ciudadyregion.com.co\/index.php\/wp-json\/wp\/v2\/media?parent=39454"}],"wp:term":[{"taxonomy":"category","embeddable":true,"href":"https:\/\/ciudadyregion.com.co\/index.php\/wp-json\/wp\/v2\/categories?post=39454"},{"taxonomy":"post_tag","embeddable":true,"href":"https:\/\/ciudadyregion.com.co\/index.php\/wp-json\/wp\/v2\/tags?post=39454"}],"curies":[{"name":"wp","href":"https:\/\/api.w.org\/{rel}","templated":true}]}}