{"id":39452,"date":"2025-07-04T04:52:57","date_gmt":"2025-07-04T09:52:57","guid":{"rendered":"https:\/\/ciudadyregion.com.co\/?p=39452"},"modified":"2025-07-03T12:53:25","modified_gmt":"2025-07-03T17:53:25","slug":"a-la-carcel-tres-hombres-que-contaminaban-con-cocaina-los-sistemas-de-refrigeracion-de-los-contenedores-de-santa-marta-con-destino-a-belgica","status":"publish","type":"post","link":"https:\/\/ciudadyregion.com.co\/index.php\/a-la-carcel-tres-hombres-que-contaminaban-con-cocaina-los-sistemas-de-refrigeracion-de-los-contenedores-de-santa-marta-con-destino-a-belgica\/judicial\/","title":{"rendered":"A la c\u00e1rcel tres hombres que contaminaban con coca\u00edna los sistemas de refrigeraci\u00f3n de los contenedores de Santa Marta con destino a Belgica"},"content":{"rendered":"<h4><em><strong>Los capturados aprovechaban ser encargados del sistema climatizado para ocultar paquetes con narc\u00f3ticos.<\/strong><\/em><\/h4>\n<p>Un fiscal de la Direcci\u00f3n Especializada contra el Narcotr\u00e1fico present\u00f3 ante un juez con funci\u00f3n de control de garant\u00edas a tres presuntos integrantes de una\u00a0red trasnacional de tr\u00e1fico de estupefacientes con destino a B\u00e9lgica.<\/p>\n<p>Se trata de Kevin Dami\u00e1n Aguilar De La Cruz, \u00d3scar Miguel Tapia Duarte, y Ray Andr\u00e9s Ureche Cabarcas, a quienes se les imput\u00f3 el\u00a0delito de tr\u00e1fico, fabricaci\u00f3n o porte de estupefacientes; cargos que no fueron aceptados.<\/p>\n<p>De acuerdo con la investigaci\u00f3n adelantada por la Fiscal\u00eda, los procesados eran los\u00a0encargados de modificar los sistemas de refrigeraci\u00f3n de los contenedores que ten\u00edan como destino la ciudad Amb\u00e9rez (B\u00e9lgica). Los estupefacientes se ocultaban en el compartimiento de enfriamiento.<\/p>\n<p>Por lo anterior, un juez con funci\u00f3n de control de garant\u00edas les impuso a los hoy imputados\u00a0medida de aseguramiento privativa de la libertad.<\/p>\n<p>Cabe se\u00f1alar que las capturas se dieron en una flagrancia en la sociedad portuaria de Santa Marta en una acci\u00f3n articulada con la Direcci\u00f3n Antinarc\u00f3ticos de la Polic\u00eda Nacional. En el procedimiento\u00a0fueron incautados 54,052 kilogramos de clorhidrato de coca\u00edna contenidos en 65 paquetes rectangulares.<\/p>\n<p>&nbsp;<\/p>\n","protected":false},"excerpt":{"rendered":"<p>Los capturados aprovechaban ser encargados del sistema climatizado para ocultar paquetes con narc\u00f3ticos. Un fiscal de la Direcci\u00f3n Especializada contra el Narcotr\u00e1fico present\u00f3 ante un juez con funci\u00f3n de control de garant\u00edas a tres presuntos integrantes de una\u00a0red trasnacional de tr\u00e1fico de estupefacientes con destino a B\u00e9lgica. Se trata de<span class=\"more-link\"><a href=\"https:\/\/ciudadyregion.com.co\/index.php\/a-la-carcel-tres-hombres-que-contaminaban-con-cocaina-los-sistemas-de-refrigeracion-de-los-contenedores-de-santa-marta-con-destino-a-belgica\/judicial\/\">Continuar Leyendo<\/a><\/span><\/p>\n","protected":false},"author":2,"featured_media":23838,"comment_status":"open","ping_status":"open","sticky":false,"template":"","format":"standard","meta":{"_uf_show_specific_survey":0,"_uf_disable_surveys":false,"_jetpack_memberships_contains_paid_content":false,"footnotes":"","jetpack_publicize_message":"","jetpack_publicize_feature_enabled":true,"jetpack_social_post_already_shared":true,"jetpack_social_options":{"image_generator_settings":{"template":"highway","enabled":false},"version":2}},"categories":[18],"tags":[],"class_list":["entry","author-diegoaguirre","post-39452","post","type-post","status-publish","format-standard","has-post-thumbnail","category-judicial"],"jetpack_publicize_connections":[],"yoast_head":"<!-- This site is optimized with the Yoast SEO plugin v24.3 - https:\/\/yoast.com\/wordpress\/plugins\/seo\/ -->\n<title>A la c\u00e1rcel tres hombres que contaminaban con coca\u00edna los sistemas de refrigeraci\u00f3n de los contenedores de Santa Marta con destino a Belgica - Ciudad y Region<\/title>\n<meta name=\"robots\" content=\"index, follow, max-snippet:-1, max-image-preview:large, max-video-preview:-1\" \/>\n<link rel=\"canonical\" href=\"https:\/\/ciudadyregion.com.co\/index.php\/a-la-carcel-tres-hombres-que-contaminaban-con-cocaina-los-sistemas-de-refrigeracion-de-los-contenedores-de-santa-marta-con-destino-a-belgica\/judicial\/\" \/>\n<meta property=\"og:locale\" content=\"es_ES\" \/>\n<meta property=\"og:type\" content=\"article\" \/>\n<meta property=\"og:title\" content=\"A la c\u00e1rcel tres hombres que contaminaban con coca\u00edna los sistemas de refrigeraci\u00f3n de los contenedores de Santa Marta con destino a Belgica - Ciudad y Region\" \/>\n<meta property=\"og:description\" content=\"Los capturados aprovechaban ser encargados del sistema climatizado para ocultar paquetes con narc\u00f3ticos. Un fiscal de la Direcci\u00f3n Especializada contra el Narcotr\u00e1fico present\u00f3 ante un juez con funci\u00f3n de control de garant\u00edas a tres presuntos integrantes de una\u00a0red trasnacional de tr\u00e1fico de estupefacientes con destino a B\u00e9lgica. Se trata deContinuar Leyendo\" \/>\n<meta property=\"og:url\" content=\"https:\/\/ciudadyregion.com.co\/index.php\/a-la-carcel-tres-hombres-que-contaminaban-con-cocaina-los-sistemas-de-refrigeracion-de-los-contenedores-de-santa-marta-con-destino-a-belgica\/judicial\/\" \/>\n<meta property=\"og:site_name\" content=\"Ciudad y Region\" \/>\n<meta property=\"article:published_time\" content=\"2025-07-04T09:52:57+00:00\" \/>\n<meta property=\"article:modified_time\" content=\"2025-07-03T17:53:25+00:00\" \/>\n<meta property=\"og:image\" content=\"https:\/\/i0.wp.com\/ciudadyregion.com.co\/wp-content\/uploads\/2024\/10\/2-carcel.jpg?fit=800%2C445&ssl=1\" \/>\n\t<meta property=\"og:image:width\" content=\"800\" \/>\n\t<meta property=\"og:image:height\" content=\"445\" \/>\n\t<meta property=\"og:image:type\" content=\"image\/jpeg\" \/>\n<meta name=\"author\" content=\"David Andr\u00e9s Aguirre\" \/>\n<meta name=\"twitter:card\" content=\"summary_large_image\" \/>\n<meta name=\"twitter:label1\" content=\"Escrito por\" \/>\n\t<meta name=\"twitter:data1\" content=\"David Andr\u00e9s Aguirre\" \/>\n\t<meta name=\"twitter:label2\" content=\"Tiempo de lectura\" \/>\n\t<meta name=\"twitter:data2\" content=\"2 minutos\" \/>\n<script type=\"application\/ld+json\" class=\"yoast-schema-graph\">{\"@context\":\"https:\/\/schema.org\",\"@graph\":[{\"@type\":\"WebPage\",\"@id\":\"https:\/\/ciudadyregion.com.co\/index.php\/a-la-carcel-tres-hombres-que-contaminaban-con-cocaina-los-sistemas-de-refrigeracion-de-los-contenedores-de-santa-marta-con-destino-a-belgica\/judicial\/\",\"url\":\"https:\/\/ciudadyregion.com.co\/index.php\/a-la-carcel-tres-hombres-que-contaminaban-con-cocaina-los-sistemas-de-refrigeracion-de-los-contenedores-de-santa-marta-con-destino-a-belgica\/judicial\/\",\"name\":\"A la c\u00e1rcel tres hombres que contaminaban con coca\u00edna los sistemas de refrigeraci\u00f3n de los contenedores de Santa Marta con destino a Belgica - Ciudad y Region\",\"isPartOf\":{\"@id\":\"https:\/\/ciudadyregion.com.co\/#website\"},\"primaryImageOfPage\":{\"@id\":\"https:\/\/ciudadyregion.com.co\/index.php\/a-la-carcel-tres-hombres-que-contaminaban-con-cocaina-los-sistemas-de-refrigeracion-de-los-contenedores-de-santa-marta-con-destino-a-belgica\/judicial\/#primaryimage\"},\"image\":{\"@id\":\"https:\/\/ciudadyregion.com.co\/index.php\/a-la-carcel-tres-hombres-que-contaminaban-con-cocaina-los-sistemas-de-refrigeracion-de-los-contenedores-de-santa-marta-con-destino-a-belgica\/judicial\/#primaryimage\"},\"thumbnailUrl\":\"https:\/\/i0.wp.com\/ciudadyregion.com.co\/wp-content\/uploads\/2024\/10\/2-carcel.jpg?fit=800%2C445&ssl=1\",\"datePublished\":\"2025-07-04T09:52:57+00:00\",\"dateModified\":\"2025-07-03T17:53:25+00:00\",\"author\":{\"@id\":\"https:\/\/ciudadyregion.com.co\/#\/schema\/person\/04a4954373ebc4051f46e8c65ff78622\"},\"breadcrumb\":{\"@id\":\"https:\/\/ciudadyregion.com.co\/index.php\/a-la-carcel-tres-hombres-que-contaminaban-con-cocaina-los-sistemas-de-refrigeracion-de-los-contenedores-de-santa-marta-con-destino-a-belgica\/judicial\/#breadcrumb\"},\"inLanguage\":\"es\",\"potentialAction\":[{\"@type\":\"ReadAction\",\"target\":[\"https:\/\/ciudadyregion.com.co\/index.php\/a-la-carcel-tres-hombres-que-contaminaban-con-cocaina-los-sistemas-de-refrigeracion-de-los-contenedores-de-santa-marta-con-destino-a-belgica\/judicial\/\"]}]},{\"@type\":\"ImageObject\",\"inLanguage\":\"es\",\"@id\":\"https:\/\/ciudadyregion.com.co\/index.php\/a-la-carcel-tres-hombres-que-contaminaban-con-cocaina-los-sistemas-de-refrigeracion-de-los-contenedores-de-santa-marta-con-destino-a-belgica\/judicial\/#primaryimage\",\"url\":\"https:\/\/i0.wp.com\/ciudadyregion.com.co\/wp-content\/uploads\/2024\/10\/2-carcel.jpg?fit=800%2C445&ssl=1\",\"contentUrl\":\"https:\/\/i0.wp.com\/ciudadyregion.com.co\/wp-content\/uploads\/2024\/10\/2-carcel.jpg?fit=800%2C445&ssl=1\",\"width\":800,\"height\":445},{\"@type\":\"BreadcrumbList\",\"@id\":\"https:\/\/ciudadyregion.com.co\/index.php\/a-la-carcel-tres-hombres-que-contaminaban-con-cocaina-los-sistemas-de-refrigeracion-de-los-contenedores-de-santa-marta-con-destino-a-belgica\/judicial\/#breadcrumb\",\"itemListElement\":[{\"@type\":\"ListItem\",\"position\":1,\"name\":\"Portada\",\"item\":\"https:\/\/ciudadyregion.com.co\/\"},{\"@type\":\"ListItem\",\"position\":2,\"name\":\"A la c\u00e1rcel tres hombres que contaminaban con coca\u00edna los sistemas de refrigeraci\u00f3n de los contenedores de Santa Marta con destino a Belgica\"}]},{\"@type\":\"WebSite\",\"@id\":\"https:\/\/ciudadyregion.com.co\/#website\",\"url\":\"https:\/\/ciudadyregion.com.co\/\",\"name\":\"Ciudad y Region\",\"description\":\"\",\"potentialAction\":[{\"@type\":\"SearchAction\",\"target\":{\"@type\":\"EntryPoint\",\"urlTemplate\":\"https:\/\/ciudadyregion.com.co\/?s={search_term_string}\"},\"query-input\":{\"@type\":\"PropertyValueSpecification\",\"valueRequired\":true,\"valueName\":\"search_term_string\"}}],\"inLanguage\":\"es\"},{\"@type\":\"Person\",\"@id\":\"https:\/\/ciudadyregion.com.co\/#\/schema\/person\/04a4954373ebc4051f46e8c65ff78622\",\"name\":\"David Andr\u00e9s Aguirre\",\"image\":{\"@type\":\"ImageObject\",\"inLanguage\":\"es\",\"@id\":\"https:\/\/ciudadyregion.com.co\/#\/schema\/person\/image\/\",\"url\":\"https:\/\/secure.gravatar.com\/avatar\/bc3c655860202182ee6d1b5edd042dbe?s=96&d=mm&r=g\",\"contentUrl\":\"https:\/\/secure.gravatar.com\/avatar\/bc3c655860202182ee6d1b5edd042dbe?s=96&d=mm&r=g\",\"caption\":\"David Andr\u00e9s Aguirre\"},\"url\":\"https:\/\/ciudadyregion.com.co\/index.php\/author\/diegoaguirre\/\"}]}<\/script>\n<!-- \/ Yoast SEO plugin. -->","yoast_head_json":{"title":"A la c\u00e1rcel tres hombres que contaminaban con coca\u00edna los sistemas de refrigeraci\u00f3n de los contenedores de Santa Marta con destino a Belgica - Ciudad y Region","robots":{"index":"index","follow":"follow","max-snippet":"max-snippet:-1","max-image-preview":"max-image-preview:large","max-video-preview":"max-video-preview:-1"},"canonical":"https:\/\/ciudadyregion.com.co\/index.php\/a-la-carcel-tres-hombres-que-contaminaban-con-cocaina-los-sistemas-de-refrigeracion-de-los-contenedores-de-santa-marta-con-destino-a-belgica\/judicial\/","og_locale":"es_ES","og_type":"article","og_title":"A la c\u00e1rcel tres hombres que contaminaban con coca\u00edna los sistemas de refrigeraci\u00f3n de los contenedores de Santa Marta con destino a Belgica - Ciudad y Region","og_description":"Los capturados aprovechaban ser encargados del sistema climatizado para ocultar paquetes con narc\u00f3ticos. Un fiscal de la Direcci\u00f3n Especializada contra el Narcotr\u00e1fico present\u00f3 ante un juez con funci\u00f3n de control de garant\u00edas a tres presuntos integrantes de una\u00a0red trasnacional de tr\u00e1fico de estupefacientes con destino a B\u00e9lgica. Se trata deContinuar Leyendo","og_url":"https:\/\/ciudadyregion.com.co\/index.php\/a-la-carcel-tres-hombres-que-contaminaban-con-cocaina-los-sistemas-de-refrigeracion-de-los-contenedores-de-santa-marta-con-destino-a-belgica\/judicial\/","og_site_name":"Ciudad y Region","article_published_time":"2025-07-04T09:52:57+00:00","article_modified_time":"2025-07-03T17:53:25+00:00","og_image":[{"width":800,"height":445,"url":"https:\/\/i0.wp.com\/ciudadyregion.com.co\/wp-content\/uploads\/2024\/10\/2-carcel.jpg?fit=800%2C445&ssl=1","type":"image\/jpeg"}],"author":"David Andr\u00e9s Aguirre","twitter_card":"summary_large_image","twitter_misc":{"Escrito por":"David Andr\u00e9s Aguirre","Tiempo de lectura":"2 minutos"},"schema":{"@context":"https:\/\/schema.org","@graph":[{"@type":"WebPage","@id":"https:\/\/ciudadyregion.com.co\/index.php\/a-la-carcel-tres-hombres-que-contaminaban-con-cocaina-los-sistemas-de-refrigeracion-de-los-contenedores-de-santa-marta-con-destino-a-belgica\/judicial\/","url":"https:\/\/ciudadyregion.com.co\/index.php\/a-la-carcel-tres-hombres-que-contaminaban-con-cocaina-los-sistemas-de-refrigeracion-de-los-contenedores-de-santa-marta-con-destino-a-belgica\/judicial\/","name":"A la c\u00e1rcel tres hombres que contaminaban con coca\u00edna los sistemas de refrigeraci\u00f3n de los contenedores de Santa Marta con destino a Belgica - Ciudad y Region","isPartOf":{"@id":"https:\/\/ciudadyregion.com.co\/#website"},"primaryImageOfPage":{"@id":"https:\/\/ciudadyregion.com.co\/index.php\/a-la-carcel-tres-hombres-que-contaminaban-con-cocaina-los-sistemas-de-refrigeracion-de-los-contenedores-de-santa-marta-con-destino-a-belgica\/judicial\/#primaryimage"},"image":{"@id":"https:\/\/ciudadyregion.com.co\/index.php\/a-la-carcel-tres-hombres-que-contaminaban-con-cocaina-los-sistemas-de-refrigeracion-de-los-contenedores-de-santa-marta-con-destino-a-belgica\/judicial\/#primaryimage"},"thumbnailUrl":"https:\/\/i0.wp.com\/ciudadyregion.com.co\/wp-content\/uploads\/2024\/10\/2-carcel.jpg?fit=800%2C445&ssl=1","datePublished":"2025-07-04T09:52:57+00:00","dateModified":"2025-07-03T17:53:25+00:00","author":{"@id":"https:\/\/ciudadyregion.com.co\/#\/schema\/person\/04a4954373ebc4051f46e8c65ff78622"},"breadcrumb":{"@id":"https:\/\/ciudadyregion.com.co\/index.php\/a-la-carcel-tres-hombres-que-contaminaban-con-cocaina-los-sistemas-de-refrigeracion-de-los-contenedores-de-santa-marta-con-destino-a-belgica\/judicial\/#breadcrumb"},"inLanguage":"es","potentialAction":[{"@type":"ReadAction","target":["https:\/\/ciudadyregion.com.co\/index.php\/a-la-carcel-tres-hombres-que-contaminaban-con-cocaina-los-sistemas-de-refrigeracion-de-los-contenedores-de-santa-marta-con-destino-a-belgica\/judicial\/"]}]},{"@type":"ImageObject","inLanguage":"es","@id":"https:\/\/ciudadyregion.com.co\/index.php\/a-la-carcel-tres-hombres-que-contaminaban-con-cocaina-los-sistemas-de-refrigeracion-de-los-contenedores-de-santa-marta-con-destino-a-belgica\/judicial\/#primaryimage","url":"https:\/\/i0.wp.com\/ciudadyregion.com.co\/wp-content\/uploads\/2024\/10\/2-carcel.jpg?fit=800%2C445&ssl=1","contentUrl":"https:\/\/i0.wp.com\/ciudadyregion.com.co\/wp-content\/uploads\/2024\/10\/2-carcel.jpg?fit=800%2C445&ssl=1","width":800,"height":445},{"@type":"BreadcrumbList","@id":"https:\/\/ciudadyregion.com.co\/index.php\/a-la-carcel-tres-hombres-que-contaminaban-con-cocaina-los-sistemas-de-refrigeracion-de-los-contenedores-de-santa-marta-con-destino-a-belgica\/judicial\/#breadcrumb","itemListElement":[{"@type":"ListItem","position":1,"name":"Portada","item":"https:\/\/ciudadyregion.com.co\/"},{"@type":"ListItem","position":2,"name":"A la c\u00e1rcel tres hombres que contaminaban con coca\u00edna los sistemas de refrigeraci\u00f3n de los contenedores de Santa Marta con destino a Belgica"}]},{"@type":"WebSite","@id":"https:\/\/ciudadyregion.com.co\/#website","url":"https:\/\/ciudadyregion.com.co\/","name":"Ciudad y Region","description":"","potentialAction":[{"@type":"SearchAction","target":{"@type":"EntryPoint","urlTemplate":"https:\/\/ciudadyregion.com.co\/?s={search_term_string}"},"query-input":{"@type":"PropertyValueSpecification","valueRequired":true,"valueName":"search_term_string"}}],"inLanguage":"es"},{"@type":"Person","@id":"https:\/\/ciudadyregion.com.co\/#\/schema\/person\/04a4954373ebc4051f46e8c65ff78622","name":"David Andr\u00e9s Aguirre","image":{"@type":"ImageObject","inLanguage":"es","@id":"https:\/\/ciudadyregion.com.co\/#\/schema\/person\/image\/","url":"https:\/\/secure.gravatar.com\/avatar\/bc3c655860202182ee6d1b5edd042dbe?s=96&d=mm&r=g","contentUrl":"https:\/\/secure.gravatar.com\/avatar\/bc3c655860202182ee6d1b5edd042dbe?s=96&d=mm&r=g","caption":"David Andr\u00e9s Aguirre"},"url":"https:\/\/ciudadyregion.com.co\/index.php\/author\/diegoaguirre\/"}]}},"jetpack_featured_media_url":"https:\/\/i0.wp.com\/ciudadyregion.com.co\/wp-content\/uploads\/2024\/10\/2-carcel.jpg?fit=800%2C445&ssl=1","jetpack_sharing_enabled":true,"jetpack_shortlink":"https:\/\/wp.me\/pbS7hh-agk","jetpack-related-posts":[],"_links":{"self":[{"href":"https:\/\/ciudadyregion.com.co\/index.php\/wp-json\/wp\/v2\/posts\/39452"}],"collection":[{"href":"https:\/\/ciudadyregion.com.co\/index.php\/wp-json\/wp\/v2\/posts"}],"about":[{"href":"https:\/\/ciudadyregion.com.co\/index.php\/wp-json\/wp\/v2\/types\/post"}],"author":[{"embeddable":true,"href":"https:\/\/ciudadyregion.com.co\/index.php\/wp-json\/wp\/v2\/users\/2"}],"replies":[{"embeddable":true,"href":"https:\/\/ciudadyregion.com.co\/index.php\/wp-json\/wp\/v2\/comments?post=39452"}],"version-history":[{"count":1,"href":"https:\/\/ciudadyregion.com.co\/index.php\/wp-json\/wp\/v2\/posts\/39452\/revisions"}],"predecessor-version":[{"id":39453,"href":"https:\/\/ciudadyregion.com.co\/index.php\/wp-json\/wp\/v2\/posts\/39452\/revisions\/39453"}],"wp:featuredmedia":[{"embeddable":true,"href":"https:\/\/ciudadyregion.com.co\/index.php\/wp-json\/wp\/v2\/media\/23838"}],"wp:attachment":[{"href":"https:\/\/ciudadyregion.com.co\/index.php\/wp-json\/wp\/v2\/media?parent=39452"}],"wp:term":[{"taxonomy":"category","embeddable":true,"href":"https:\/\/ciudadyregion.com.co\/index.php\/wp-json\/wp\/v2\/categories?post=39452"},{"taxonomy":"post_tag","embeddable":true,"href":"https:\/\/ciudadyregion.com.co\/index.php\/wp-json\/wp\/v2\/tags?post=39452"}],"curies":[{"name":"wp","href":"https:\/\/api.w.org\/{rel}","templated":true}]}}