{"id":39449,"date":"2025-07-04T04:50:18","date_gmt":"2025-07-04T09:50:18","guid":{"rendered":"https:\/\/ciudadyregion.com.co\/?p=39449"},"modified":"2025-07-03T12:50:47","modified_gmt":"2025-07-03T17:50:47","slug":"judicializados-responsables-de-transportar-mas-de-1-300-kilos-de-carbon-vegetal-ilegalmente","status":"publish","type":"post","link":"https:\/\/ciudadyregion.com.co\/index.php\/judicializados-responsables-de-transportar-mas-de-1-300-kilos-de-carbon-vegetal-ilegalmente\/judicial\/","title":{"rendered":"Judicializados responsables de transportar m\u00e1s de 1.300 kilos de carb\u00f3n vegetal ilegalmente"},"content":{"rendered":"<p>La Fiscal\u00eda General de la Naci\u00f3n judicializ\u00f3 a Luis David Reyes Salas y Jos\u00e9 Luis Albarrac\u00edn Rodr\u00edguez, quienes habr\u00eda sido sorprendidos en el momento que transportaban 1.380 kilogramos de carb\u00f3n vegetal, en el sector de Brice\u00f1o, en la v\u00eda Zipaquir\u00e1 (Cundinamarca), sin la documentaci\u00f3n legal que acreditara su procedencia.<\/p>\n<p>En este sentido, un fiscal seccional les imput\u00f3 el delito de aprovechamiento il\u00edcito de los recursos naturales renovables. Los cargos no fueron aceptados por los procesados.<\/p>\n<p>Los hechos ocurrieron el pasado 24 de junio, cuando los procesados fueron requeridos por uniformados de la Direcci\u00f3n de Carabineros y Protecci\u00f3n Ambiental de la Polic\u00eda Nacional, en un puesto de control. En el registro al automotor les encontraron 69 bultos que conten\u00edan 1.380 kilogramos de carb\u00f3n vegetal que, al parecer, iban con destino hacia Bogot\u00e1.<\/p>\n<p>Cuando fueron indagados sobre el permiso por parte de las autoridades ambientales para transportar el mineral, manifestaron no tenerlo.<\/p>\n<p>En el procedimiento se incaut\u00f3 el cami\u00f3n, y la sustancia vegetal qued\u00f3 a disposici\u00f3n de la Corporaci\u00f3n Aut\u00f3noma Regional de Cundinamarca.<\/p>\n","protected":false},"excerpt":{"rendered":"<p>La Fiscal\u00eda General de la Naci\u00f3n judicializ\u00f3 a Luis David Reyes Salas y Jos\u00e9 Luis Albarrac\u00edn Rodr\u00edguez, quienes habr\u00eda sido sorprendidos en el momento que transportaban 1.380 kilogramos de carb\u00f3n vegetal, en el sector de Brice\u00f1o, en la v\u00eda Zipaquir\u00e1 (Cundinamarca), sin la documentaci\u00f3n legal que acreditara su procedencia. En<span class=\"more-link\"><a href=\"https:\/\/ciudadyregion.com.co\/index.php\/judicializados-responsables-de-transportar-mas-de-1-300-kilos-de-carbon-vegetal-ilegalmente\/judicial\/\">Continuar Leyendo<\/a><\/span><\/p>\n","protected":false},"author":2,"featured_media":39450,"comment_status":"open","ping_status":"open","sticky":false,"template":"","format":"standard","meta":{"_uf_show_specific_survey":0,"_uf_disable_surveys":false,"_jetpack_memberships_contains_paid_content":false,"footnotes":"","jetpack_publicize_message":"","jetpack_publicize_feature_enabled":true,"jetpack_social_post_already_shared":true,"jetpack_social_options":{"image_generator_settings":{"template":"highway","enabled":false},"version":2}},"categories":[18],"tags":[],"class_list":["entry","author-diegoaguirre","post-39449","post","type-post","status-publish","format-standard","has-post-thumbnail","category-judicial"],"jetpack_publicize_connections":[],"yoast_head":"<!-- This site is optimized with the Yoast SEO plugin v24.3 - https:\/\/yoast.com\/wordpress\/plugins\/seo\/ -->\n<title>Judicializados responsables de transportar m\u00e1s de 1.300 kilos de carb\u00f3n vegetal ilegalmente - Ciudad y Region<\/title>\n<meta name=\"robots\" content=\"index, follow, max-snippet:-1, max-image-preview:large, max-video-preview:-1\" \/>\n<link rel=\"canonical\" href=\"https:\/\/ciudadyregion.com.co\/index.php\/judicializados-responsables-de-transportar-mas-de-1-300-kilos-de-carbon-vegetal-ilegalmente\/judicial\/\" \/>\n<meta property=\"og:locale\" content=\"es_ES\" \/>\n<meta property=\"og:type\" content=\"article\" \/>\n<meta property=\"og:title\" content=\"Judicializados responsables de transportar m\u00e1s de 1.300 kilos de carb\u00f3n vegetal ilegalmente - Ciudad y Region\" \/>\n<meta property=\"og:description\" content=\"La Fiscal\u00eda General de la Naci\u00f3n judicializ\u00f3 a Luis David Reyes Salas y Jos\u00e9 Luis Albarrac\u00edn Rodr\u00edguez, quienes habr\u00eda sido sorprendidos en el momento que transportaban 1.380 kilogramos de carb\u00f3n vegetal, en el sector de Brice\u00f1o, en la v\u00eda Zipaquir\u00e1 (Cundinamarca), sin la documentaci\u00f3n legal que acreditara su procedencia. EnContinuar Leyendo\" \/>\n<meta property=\"og:url\" content=\"https:\/\/ciudadyregion.com.co\/index.php\/judicializados-responsables-de-transportar-mas-de-1-300-kilos-de-carbon-vegetal-ilegalmente\/judicial\/\" \/>\n<meta property=\"og:site_name\" content=\"Ciudad y Region\" \/>\n<meta property=\"article:published_time\" content=\"2025-07-04T09:50:18+00:00\" \/>\n<meta property=\"article:modified_time\" content=\"2025-07-03T17:50:47+00:00\" \/>\n<meta property=\"og:image\" content=\"https:\/\/i0.wp.com\/ciudadyregion.com.co\/wp-content\/uploads\/2025\/07\/2-99.jpg?fit=800%2C445&ssl=1\" \/>\n\t<meta property=\"og:image:width\" content=\"800\" \/>\n\t<meta property=\"og:image:height\" content=\"445\" \/>\n\t<meta property=\"og:image:type\" content=\"image\/jpeg\" \/>\n<meta name=\"author\" content=\"David Andr\u00e9s Aguirre\" \/>\n<meta name=\"twitter:card\" content=\"summary_large_image\" \/>\n<meta name=\"twitter:label1\" content=\"Escrito por\" \/>\n\t<meta name=\"twitter:data1\" content=\"David Andr\u00e9s Aguirre\" \/>\n\t<meta name=\"twitter:label2\" content=\"Tiempo de lectura\" \/>\n\t<meta name=\"twitter:data2\" content=\"1 minuto\" \/>\n<script type=\"application\/ld+json\" class=\"yoast-schema-graph\">{\"@context\":\"https:\/\/schema.org\",\"@graph\":[{\"@type\":\"WebPage\",\"@id\":\"https:\/\/ciudadyregion.com.co\/index.php\/judicializados-responsables-de-transportar-mas-de-1-300-kilos-de-carbon-vegetal-ilegalmente\/judicial\/\",\"url\":\"https:\/\/ciudadyregion.com.co\/index.php\/judicializados-responsables-de-transportar-mas-de-1-300-kilos-de-carbon-vegetal-ilegalmente\/judicial\/\",\"name\":\"Judicializados responsables de transportar m\u00e1s de 1.300 kilos de carb\u00f3n vegetal ilegalmente - Ciudad y Region\",\"isPartOf\":{\"@id\":\"https:\/\/ciudadyregion.com.co\/#website\"},\"primaryImageOfPage\":{\"@id\":\"https:\/\/ciudadyregion.com.co\/index.php\/judicializados-responsables-de-transportar-mas-de-1-300-kilos-de-carbon-vegetal-ilegalmente\/judicial\/#primaryimage\"},\"image\":{\"@id\":\"https:\/\/ciudadyregion.com.co\/index.php\/judicializados-responsables-de-transportar-mas-de-1-300-kilos-de-carbon-vegetal-ilegalmente\/judicial\/#primaryimage\"},\"thumbnailUrl\":\"https:\/\/i0.wp.com\/ciudadyregion.com.co\/wp-content\/uploads\/2025\/07\/2-99.jpg?fit=800%2C445&ssl=1\",\"datePublished\":\"2025-07-04T09:50:18+00:00\",\"dateModified\":\"2025-07-03T17:50:47+00:00\",\"author\":{\"@id\":\"https:\/\/ciudadyregion.com.co\/#\/schema\/person\/04a4954373ebc4051f46e8c65ff78622\"},\"breadcrumb\":{\"@id\":\"https:\/\/ciudadyregion.com.co\/index.php\/judicializados-responsables-de-transportar-mas-de-1-300-kilos-de-carbon-vegetal-ilegalmente\/judicial\/#breadcrumb\"},\"inLanguage\":\"es\",\"potentialAction\":[{\"@type\":\"ReadAction\",\"target\":[\"https:\/\/ciudadyregion.com.co\/index.php\/judicializados-responsables-de-transportar-mas-de-1-300-kilos-de-carbon-vegetal-ilegalmente\/judicial\/\"]}]},{\"@type\":\"ImageObject\",\"inLanguage\":\"es\",\"@id\":\"https:\/\/ciudadyregion.com.co\/index.php\/judicializados-responsables-de-transportar-mas-de-1-300-kilos-de-carbon-vegetal-ilegalmente\/judicial\/#primaryimage\",\"url\":\"https:\/\/i0.wp.com\/ciudadyregion.com.co\/wp-content\/uploads\/2025\/07\/2-99.jpg?fit=800%2C445&ssl=1\",\"contentUrl\":\"https:\/\/i0.wp.com\/ciudadyregion.com.co\/wp-content\/uploads\/2025\/07\/2-99.jpg?fit=800%2C445&ssl=1\",\"width\":800,\"height\":445},{\"@type\":\"BreadcrumbList\",\"@id\":\"https:\/\/ciudadyregion.com.co\/index.php\/judicializados-responsables-de-transportar-mas-de-1-300-kilos-de-carbon-vegetal-ilegalmente\/judicial\/#breadcrumb\",\"itemListElement\":[{\"@type\":\"ListItem\",\"position\":1,\"name\":\"Portada\",\"item\":\"https:\/\/ciudadyregion.com.co\/\"},{\"@type\":\"ListItem\",\"position\":2,\"name\":\"Judicializados responsables de transportar m\u00e1s de 1.300 kilos de carb\u00f3n vegetal ilegalmente\"}]},{\"@type\":\"WebSite\",\"@id\":\"https:\/\/ciudadyregion.com.co\/#website\",\"url\":\"https:\/\/ciudadyregion.com.co\/\",\"name\":\"Ciudad y Region\",\"description\":\"\",\"potentialAction\":[{\"@type\":\"SearchAction\",\"target\":{\"@type\":\"EntryPoint\",\"urlTemplate\":\"https:\/\/ciudadyregion.com.co\/?s={search_term_string}\"},\"query-input\":{\"@type\":\"PropertyValueSpecification\",\"valueRequired\":true,\"valueName\":\"search_term_string\"}}],\"inLanguage\":\"es\"},{\"@type\":\"Person\",\"@id\":\"https:\/\/ciudadyregion.com.co\/#\/schema\/person\/04a4954373ebc4051f46e8c65ff78622\",\"name\":\"David Andr\u00e9s Aguirre\",\"image\":{\"@type\":\"ImageObject\",\"inLanguage\":\"es\",\"@id\":\"https:\/\/ciudadyregion.com.co\/#\/schema\/person\/image\/\",\"url\":\"https:\/\/secure.gravatar.com\/avatar\/bc3c655860202182ee6d1b5edd042dbe?s=96&d=mm&r=g\",\"contentUrl\":\"https:\/\/secure.gravatar.com\/avatar\/bc3c655860202182ee6d1b5edd042dbe?s=96&d=mm&r=g\",\"caption\":\"David Andr\u00e9s Aguirre\"},\"url\":\"https:\/\/ciudadyregion.com.co\/index.php\/author\/diegoaguirre\/\"}]}<\/script>\n<!-- \/ Yoast SEO plugin. -->","yoast_head_json":{"title":"Judicializados responsables de transportar m\u00e1s de 1.300 kilos de carb\u00f3n vegetal ilegalmente - Ciudad y Region","robots":{"index":"index","follow":"follow","max-snippet":"max-snippet:-1","max-image-preview":"max-image-preview:large","max-video-preview":"max-video-preview:-1"},"canonical":"https:\/\/ciudadyregion.com.co\/index.php\/judicializados-responsables-de-transportar-mas-de-1-300-kilos-de-carbon-vegetal-ilegalmente\/judicial\/","og_locale":"es_ES","og_type":"article","og_title":"Judicializados responsables de transportar m\u00e1s de 1.300 kilos de carb\u00f3n vegetal ilegalmente - Ciudad y Region","og_description":"La Fiscal\u00eda General de la Naci\u00f3n judicializ\u00f3 a Luis David Reyes Salas y Jos\u00e9 Luis Albarrac\u00edn Rodr\u00edguez, quienes habr\u00eda sido sorprendidos en el momento que transportaban 1.380 kilogramos de carb\u00f3n vegetal, en el sector de Brice\u00f1o, en la v\u00eda Zipaquir\u00e1 (Cundinamarca), sin la documentaci\u00f3n legal que acreditara su procedencia. EnContinuar Leyendo","og_url":"https:\/\/ciudadyregion.com.co\/index.php\/judicializados-responsables-de-transportar-mas-de-1-300-kilos-de-carbon-vegetal-ilegalmente\/judicial\/","og_site_name":"Ciudad y Region","article_published_time":"2025-07-04T09:50:18+00:00","article_modified_time":"2025-07-03T17:50:47+00:00","og_image":[{"width":800,"height":445,"url":"https:\/\/i0.wp.com\/ciudadyregion.com.co\/wp-content\/uploads\/2025\/07\/2-99.jpg?fit=800%2C445&ssl=1","type":"image\/jpeg"}],"author":"David Andr\u00e9s Aguirre","twitter_card":"summary_large_image","twitter_misc":{"Escrito por":"David Andr\u00e9s Aguirre","Tiempo de lectura":"1 minuto"},"schema":{"@context":"https:\/\/schema.org","@graph":[{"@type":"WebPage","@id":"https:\/\/ciudadyregion.com.co\/index.php\/judicializados-responsables-de-transportar-mas-de-1-300-kilos-de-carbon-vegetal-ilegalmente\/judicial\/","url":"https:\/\/ciudadyregion.com.co\/index.php\/judicializados-responsables-de-transportar-mas-de-1-300-kilos-de-carbon-vegetal-ilegalmente\/judicial\/","name":"Judicializados responsables de transportar m\u00e1s de 1.300 kilos de carb\u00f3n vegetal ilegalmente - Ciudad y Region","isPartOf":{"@id":"https:\/\/ciudadyregion.com.co\/#website"},"primaryImageOfPage":{"@id":"https:\/\/ciudadyregion.com.co\/index.php\/judicializados-responsables-de-transportar-mas-de-1-300-kilos-de-carbon-vegetal-ilegalmente\/judicial\/#primaryimage"},"image":{"@id":"https:\/\/ciudadyregion.com.co\/index.php\/judicializados-responsables-de-transportar-mas-de-1-300-kilos-de-carbon-vegetal-ilegalmente\/judicial\/#primaryimage"},"thumbnailUrl":"https:\/\/i0.wp.com\/ciudadyregion.com.co\/wp-content\/uploads\/2025\/07\/2-99.jpg?fit=800%2C445&ssl=1","datePublished":"2025-07-04T09:50:18+00:00","dateModified":"2025-07-03T17:50:47+00:00","author":{"@id":"https:\/\/ciudadyregion.com.co\/#\/schema\/person\/04a4954373ebc4051f46e8c65ff78622"},"breadcrumb":{"@id":"https:\/\/ciudadyregion.com.co\/index.php\/judicializados-responsables-de-transportar-mas-de-1-300-kilos-de-carbon-vegetal-ilegalmente\/judicial\/#breadcrumb"},"inLanguage":"es","potentialAction":[{"@type":"ReadAction","target":["https:\/\/ciudadyregion.com.co\/index.php\/judicializados-responsables-de-transportar-mas-de-1-300-kilos-de-carbon-vegetal-ilegalmente\/judicial\/"]}]},{"@type":"ImageObject","inLanguage":"es","@id":"https:\/\/ciudadyregion.com.co\/index.php\/judicializados-responsables-de-transportar-mas-de-1-300-kilos-de-carbon-vegetal-ilegalmente\/judicial\/#primaryimage","url":"https:\/\/i0.wp.com\/ciudadyregion.com.co\/wp-content\/uploads\/2025\/07\/2-99.jpg?fit=800%2C445&ssl=1","contentUrl":"https:\/\/i0.wp.com\/ciudadyregion.com.co\/wp-content\/uploads\/2025\/07\/2-99.jpg?fit=800%2C445&ssl=1","width":800,"height":445},{"@type":"BreadcrumbList","@id":"https:\/\/ciudadyregion.com.co\/index.php\/judicializados-responsables-de-transportar-mas-de-1-300-kilos-de-carbon-vegetal-ilegalmente\/judicial\/#breadcrumb","itemListElement":[{"@type":"ListItem","position":1,"name":"Portada","item":"https:\/\/ciudadyregion.com.co\/"},{"@type":"ListItem","position":2,"name":"Judicializados responsables de transportar m\u00e1s de 1.300 kilos de carb\u00f3n vegetal ilegalmente"}]},{"@type":"WebSite","@id":"https:\/\/ciudadyregion.com.co\/#website","url":"https:\/\/ciudadyregion.com.co\/","name":"Ciudad y Region","description":"","potentialAction":[{"@type":"SearchAction","target":{"@type":"EntryPoint","urlTemplate":"https:\/\/ciudadyregion.com.co\/?s={search_term_string}"},"query-input":{"@type":"PropertyValueSpecification","valueRequired":true,"valueName":"search_term_string"}}],"inLanguage":"es"},{"@type":"Person","@id":"https:\/\/ciudadyregion.com.co\/#\/schema\/person\/04a4954373ebc4051f46e8c65ff78622","name":"David Andr\u00e9s Aguirre","image":{"@type":"ImageObject","inLanguage":"es","@id":"https:\/\/ciudadyregion.com.co\/#\/schema\/person\/image\/","url":"https:\/\/secure.gravatar.com\/avatar\/bc3c655860202182ee6d1b5edd042dbe?s=96&d=mm&r=g","contentUrl":"https:\/\/secure.gravatar.com\/avatar\/bc3c655860202182ee6d1b5edd042dbe?s=96&d=mm&r=g","caption":"David Andr\u00e9s Aguirre"},"url":"https:\/\/ciudadyregion.com.co\/index.php\/author\/diegoaguirre\/"}]}},"jetpack_featured_media_url":"https:\/\/i0.wp.com\/ciudadyregion.com.co\/wp-content\/uploads\/2025\/07\/2-99.jpg?fit=800%2C445&ssl=1","jetpack_sharing_enabled":true,"jetpack_shortlink":"https:\/\/wp.me\/pbS7hh-agh","jetpack-related-posts":[],"_links":{"self":[{"href":"https:\/\/ciudadyregion.com.co\/index.php\/wp-json\/wp\/v2\/posts\/39449"}],"collection":[{"href":"https:\/\/ciudadyregion.com.co\/index.php\/wp-json\/wp\/v2\/posts"}],"about":[{"href":"https:\/\/ciudadyregion.com.co\/index.php\/wp-json\/wp\/v2\/types\/post"}],"author":[{"embeddable":true,"href":"https:\/\/ciudadyregion.com.co\/index.php\/wp-json\/wp\/v2\/users\/2"}],"replies":[{"embeddable":true,"href":"https:\/\/ciudadyregion.com.co\/index.php\/wp-json\/wp\/v2\/comments?post=39449"}],"version-history":[{"count":1,"href":"https:\/\/ciudadyregion.com.co\/index.php\/wp-json\/wp\/v2\/posts\/39449\/revisions"}],"predecessor-version":[{"id":39451,"href":"https:\/\/ciudadyregion.com.co\/index.php\/wp-json\/wp\/v2\/posts\/39449\/revisions\/39451"}],"wp:featuredmedia":[{"embeddable":true,"href":"https:\/\/ciudadyregion.com.co\/index.php\/wp-json\/wp\/v2\/media\/39450"}],"wp:attachment":[{"href":"https:\/\/ciudadyregion.com.co\/index.php\/wp-json\/wp\/v2\/media?parent=39449"}],"wp:term":[{"taxonomy":"category","embeddable":true,"href":"https:\/\/ciudadyregion.com.co\/index.php\/wp-json\/wp\/v2\/categories?post=39449"},{"taxonomy":"post_tag","embeddable":true,"href":"https:\/\/ciudadyregion.com.co\/index.php\/wp-json\/wp\/v2\/tags?post=39449"}],"curies":[{"name":"wp","href":"https:\/\/api.w.org\/{rel}","templated":true}]}}