{"id":39441,"date":"2025-07-04T04:39:40","date_gmt":"2025-07-04T09:39:40","guid":{"rendered":"https:\/\/ciudadyregion.com.co\/?p=39441"},"modified":"2025-07-03T12:40:18","modified_gmt":"2025-07-03T17:40:18","slug":"condenado-a-mas-de-17-anos-de-prision-responsable-del-homicidio-de-un-testigo-de-la-fiscalia","status":"publish","type":"post","link":"https:\/\/ciudadyregion.com.co\/index.php\/condenado-a-mas-de-17-anos-de-prision-responsable-del-homicidio-de-un-testigo-de-la-fiscalia\/judicial\/","title":{"rendered":"Condenado a m\u00e1s de 17 a\u00f1os de prisi\u00f3n responsable del homicidio de un testigo de la Fiscal\u00eda"},"content":{"rendered":"<p>Luego de valorar las pruebas recopiladas\u00a0 por la Fiscal\u00eda General de la Naci\u00f3n con el apoyo del Cuerpo T\u00e9cnico de Investigaci\u00f3n (CTI), un juez de conocimiento conden\u00f3 a\u00a0Jos\u00e9 Luis Lemos V\u00e9lez a 17 a\u00f1os y 11 meses de prisi\u00f3n por el homicidio de un hombre,\u00a0 ocurrido el 1 de junio de 2009 en el barrio Bel\u00e9n de Medell\u00edn (Antioquia).<\/p>\n<p>La v\u00edctima, testigo de la Fiscal\u00eda en una investigaci\u00f3n que adelantaba contra varios\u00a0integrantes de una banda delincuencial,\u00a0fue atacada con arma de fuego cuando se movilizaba en una motocicleta.<\/p>\n<p>Lemos V\u00e9lez, de 47 a\u00f1os, fue capturado minutos despu\u00e9s por servidores de la Polic\u00eda Nacional cuando conduc\u00eda otra moto usada para cometer el crimen.\u00a0En el pantal\u00f3n que vest\u00eda y en el tanque del veh\u00edculo fueron encontrados rastros de sangre de la v\u00edctima.<\/p>\n<p>El procesado fue condenado por el delito de homicidio y la defensa apel\u00f3 la decisi\u00f3n ante la\u00a0Sala Penal del Tribunal Superior de Medell\u00edn.<\/p>\n<p>El hoy sentenciado, fue capturado en mayo de este a\u00f1o y cobijado con medida de aseguramiento en centro carcelario como presunto\u00a0responsable de abusar sexualmente de tres menores de edad de 8, 9 y 15 a\u00f1os.<\/p>\n<p>Las v\u00edctimas habr\u00edan sido agredidas entre enero y marzo de este a\u00f1o por Lemos V\u00e9lez, quien fung\u00eda como su profesor de nataci\u00f3n.<\/p>\n","protected":false},"excerpt":{"rendered":"<p>Luego de valorar las pruebas recopiladas\u00a0 por la Fiscal\u00eda General de la Naci\u00f3n con el apoyo del Cuerpo T\u00e9cnico de Investigaci\u00f3n (CTI), un juez de conocimiento conden\u00f3 a\u00a0Jos\u00e9 Luis Lemos V\u00e9lez a 17 a\u00f1os y 11 meses de prisi\u00f3n por el homicidio de un hombre,\u00a0 ocurrido el 1 de junio<span class=\"more-link\"><a href=\"https:\/\/ciudadyregion.com.co\/index.php\/condenado-a-mas-de-17-anos-de-prision-responsable-del-homicidio-de-un-testigo-de-la-fiscalia\/judicial\/\">Continuar Leyendo<\/a><\/span><\/p>\n","protected":false},"author":2,"featured_media":39442,"comment_status":"open","ping_status":"open","sticky":false,"template":"","format":"standard","meta":{"_uf_show_specific_survey":0,"_uf_disable_surveys":false,"_jetpack_memberships_contains_paid_content":false,"footnotes":"","jetpack_publicize_message":"","jetpack_publicize_feature_enabled":true,"jetpack_social_post_already_shared":true,"jetpack_social_options":{"image_generator_settings":{"template":"highway","enabled":false},"version":2}},"categories":[18],"tags":[],"class_list":["entry","author-diegoaguirre","post-39441","post","type-post","status-publish","format-standard","has-post-thumbnail","category-judicial"],"jetpack_publicize_connections":[],"yoast_head":"<!-- This site is optimized with the Yoast SEO plugin v24.3 - https:\/\/yoast.com\/wordpress\/plugins\/seo\/ -->\n<title>Condenado a m\u00e1s de 17 a\u00f1os de prisi\u00f3n responsable del homicidio de un testigo de la Fiscal\u00eda - Ciudad y Region<\/title>\n<meta name=\"robots\" content=\"index, follow, max-snippet:-1, max-image-preview:large, max-video-preview:-1\" \/>\n<link rel=\"canonical\" href=\"https:\/\/ciudadyregion.com.co\/index.php\/condenado-a-mas-de-17-anos-de-prision-responsable-del-homicidio-de-un-testigo-de-la-fiscalia\/judicial\/\" \/>\n<meta property=\"og:locale\" content=\"es_ES\" \/>\n<meta property=\"og:type\" content=\"article\" \/>\n<meta property=\"og:title\" content=\"Condenado a m\u00e1s de 17 a\u00f1os de prisi\u00f3n responsable del homicidio de un testigo de la Fiscal\u00eda - Ciudad y Region\" \/>\n<meta property=\"og:description\" content=\"Luego de valorar las pruebas recopiladas\u00a0 por la Fiscal\u00eda General de la Naci\u00f3n con el apoyo del Cuerpo T\u00e9cnico de Investigaci\u00f3n (CTI), un juez de conocimiento conden\u00f3 a\u00a0Jos\u00e9 Luis Lemos V\u00e9lez a 17 a\u00f1os y 11 meses de prisi\u00f3n por el homicidio de un hombre,\u00a0 ocurrido el 1 de junioContinuar Leyendo\" \/>\n<meta property=\"og:url\" content=\"https:\/\/ciudadyregion.com.co\/index.php\/condenado-a-mas-de-17-anos-de-prision-responsable-del-homicidio-de-un-testigo-de-la-fiscalia\/judicial\/\" \/>\n<meta property=\"og:site_name\" content=\"Ciudad y Region\" \/>\n<meta property=\"article:published_time\" content=\"2025-07-04T09:39:40+00:00\" \/>\n<meta property=\"article:modified_time\" content=\"2025-07-03T17:40:18+00:00\" \/>\n<meta property=\"og:image\" content=\"https:\/\/i0.wp.com\/ciudadyregion.com.co\/wp-content\/uploads\/2025\/07\/1-94.jpg?fit=800%2C445&ssl=1\" \/>\n\t<meta property=\"og:image:width\" content=\"800\" \/>\n\t<meta property=\"og:image:height\" content=\"445\" \/>\n\t<meta property=\"og:image:type\" content=\"image\/jpeg\" \/>\n<meta name=\"author\" content=\"David Andr\u00e9s Aguirre\" \/>\n<meta name=\"twitter:card\" content=\"summary_large_image\" \/>\n<meta name=\"twitter:label1\" content=\"Escrito por\" \/>\n\t<meta name=\"twitter:data1\" content=\"David Andr\u00e9s Aguirre\" \/>\n\t<meta name=\"twitter:label2\" content=\"Tiempo de lectura\" \/>\n\t<meta name=\"twitter:data2\" content=\"2 minutos\" \/>\n<script type=\"application\/ld+json\" class=\"yoast-schema-graph\">{\"@context\":\"https:\/\/schema.org\",\"@graph\":[{\"@type\":\"WebPage\",\"@id\":\"https:\/\/ciudadyregion.com.co\/index.php\/condenado-a-mas-de-17-anos-de-prision-responsable-del-homicidio-de-un-testigo-de-la-fiscalia\/judicial\/\",\"url\":\"https:\/\/ciudadyregion.com.co\/index.php\/condenado-a-mas-de-17-anos-de-prision-responsable-del-homicidio-de-un-testigo-de-la-fiscalia\/judicial\/\",\"name\":\"Condenado a m\u00e1s de 17 a\u00f1os de prisi\u00f3n responsable del homicidio de un testigo de la Fiscal\u00eda - Ciudad y Region\",\"isPartOf\":{\"@id\":\"https:\/\/ciudadyregion.com.co\/#website\"},\"primaryImageOfPage\":{\"@id\":\"https:\/\/ciudadyregion.com.co\/index.php\/condenado-a-mas-de-17-anos-de-prision-responsable-del-homicidio-de-un-testigo-de-la-fiscalia\/judicial\/#primaryimage\"},\"image\":{\"@id\":\"https:\/\/ciudadyregion.com.co\/index.php\/condenado-a-mas-de-17-anos-de-prision-responsable-del-homicidio-de-un-testigo-de-la-fiscalia\/judicial\/#primaryimage\"},\"thumbnailUrl\":\"https:\/\/i0.wp.com\/ciudadyregion.com.co\/wp-content\/uploads\/2025\/07\/1-94.jpg?fit=800%2C445&ssl=1\",\"datePublished\":\"2025-07-04T09:39:40+00:00\",\"dateModified\":\"2025-07-03T17:40:18+00:00\",\"author\":{\"@id\":\"https:\/\/ciudadyregion.com.co\/#\/schema\/person\/04a4954373ebc4051f46e8c65ff78622\"},\"breadcrumb\":{\"@id\":\"https:\/\/ciudadyregion.com.co\/index.php\/condenado-a-mas-de-17-anos-de-prision-responsable-del-homicidio-de-un-testigo-de-la-fiscalia\/judicial\/#breadcrumb\"},\"inLanguage\":\"es\",\"potentialAction\":[{\"@type\":\"ReadAction\",\"target\":[\"https:\/\/ciudadyregion.com.co\/index.php\/condenado-a-mas-de-17-anos-de-prision-responsable-del-homicidio-de-un-testigo-de-la-fiscalia\/judicial\/\"]}]},{\"@type\":\"ImageObject\",\"inLanguage\":\"es\",\"@id\":\"https:\/\/ciudadyregion.com.co\/index.php\/condenado-a-mas-de-17-anos-de-prision-responsable-del-homicidio-de-un-testigo-de-la-fiscalia\/judicial\/#primaryimage\",\"url\":\"https:\/\/i0.wp.com\/ciudadyregion.com.co\/wp-content\/uploads\/2025\/07\/1-94.jpg?fit=800%2C445&ssl=1\",\"contentUrl\":\"https:\/\/i0.wp.com\/ciudadyregion.com.co\/wp-content\/uploads\/2025\/07\/1-94.jpg?fit=800%2C445&ssl=1\",\"width\":800,\"height\":445},{\"@type\":\"BreadcrumbList\",\"@id\":\"https:\/\/ciudadyregion.com.co\/index.php\/condenado-a-mas-de-17-anos-de-prision-responsable-del-homicidio-de-un-testigo-de-la-fiscalia\/judicial\/#breadcrumb\",\"itemListElement\":[{\"@type\":\"ListItem\",\"position\":1,\"name\":\"Portada\",\"item\":\"https:\/\/ciudadyregion.com.co\/\"},{\"@type\":\"ListItem\",\"position\":2,\"name\":\"Condenado a m\u00e1s de 17 a\u00f1os de prisi\u00f3n responsable del homicidio de un testigo de la Fiscal\u00eda\"}]},{\"@type\":\"WebSite\",\"@id\":\"https:\/\/ciudadyregion.com.co\/#website\",\"url\":\"https:\/\/ciudadyregion.com.co\/\",\"name\":\"Ciudad y Region\",\"description\":\"\",\"potentialAction\":[{\"@type\":\"SearchAction\",\"target\":{\"@type\":\"EntryPoint\",\"urlTemplate\":\"https:\/\/ciudadyregion.com.co\/?s={search_term_string}\"},\"query-input\":{\"@type\":\"PropertyValueSpecification\",\"valueRequired\":true,\"valueName\":\"search_term_string\"}}],\"inLanguage\":\"es\"},{\"@type\":\"Person\",\"@id\":\"https:\/\/ciudadyregion.com.co\/#\/schema\/person\/04a4954373ebc4051f46e8c65ff78622\",\"name\":\"David Andr\u00e9s Aguirre\",\"image\":{\"@type\":\"ImageObject\",\"inLanguage\":\"es\",\"@id\":\"https:\/\/ciudadyregion.com.co\/#\/schema\/person\/image\/\",\"url\":\"https:\/\/secure.gravatar.com\/avatar\/bc3c655860202182ee6d1b5edd042dbe?s=96&d=mm&r=g\",\"contentUrl\":\"https:\/\/secure.gravatar.com\/avatar\/bc3c655860202182ee6d1b5edd042dbe?s=96&d=mm&r=g\",\"caption\":\"David Andr\u00e9s Aguirre\"},\"url\":\"https:\/\/ciudadyregion.com.co\/index.php\/author\/diegoaguirre\/\"}]}<\/script>\n<!-- \/ Yoast SEO plugin. -->","yoast_head_json":{"title":"Condenado a m\u00e1s de 17 a\u00f1os de prisi\u00f3n responsable del homicidio de un testigo de la Fiscal\u00eda - Ciudad y Region","robots":{"index":"index","follow":"follow","max-snippet":"max-snippet:-1","max-image-preview":"max-image-preview:large","max-video-preview":"max-video-preview:-1"},"canonical":"https:\/\/ciudadyregion.com.co\/index.php\/condenado-a-mas-de-17-anos-de-prision-responsable-del-homicidio-de-un-testigo-de-la-fiscalia\/judicial\/","og_locale":"es_ES","og_type":"article","og_title":"Condenado a m\u00e1s de 17 a\u00f1os de prisi\u00f3n responsable del homicidio de un testigo de la Fiscal\u00eda - Ciudad y Region","og_description":"Luego de valorar las pruebas recopiladas\u00a0 por la Fiscal\u00eda General de la Naci\u00f3n con el apoyo del Cuerpo T\u00e9cnico de Investigaci\u00f3n (CTI), un juez de conocimiento conden\u00f3 a\u00a0Jos\u00e9 Luis Lemos V\u00e9lez a 17 a\u00f1os y 11 meses de prisi\u00f3n por el homicidio de un hombre,\u00a0 ocurrido el 1 de junioContinuar Leyendo","og_url":"https:\/\/ciudadyregion.com.co\/index.php\/condenado-a-mas-de-17-anos-de-prision-responsable-del-homicidio-de-un-testigo-de-la-fiscalia\/judicial\/","og_site_name":"Ciudad y Region","article_published_time":"2025-07-04T09:39:40+00:00","article_modified_time":"2025-07-03T17:40:18+00:00","og_image":[{"width":800,"height":445,"url":"https:\/\/i0.wp.com\/ciudadyregion.com.co\/wp-content\/uploads\/2025\/07\/1-94.jpg?fit=800%2C445&ssl=1","type":"image\/jpeg"}],"author":"David Andr\u00e9s Aguirre","twitter_card":"summary_large_image","twitter_misc":{"Escrito por":"David Andr\u00e9s Aguirre","Tiempo de lectura":"2 minutos"},"schema":{"@context":"https:\/\/schema.org","@graph":[{"@type":"WebPage","@id":"https:\/\/ciudadyregion.com.co\/index.php\/condenado-a-mas-de-17-anos-de-prision-responsable-del-homicidio-de-un-testigo-de-la-fiscalia\/judicial\/","url":"https:\/\/ciudadyregion.com.co\/index.php\/condenado-a-mas-de-17-anos-de-prision-responsable-del-homicidio-de-un-testigo-de-la-fiscalia\/judicial\/","name":"Condenado a m\u00e1s de 17 a\u00f1os de prisi\u00f3n responsable del homicidio de un testigo de la Fiscal\u00eda - Ciudad y Region","isPartOf":{"@id":"https:\/\/ciudadyregion.com.co\/#website"},"primaryImageOfPage":{"@id":"https:\/\/ciudadyregion.com.co\/index.php\/condenado-a-mas-de-17-anos-de-prision-responsable-del-homicidio-de-un-testigo-de-la-fiscalia\/judicial\/#primaryimage"},"image":{"@id":"https:\/\/ciudadyregion.com.co\/index.php\/condenado-a-mas-de-17-anos-de-prision-responsable-del-homicidio-de-un-testigo-de-la-fiscalia\/judicial\/#primaryimage"},"thumbnailUrl":"https:\/\/i0.wp.com\/ciudadyregion.com.co\/wp-content\/uploads\/2025\/07\/1-94.jpg?fit=800%2C445&ssl=1","datePublished":"2025-07-04T09:39:40+00:00","dateModified":"2025-07-03T17:40:18+00:00","author":{"@id":"https:\/\/ciudadyregion.com.co\/#\/schema\/person\/04a4954373ebc4051f46e8c65ff78622"},"breadcrumb":{"@id":"https:\/\/ciudadyregion.com.co\/index.php\/condenado-a-mas-de-17-anos-de-prision-responsable-del-homicidio-de-un-testigo-de-la-fiscalia\/judicial\/#breadcrumb"},"inLanguage":"es","potentialAction":[{"@type":"ReadAction","target":["https:\/\/ciudadyregion.com.co\/index.php\/condenado-a-mas-de-17-anos-de-prision-responsable-del-homicidio-de-un-testigo-de-la-fiscalia\/judicial\/"]}]},{"@type":"ImageObject","inLanguage":"es","@id":"https:\/\/ciudadyregion.com.co\/index.php\/condenado-a-mas-de-17-anos-de-prision-responsable-del-homicidio-de-un-testigo-de-la-fiscalia\/judicial\/#primaryimage","url":"https:\/\/i0.wp.com\/ciudadyregion.com.co\/wp-content\/uploads\/2025\/07\/1-94.jpg?fit=800%2C445&ssl=1","contentUrl":"https:\/\/i0.wp.com\/ciudadyregion.com.co\/wp-content\/uploads\/2025\/07\/1-94.jpg?fit=800%2C445&ssl=1","width":800,"height":445},{"@type":"BreadcrumbList","@id":"https:\/\/ciudadyregion.com.co\/index.php\/condenado-a-mas-de-17-anos-de-prision-responsable-del-homicidio-de-un-testigo-de-la-fiscalia\/judicial\/#breadcrumb","itemListElement":[{"@type":"ListItem","position":1,"name":"Portada","item":"https:\/\/ciudadyregion.com.co\/"},{"@type":"ListItem","position":2,"name":"Condenado a m\u00e1s de 17 a\u00f1os de prisi\u00f3n responsable del homicidio de un testigo de la Fiscal\u00eda"}]},{"@type":"WebSite","@id":"https:\/\/ciudadyregion.com.co\/#website","url":"https:\/\/ciudadyregion.com.co\/","name":"Ciudad y Region","description":"","potentialAction":[{"@type":"SearchAction","target":{"@type":"EntryPoint","urlTemplate":"https:\/\/ciudadyregion.com.co\/?s={search_term_string}"},"query-input":{"@type":"PropertyValueSpecification","valueRequired":true,"valueName":"search_term_string"}}],"inLanguage":"es"},{"@type":"Person","@id":"https:\/\/ciudadyregion.com.co\/#\/schema\/person\/04a4954373ebc4051f46e8c65ff78622","name":"David Andr\u00e9s Aguirre","image":{"@type":"ImageObject","inLanguage":"es","@id":"https:\/\/ciudadyregion.com.co\/#\/schema\/person\/image\/","url":"https:\/\/secure.gravatar.com\/avatar\/bc3c655860202182ee6d1b5edd042dbe?s=96&d=mm&r=g","contentUrl":"https:\/\/secure.gravatar.com\/avatar\/bc3c655860202182ee6d1b5edd042dbe?s=96&d=mm&r=g","caption":"David Andr\u00e9s Aguirre"},"url":"https:\/\/ciudadyregion.com.co\/index.php\/author\/diegoaguirre\/"}]}},"jetpack_featured_media_url":"https:\/\/i0.wp.com\/ciudadyregion.com.co\/wp-content\/uploads\/2025\/07\/1-94.jpg?fit=800%2C445&ssl=1","jetpack_sharing_enabled":true,"jetpack_shortlink":"https:\/\/wp.me\/pbS7hh-ag9","jetpack-related-posts":[],"_links":{"self":[{"href":"https:\/\/ciudadyregion.com.co\/index.php\/wp-json\/wp\/v2\/posts\/39441"}],"collection":[{"href":"https:\/\/ciudadyregion.com.co\/index.php\/wp-json\/wp\/v2\/posts"}],"about":[{"href":"https:\/\/ciudadyregion.com.co\/index.php\/wp-json\/wp\/v2\/types\/post"}],"author":[{"embeddable":true,"href":"https:\/\/ciudadyregion.com.co\/index.php\/wp-json\/wp\/v2\/users\/2"}],"replies":[{"embeddable":true,"href":"https:\/\/ciudadyregion.com.co\/index.php\/wp-json\/wp\/v2\/comments?post=39441"}],"version-history":[{"count":1,"href":"https:\/\/ciudadyregion.com.co\/index.php\/wp-json\/wp\/v2\/posts\/39441\/revisions"}],"predecessor-version":[{"id":39443,"href":"https:\/\/ciudadyregion.com.co\/index.php\/wp-json\/wp\/v2\/posts\/39441\/revisions\/39443"}],"wp:featuredmedia":[{"embeddable":true,"href":"https:\/\/ciudadyregion.com.co\/index.php\/wp-json\/wp\/v2\/media\/39442"}],"wp:attachment":[{"href":"https:\/\/ciudadyregion.com.co\/index.php\/wp-json\/wp\/v2\/media?parent=39441"}],"wp:term":[{"taxonomy":"category","embeddable":true,"href":"https:\/\/ciudadyregion.com.co\/index.php\/wp-json\/wp\/v2\/categories?post=39441"},{"taxonomy":"post_tag","embeddable":true,"href":"https:\/\/ciudadyregion.com.co\/index.php\/wp-json\/wp\/v2\/tags?post=39441"}],"curies":[{"name":"wp","href":"https:\/\/api.w.org\/{rel}","templated":true}]}}