{"id":39438,"date":"2025-07-04T04:35:46","date_gmt":"2025-07-04T09:35:46","guid":{"rendered":"https:\/\/ciudadyregion.com.co\/?p=39438"},"modified":"2025-07-03T12:36:11","modified_gmt":"2025-07-03T17:36:11","slug":"asegurados-presuntos-agresores-de-sus-excompaneras-sentimentales-en-arjona-y-cartagena-bolivar","status":"publish","type":"post","link":"https:\/\/ciudadyregion.com.co\/index.php\/asegurados-presuntos-agresores-de-sus-excompaneras-sentimentales-en-arjona-y-cartagena-bolivar\/judicial\/","title":{"rendered":"Asegurados presuntos agresores de sus excompa\u00f1eras sentimentales en Arjona y Cartagena (Bol\u00edvar)"},"content":{"rendered":"<p>Elementos materiales probatorios presentados por la Fiscal\u00eda General de la Naci\u00f3n, permitieron que jueces de control de garant\u00edas, impusieran medidas de aseguramiento en centros carcelarios a dos hombres que presuntamente agred\u00edan f\u00edsica, verbal y sicol\u00f3gicamente a sus exparejas. Los hechos materia de investigaci\u00f3n se registraron en Arjona y Cartagena (Bol\u00edvar).<\/p>\n<p>Uno de los casos involucra a un hombre quien, al parecer, golpeaba, acechaba y amenazaba en reiteradas ocasiones a su excompa\u00f1era porque quer\u00eda separarse. La investigaci\u00f3n estableci\u00f3 que la mujer de 28 a\u00f1os en dos oportunidades debi\u00f3 ser atendida en un hospital por las lesiones que recib\u00eda. Los hechos ocurrieron durante 2024 en Arjona.<\/p>\n<p>La detenci\u00f3n de esta persona de 30 a\u00f1os se materializ\u00f3 el pasado 19 de junio en Cartagena por la Polic\u00eda Nacional<\/p>\n<p>En otra investigaci\u00f3n fue judicializado un hombre que presuntamente por celos maltrat\u00f3 f\u00edsica y verbalmente a su compa\u00f1era con la que convivi\u00f3 19 a\u00f1os. Se cree que la mujer de 38 a\u00f1os tambi\u00e9n fue objeto de amenazas y, que en al menos en una oportunidad, intent\u00f3 asfixiarla en el barrio Vista Hermosa de Cartagena.<\/p>\n<p>La captura del se\u00f1alado agresor de 38 a\u00f1os estuvo a cargo de funcionarios del Cuerpo T\u00e9cnico de Investigaci\u00f3n (CTI) y la Polic\u00eda Nacional, el 24 de junio del a\u00f1o en curso, en La Heroica.<\/p>\n<p>En las audiencias preliminares fueron imputados por el delito de violencia intrafamiliar. Ninguno acept\u00f3 cargos.<\/p>\n<p>&nbsp;<\/p>\n","protected":false},"excerpt":{"rendered":"<p>Elementos materiales probatorios presentados por la Fiscal\u00eda General de la Naci\u00f3n, permitieron que jueces de control de garant\u00edas, impusieran medidas de aseguramiento en centros carcelarios a dos hombres que presuntamente agred\u00edan f\u00edsica, verbal y sicol\u00f3gicamente a sus exparejas. Los hechos materia de investigaci\u00f3n se registraron en Arjona y Cartagena (Bol\u00edvar).<span class=\"more-link\"><a href=\"https:\/\/ciudadyregion.com.co\/index.php\/asegurados-presuntos-agresores-de-sus-excompaneras-sentimentales-en-arjona-y-cartagena-bolivar\/judicial\/\">Continuar Leyendo<\/a><\/span><\/p>\n","protected":false},"author":2,"featured_media":39439,"comment_status":"open","ping_status":"open","sticky":false,"template":"","format":"standard","meta":{"_uf_show_specific_survey":0,"_uf_disable_surveys":false,"_jetpack_memberships_contains_paid_content":false,"footnotes":"","jetpack_publicize_message":"","jetpack_publicize_feature_enabled":true,"jetpack_social_post_already_shared":true,"jetpack_social_options":{"image_generator_settings":{"template":"highway","enabled":false},"version":2}},"categories":[18],"tags":[],"class_list":["entry","author-diegoaguirre","post-39438","post","type-post","status-publish","format-standard","has-post-thumbnail","category-judicial"],"jetpack_publicize_connections":[],"yoast_head":"<!-- This site is optimized with the Yoast SEO plugin v24.3 - https:\/\/yoast.com\/wordpress\/plugins\/seo\/ -->\n<title>Asegurados presuntos agresores de sus excompa\u00f1eras sentimentales en Arjona y Cartagena (Bol\u00edvar) - Ciudad y Region<\/title>\n<meta name=\"robots\" content=\"index, follow, max-snippet:-1, max-image-preview:large, max-video-preview:-1\" \/>\n<link rel=\"canonical\" href=\"https:\/\/ciudadyregion.com.co\/index.php\/asegurados-presuntos-agresores-de-sus-excompaneras-sentimentales-en-arjona-y-cartagena-bolivar\/judicial\/\" \/>\n<meta property=\"og:locale\" content=\"es_ES\" \/>\n<meta property=\"og:type\" content=\"article\" \/>\n<meta property=\"og:title\" content=\"Asegurados presuntos agresores de sus excompa\u00f1eras sentimentales en Arjona y Cartagena (Bol\u00edvar) - Ciudad y Region\" \/>\n<meta property=\"og:description\" content=\"Elementos materiales probatorios presentados por la Fiscal\u00eda General de la Naci\u00f3n, permitieron que jueces de control de garant\u00edas, impusieran medidas de aseguramiento en centros carcelarios a dos hombres que presuntamente agred\u00edan f\u00edsica, verbal y sicol\u00f3gicamente a sus exparejas. Los hechos materia de investigaci\u00f3n se registraron en Arjona y Cartagena (Bol\u00edvar).Continuar Leyendo\" \/>\n<meta property=\"og:url\" content=\"https:\/\/ciudadyregion.com.co\/index.php\/asegurados-presuntos-agresores-de-sus-excompaneras-sentimentales-en-arjona-y-cartagena-bolivar\/judicial\/\" \/>\n<meta property=\"og:site_name\" content=\"Ciudad y Region\" \/>\n<meta property=\"article:published_time\" content=\"2025-07-04T09:35:46+00:00\" \/>\n<meta property=\"article:modified_time\" content=\"2025-07-03T17:36:11+00:00\" \/>\n<meta property=\"og:image\" content=\"https:\/\/i0.wp.com\/ciudadyregion.com.co\/wp-content\/uploads\/2025\/07\/maltrato-violencia.jpg?fit=800%2C445&ssl=1\" \/>\n\t<meta property=\"og:image:width\" content=\"800\" \/>\n\t<meta property=\"og:image:height\" content=\"445\" \/>\n\t<meta property=\"og:image:type\" content=\"image\/jpeg\" \/>\n<meta name=\"author\" content=\"David Andr\u00e9s Aguirre\" \/>\n<meta name=\"twitter:card\" content=\"summary_large_image\" \/>\n<meta name=\"twitter:label1\" content=\"Escrito por\" \/>\n\t<meta name=\"twitter:data1\" content=\"David Andr\u00e9s Aguirre\" \/>\n\t<meta name=\"twitter:label2\" content=\"Tiempo de lectura\" \/>\n\t<meta name=\"twitter:data2\" content=\"2 minutos\" \/>\n<script type=\"application\/ld+json\" class=\"yoast-schema-graph\">{\"@context\":\"https:\/\/schema.org\",\"@graph\":[{\"@type\":\"WebPage\",\"@id\":\"https:\/\/ciudadyregion.com.co\/index.php\/asegurados-presuntos-agresores-de-sus-excompaneras-sentimentales-en-arjona-y-cartagena-bolivar\/judicial\/\",\"url\":\"https:\/\/ciudadyregion.com.co\/index.php\/asegurados-presuntos-agresores-de-sus-excompaneras-sentimentales-en-arjona-y-cartagena-bolivar\/judicial\/\",\"name\":\"Asegurados presuntos agresores de sus excompa\u00f1eras sentimentales en Arjona y Cartagena (Bol\u00edvar) - Ciudad y Region\",\"isPartOf\":{\"@id\":\"https:\/\/ciudadyregion.com.co\/#website\"},\"primaryImageOfPage\":{\"@id\":\"https:\/\/ciudadyregion.com.co\/index.php\/asegurados-presuntos-agresores-de-sus-excompaneras-sentimentales-en-arjona-y-cartagena-bolivar\/judicial\/#primaryimage\"},\"image\":{\"@id\":\"https:\/\/ciudadyregion.com.co\/index.php\/asegurados-presuntos-agresores-de-sus-excompaneras-sentimentales-en-arjona-y-cartagena-bolivar\/judicial\/#primaryimage\"},\"thumbnailUrl\":\"https:\/\/i0.wp.com\/ciudadyregion.com.co\/wp-content\/uploads\/2025\/07\/maltrato-violencia.jpg?fit=800%2C445&ssl=1\",\"datePublished\":\"2025-07-04T09:35:46+00:00\",\"dateModified\":\"2025-07-03T17:36:11+00:00\",\"author\":{\"@id\":\"https:\/\/ciudadyregion.com.co\/#\/schema\/person\/04a4954373ebc4051f46e8c65ff78622\"},\"breadcrumb\":{\"@id\":\"https:\/\/ciudadyregion.com.co\/index.php\/asegurados-presuntos-agresores-de-sus-excompaneras-sentimentales-en-arjona-y-cartagena-bolivar\/judicial\/#breadcrumb\"},\"inLanguage\":\"es\",\"potentialAction\":[{\"@type\":\"ReadAction\",\"target\":[\"https:\/\/ciudadyregion.com.co\/index.php\/asegurados-presuntos-agresores-de-sus-excompaneras-sentimentales-en-arjona-y-cartagena-bolivar\/judicial\/\"]}]},{\"@type\":\"ImageObject\",\"inLanguage\":\"es\",\"@id\":\"https:\/\/ciudadyregion.com.co\/index.php\/asegurados-presuntos-agresores-de-sus-excompaneras-sentimentales-en-arjona-y-cartagena-bolivar\/judicial\/#primaryimage\",\"url\":\"https:\/\/i0.wp.com\/ciudadyregion.com.co\/wp-content\/uploads\/2025\/07\/maltrato-violencia.jpg?fit=800%2C445&ssl=1\",\"contentUrl\":\"https:\/\/i0.wp.com\/ciudadyregion.com.co\/wp-content\/uploads\/2025\/07\/maltrato-violencia.jpg?fit=800%2C445&ssl=1\",\"width\":800,\"height\":445},{\"@type\":\"BreadcrumbList\",\"@id\":\"https:\/\/ciudadyregion.com.co\/index.php\/asegurados-presuntos-agresores-de-sus-excompaneras-sentimentales-en-arjona-y-cartagena-bolivar\/judicial\/#breadcrumb\",\"itemListElement\":[{\"@type\":\"ListItem\",\"position\":1,\"name\":\"Portada\",\"item\":\"https:\/\/ciudadyregion.com.co\/\"},{\"@type\":\"ListItem\",\"position\":2,\"name\":\"Asegurados presuntos agresores de sus excompa\u00f1eras sentimentales en Arjona y Cartagena (Bol\u00edvar)\"}]},{\"@type\":\"WebSite\",\"@id\":\"https:\/\/ciudadyregion.com.co\/#website\",\"url\":\"https:\/\/ciudadyregion.com.co\/\",\"name\":\"Ciudad y Region\",\"description\":\"\",\"potentialAction\":[{\"@type\":\"SearchAction\",\"target\":{\"@type\":\"EntryPoint\",\"urlTemplate\":\"https:\/\/ciudadyregion.com.co\/?s={search_term_string}\"},\"query-input\":{\"@type\":\"PropertyValueSpecification\",\"valueRequired\":true,\"valueName\":\"search_term_string\"}}],\"inLanguage\":\"es\"},{\"@type\":\"Person\",\"@id\":\"https:\/\/ciudadyregion.com.co\/#\/schema\/person\/04a4954373ebc4051f46e8c65ff78622\",\"name\":\"David Andr\u00e9s Aguirre\",\"image\":{\"@type\":\"ImageObject\",\"inLanguage\":\"es\",\"@id\":\"https:\/\/ciudadyregion.com.co\/#\/schema\/person\/image\/\",\"url\":\"https:\/\/secure.gravatar.com\/avatar\/bc3c655860202182ee6d1b5edd042dbe?s=96&d=mm&r=g\",\"contentUrl\":\"https:\/\/secure.gravatar.com\/avatar\/bc3c655860202182ee6d1b5edd042dbe?s=96&d=mm&r=g\",\"caption\":\"David Andr\u00e9s Aguirre\"},\"url\":\"https:\/\/ciudadyregion.com.co\/index.php\/author\/diegoaguirre\/\"}]}<\/script>\n<!-- \/ Yoast SEO plugin. -->","yoast_head_json":{"title":"Asegurados presuntos agresores de sus excompa\u00f1eras sentimentales en Arjona y Cartagena (Bol\u00edvar) - Ciudad y Region","robots":{"index":"index","follow":"follow","max-snippet":"max-snippet:-1","max-image-preview":"max-image-preview:large","max-video-preview":"max-video-preview:-1"},"canonical":"https:\/\/ciudadyregion.com.co\/index.php\/asegurados-presuntos-agresores-de-sus-excompaneras-sentimentales-en-arjona-y-cartagena-bolivar\/judicial\/","og_locale":"es_ES","og_type":"article","og_title":"Asegurados presuntos agresores de sus excompa\u00f1eras sentimentales en Arjona y Cartagena (Bol\u00edvar) - Ciudad y Region","og_description":"Elementos materiales probatorios presentados por la Fiscal\u00eda General de la Naci\u00f3n, permitieron que jueces de control de garant\u00edas, impusieran medidas de aseguramiento en centros carcelarios a dos hombres que presuntamente agred\u00edan f\u00edsica, verbal y sicol\u00f3gicamente a sus exparejas. Los hechos materia de investigaci\u00f3n se registraron en Arjona y Cartagena (Bol\u00edvar).Continuar Leyendo","og_url":"https:\/\/ciudadyregion.com.co\/index.php\/asegurados-presuntos-agresores-de-sus-excompaneras-sentimentales-en-arjona-y-cartagena-bolivar\/judicial\/","og_site_name":"Ciudad y Region","article_published_time":"2025-07-04T09:35:46+00:00","article_modified_time":"2025-07-03T17:36:11+00:00","og_image":[{"width":800,"height":445,"url":"https:\/\/i0.wp.com\/ciudadyregion.com.co\/wp-content\/uploads\/2025\/07\/maltrato-violencia.jpg?fit=800%2C445&ssl=1","type":"image\/jpeg"}],"author":"David Andr\u00e9s Aguirre","twitter_card":"summary_large_image","twitter_misc":{"Escrito por":"David Andr\u00e9s Aguirre","Tiempo de lectura":"2 minutos"},"schema":{"@context":"https:\/\/schema.org","@graph":[{"@type":"WebPage","@id":"https:\/\/ciudadyregion.com.co\/index.php\/asegurados-presuntos-agresores-de-sus-excompaneras-sentimentales-en-arjona-y-cartagena-bolivar\/judicial\/","url":"https:\/\/ciudadyregion.com.co\/index.php\/asegurados-presuntos-agresores-de-sus-excompaneras-sentimentales-en-arjona-y-cartagena-bolivar\/judicial\/","name":"Asegurados presuntos agresores de sus excompa\u00f1eras sentimentales en Arjona y Cartagena (Bol\u00edvar) - Ciudad y Region","isPartOf":{"@id":"https:\/\/ciudadyregion.com.co\/#website"},"primaryImageOfPage":{"@id":"https:\/\/ciudadyregion.com.co\/index.php\/asegurados-presuntos-agresores-de-sus-excompaneras-sentimentales-en-arjona-y-cartagena-bolivar\/judicial\/#primaryimage"},"image":{"@id":"https:\/\/ciudadyregion.com.co\/index.php\/asegurados-presuntos-agresores-de-sus-excompaneras-sentimentales-en-arjona-y-cartagena-bolivar\/judicial\/#primaryimage"},"thumbnailUrl":"https:\/\/i0.wp.com\/ciudadyregion.com.co\/wp-content\/uploads\/2025\/07\/maltrato-violencia.jpg?fit=800%2C445&ssl=1","datePublished":"2025-07-04T09:35:46+00:00","dateModified":"2025-07-03T17:36:11+00:00","author":{"@id":"https:\/\/ciudadyregion.com.co\/#\/schema\/person\/04a4954373ebc4051f46e8c65ff78622"},"breadcrumb":{"@id":"https:\/\/ciudadyregion.com.co\/index.php\/asegurados-presuntos-agresores-de-sus-excompaneras-sentimentales-en-arjona-y-cartagena-bolivar\/judicial\/#breadcrumb"},"inLanguage":"es","potentialAction":[{"@type":"ReadAction","target":["https:\/\/ciudadyregion.com.co\/index.php\/asegurados-presuntos-agresores-de-sus-excompaneras-sentimentales-en-arjona-y-cartagena-bolivar\/judicial\/"]}]},{"@type":"ImageObject","inLanguage":"es","@id":"https:\/\/ciudadyregion.com.co\/index.php\/asegurados-presuntos-agresores-de-sus-excompaneras-sentimentales-en-arjona-y-cartagena-bolivar\/judicial\/#primaryimage","url":"https:\/\/i0.wp.com\/ciudadyregion.com.co\/wp-content\/uploads\/2025\/07\/maltrato-violencia.jpg?fit=800%2C445&ssl=1","contentUrl":"https:\/\/i0.wp.com\/ciudadyregion.com.co\/wp-content\/uploads\/2025\/07\/maltrato-violencia.jpg?fit=800%2C445&ssl=1","width":800,"height":445},{"@type":"BreadcrumbList","@id":"https:\/\/ciudadyregion.com.co\/index.php\/asegurados-presuntos-agresores-de-sus-excompaneras-sentimentales-en-arjona-y-cartagena-bolivar\/judicial\/#breadcrumb","itemListElement":[{"@type":"ListItem","position":1,"name":"Portada","item":"https:\/\/ciudadyregion.com.co\/"},{"@type":"ListItem","position":2,"name":"Asegurados presuntos agresores de sus excompa\u00f1eras sentimentales en Arjona y Cartagena (Bol\u00edvar)"}]},{"@type":"WebSite","@id":"https:\/\/ciudadyregion.com.co\/#website","url":"https:\/\/ciudadyregion.com.co\/","name":"Ciudad y Region","description":"","potentialAction":[{"@type":"SearchAction","target":{"@type":"EntryPoint","urlTemplate":"https:\/\/ciudadyregion.com.co\/?s={search_term_string}"},"query-input":{"@type":"PropertyValueSpecification","valueRequired":true,"valueName":"search_term_string"}}],"inLanguage":"es"},{"@type":"Person","@id":"https:\/\/ciudadyregion.com.co\/#\/schema\/person\/04a4954373ebc4051f46e8c65ff78622","name":"David Andr\u00e9s Aguirre","image":{"@type":"ImageObject","inLanguage":"es","@id":"https:\/\/ciudadyregion.com.co\/#\/schema\/person\/image\/","url":"https:\/\/secure.gravatar.com\/avatar\/bc3c655860202182ee6d1b5edd042dbe?s=96&d=mm&r=g","contentUrl":"https:\/\/secure.gravatar.com\/avatar\/bc3c655860202182ee6d1b5edd042dbe?s=96&d=mm&r=g","caption":"David Andr\u00e9s Aguirre"},"url":"https:\/\/ciudadyregion.com.co\/index.php\/author\/diegoaguirre\/"}]}},"jetpack_featured_media_url":"https:\/\/i0.wp.com\/ciudadyregion.com.co\/wp-content\/uploads\/2025\/07\/maltrato-violencia.jpg?fit=800%2C445&ssl=1","jetpack_sharing_enabled":true,"jetpack_shortlink":"https:\/\/wp.me\/pbS7hh-ag6","jetpack-related-posts":[],"_links":{"self":[{"href":"https:\/\/ciudadyregion.com.co\/index.php\/wp-json\/wp\/v2\/posts\/39438"}],"collection":[{"href":"https:\/\/ciudadyregion.com.co\/index.php\/wp-json\/wp\/v2\/posts"}],"about":[{"href":"https:\/\/ciudadyregion.com.co\/index.php\/wp-json\/wp\/v2\/types\/post"}],"author":[{"embeddable":true,"href":"https:\/\/ciudadyregion.com.co\/index.php\/wp-json\/wp\/v2\/users\/2"}],"replies":[{"embeddable":true,"href":"https:\/\/ciudadyregion.com.co\/index.php\/wp-json\/wp\/v2\/comments?post=39438"}],"version-history":[{"count":1,"href":"https:\/\/ciudadyregion.com.co\/index.php\/wp-json\/wp\/v2\/posts\/39438\/revisions"}],"predecessor-version":[{"id":39440,"href":"https:\/\/ciudadyregion.com.co\/index.php\/wp-json\/wp\/v2\/posts\/39438\/revisions\/39440"}],"wp:featuredmedia":[{"embeddable":true,"href":"https:\/\/ciudadyregion.com.co\/index.php\/wp-json\/wp\/v2\/media\/39439"}],"wp:attachment":[{"href":"https:\/\/ciudadyregion.com.co\/index.php\/wp-json\/wp\/v2\/media?parent=39438"}],"wp:term":[{"taxonomy":"category","embeddable":true,"href":"https:\/\/ciudadyregion.com.co\/index.php\/wp-json\/wp\/v2\/categories?post=39438"},{"taxonomy":"post_tag","embeddable":true,"href":"https:\/\/ciudadyregion.com.co\/index.php\/wp-json\/wp\/v2\/tags?post=39438"}],"curies":[{"name":"wp","href":"https:\/\/api.w.org\/{rel}","templated":true}]}}