{"id":39432,"date":"2025-07-04T04:29:56","date_gmt":"2025-07-04T09:29:56","guid":{"rendered":"https:\/\/ciudadyregion.com.co\/?p=39432"},"modified":"2025-07-03T12:30:38","modified_gmt":"2025-07-03T17:30:38","slug":"indignante-en-quindio-fue-judicializado-hombre-que-habria-agredido-sexualmente-a-su-nieta-de-12-anos","status":"publish","type":"post","link":"https:\/\/ciudadyregion.com.co\/index.php\/indignante-en-quindio-fue-judicializado-hombre-que-habria-agredido-sexualmente-a-su-nieta-de-12-anos\/judicial\/","title":{"rendered":"Indignante: En Quind\u00edo fue judicializado hombre que habr\u00eda agredido sexualmente a su nieta de 12 a\u00f1os"},"content":{"rendered":"<p>La Fiscal\u00eda General de la Naci\u00f3n judicializ\u00f3 a un hombre, por su presunta responsabilidad en las agresiones sexuales a su nieta, de 12 a\u00f1os, en hechos ocurridos el 19 de abril de 2025, en el barrio las Am\u00e9ricas, en Armenia (Quind\u00edo).<\/p>\n<p>Por estos hechos, un fiscal de la Seccional Quind\u00edo le imput\u00f3 los delitos de acto sexual con menor de 14 a\u00f1os agravado. El cargo no fue aceptado por el procesado en audiencias concentradas y un juez de control de garant\u00edas le impuso medida de aseguramiento en centro carcelario.<\/p>\n<p>Los hechos ocurrieron cuando el hombre de 48 a\u00f1os, se encontraba viviendo en la misma residencia y al parecer, aprovechaba los momentos en los que se encontraban solo con la v\u00edctima para agredirla sexualmente. Estas situaciones vendr\u00edan ocurriendo desde 2021.<\/p>\n","protected":false},"excerpt":{"rendered":"<p>La Fiscal\u00eda General de la Naci\u00f3n judicializ\u00f3 a un hombre, por su presunta responsabilidad en las agresiones sexuales a su nieta, de 12 a\u00f1os, en hechos ocurridos el 19 de abril de 2025, en el barrio las Am\u00e9ricas, en Armenia (Quind\u00edo). Por estos hechos, un fiscal de la Seccional Quind\u00edo<span class=\"more-link\"><a href=\"https:\/\/ciudadyregion.com.co\/index.php\/indignante-en-quindio-fue-judicializado-hombre-que-habria-agredido-sexualmente-a-su-nieta-de-12-anos\/judicial\/\">Continuar Leyendo<\/a><\/span><\/p>\n","protected":false},"author":2,"featured_media":23406,"comment_status":"open","ping_status":"open","sticky":false,"template":"","format":"standard","meta":{"_uf_show_specific_survey":0,"_uf_disable_surveys":false,"_jetpack_memberships_contains_paid_content":false,"footnotes":"","jetpack_publicize_message":"","jetpack_publicize_feature_enabled":true,"jetpack_social_post_already_shared":true,"jetpack_social_options":{"image_generator_settings":{"template":"highway","enabled":false},"version":2}},"categories":[18],"tags":[],"class_list":["entry","author-diegoaguirre","post-39432","post","type-post","status-publish","format-standard","has-post-thumbnail","category-judicial"],"jetpack_publicize_connections":[],"yoast_head":"<!-- This site is optimized with the Yoast SEO plugin v24.3 - https:\/\/yoast.com\/wordpress\/plugins\/seo\/ -->\n<title>Indignante: En Quind\u00edo fue judicializado hombre que habr\u00eda agredido sexualmente a su nieta de 12 a\u00f1os - Ciudad y Region<\/title>\n<meta name=\"robots\" content=\"index, follow, max-snippet:-1, max-image-preview:large, max-video-preview:-1\" \/>\n<link rel=\"canonical\" href=\"https:\/\/ciudadyregion.com.co\/index.php\/indignante-en-quindio-fue-judicializado-hombre-que-habria-agredido-sexualmente-a-su-nieta-de-12-anos\/judicial\/\" \/>\n<meta property=\"og:locale\" content=\"es_ES\" \/>\n<meta property=\"og:type\" content=\"article\" \/>\n<meta property=\"og:title\" content=\"Indignante: En Quind\u00edo fue judicializado hombre que habr\u00eda agredido sexualmente a su nieta de 12 a\u00f1os - Ciudad y Region\" \/>\n<meta property=\"og:description\" content=\"La Fiscal\u00eda General de la Naci\u00f3n judicializ\u00f3 a un hombre, por su presunta responsabilidad en las agresiones sexuales a su nieta, de 12 a\u00f1os, en hechos ocurridos el 19 de abril de 2025, en el barrio las Am\u00e9ricas, en Armenia (Quind\u00edo). Por estos hechos, un fiscal de la Seccional Quind\u00edoContinuar Leyendo\" \/>\n<meta property=\"og:url\" content=\"https:\/\/ciudadyregion.com.co\/index.php\/indignante-en-quindio-fue-judicializado-hombre-que-habria-agredido-sexualmente-a-su-nieta-de-12-anos\/judicial\/\" \/>\n<meta property=\"og:site_name\" content=\"Ciudad y Region\" \/>\n<meta property=\"article:published_time\" content=\"2025-07-04T09:29:56+00:00\" \/>\n<meta property=\"article:modified_time\" content=\"2025-07-03T17:30:38+00:00\" \/>\n<meta property=\"og:image\" content=\"https:\/\/i0.wp.com\/ciudadyregion.com.co\/wp-content\/uploads\/2024\/10\/abuso-violacion-nina.jpg?fit=800%2C445&ssl=1\" \/>\n\t<meta property=\"og:image:width\" content=\"800\" \/>\n\t<meta property=\"og:image:height\" content=\"445\" \/>\n\t<meta property=\"og:image:type\" content=\"image\/jpeg\" \/>\n<meta name=\"author\" content=\"David Andr\u00e9s Aguirre\" \/>\n<meta name=\"twitter:card\" content=\"summary_large_image\" \/>\n<meta name=\"twitter:label1\" content=\"Escrito por\" \/>\n\t<meta name=\"twitter:data1\" content=\"David Andr\u00e9s Aguirre\" \/>\n\t<meta name=\"twitter:label2\" content=\"Tiempo de lectura\" \/>\n\t<meta name=\"twitter:data2\" content=\"1 minuto\" \/>\n<script type=\"application\/ld+json\" class=\"yoast-schema-graph\">{\"@context\":\"https:\/\/schema.org\",\"@graph\":[{\"@type\":\"WebPage\",\"@id\":\"https:\/\/ciudadyregion.com.co\/index.php\/indignante-en-quindio-fue-judicializado-hombre-que-habria-agredido-sexualmente-a-su-nieta-de-12-anos\/judicial\/\",\"url\":\"https:\/\/ciudadyregion.com.co\/index.php\/indignante-en-quindio-fue-judicializado-hombre-que-habria-agredido-sexualmente-a-su-nieta-de-12-anos\/judicial\/\",\"name\":\"Indignante: En Quind\u00edo fue judicializado hombre que habr\u00eda agredido sexualmente a su nieta de 12 a\u00f1os - Ciudad y Region\",\"isPartOf\":{\"@id\":\"https:\/\/ciudadyregion.com.co\/#website\"},\"primaryImageOfPage\":{\"@id\":\"https:\/\/ciudadyregion.com.co\/index.php\/indignante-en-quindio-fue-judicializado-hombre-que-habria-agredido-sexualmente-a-su-nieta-de-12-anos\/judicial\/#primaryimage\"},\"image\":{\"@id\":\"https:\/\/ciudadyregion.com.co\/index.php\/indignante-en-quindio-fue-judicializado-hombre-que-habria-agredido-sexualmente-a-su-nieta-de-12-anos\/judicial\/#primaryimage\"},\"thumbnailUrl\":\"https:\/\/i0.wp.com\/ciudadyregion.com.co\/wp-content\/uploads\/2024\/10\/abuso-violacion-nina.jpg?fit=800%2C445&ssl=1\",\"datePublished\":\"2025-07-04T09:29:56+00:00\",\"dateModified\":\"2025-07-03T17:30:38+00:00\",\"author\":{\"@id\":\"https:\/\/ciudadyregion.com.co\/#\/schema\/person\/04a4954373ebc4051f46e8c65ff78622\"},\"breadcrumb\":{\"@id\":\"https:\/\/ciudadyregion.com.co\/index.php\/indignante-en-quindio-fue-judicializado-hombre-que-habria-agredido-sexualmente-a-su-nieta-de-12-anos\/judicial\/#breadcrumb\"},\"inLanguage\":\"es\",\"potentialAction\":[{\"@type\":\"ReadAction\",\"target\":[\"https:\/\/ciudadyregion.com.co\/index.php\/indignante-en-quindio-fue-judicializado-hombre-que-habria-agredido-sexualmente-a-su-nieta-de-12-anos\/judicial\/\"]}]},{\"@type\":\"ImageObject\",\"inLanguage\":\"es\",\"@id\":\"https:\/\/ciudadyregion.com.co\/index.php\/indignante-en-quindio-fue-judicializado-hombre-que-habria-agredido-sexualmente-a-su-nieta-de-12-anos\/judicial\/#primaryimage\",\"url\":\"https:\/\/i0.wp.com\/ciudadyregion.com.co\/wp-content\/uploads\/2024\/10\/abuso-violacion-nina.jpg?fit=800%2C445&ssl=1\",\"contentUrl\":\"https:\/\/i0.wp.com\/ciudadyregion.com.co\/wp-content\/uploads\/2024\/10\/abuso-violacion-nina.jpg?fit=800%2C445&ssl=1\",\"width\":800,\"height\":445},{\"@type\":\"BreadcrumbList\",\"@id\":\"https:\/\/ciudadyregion.com.co\/index.php\/indignante-en-quindio-fue-judicializado-hombre-que-habria-agredido-sexualmente-a-su-nieta-de-12-anos\/judicial\/#breadcrumb\",\"itemListElement\":[{\"@type\":\"ListItem\",\"position\":1,\"name\":\"Portada\",\"item\":\"https:\/\/ciudadyregion.com.co\/\"},{\"@type\":\"ListItem\",\"position\":2,\"name\":\"Indignante: En Quind\u00edo fue judicializado hombre que habr\u00eda agredido sexualmente a su nieta de 12 a\u00f1os\"}]},{\"@type\":\"WebSite\",\"@id\":\"https:\/\/ciudadyregion.com.co\/#website\",\"url\":\"https:\/\/ciudadyregion.com.co\/\",\"name\":\"Ciudad y Region\",\"description\":\"\",\"potentialAction\":[{\"@type\":\"SearchAction\",\"target\":{\"@type\":\"EntryPoint\",\"urlTemplate\":\"https:\/\/ciudadyregion.com.co\/?s={search_term_string}\"},\"query-input\":{\"@type\":\"PropertyValueSpecification\",\"valueRequired\":true,\"valueName\":\"search_term_string\"}}],\"inLanguage\":\"es\"},{\"@type\":\"Person\",\"@id\":\"https:\/\/ciudadyregion.com.co\/#\/schema\/person\/04a4954373ebc4051f46e8c65ff78622\",\"name\":\"David Andr\u00e9s Aguirre\",\"image\":{\"@type\":\"ImageObject\",\"inLanguage\":\"es\",\"@id\":\"https:\/\/ciudadyregion.com.co\/#\/schema\/person\/image\/\",\"url\":\"https:\/\/secure.gravatar.com\/avatar\/bc3c655860202182ee6d1b5edd042dbe?s=96&d=mm&r=g\",\"contentUrl\":\"https:\/\/secure.gravatar.com\/avatar\/bc3c655860202182ee6d1b5edd042dbe?s=96&d=mm&r=g\",\"caption\":\"David Andr\u00e9s Aguirre\"},\"url\":\"https:\/\/ciudadyregion.com.co\/index.php\/author\/diegoaguirre\/\"}]}<\/script>\n<!-- \/ Yoast SEO plugin. -->","yoast_head_json":{"title":"Indignante: En Quind\u00edo fue judicializado hombre que habr\u00eda agredido sexualmente a su nieta de 12 a\u00f1os - Ciudad y Region","robots":{"index":"index","follow":"follow","max-snippet":"max-snippet:-1","max-image-preview":"max-image-preview:large","max-video-preview":"max-video-preview:-1"},"canonical":"https:\/\/ciudadyregion.com.co\/index.php\/indignante-en-quindio-fue-judicializado-hombre-que-habria-agredido-sexualmente-a-su-nieta-de-12-anos\/judicial\/","og_locale":"es_ES","og_type":"article","og_title":"Indignante: En Quind\u00edo fue judicializado hombre que habr\u00eda agredido sexualmente a su nieta de 12 a\u00f1os - Ciudad y Region","og_description":"La Fiscal\u00eda General de la Naci\u00f3n judicializ\u00f3 a un hombre, por su presunta responsabilidad en las agresiones sexuales a su nieta, de 12 a\u00f1os, en hechos ocurridos el 19 de abril de 2025, en el barrio las Am\u00e9ricas, en Armenia (Quind\u00edo). Por estos hechos, un fiscal de la Seccional Quind\u00edoContinuar Leyendo","og_url":"https:\/\/ciudadyregion.com.co\/index.php\/indignante-en-quindio-fue-judicializado-hombre-que-habria-agredido-sexualmente-a-su-nieta-de-12-anos\/judicial\/","og_site_name":"Ciudad y Region","article_published_time":"2025-07-04T09:29:56+00:00","article_modified_time":"2025-07-03T17:30:38+00:00","og_image":[{"width":800,"height":445,"url":"https:\/\/i0.wp.com\/ciudadyregion.com.co\/wp-content\/uploads\/2024\/10\/abuso-violacion-nina.jpg?fit=800%2C445&ssl=1","type":"image\/jpeg"}],"author":"David Andr\u00e9s Aguirre","twitter_card":"summary_large_image","twitter_misc":{"Escrito por":"David Andr\u00e9s Aguirre","Tiempo de lectura":"1 minuto"},"schema":{"@context":"https:\/\/schema.org","@graph":[{"@type":"WebPage","@id":"https:\/\/ciudadyregion.com.co\/index.php\/indignante-en-quindio-fue-judicializado-hombre-que-habria-agredido-sexualmente-a-su-nieta-de-12-anos\/judicial\/","url":"https:\/\/ciudadyregion.com.co\/index.php\/indignante-en-quindio-fue-judicializado-hombre-que-habria-agredido-sexualmente-a-su-nieta-de-12-anos\/judicial\/","name":"Indignante: En Quind\u00edo fue judicializado hombre que habr\u00eda agredido sexualmente a su nieta de 12 a\u00f1os - Ciudad y Region","isPartOf":{"@id":"https:\/\/ciudadyregion.com.co\/#website"},"primaryImageOfPage":{"@id":"https:\/\/ciudadyregion.com.co\/index.php\/indignante-en-quindio-fue-judicializado-hombre-que-habria-agredido-sexualmente-a-su-nieta-de-12-anos\/judicial\/#primaryimage"},"image":{"@id":"https:\/\/ciudadyregion.com.co\/index.php\/indignante-en-quindio-fue-judicializado-hombre-que-habria-agredido-sexualmente-a-su-nieta-de-12-anos\/judicial\/#primaryimage"},"thumbnailUrl":"https:\/\/i0.wp.com\/ciudadyregion.com.co\/wp-content\/uploads\/2024\/10\/abuso-violacion-nina.jpg?fit=800%2C445&ssl=1","datePublished":"2025-07-04T09:29:56+00:00","dateModified":"2025-07-03T17:30:38+00:00","author":{"@id":"https:\/\/ciudadyregion.com.co\/#\/schema\/person\/04a4954373ebc4051f46e8c65ff78622"},"breadcrumb":{"@id":"https:\/\/ciudadyregion.com.co\/index.php\/indignante-en-quindio-fue-judicializado-hombre-que-habria-agredido-sexualmente-a-su-nieta-de-12-anos\/judicial\/#breadcrumb"},"inLanguage":"es","potentialAction":[{"@type":"ReadAction","target":["https:\/\/ciudadyregion.com.co\/index.php\/indignante-en-quindio-fue-judicializado-hombre-que-habria-agredido-sexualmente-a-su-nieta-de-12-anos\/judicial\/"]}]},{"@type":"ImageObject","inLanguage":"es","@id":"https:\/\/ciudadyregion.com.co\/index.php\/indignante-en-quindio-fue-judicializado-hombre-que-habria-agredido-sexualmente-a-su-nieta-de-12-anos\/judicial\/#primaryimage","url":"https:\/\/i0.wp.com\/ciudadyregion.com.co\/wp-content\/uploads\/2024\/10\/abuso-violacion-nina.jpg?fit=800%2C445&ssl=1","contentUrl":"https:\/\/i0.wp.com\/ciudadyregion.com.co\/wp-content\/uploads\/2024\/10\/abuso-violacion-nina.jpg?fit=800%2C445&ssl=1","width":800,"height":445},{"@type":"BreadcrumbList","@id":"https:\/\/ciudadyregion.com.co\/index.php\/indignante-en-quindio-fue-judicializado-hombre-que-habria-agredido-sexualmente-a-su-nieta-de-12-anos\/judicial\/#breadcrumb","itemListElement":[{"@type":"ListItem","position":1,"name":"Portada","item":"https:\/\/ciudadyregion.com.co\/"},{"@type":"ListItem","position":2,"name":"Indignante: En Quind\u00edo fue judicializado hombre que habr\u00eda agredido sexualmente a su nieta de 12 a\u00f1os"}]},{"@type":"WebSite","@id":"https:\/\/ciudadyregion.com.co\/#website","url":"https:\/\/ciudadyregion.com.co\/","name":"Ciudad y Region","description":"","potentialAction":[{"@type":"SearchAction","target":{"@type":"EntryPoint","urlTemplate":"https:\/\/ciudadyregion.com.co\/?s={search_term_string}"},"query-input":{"@type":"PropertyValueSpecification","valueRequired":true,"valueName":"search_term_string"}}],"inLanguage":"es"},{"@type":"Person","@id":"https:\/\/ciudadyregion.com.co\/#\/schema\/person\/04a4954373ebc4051f46e8c65ff78622","name":"David Andr\u00e9s Aguirre","image":{"@type":"ImageObject","inLanguage":"es","@id":"https:\/\/ciudadyregion.com.co\/#\/schema\/person\/image\/","url":"https:\/\/secure.gravatar.com\/avatar\/bc3c655860202182ee6d1b5edd042dbe?s=96&d=mm&r=g","contentUrl":"https:\/\/secure.gravatar.com\/avatar\/bc3c655860202182ee6d1b5edd042dbe?s=96&d=mm&r=g","caption":"David Andr\u00e9s Aguirre"},"url":"https:\/\/ciudadyregion.com.co\/index.php\/author\/diegoaguirre\/"}]}},"jetpack_featured_media_url":"https:\/\/i0.wp.com\/ciudadyregion.com.co\/wp-content\/uploads\/2024\/10\/abuso-violacion-nina.jpg?fit=800%2C445&ssl=1","jetpack_sharing_enabled":true,"jetpack_shortlink":"https:\/\/wp.me\/pbS7hh-ag0","jetpack-related-posts":[],"_links":{"self":[{"href":"https:\/\/ciudadyregion.com.co\/index.php\/wp-json\/wp\/v2\/posts\/39432"}],"collection":[{"href":"https:\/\/ciudadyregion.com.co\/index.php\/wp-json\/wp\/v2\/posts"}],"about":[{"href":"https:\/\/ciudadyregion.com.co\/index.php\/wp-json\/wp\/v2\/types\/post"}],"author":[{"embeddable":true,"href":"https:\/\/ciudadyregion.com.co\/index.php\/wp-json\/wp\/v2\/users\/2"}],"replies":[{"embeddable":true,"href":"https:\/\/ciudadyregion.com.co\/index.php\/wp-json\/wp\/v2\/comments?post=39432"}],"version-history":[{"count":1,"href":"https:\/\/ciudadyregion.com.co\/index.php\/wp-json\/wp\/v2\/posts\/39432\/revisions"}],"predecessor-version":[{"id":39433,"href":"https:\/\/ciudadyregion.com.co\/index.php\/wp-json\/wp\/v2\/posts\/39432\/revisions\/39433"}],"wp:featuredmedia":[{"embeddable":true,"href":"https:\/\/ciudadyregion.com.co\/index.php\/wp-json\/wp\/v2\/media\/23406"}],"wp:attachment":[{"href":"https:\/\/ciudadyregion.com.co\/index.php\/wp-json\/wp\/v2\/media?parent=39432"}],"wp:term":[{"taxonomy":"category","embeddable":true,"href":"https:\/\/ciudadyregion.com.co\/index.php\/wp-json\/wp\/v2\/categories?post=39432"},{"taxonomy":"post_tag","embeddable":true,"href":"https:\/\/ciudadyregion.com.co\/index.php\/wp-json\/wp\/v2\/tags?post=39432"}],"curies":[{"name":"wp","href":"https:\/\/api.w.org\/{rel}","templated":true}]}}