{"id":38900,"date":"2025-06-26T04:16:28","date_gmt":"2025-06-26T09:16:28","guid":{"rendered":"https:\/\/ciudadyregion.com.co\/?p=38900"},"modified":"2025-06-25T16:18:30","modified_gmt":"2025-06-25T21:18:30","slug":"condenados-a-27-anos-de-prision-implicados-en-el-homicidio-del-director-de-la-carcel-la-modelo-en-bogota","status":"publish","type":"post","link":"https:\/\/ciudadyregion.com.co\/index.php\/condenados-a-27-anos-de-prision-implicados-en-el-homicidio-del-director-de-la-carcel-la-modelo-en-bogota\/judicial\/","title":{"rendered":"Condenados a 27 a\u00f1os de prisi\u00f3n implicados en el homicidio del director de la c\u00e1rcel La Modelo en Bogot\u00e1"},"content":{"rendered":"<p><em><strong>En el curso de la investigaci\u00f3n se estableci\u00f3 que fueron los responsables de realizar las labores de vigilancia a la v\u00edctima y ejecutar el crimen.<\/strong><\/em><\/p>\n<p class=\"s8\">En atenci\u00f3n a las pruebas obtenidas por la Fiscal\u00eda General de la Naci\u00f3n, Anyelo C\u00e1rdenas Cuca, Diego Alejandro Murillo Rivera, Sharon Juliet Mart\u00ednez Roa y Juan David Beltr\u00e1n Torres aceptaron mediante preacuerdo su participaci\u00f3n en el crimen del director de la c\u00e1rcel La Modelo de Bogot\u00e1, el coronel en retiro \u00c9lmer Fern\u00e1ndez Velasco, ocurrido el 16 de mayo de 2024, en la localidad de Barrios Unidos.<\/p>\n<figure id=\"attachment_317750\" class=\"wp-caption alignnone\" aria-describedby=\"caption-attachment-317750\"><img data-recalc-dims=\"1\" loading=\"lazy\" decoding=\"async\" class=\"size-medium wp-image-317750 td-animation-stack-type0-2\" src=\"https:\/\/i0.wp.com\/www.fiscalia.gov.co\/colombia\/wp-content\/uploads\/81274701-c776-4e99-b799-9beb32e2a3a0-300x169.jpeg?resize=300%2C169&#038;ssl=1\" sizes=\"(max-width: 300px) 100vw, 300px\" srcset=\"https:\/\/www.fiscalia.gov.co\/colombia\/wp-content\/uploads\/81274701-c776-4e99-b799-9beb32e2a3a0-300x169.jpeg 300w, https:\/\/www.fiscalia.gov.co\/colombia\/wp-content\/uploads\/81274701-c776-4e99-b799-9beb32e2a3a0-1024x576.jpeg 1024w, https:\/\/www.fiscalia.gov.co\/colombia\/wp-content\/uploads\/81274701-c776-4e99-b799-9beb32e2a3a0-768x432.jpeg 768w, https:\/\/www.fiscalia.gov.co\/colombia\/wp-content\/uploads\/81274701-c776-4e99-b799-9beb32e2a3a0-1536x864.jpeg 1536w, https:\/\/www.fiscalia.gov.co\/colombia\/wp-content\/uploads\/81274701-c776-4e99-b799-9beb32e2a3a0-747x420.jpeg 747w, https:\/\/www.fiscalia.gov.co\/colombia\/wp-content\/uploads\/81274701-c776-4e99-b799-9beb32e2a3a0-696x392.jpeg 696w, https:\/\/www.fiscalia.gov.co\/colombia\/wp-content\/uploads\/81274701-c776-4e99-b799-9beb32e2a3a0-1068x601.jpeg 1068w, https:\/\/www.fiscalia.gov.co\/colombia\/wp-content\/uploads\/81274701-c776-4e99-b799-9beb32e2a3a0.jpeg 1600w\" alt=\"En la fotograf\u00eda se observan tres personas dos de ellas uniformados de la Polic\u00eda Nacional y el capturado.\" width=\"300\" height=\"169\" \/><figcaption id=\"caption-attachment-317750\" class=\"wp-caption-text\">Beltr\u00e1n Torres fue el responsable de disparar contra la v\u00edctima, y movilizarse en una motocicleta que era conducida por Murillo Rivera.<\/figcaption><\/figure>\n<p class=\"s8\">Los t\u00e9rminos de la negociaci\u00f3n judicial fueron avalados por un juez penal especializado de Bogot\u00e1, que los conden\u00f3 a 27 a\u00f1os de prisi\u00f3n por los delitos de homicidio y fabricaci\u00f3n, tr\u00e1fico, porte o tenencia de armas de fuego, accesorios, partes o municiones, ambas conductas agravadas.<\/p>\n<p>En el curso de la investigaci\u00f3n, dirigida por un fiscal de la Unidad de Vida de la Seccional Bogot\u00e1, se estableci\u00f3 que los hoy sentenciados cumplieron diferentes roles durante la planeaci\u00f3n y ejecuci\u00f3n de la acci\u00f3n delictiva. Beltr\u00e1n Torres fue el responsable de disparar contra la v\u00edctima, y movilizarse en una motocicleta que era conducida por Murillo Rivera.<\/p>\n<figure id=\"attachment_317751\" class=\"wp-caption alignnone\" aria-describedby=\"caption-attachment-317751\"><img data-recalc-dims=\"1\" loading=\"lazy\" decoding=\"async\" class=\"size-medium wp-image-317751 td-animation-stack-type0-2\" src=\"https:\/\/i0.wp.com\/www.fiscalia.gov.co\/colombia\/wp-content\/uploads\/c0515394-a956-4a1a-b4d1-48875b3a6902-274x300.jpeg?resize=274%2C300&#038;ssl=1\" sizes=\"(max-width: 274px) 100vw, 274px\" srcset=\"https:\/\/www.fiscalia.gov.co\/colombia\/wp-content\/uploads\/c0515394-a956-4a1a-b4d1-48875b3a6902-274x300.jpeg 274w, https:\/\/www.fiscalia.gov.co\/colombia\/wp-content\/uploads\/c0515394-a956-4a1a-b4d1-48875b3a6902-934x1024.jpeg 934w, https:\/\/www.fiscalia.gov.co\/colombia\/wp-content\/uploads\/c0515394-a956-4a1a-b4d1-48875b3a6902-768x842.jpeg 768w, https:\/\/www.fiscalia.gov.co\/colombia\/wp-content\/uploads\/c0515394-a956-4a1a-b4d1-48875b3a6902-383x420.jpeg 383w, https:\/\/www.fiscalia.gov.co\/colombia\/wp-content\/uploads\/c0515394-a956-4a1a-b4d1-48875b3a6902-696x763.jpeg 696w, https:\/\/www.fiscalia.gov.co\/colombia\/wp-content\/uploads\/c0515394-a956-4a1a-b4d1-48875b3a6902-1068x1171.jpeg 1068w, https:\/\/www.fiscalia.gov.co\/colombia\/wp-content\/uploads\/c0515394-a956-4a1a-b4d1-48875b3a6902.jpeg 1167w\" alt=\"El la fotograf\u00eda se observan tres personas dos de ellas investigadores del CTI, y la capturada que le est\u00e1n leyendo sus derechos.\" width=\"274\" height=\"300\" \/><figcaption id=\"caption-attachment-317751\" class=\"wp-caption-text\">Sharon Juliet Mart\u00ednez Roa y Anyelo C\u00e1rdenas Cuca, realizaron vigilancias en inmediaciones a la c\u00e1rcel y siguieron a la v\u00edctima para informar al sicario la ruta que tomaba la v\u00edctima.<\/figcaption><\/figure>\n<p class=\"s8\">Por su parte, Mart\u00ednez Roa y C\u00e1rdenas Cuca realizaron vigilancias en inmediaciones de La Modelo, detectaron el momento en el que el directivo sali\u00f3 de la penitenciar\u00eda en un veh\u00edculo oficial y lo siguieron a bordo de una motocicleta. Durante el recorrido mantuvieron comunicaci\u00f3n con el sicario, y le se\u00f1alaron la ruta que tomaba el coronel en retiro para que fuera atacado.<\/p>\n","protected":false},"excerpt":{"rendered":"<p>En el curso de la investigaci\u00f3n se estableci\u00f3 que fueron los responsables de realizar las labores de vigilancia a la v\u00edctima y ejecutar el crimen. En atenci\u00f3n a las pruebas obtenidas por la Fiscal\u00eda General de la Naci\u00f3n, Anyelo C\u00e1rdenas Cuca, Diego Alejandro Murillo Rivera, Sharon Juliet Mart\u00ednez Roa y<span class=\"more-link\"><a href=\"https:\/\/ciudadyregion.com.co\/index.php\/condenados-a-27-anos-de-prision-implicados-en-el-homicidio-del-director-de-la-carcel-la-modelo-en-bogota\/judicial\/\">Continuar Leyendo<\/a><\/span><\/p>\n","protected":false},"author":2,"featured_media":38901,"comment_status":"open","ping_status":"open","sticky":false,"template":"","format":"standard","meta":{"_uf_show_specific_survey":0,"_uf_disable_surveys":false,"_jetpack_memberships_contains_paid_content":false,"footnotes":"","jetpack_publicize_message":"","jetpack_publicize_feature_enabled":true,"jetpack_social_post_already_shared":true,"jetpack_social_options":{"image_generator_settings":{"template":"highway","enabled":false},"version":2}},"categories":[18],"tags":[],"class_list":["entry","author-diegoaguirre","post-38900","post","type-post","status-publish","format-standard","has-post-thumbnail","category-judicial"],"jetpack_publicize_connections":[],"yoast_head":"<!-- This site is optimized with the Yoast SEO plugin v24.3 - https:\/\/yoast.com\/wordpress\/plugins\/seo\/ -->\n<title>Condenados a 27 a\u00f1os de prisi\u00f3n implicados en el homicidio del director de la c\u00e1rcel La Modelo en Bogot\u00e1 - Ciudad y Region<\/title>\n<meta name=\"robots\" content=\"index, follow, max-snippet:-1, max-image-preview:large, max-video-preview:-1\" \/>\n<link rel=\"canonical\" href=\"https:\/\/ciudadyregion.com.co\/index.php\/condenados-a-27-anos-de-prision-implicados-en-el-homicidio-del-director-de-la-carcel-la-modelo-en-bogota\/judicial\/\" \/>\n<meta property=\"og:locale\" content=\"es_ES\" \/>\n<meta property=\"og:type\" content=\"article\" \/>\n<meta property=\"og:title\" content=\"Condenados a 27 a\u00f1os de prisi\u00f3n implicados en el homicidio del director de la c\u00e1rcel La Modelo en Bogot\u00e1 - Ciudad y Region\" \/>\n<meta property=\"og:description\" content=\"En el curso de la investigaci\u00f3n se estableci\u00f3 que fueron los responsables de realizar las labores de vigilancia a la v\u00edctima y ejecutar el crimen. En atenci\u00f3n a las pruebas obtenidas por la Fiscal\u00eda General de la Naci\u00f3n, Anyelo C\u00e1rdenas Cuca, Diego Alejandro Murillo Rivera, Sharon Juliet Mart\u00ednez Roa yContinuar Leyendo\" \/>\n<meta property=\"og:url\" content=\"https:\/\/ciudadyregion.com.co\/index.php\/condenados-a-27-anos-de-prision-implicados-en-el-homicidio-del-director-de-la-carcel-la-modelo-en-bogota\/judicial\/\" \/>\n<meta property=\"og:site_name\" content=\"Ciudad y Region\" \/>\n<meta property=\"article:published_time\" content=\"2025-06-26T09:16:28+00:00\" \/>\n<meta property=\"article:modified_time\" content=\"2025-06-25T21:18:30+00:00\" \/>\n<meta property=\"og:image\" content=\"https:\/\/i0.wp.com\/ciudadyregion.com.co\/wp-content\/uploads\/2025\/06\/4.jpg?fit=800%2C445&ssl=1\" \/>\n\t<meta property=\"og:image:width\" content=\"800\" \/>\n\t<meta property=\"og:image:height\" content=\"445\" \/>\n\t<meta property=\"og:image:type\" content=\"image\/jpeg\" \/>\n<meta name=\"author\" content=\"David Andr\u00e9s Aguirre\" \/>\n<meta name=\"twitter:card\" content=\"summary_large_image\" \/>\n<meta name=\"twitter:label1\" content=\"Escrito por\" \/>\n\t<meta name=\"twitter:data1\" content=\"David Andr\u00e9s Aguirre\" \/>\n\t<meta name=\"twitter:label2\" content=\"Tiempo de lectura\" \/>\n\t<meta name=\"twitter:data2\" content=\"3 minutos\" \/>\n<script type=\"application\/ld+json\" class=\"yoast-schema-graph\">{\"@context\":\"https:\/\/schema.org\",\"@graph\":[{\"@type\":\"WebPage\",\"@id\":\"https:\/\/ciudadyregion.com.co\/index.php\/condenados-a-27-anos-de-prision-implicados-en-el-homicidio-del-director-de-la-carcel-la-modelo-en-bogota\/judicial\/\",\"url\":\"https:\/\/ciudadyregion.com.co\/index.php\/condenados-a-27-anos-de-prision-implicados-en-el-homicidio-del-director-de-la-carcel-la-modelo-en-bogota\/judicial\/\",\"name\":\"Condenados a 27 a\u00f1os de prisi\u00f3n implicados en el homicidio del director de la c\u00e1rcel La Modelo en Bogot\u00e1 - Ciudad y Region\",\"isPartOf\":{\"@id\":\"https:\/\/ciudadyregion.com.co\/#website\"},\"primaryImageOfPage\":{\"@id\":\"https:\/\/ciudadyregion.com.co\/index.php\/condenados-a-27-anos-de-prision-implicados-en-el-homicidio-del-director-de-la-carcel-la-modelo-en-bogota\/judicial\/#primaryimage\"},\"image\":{\"@id\":\"https:\/\/ciudadyregion.com.co\/index.php\/condenados-a-27-anos-de-prision-implicados-en-el-homicidio-del-director-de-la-carcel-la-modelo-en-bogota\/judicial\/#primaryimage\"},\"thumbnailUrl\":\"https:\/\/i0.wp.com\/ciudadyregion.com.co\/wp-content\/uploads\/2025\/06\/4.jpg?fit=800%2C445&ssl=1\",\"datePublished\":\"2025-06-26T09:16:28+00:00\",\"dateModified\":\"2025-06-25T21:18:30+00:00\",\"author\":{\"@id\":\"https:\/\/ciudadyregion.com.co\/#\/schema\/person\/04a4954373ebc4051f46e8c65ff78622\"},\"breadcrumb\":{\"@id\":\"https:\/\/ciudadyregion.com.co\/index.php\/condenados-a-27-anos-de-prision-implicados-en-el-homicidio-del-director-de-la-carcel-la-modelo-en-bogota\/judicial\/#breadcrumb\"},\"inLanguage\":\"es\",\"potentialAction\":[{\"@type\":\"ReadAction\",\"target\":[\"https:\/\/ciudadyregion.com.co\/index.php\/condenados-a-27-anos-de-prision-implicados-en-el-homicidio-del-director-de-la-carcel-la-modelo-en-bogota\/judicial\/\"]}]},{\"@type\":\"ImageObject\",\"inLanguage\":\"es\",\"@id\":\"https:\/\/ciudadyregion.com.co\/index.php\/condenados-a-27-anos-de-prision-implicados-en-el-homicidio-del-director-de-la-carcel-la-modelo-en-bogota\/judicial\/#primaryimage\",\"url\":\"https:\/\/i0.wp.com\/ciudadyregion.com.co\/wp-content\/uploads\/2025\/06\/4.jpg?fit=800%2C445&ssl=1\",\"contentUrl\":\"https:\/\/i0.wp.com\/ciudadyregion.com.co\/wp-content\/uploads\/2025\/06\/4.jpg?fit=800%2C445&ssl=1\",\"width\":800,\"height\":445},{\"@type\":\"BreadcrumbList\",\"@id\":\"https:\/\/ciudadyregion.com.co\/index.php\/condenados-a-27-anos-de-prision-implicados-en-el-homicidio-del-director-de-la-carcel-la-modelo-en-bogota\/judicial\/#breadcrumb\",\"itemListElement\":[{\"@type\":\"ListItem\",\"position\":1,\"name\":\"Portada\",\"item\":\"https:\/\/ciudadyregion.com.co\/\"},{\"@type\":\"ListItem\",\"position\":2,\"name\":\"Condenados a 27 a\u00f1os de prisi\u00f3n implicados en el homicidio del director de la c\u00e1rcel La Modelo en Bogot\u00e1\"}]},{\"@type\":\"WebSite\",\"@id\":\"https:\/\/ciudadyregion.com.co\/#website\",\"url\":\"https:\/\/ciudadyregion.com.co\/\",\"name\":\"Ciudad y Region\",\"description\":\"\",\"potentialAction\":[{\"@type\":\"SearchAction\",\"target\":{\"@type\":\"EntryPoint\",\"urlTemplate\":\"https:\/\/ciudadyregion.com.co\/?s={search_term_string}\"},\"query-input\":{\"@type\":\"PropertyValueSpecification\",\"valueRequired\":true,\"valueName\":\"search_term_string\"}}],\"inLanguage\":\"es\"},{\"@type\":\"Person\",\"@id\":\"https:\/\/ciudadyregion.com.co\/#\/schema\/person\/04a4954373ebc4051f46e8c65ff78622\",\"name\":\"David Andr\u00e9s Aguirre\",\"image\":{\"@type\":\"ImageObject\",\"inLanguage\":\"es\",\"@id\":\"https:\/\/ciudadyregion.com.co\/#\/schema\/person\/image\/\",\"url\":\"https:\/\/secure.gravatar.com\/avatar\/bc3c655860202182ee6d1b5edd042dbe?s=96&d=mm&r=g\",\"contentUrl\":\"https:\/\/secure.gravatar.com\/avatar\/bc3c655860202182ee6d1b5edd042dbe?s=96&d=mm&r=g\",\"caption\":\"David Andr\u00e9s Aguirre\"},\"url\":\"https:\/\/ciudadyregion.com.co\/index.php\/author\/diegoaguirre\/\"}]}<\/script>\n<!-- \/ Yoast SEO plugin. -->","yoast_head_json":{"title":"Condenados a 27 a\u00f1os de prisi\u00f3n implicados en el homicidio del director de la c\u00e1rcel La Modelo en Bogot\u00e1 - Ciudad y Region","robots":{"index":"index","follow":"follow","max-snippet":"max-snippet:-1","max-image-preview":"max-image-preview:large","max-video-preview":"max-video-preview:-1"},"canonical":"https:\/\/ciudadyregion.com.co\/index.php\/condenados-a-27-anos-de-prision-implicados-en-el-homicidio-del-director-de-la-carcel-la-modelo-en-bogota\/judicial\/","og_locale":"es_ES","og_type":"article","og_title":"Condenados a 27 a\u00f1os de prisi\u00f3n implicados en el homicidio del director de la c\u00e1rcel La Modelo en Bogot\u00e1 - Ciudad y Region","og_description":"En el curso de la investigaci\u00f3n se estableci\u00f3 que fueron los responsables de realizar las labores de vigilancia a la v\u00edctima y ejecutar el crimen. En atenci\u00f3n a las pruebas obtenidas por la Fiscal\u00eda General de la Naci\u00f3n, Anyelo C\u00e1rdenas Cuca, Diego Alejandro Murillo Rivera, Sharon Juliet Mart\u00ednez Roa yContinuar Leyendo","og_url":"https:\/\/ciudadyregion.com.co\/index.php\/condenados-a-27-anos-de-prision-implicados-en-el-homicidio-del-director-de-la-carcel-la-modelo-en-bogota\/judicial\/","og_site_name":"Ciudad y Region","article_published_time":"2025-06-26T09:16:28+00:00","article_modified_time":"2025-06-25T21:18:30+00:00","og_image":[{"width":800,"height":445,"url":"https:\/\/i0.wp.com\/ciudadyregion.com.co\/wp-content\/uploads\/2025\/06\/4.jpg?fit=800%2C445&ssl=1","type":"image\/jpeg"}],"author":"David Andr\u00e9s Aguirre","twitter_card":"summary_large_image","twitter_misc":{"Escrito por":"David Andr\u00e9s Aguirre","Tiempo de lectura":"3 minutos"},"schema":{"@context":"https:\/\/schema.org","@graph":[{"@type":"WebPage","@id":"https:\/\/ciudadyregion.com.co\/index.php\/condenados-a-27-anos-de-prision-implicados-en-el-homicidio-del-director-de-la-carcel-la-modelo-en-bogota\/judicial\/","url":"https:\/\/ciudadyregion.com.co\/index.php\/condenados-a-27-anos-de-prision-implicados-en-el-homicidio-del-director-de-la-carcel-la-modelo-en-bogota\/judicial\/","name":"Condenados a 27 a\u00f1os de prisi\u00f3n implicados en el homicidio del director de la c\u00e1rcel La Modelo en Bogot\u00e1 - Ciudad y Region","isPartOf":{"@id":"https:\/\/ciudadyregion.com.co\/#website"},"primaryImageOfPage":{"@id":"https:\/\/ciudadyregion.com.co\/index.php\/condenados-a-27-anos-de-prision-implicados-en-el-homicidio-del-director-de-la-carcel-la-modelo-en-bogota\/judicial\/#primaryimage"},"image":{"@id":"https:\/\/ciudadyregion.com.co\/index.php\/condenados-a-27-anos-de-prision-implicados-en-el-homicidio-del-director-de-la-carcel-la-modelo-en-bogota\/judicial\/#primaryimage"},"thumbnailUrl":"https:\/\/i0.wp.com\/ciudadyregion.com.co\/wp-content\/uploads\/2025\/06\/4.jpg?fit=800%2C445&ssl=1","datePublished":"2025-06-26T09:16:28+00:00","dateModified":"2025-06-25T21:18:30+00:00","author":{"@id":"https:\/\/ciudadyregion.com.co\/#\/schema\/person\/04a4954373ebc4051f46e8c65ff78622"},"breadcrumb":{"@id":"https:\/\/ciudadyregion.com.co\/index.php\/condenados-a-27-anos-de-prision-implicados-en-el-homicidio-del-director-de-la-carcel-la-modelo-en-bogota\/judicial\/#breadcrumb"},"inLanguage":"es","potentialAction":[{"@type":"ReadAction","target":["https:\/\/ciudadyregion.com.co\/index.php\/condenados-a-27-anos-de-prision-implicados-en-el-homicidio-del-director-de-la-carcel-la-modelo-en-bogota\/judicial\/"]}]},{"@type":"ImageObject","inLanguage":"es","@id":"https:\/\/ciudadyregion.com.co\/index.php\/condenados-a-27-anos-de-prision-implicados-en-el-homicidio-del-director-de-la-carcel-la-modelo-en-bogota\/judicial\/#primaryimage","url":"https:\/\/i0.wp.com\/ciudadyregion.com.co\/wp-content\/uploads\/2025\/06\/4.jpg?fit=800%2C445&ssl=1","contentUrl":"https:\/\/i0.wp.com\/ciudadyregion.com.co\/wp-content\/uploads\/2025\/06\/4.jpg?fit=800%2C445&ssl=1","width":800,"height":445},{"@type":"BreadcrumbList","@id":"https:\/\/ciudadyregion.com.co\/index.php\/condenados-a-27-anos-de-prision-implicados-en-el-homicidio-del-director-de-la-carcel-la-modelo-en-bogota\/judicial\/#breadcrumb","itemListElement":[{"@type":"ListItem","position":1,"name":"Portada","item":"https:\/\/ciudadyregion.com.co\/"},{"@type":"ListItem","position":2,"name":"Condenados a 27 a\u00f1os de prisi\u00f3n implicados en el homicidio del director de la c\u00e1rcel La Modelo en Bogot\u00e1"}]},{"@type":"WebSite","@id":"https:\/\/ciudadyregion.com.co\/#website","url":"https:\/\/ciudadyregion.com.co\/","name":"Ciudad y Region","description":"","potentialAction":[{"@type":"SearchAction","target":{"@type":"EntryPoint","urlTemplate":"https:\/\/ciudadyregion.com.co\/?s={search_term_string}"},"query-input":{"@type":"PropertyValueSpecification","valueRequired":true,"valueName":"search_term_string"}}],"inLanguage":"es"},{"@type":"Person","@id":"https:\/\/ciudadyregion.com.co\/#\/schema\/person\/04a4954373ebc4051f46e8c65ff78622","name":"David Andr\u00e9s Aguirre","image":{"@type":"ImageObject","inLanguage":"es","@id":"https:\/\/ciudadyregion.com.co\/#\/schema\/person\/image\/","url":"https:\/\/secure.gravatar.com\/avatar\/bc3c655860202182ee6d1b5edd042dbe?s=96&d=mm&r=g","contentUrl":"https:\/\/secure.gravatar.com\/avatar\/bc3c655860202182ee6d1b5edd042dbe?s=96&d=mm&r=g","caption":"David Andr\u00e9s Aguirre"},"url":"https:\/\/ciudadyregion.com.co\/index.php\/author\/diegoaguirre\/"}]}},"jetpack_featured_media_url":"https:\/\/i0.wp.com\/ciudadyregion.com.co\/wp-content\/uploads\/2025\/06\/4.jpg?fit=800%2C445&ssl=1","jetpack_sharing_enabled":true,"jetpack_shortlink":"https:\/\/wp.me\/pbS7hh-a7q","jetpack-related-posts":[],"_links":{"self":[{"href":"https:\/\/ciudadyregion.com.co\/index.php\/wp-json\/wp\/v2\/posts\/38900"}],"collection":[{"href":"https:\/\/ciudadyregion.com.co\/index.php\/wp-json\/wp\/v2\/posts"}],"about":[{"href":"https:\/\/ciudadyregion.com.co\/index.php\/wp-json\/wp\/v2\/types\/post"}],"author":[{"embeddable":true,"href":"https:\/\/ciudadyregion.com.co\/index.php\/wp-json\/wp\/v2\/users\/2"}],"replies":[{"embeddable":true,"href":"https:\/\/ciudadyregion.com.co\/index.php\/wp-json\/wp\/v2\/comments?post=38900"}],"version-history":[{"count":1,"href":"https:\/\/ciudadyregion.com.co\/index.php\/wp-json\/wp\/v2\/posts\/38900\/revisions"}],"predecessor-version":[{"id":38902,"href":"https:\/\/ciudadyregion.com.co\/index.php\/wp-json\/wp\/v2\/posts\/38900\/revisions\/38902"}],"wp:featuredmedia":[{"embeddable":true,"href":"https:\/\/ciudadyregion.com.co\/index.php\/wp-json\/wp\/v2\/media\/38901"}],"wp:attachment":[{"href":"https:\/\/ciudadyregion.com.co\/index.php\/wp-json\/wp\/v2\/media?parent=38900"}],"wp:term":[{"taxonomy":"category","embeddable":true,"href":"https:\/\/ciudadyregion.com.co\/index.php\/wp-json\/wp\/v2\/categories?post=38900"},{"taxonomy":"post_tag","embeddable":true,"href":"https:\/\/ciudadyregion.com.co\/index.php\/wp-json\/wp\/v2\/tags?post=38900"}],"curies":[{"name":"wp","href":"https:\/\/api.w.org\/{rel}","templated":true}]}}