{"id":37153,"date":"2025-06-06T04:48:15","date_gmt":"2025-06-06T09:48:15","guid":{"rendered":"https:\/\/ciudadyregion.com.co\/?p=37153"},"modified":"2025-06-05T17:49:46","modified_gmt":"2025-06-05T22:49:46","slug":"judicializados-presuntos-integrantes-del-clan-del-golfo-se-les-atribuyen-crimenes-en-bolivar","status":"publish","type":"post","link":"https:\/\/ciudadyregion.com.co\/index.php\/judicializados-presuntos-integrantes-del-clan-del-golfo-se-les-atribuyen-crimenes-en-bolivar\/judicial\/","title":{"rendered":"Judicializados presuntos integrantes del Clan del Golfo, se les atribuyen cr\u00edmenes en Bol\u00edvar"},"content":{"rendered":"<p>Elementos materiales probatorios aportados por un fiscal especializado de Cartagena permitieron que un juez de control de garant\u00edas judicializara a dos presuntos integrantes de la subestructura Nicol\u00e1s Antonio Urango Reyes, del Clan del Golfo.<\/p>\n<p>Se trata de Edwin Arrieta Hincapi\u00e9, alias Jeison, de 34 a\u00f1os; y Jorge David P\u00e9rez Villarreal, alias Negrito, de 39; quienes fueron imputados, seg\u00fan sus responsabilidades individuales, con delitos de homicidio y concierto para delinquir, ambas conductas agravadas.<\/p>\n<p>Los procesados ser\u00edan los responsables de incurrir en conductas il\u00edcitas ocurridas en los municipios de San Juan de Nepomuceno, San Jacinto, San Estanislao de Kostka, Villanueva, Santa Rosa de Lima, El Carmen, Turbaco y Clemencia (Bol\u00edvar).<\/p>\n<p>Alias Negrito, al parecer, integraba el ala sicarial de la organizaci\u00f3n criminal, y en ese rol habr\u00eda asesinado a un hombre, el 13 de junio de 2024, en el barrio Pozo Hondo de Villanueva. La v\u00edctima fue impactada en tres oportunidades por disparos que habr\u00edan sido realizados por el procesado.<\/p>\n<p>Entretanto, alias Jeison, ser\u00eda el encargado de prestarle seguridad al grupo ilegal. En tal condici\u00f3n, se cree, realizaba recorridos en la zona y alertaba sobre movimientos de la Fuerza P\u00fablica o de personas y veh\u00edculos extra\u00f1os.<\/p>\n<p>Arrieta Hincapi\u00e9 fue capturado por la Polic\u00eda Nacional en El Carmen de Bol\u00edvar, mientras P\u00e9rez Villarreal, lo fue en Bogot\u00e1. El primero deber\u00e1 cumplir la medida de aseguramiento en centro carcelario, el segundo lo har\u00e1 en su domicilio. Esta \u00faltima decisi\u00f3n fue apelada por la Fiscal\u00eda.<\/p>\n","protected":false},"excerpt":{"rendered":"<p>Elementos materiales probatorios aportados por un fiscal especializado de Cartagena permitieron que un juez de control de garant\u00edas judicializara a dos presuntos integrantes de la subestructura Nicol\u00e1s Antonio Urango Reyes, del Clan del Golfo. Se trata de Edwin Arrieta Hincapi\u00e9, alias Jeison, de 34 a\u00f1os; y Jorge David P\u00e9rez Villarreal,<span class=\"more-link\"><a href=\"https:\/\/ciudadyregion.com.co\/index.php\/judicializados-presuntos-integrantes-del-clan-del-golfo-se-les-atribuyen-crimenes-en-bolivar\/judicial\/\">Continuar Leyendo<\/a><\/span><\/p>\n","protected":false},"author":2,"featured_media":11883,"comment_status":"open","ping_status":"open","sticky":false,"template":"","format":"standard","meta":{"_uf_show_specific_survey":0,"_uf_disable_surveys":false,"_jetpack_memberships_contains_paid_content":false,"footnotes":"","jetpack_publicize_message":"","jetpack_publicize_feature_enabled":true,"jetpack_social_post_already_shared":true,"jetpack_social_options":{"image_generator_settings":{"template":"highway","enabled":false},"version":2}},"categories":[18],"tags":[],"class_list":["entry","author-diegoaguirre","post-37153","post","type-post","status-publish","format-standard","has-post-thumbnail","category-judicial"],"jetpack_publicize_connections":[],"yoast_head":"<!-- This site is optimized with the Yoast SEO plugin v24.3 - https:\/\/yoast.com\/wordpress\/plugins\/seo\/ -->\n<title>Judicializados presuntos integrantes del Clan del Golfo, se les atribuyen cr\u00edmenes en Bol\u00edvar - Ciudad y Region<\/title>\n<meta name=\"robots\" content=\"index, follow, max-snippet:-1, max-image-preview:large, max-video-preview:-1\" \/>\n<link rel=\"canonical\" href=\"https:\/\/ciudadyregion.com.co\/index.php\/judicializados-presuntos-integrantes-del-clan-del-golfo-se-les-atribuyen-crimenes-en-bolivar\/judicial\/\" \/>\n<meta property=\"og:locale\" content=\"es_ES\" \/>\n<meta property=\"og:type\" content=\"article\" \/>\n<meta property=\"og:title\" content=\"Judicializados presuntos integrantes del Clan del Golfo, se les atribuyen cr\u00edmenes en Bol\u00edvar - Ciudad y Region\" \/>\n<meta property=\"og:description\" content=\"Elementos materiales probatorios aportados por un fiscal especializado de Cartagena permitieron que un juez de control de garant\u00edas judicializara a dos presuntos integrantes de la subestructura Nicol\u00e1s Antonio Urango Reyes, del Clan del Golfo. Se trata de Edwin Arrieta Hincapi\u00e9, alias Jeison, de 34 a\u00f1os; y Jorge David P\u00e9rez Villarreal,Continuar Leyendo\" \/>\n<meta property=\"og:url\" content=\"https:\/\/ciudadyregion.com.co\/index.php\/judicializados-presuntos-integrantes-del-clan-del-golfo-se-les-atribuyen-crimenes-en-bolivar\/judicial\/\" \/>\n<meta property=\"og:site_name\" content=\"Ciudad y Region\" \/>\n<meta property=\"article:published_time\" content=\"2025-06-06T09:48:15+00:00\" \/>\n<meta property=\"article:modified_time\" content=\"2025-06-05T22:49:46+00:00\" \/>\n<meta property=\"og:image\" content=\"https:\/\/i0.wp.com\/ciudadyregion.com.co\/wp-content\/uploads\/2024\/04\/clan-del-golfo.jpg?fit=800%2C445&ssl=1\" \/>\n\t<meta property=\"og:image:width\" content=\"800\" \/>\n\t<meta property=\"og:image:height\" content=\"445\" \/>\n\t<meta property=\"og:image:type\" content=\"image\/jpeg\" \/>\n<meta name=\"author\" content=\"David Andr\u00e9s Aguirre\" \/>\n<meta name=\"twitter:card\" content=\"summary_large_image\" \/>\n<meta name=\"twitter:label1\" content=\"Escrito por\" \/>\n\t<meta name=\"twitter:data1\" content=\"David Andr\u00e9s Aguirre\" \/>\n\t<meta name=\"twitter:label2\" content=\"Tiempo de lectura\" \/>\n\t<meta name=\"twitter:data2\" content=\"2 minutos\" \/>\n<script type=\"application\/ld+json\" class=\"yoast-schema-graph\">{\"@context\":\"https:\/\/schema.org\",\"@graph\":[{\"@type\":\"WebPage\",\"@id\":\"https:\/\/ciudadyregion.com.co\/index.php\/judicializados-presuntos-integrantes-del-clan-del-golfo-se-les-atribuyen-crimenes-en-bolivar\/judicial\/\",\"url\":\"https:\/\/ciudadyregion.com.co\/index.php\/judicializados-presuntos-integrantes-del-clan-del-golfo-se-les-atribuyen-crimenes-en-bolivar\/judicial\/\",\"name\":\"Judicializados presuntos integrantes del Clan del Golfo, se les atribuyen cr\u00edmenes en Bol\u00edvar - Ciudad y Region\",\"isPartOf\":{\"@id\":\"https:\/\/ciudadyregion.com.co\/#website\"},\"primaryImageOfPage\":{\"@id\":\"https:\/\/ciudadyregion.com.co\/index.php\/judicializados-presuntos-integrantes-del-clan-del-golfo-se-les-atribuyen-crimenes-en-bolivar\/judicial\/#primaryimage\"},\"image\":{\"@id\":\"https:\/\/ciudadyregion.com.co\/index.php\/judicializados-presuntos-integrantes-del-clan-del-golfo-se-les-atribuyen-crimenes-en-bolivar\/judicial\/#primaryimage\"},\"thumbnailUrl\":\"https:\/\/i0.wp.com\/ciudadyregion.com.co\/wp-content\/uploads\/2024\/04\/clan-del-golfo.jpg?fit=800%2C445&ssl=1\",\"datePublished\":\"2025-06-06T09:48:15+00:00\",\"dateModified\":\"2025-06-05T22:49:46+00:00\",\"author\":{\"@id\":\"https:\/\/ciudadyregion.com.co\/#\/schema\/person\/04a4954373ebc4051f46e8c65ff78622\"},\"breadcrumb\":{\"@id\":\"https:\/\/ciudadyregion.com.co\/index.php\/judicializados-presuntos-integrantes-del-clan-del-golfo-se-les-atribuyen-crimenes-en-bolivar\/judicial\/#breadcrumb\"},\"inLanguage\":\"es\",\"potentialAction\":[{\"@type\":\"ReadAction\",\"target\":[\"https:\/\/ciudadyregion.com.co\/index.php\/judicializados-presuntos-integrantes-del-clan-del-golfo-se-les-atribuyen-crimenes-en-bolivar\/judicial\/\"]}]},{\"@type\":\"ImageObject\",\"inLanguage\":\"es\",\"@id\":\"https:\/\/ciudadyregion.com.co\/index.php\/judicializados-presuntos-integrantes-del-clan-del-golfo-se-les-atribuyen-crimenes-en-bolivar\/judicial\/#primaryimage\",\"url\":\"https:\/\/i0.wp.com\/ciudadyregion.com.co\/wp-content\/uploads\/2024\/04\/clan-del-golfo.jpg?fit=800%2C445&ssl=1\",\"contentUrl\":\"https:\/\/i0.wp.com\/ciudadyregion.com.co\/wp-content\/uploads\/2024\/04\/clan-del-golfo.jpg?fit=800%2C445&ssl=1\",\"width\":800,\"height\":445},{\"@type\":\"BreadcrumbList\",\"@id\":\"https:\/\/ciudadyregion.com.co\/index.php\/judicializados-presuntos-integrantes-del-clan-del-golfo-se-les-atribuyen-crimenes-en-bolivar\/judicial\/#breadcrumb\",\"itemListElement\":[{\"@type\":\"ListItem\",\"position\":1,\"name\":\"Portada\",\"item\":\"https:\/\/ciudadyregion.com.co\/\"},{\"@type\":\"ListItem\",\"position\":2,\"name\":\"Judicializados presuntos integrantes del Clan del Golfo, se les atribuyen cr\u00edmenes en Bol\u00edvar\"}]},{\"@type\":\"WebSite\",\"@id\":\"https:\/\/ciudadyregion.com.co\/#website\",\"url\":\"https:\/\/ciudadyregion.com.co\/\",\"name\":\"Ciudad y Region\",\"description\":\"\",\"potentialAction\":[{\"@type\":\"SearchAction\",\"target\":{\"@type\":\"EntryPoint\",\"urlTemplate\":\"https:\/\/ciudadyregion.com.co\/?s={search_term_string}\"},\"query-input\":{\"@type\":\"PropertyValueSpecification\",\"valueRequired\":true,\"valueName\":\"search_term_string\"}}],\"inLanguage\":\"es\"},{\"@type\":\"Person\",\"@id\":\"https:\/\/ciudadyregion.com.co\/#\/schema\/person\/04a4954373ebc4051f46e8c65ff78622\",\"name\":\"David Andr\u00e9s Aguirre\",\"image\":{\"@type\":\"ImageObject\",\"inLanguage\":\"es\",\"@id\":\"https:\/\/ciudadyregion.com.co\/#\/schema\/person\/image\/\",\"url\":\"https:\/\/secure.gravatar.com\/avatar\/bc3c655860202182ee6d1b5edd042dbe?s=96&d=mm&r=g\",\"contentUrl\":\"https:\/\/secure.gravatar.com\/avatar\/bc3c655860202182ee6d1b5edd042dbe?s=96&d=mm&r=g\",\"caption\":\"David Andr\u00e9s Aguirre\"},\"url\":\"https:\/\/ciudadyregion.com.co\/index.php\/author\/diegoaguirre\/\"}]}<\/script>\n<!-- \/ Yoast SEO plugin. -->","yoast_head_json":{"title":"Judicializados presuntos integrantes del Clan del Golfo, se les atribuyen cr\u00edmenes en Bol\u00edvar - Ciudad y Region","robots":{"index":"index","follow":"follow","max-snippet":"max-snippet:-1","max-image-preview":"max-image-preview:large","max-video-preview":"max-video-preview:-1"},"canonical":"https:\/\/ciudadyregion.com.co\/index.php\/judicializados-presuntos-integrantes-del-clan-del-golfo-se-les-atribuyen-crimenes-en-bolivar\/judicial\/","og_locale":"es_ES","og_type":"article","og_title":"Judicializados presuntos integrantes del Clan del Golfo, se les atribuyen cr\u00edmenes en Bol\u00edvar - Ciudad y Region","og_description":"Elementos materiales probatorios aportados por un fiscal especializado de Cartagena permitieron que un juez de control de garant\u00edas judicializara a dos presuntos integrantes de la subestructura Nicol\u00e1s Antonio Urango Reyes, del Clan del Golfo. Se trata de Edwin Arrieta Hincapi\u00e9, alias Jeison, de 34 a\u00f1os; y Jorge David P\u00e9rez Villarreal,Continuar Leyendo","og_url":"https:\/\/ciudadyregion.com.co\/index.php\/judicializados-presuntos-integrantes-del-clan-del-golfo-se-les-atribuyen-crimenes-en-bolivar\/judicial\/","og_site_name":"Ciudad y Region","article_published_time":"2025-06-06T09:48:15+00:00","article_modified_time":"2025-06-05T22:49:46+00:00","og_image":[{"width":800,"height":445,"url":"https:\/\/i0.wp.com\/ciudadyregion.com.co\/wp-content\/uploads\/2024\/04\/clan-del-golfo.jpg?fit=800%2C445&ssl=1","type":"image\/jpeg"}],"author":"David Andr\u00e9s Aguirre","twitter_card":"summary_large_image","twitter_misc":{"Escrito por":"David Andr\u00e9s Aguirre","Tiempo de lectura":"2 minutos"},"schema":{"@context":"https:\/\/schema.org","@graph":[{"@type":"WebPage","@id":"https:\/\/ciudadyregion.com.co\/index.php\/judicializados-presuntos-integrantes-del-clan-del-golfo-se-les-atribuyen-crimenes-en-bolivar\/judicial\/","url":"https:\/\/ciudadyregion.com.co\/index.php\/judicializados-presuntos-integrantes-del-clan-del-golfo-se-les-atribuyen-crimenes-en-bolivar\/judicial\/","name":"Judicializados presuntos integrantes del Clan del Golfo, se les atribuyen cr\u00edmenes en Bol\u00edvar - Ciudad y Region","isPartOf":{"@id":"https:\/\/ciudadyregion.com.co\/#website"},"primaryImageOfPage":{"@id":"https:\/\/ciudadyregion.com.co\/index.php\/judicializados-presuntos-integrantes-del-clan-del-golfo-se-les-atribuyen-crimenes-en-bolivar\/judicial\/#primaryimage"},"image":{"@id":"https:\/\/ciudadyregion.com.co\/index.php\/judicializados-presuntos-integrantes-del-clan-del-golfo-se-les-atribuyen-crimenes-en-bolivar\/judicial\/#primaryimage"},"thumbnailUrl":"https:\/\/i0.wp.com\/ciudadyregion.com.co\/wp-content\/uploads\/2024\/04\/clan-del-golfo.jpg?fit=800%2C445&ssl=1","datePublished":"2025-06-06T09:48:15+00:00","dateModified":"2025-06-05T22:49:46+00:00","author":{"@id":"https:\/\/ciudadyregion.com.co\/#\/schema\/person\/04a4954373ebc4051f46e8c65ff78622"},"breadcrumb":{"@id":"https:\/\/ciudadyregion.com.co\/index.php\/judicializados-presuntos-integrantes-del-clan-del-golfo-se-les-atribuyen-crimenes-en-bolivar\/judicial\/#breadcrumb"},"inLanguage":"es","potentialAction":[{"@type":"ReadAction","target":["https:\/\/ciudadyregion.com.co\/index.php\/judicializados-presuntos-integrantes-del-clan-del-golfo-se-les-atribuyen-crimenes-en-bolivar\/judicial\/"]}]},{"@type":"ImageObject","inLanguage":"es","@id":"https:\/\/ciudadyregion.com.co\/index.php\/judicializados-presuntos-integrantes-del-clan-del-golfo-se-les-atribuyen-crimenes-en-bolivar\/judicial\/#primaryimage","url":"https:\/\/i0.wp.com\/ciudadyregion.com.co\/wp-content\/uploads\/2024\/04\/clan-del-golfo.jpg?fit=800%2C445&ssl=1","contentUrl":"https:\/\/i0.wp.com\/ciudadyregion.com.co\/wp-content\/uploads\/2024\/04\/clan-del-golfo.jpg?fit=800%2C445&ssl=1","width":800,"height":445},{"@type":"BreadcrumbList","@id":"https:\/\/ciudadyregion.com.co\/index.php\/judicializados-presuntos-integrantes-del-clan-del-golfo-se-les-atribuyen-crimenes-en-bolivar\/judicial\/#breadcrumb","itemListElement":[{"@type":"ListItem","position":1,"name":"Portada","item":"https:\/\/ciudadyregion.com.co\/"},{"@type":"ListItem","position":2,"name":"Judicializados presuntos integrantes del Clan del Golfo, se les atribuyen cr\u00edmenes en Bol\u00edvar"}]},{"@type":"WebSite","@id":"https:\/\/ciudadyregion.com.co\/#website","url":"https:\/\/ciudadyregion.com.co\/","name":"Ciudad y Region","description":"","potentialAction":[{"@type":"SearchAction","target":{"@type":"EntryPoint","urlTemplate":"https:\/\/ciudadyregion.com.co\/?s={search_term_string}"},"query-input":{"@type":"PropertyValueSpecification","valueRequired":true,"valueName":"search_term_string"}}],"inLanguage":"es"},{"@type":"Person","@id":"https:\/\/ciudadyregion.com.co\/#\/schema\/person\/04a4954373ebc4051f46e8c65ff78622","name":"David Andr\u00e9s Aguirre","image":{"@type":"ImageObject","inLanguage":"es","@id":"https:\/\/ciudadyregion.com.co\/#\/schema\/person\/image\/","url":"https:\/\/secure.gravatar.com\/avatar\/bc3c655860202182ee6d1b5edd042dbe?s=96&d=mm&r=g","contentUrl":"https:\/\/secure.gravatar.com\/avatar\/bc3c655860202182ee6d1b5edd042dbe?s=96&d=mm&r=g","caption":"David Andr\u00e9s Aguirre"},"url":"https:\/\/ciudadyregion.com.co\/index.php\/author\/diegoaguirre\/"}]}},"jetpack_featured_media_url":"https:\/\/i0.wp.com\/ciudadyregion.com.co\/wp-content\/uploads\/2024\/04\/clan-del-golfo.jpg?fit=800%2C445&ssl=1","jetpack_sharing_enabled":true,"jetpack_shortlink":"https:\/\/wp.me\/pbS7hh-9Ff","jetpack-related-posts":[],"_links":{"self":[{"href":"https:\/\/ciudadyregion.com.co\/index.php\/wp-json\/wp\/v2\/posts\/37153"}],"collection":[{"href":"https:\/\/ciudadyregion.com.co\/index.php\/wp-json\/wp\/v2\/posts"}],"about":[{"href":"https:\/\/ciudadyregion.com.co\/index.php\/wp-json\/wp\/v2\/types\/post"}],"author":[{"embeddable":true,"href":"https:\/\/ciudadyregion.com.co\/index.php\/wp-json\/wp\/v2\/users\/2"}],"replies":[{"embeddable":true,"href":"https:\/\/ciudadyregion.com.co\/index.php\/wp-json\/wp\/v2\/comments?post=37153"}],"version-history":[{"count":1,"href":"https:\/\/ciudadyregion.com.co\/index.php\/wp-json\/wp\/v2\/posts\/37153\/revisions"}],"predecessor-version":[{"id":37154,"href":"https:\/\/ciudadyregion.com.co\/index.php\/wp-json\/wp\/v2\/posts\/37153\/revisions\/37154"}],"wp:featuredmedia":[{"embeddable":true,"href":"https:\/\/ciudadyregion.com.co\/index.php\/wp-json\/wp\/v2\/media\/11883"}],"wp:attachment":[{"href":"https:\/\/ciudadyregion.com.co\/index.php\/wp-json\/wp\/v2\/media?parent=37153"}],"wp:term":[{"taxonomy":"category","embeddable":true,"href":"https:\/\/ciudadyregion.com.co\/index.php\/wp-json\/wp\/v2\/categories?post=37153"},{"taxonomy":"post_tag","embeddable":true,"href":"https:\/\/ciudadyregion.com.co\/index.php\/wp-json\/wp\/v2\/tags?post=37153"}],"curies":[{"name":"wp","href":"https:\/\/api.w.org\/{rel}","templated":true}]}}