{"id":36968,"date":"2025-06-03T04:09:55","date_gmt":"2025-06-03T09:09:55","guid":{"rendered":"https:\/\/ciudadyregion.com.co\/?p=36968"},"modified":"2025-06-03T04:09:55","modified_gmt":"2025-06-03T09:09:55","slug":"persecucion-y-balacera-generan-caos-en-ibague-joven-conductor-fue-capturado-con-arma-traumatica","status":"publish","type":"post","link":"https:\/\/ciudadyregion.com.co\/index.php\/persecucion-y-balacera-generan-caos-en-ibague-joven-conductor-fue-capturado-con-arma-traumatica\/ibague\/","title":{"rendered":"Persecuci\u00f3n y balacera generan caos en Ibagu\u00e9: joven conductor fue capturado con arma traum\u00e1tica"},"content":{"rendered":"<ul>\n<li><em><strong>Un veh\u00edculo Jeep Rubic\u00f3n rojo evadi\u00f3 un ret\u00e9n policial y desat\u00f3 una intensa huida por las principales v\u00edas de la ciudad, generando caos, disparos y m\u00faltiples colisiones.<\/strong><\/em><\/li>\n<\/ul>\n<p>La persecuci\u00f3n culmin\u00f3 en un tiroteo cerca del centro comercial Arkacentro, sobre la Avenida Guabinal con La Campi\u00f1a, donde el conductor del veh\u00edculo en fuga impact\u00f3 contra un taxi. El choque enfureci\u00f3 al taxista, quien se neg\u00f3 a permitir que sus pasajeros descendieran del veh\u00edculo, a pesar del evidente riesgo.<\/p>\n<p>En video difundido en redes sociales, se escucha a una de las pasajeras suplicar desesperadamente: mientras el conductor ignoraba los ruegos y continuaba la marcha en medio de los disparos.<\/p>\n<p>Durante la persecuci\u00f3n, el Jeep de placas DRT 149 tambi\u00e9n colision\u00f3 contra una patrulla de la Polic\u00eda, provocando una r\u00e1pida reacci\u00f3n de los uniformados, quienes descendieron armados para interceptar al fugitivo en una zona de alto tr\u00e1fico peatonal.<\/p>\n<p>La persecuci\u00f3n termin\u00f3 en el sector de El Vergel, donde las autoridades lograron detener al conductor, identificado como Jer\u00f3nimo Escobar, de 22 a\u00f1os. Seg\u00fan el informe policial, el joven portaba un arma traum\u00e1tica con cinco cartuchos.<\/p>\n<p>Escobar, quien es se\u00f1alado como hijo de un reconocido empresario del sector de la construcci\u00f3n, ya habr\u00eda protagonizado un episodio similar hace m\u00e1s de seis a\u00f1os en el barrio Ocobos, cuando habr\u00eda embestido a una persona con un veh\u00edculo deportivo blanco huyendo del lugar.<\/p>\n","protected":false},"excerpt":{"rendered":"<p>Un veh\u00edculo Jeep Rubic\u00f3n rojo evadi\u00f3 un ret\u00e9n policial y desat\u00f3 una intensa huida por las principales v\u00edas de la ciudad, generando caos, disparos y m\u00faltiples colisiones. La persecuci\u00f3n culmin\u00f3 en un tiroteo cerca del centro comercial Arkacentro, sobre la Avenida Guabinal con La Campi\u00f1a, donde el conductor del veh\u00edculo<span class=\"more-link\"><a href=\"https:\/\/ciudadyregion.com.co\/index.php\/persecucion-y-balacera-generan-caos-en-ibague-joven-conductor-fue-capturado-con-arma-traumatica\/ibague\/\">Continuar Leyendo<\/a><\/span><\/p>\n","protected":false},"author":2,"featured_media":36969,"comment_status":"open","ping_status":"open","sticky":false,"template":"","format":"standard","meta":{"_uf_show_specific_survey":0,"_uf_disable_surveys":false,"_jetpack_memberships_contains_paid_content":false,"footnotes":"","jetpack_publicize_message":"","jetpack_publicize_feature_enabled":true,"jetpack_social_post_already_shared":true,"jetpack_social_options":{"image_generator_settings":{"template":"highway","enabled":false},"version":2}},"categories":[14],"tags":[],"class_list":["entry","author-diegoaguirre","post-36968","post","type-post","status-publish","format-standard","has-post-thumbnail","category-ibague"],"jetpack_publicize_connections":[],"yoast_head":"<!-- This site is optimized with the Yoast SEO plugin v24.3 - https:\/\/yoast.com\/wordpress\/plugins\/seo\/ -->\n<title>Persecuci\u00f3n y balacera generan caos en Ibagu\u00e9: joven conductor fue capturado con arma traum\u00e1tica - Ciudad y Region<\/title>\n<meta name=\"robots\" content=\"index, follow, max-snippet:-1, max-image-preview:large, max-video-preview:-1\" \/>\n<link rel=\"canonical\" href=\"https:\/\/ciudadyregion.com.co\/index.php\/persecucion-y-balacera-generan-caos-en-ibague-joven-conductor-fue-capturado-con-arma-traumatica\/ibague\/\" \/>\n<meta property=\"og:locale\" content=\"es_ES\" \/>\n<meta property=\"og:type\" content=\"article\" \/>\n<meta property=\"og:title\" content=\"Persecuci\u00f3n y balacera generan caos en Ibagu\u00e9: joven conductor fue capturado con arma traum\u00e1tica - Ciudad y Region\" \/>\n<meta property=\"og:description\" content=\"Un veh\u00edculo Jeep Rubic\u00f3n rojo evadi\u00f3 un ret\u00e9n policial y desat\u00f3 una intensa huida por las principales v\u00edas de la ciudad, generando caos, disparos y m\u00faltiples colisiones. La persecuci\u00f3n culmin\u00f3 en un tiroteo cerca del centro comercial Arkacentro, sobre la Avenida Guabinal con La Campi\u00f1a, donde el conductor del veh\u00edculoContinuar Leyendo\" \/>\n<meta property=\"og:url\" content=\"https:\/\/ciudadyregion.com.co\/index.php\/persecucion-y-balacera-generan-caos-en-ibague-joven-conductor-fue-capturado-con-arma-traumatica\/ibague\/\" \/>\n<meta property=\"og:site_name\" content=\"Ciudad y Region\" \/>\n<meta property=\"article:published_time\" content=\"2025-06-03T09:09:55+00:00\" \/>\n<meta property=\"og:image\" content=\"https:\/\/ciudadyregion.com.co\/wp-content\/uploads\/2025\/06\/11-4.jpg\" \/>\n\t<meta property=\"og:image:width\" content=\"800\" \/>\n\t<meta property=\"og:image:height\" content=\"445\" \/>\n\t<meta property=\"og:image:type\" content=\"image\/jpeg\" \/>\n<meta name=\"author\" content=\"David Andr\u00e9s Aguirre\" \/>\n<meta name=\"twitter:card\" content=\"summary_large_image\" \/>\n<meta name=\"twitter:label1\" content=\"Escrito por\" \/>\n\t<meta name=\"twitter:data1\" content=\"David Andr\u00e9s Aguirre\" \/>\n\t<meta name=\"twitter:label2\" content=\"Tiempo de lectura\" \/>\n\t<meta name=\"twitter:data2\" content=\"2 minutos\" \/>\n<script type=\"application\/ld+json\" class=\"yoast-schema-graph\">{\"@context\":\"https:\/\/schema.org\",\"@graph\":[{\"@type\":\"WebPage\",\"@id\":\"https:\/\/ciudadyregion.com.co\/index.php\/persecucion-y-balacera-generan-caos-en-ibague-joven-conductor-fue-capturado-con-arma-traumatica\/ibague\/\",\"url\":\"https:\/\/ciudadyregion.com.co\/index.php\/persecucion-y-balacera-generan-caos-en-ibague-joven-conductor-fue-capturado-con-arma-traumatica\/ibague\/\",\"name\":\"Persecuci\u00f3n y balacera generan caos en Ibagu\u00e9: joven conductor fue capturado con arma traum\u00e1tica - Ciudad y Region\",\"isPartOf\":{\"@id\":\"https:\/\/ciudadyregion.com.co\/#website\"},\"primaryImageOfPage\":{\"@id\":\"https:\/\/ciudadyregion.com.co\/index.php\/persecucion-y-balacera-generan-caos-en-ibague-joven-conductor-fue-capturado-con-arma-traumatica\/ibague\/#primaryimage\"},\"image\":{\"@id\":\"https:\/\/ciudadyregion.com.co\/index.php\/persecucion-y-balacera-generan-caos-en-ibague-joven-conductor-fue-capturado-con-arma-traumatica\/ibague\/#primaryimage\"},\"thumbnailUrl\":\"https:\/\/i0.wp.com\/ciudadyregion.com.co\/wp-content\/uploads\/2025\/06\/11-4.jpg?fit=800%2C445&ssl=1\",\"datePublished\":\"2025-06-03T09:09:55+00:00\",\"dateModified\":\"2025-06-03T09:09:55+00:00\",\"author\":{\"@id\":\"https:\/\/ciudadyregion.com.co\/#\/schema\/person\/04a4954373ebc4051f46e8c65ff78622\"},\"breadcrumb\":{\"@id\":\"https:\/\/ciudadyregion.com.co\/index.php\/persecucion-y-balacera-generan-caos-en-ibague-joven-conductor-fue-capturado-con-arma-traumatica\/ibague\/#breadcrumb\"},\"inLanguage\":\"es\",\"potentialAction\":[{\"@type\":\"ReadAction\",\"target\":[\"https:\/\/ciudadyregion.com.co\/index.php\/persecucion-y-balacera-generan-caos-en-ibague-joven-conductor-fue-capturado-con-arma-traumatica\/ibague\/\"]}]},{\"@type\":\"ImageObject\",\"inLanguage\":\"es\",\"@id\":\"https:\/\/ciudadyregion.com.co\/index.php\/persecucion-y-balacera-generan-caos-en-ibague-joven-conductor-fue-capturado-con-arma-traumatica\/ibague\/#primaryimage\",\"url\":\"https:\/\/i0.wp.com\/ciudadyregion.com.co\/wp-content\/uploads\/2025\/06\/11-4.jpg?fit=800%2C445&ssl=1\",\"contentUrl\":\"https:\/\/i0.wp.com\/ciudadyregion.com.co\/wp-content\/uploads\/2025\/06\/11-4.jpg?fit=800%2C445&ssl=1\",\"width\":800,\"height\":445},{\"@type\":\"BreadcrumbList\",\"@id\":\"https:\/\/ciudadyregion.com.co\/index.php\/persecucion-y-balacera-generan-caos-en-ibague-joven-conductor-fue-capturado-con-arma-traumatica\/ibague\/#breadcrumb\",\"itemListElement\":[{\"@type\":\"ListItem\",\"position\":1,\"name\":\"Portada\",\"item\":\"https:\/\/ciudadyregion.com.co\/\"},{\"@type\":\"ListItem\",\"position\":2,\"name\":\"Persecuci\u00f3n y balacera generan caos en Ibagu\u00e9: joven conductor fue capturado con arma traum\u00e1tica\"}]},{\"@type\":\"WebSite\",\"@id\":\"https:\/\/ciudadyregion.com.co\/#website\",\"url\":\"https:\/\/ciudadyregion.com.co\/\",\"name\":\"Ciudad y Region\",\"description\":\"\",\"potentialAction\":[{\"@type\":\"SearchAction\",\"target\":{\"@type\":\"EntryPoint\",\"urlTemplate\":\"https:\/\/ciudadyregion.com.co\/?s={search_term_string}\"},\"query-input\":{\"@type\":\"PropertyValueSpecification\",\"valueRequired\":true,\"valueName\":\"search_term_string\"}}],\"inLanguage\":\"es\"},{\"@type\":\"Person\",\"@id\":\"https:\/\/ciudadyregion.com.co\/#\/schema\/person\/04a4954373ebc4051f46e8c65ff78622\",\"name\":\"David Andr\u00e9s Aguirre\",\"image\":{\"@type\":\"ImageObject\",\"inLanguage\":\"es\",\"@id\":\"https:\/\/ciudadyregion.com.co\/#\/schema\/person\/image\/\",\"url\":\"https:\/\/secure.gravatar.com\/avatar\/bc3c655860202182ee6d1b5edd042dbe?s=96&d=mm&r=g\",\"contentUrl\":\"https:\/\/secure.gravatar.com\/avatar\/bc3c655860202182ee6d1b5edd042dbe?s=96&d=mm&r=g\",\"caption\":\"David Andr\u00e9s Aguirre\"},\"url\":\"https:\/\/ciudadyregion.com.co\/index.php\/author\/diegoaguirre\/\"}]}<\/script>\n<!-- \/ Yoast SEO plugin. -->","yoast_head_json":{"title":"Persecuci\u00f3n y balacera generan caos en Ibagu\u00e9: joven conductor fue capturado con arma traum\u00e1tica - Ciudad y Region","robots":{"index":"index","follow":"follow","max-snippet":"max-snippet:-1","max-image-preview":"max-image-preview:large","max-video-preview":"max-video-preview:-1"},"canonical":"https:\/\/ciudadyregion.com.co\/index.php\/persecucion-y-balacera-generan-caos-en-ibague-joven-conductor-fue-capturado-con-arma-traumatica\/ibague\/","og_locale":"es_ES","og_type":"article","og_title":"Persecuci\u00f3n y balacera generan caos en Ibagu\u00e9: joven conductor fue capturado con arma traum\u00e1tica - Ciudad y Region","og_description":"Un veh\u00edculo Jeep Rubic\u00f3n rojo evadi\u00f3 un ret\u00e9n policial y desat\u00f3 una intensa huida por las principales v\u00edas de la ciudad, generando caos, disparos y m\u00faltiples colisiones. La persecuci\u00f3n culmin\u00f3 en un tiroteo cerca del centro comercial Arkacentro, sobre la Avenida Guabinal con La Campi\u00f1a, donde el conductor del veh\u00edculoContinuar Leyendo","og_url":"https:\/\/ciudadyregion.com.co\/index.php\/persecucion-y-balacera-generan-caos-en-ibague-joven-conductor-fue-capturado-con-arma-traumatica\/ibague\/","og_site_name":"Ciudad y Region","article_published_time":"2025-06-03T09:09:55+00:00","og_image":[{"width":800,"height":445,"url":"https:\/\/ciudadyregion.com.co\/wp-content\/uploads\/2025\/06\/11-4.jpg","type":"image\/jpeg"}],"author":"David Andr\u00e9s Aguirre","twitter_card":"summary_large_image","twitter_misc":{"Escrito por":"David Andr\u00e9s Aguirre","Tiempo de lectura":"2 minutos"},"schema":{"@context":"https:\/\/schema.org","@graph":[{"@type":"WebPage","@id":"https:\/\/ciudadyregion.com.co\/index.php\/persecucion-y-balacera-generan-caos-en-ibague-joven-conductor-fue-capturado-con-arma-traumatica\/ibague\/","url":"https:\/\/ciudadyregion.com.co\/index.php\/persecucion-y-balacera-generan-caos-en-ibague-joven-conductor-fue-capturado-con-arma-traumatica\/ibague\/","name":"Persecuci\u00f3n y balacera generan caos en Ibagu\u00e9: joven conductor fue capturado con arma traum\u00e1tica - Ciudad y Region","isPartOf":{"@id":"https:\/\/ciudadyregion.com.co\/#website"},"primaryImageOfPage":{"@id":"https:\/\/ciudadyregion.com.co\/index.php\/persecucion-y-balacera-generan-caos-en-ibague-joven-conductor-fue-capturado-con-arma-traumatica\/ibague\/#primaryimage"},"image":{"@id":"https:\/\/ciudadyregion.com.co\/index.php\/persecucion-y-balacera-generan-caos-en-ibague-joven-conductor-fue-capturado-con-arma-traumatica\/ibague\/#primaryimage"},"thumbnailUrl":"https:\/\/i0.wp.com\/ciudadyregion.com.co\/wp-content\/uploads\/2025\/06\/11-4.jpg?fit=800%2C445&ssl=1","datePublished":"2025-06-03T09:09:55+00:00","dateModified":"2025-06-03T09:09:55+00:00","author":{"@id":"https:\/\/ciudadyregion.com.co\/#\/schema\/person\/04a4954373ebc4051f46e8c65ff78622"},"breadcrumb":{"@id":"https:\/\/ciudadyregion.com.co\/index.php\/persecucion-y-balacera-generan-caos-en-ibague-joven-conductor-fue-capturado-con-arma-traumatica\/ibague\/#breadcrumb"},"inLanguage":"es","potentialAction":[{"@type":"ReadAction","target":["https:\/\/ciudadyregion.com.co\/index.php\/persecucion-y-balacera-generan-caos-en-ibague-joven-conductor-fue-capturado-con-arma-traumatica\/ibague\/"]}]},{"@type":"ImageObject","inLanguage":"es","@id":"https:\/\/ciudadyregion.com.co\/index.php\/persecucion-y-balacera-generan-caos-en-ibague-joven-conductor-fue-capturado-con-arma-traumatica\/ibague\/#primaryimage","url":"https:\/\/i0.wp.com\/ciudadyregion.com.co\/wp-content\/uploads\/2025\/06\/11-4.jpg?fit=800%2C445&ssl=1","contentUrl":"https:\/\/i0.wp.com\/ciudadyregion.com.co\/wp-content\/uploads\/2025\/06\/11-4.jpg?fit=800%2C445&ssl=1","width":800,"height":445},{"@type":"BreadcrumbList","@id":"https:\/\/ciudadyregion.com.co\/index.php\/persecucion-y-balacera-generan-caos-en-ibague-joven-conductor-fue-capturado-con-arma-traumatica\/ibague\/#breadcrumb","itemListElement":[{"@type":"ListItem","position":1,"name":"Portada","item":"https:\/\/ciudadyregion.com.co\/"},{"@type":"ListItem","position":2,"name":"Persecuci\u00f3n y balacera generan caos en Ibagu\u00e9: joven conductor fue capturado con arma traum\u00e1tica"}]},{"@type":"WebSite","@id":"https:\/\/ciudadyregion.com.co\/#website","url":"https:\/\/ciudadyregion.com.co\/","name":"Ciudad y Region","description":"","potentialAction":[{"@type":"SearchAction","target":{"@type":"EntryPoint","urlTemplate":"https:\/\/ciudadyregion.com.co\/?s={search_term_string}"},"query-input":{"@type":"PropertyValueSpecification","valueRequired":true,"valueName":"search_term_string"}}],"inLanguage":"es"},{"@type":"Person","@id":"https:\/\/ciudadyregion.com.co\/#\/schema\/person\/04a4954373ebc4051f46e8c65ff78622","name":"David Andr\u00e9s Aguirre","image":{"@type":"ImageObject","inLanguage":"es","@id":"https:\/\/ciudadyregion.com.co\/#\/schema\/person\/image\/","url":"https:\/\/secure.gravatar.com\/avatar\/bc3c655860202182ee6d1b5edd042dbe?s=96&d=mm&r=g","contentUrl":"https:\/\/secure.gravatar.com\/avatar\/bc3c655860202182ee6d1b5edd042dbe?s=96&d=mm&r=g","caption":"David Andr\u00e9s Aguirre"},"url":"https:\/\/ciudadyregion.com.co\/index.php\/author\/diegoaguirre\/"}]}},"jetpack_featured_media_url":"https:\/\/i0.wp.com\/ciudadyregion.com.co\/wp-content\/uploads\/2025\/06\/11-4.jpg?fit=800%2C445&ssl=1","jetpack_sharing_enabled":true,"jetpack_shortlink":"https:\/\/wp.me\/pbS7hh-9Cg","jetpack-related-posts":[],"_links":{"self":[{"href":"https:\/\/ciudadyregion.com.co\/index.php\/wp-json\/wp\/v2\/posts\/36968"}],"collection":[{"href":"https:\/\/ciudadyregion.com.co\/index.php\/wp-json\/wp\/v2\/posts"}],"about":[{"href":"https:\/\/ciudadyregion.com.co\/index.php\/wp-json\/wp\/v2\/types\/post"}],"author":[{"embeddable":true,"href":"https:\/\/ciudadyregion.com.co\/index.php\/wp-json\/wp\/v2\/users\/2"}],"replies":[{"embeddable":true,"href":"https:\/\/ciudadyregion.com.co\/index.php\/wp-json\/wp\/v2\/comments?post=36968"}],"version-history":[{"count":1,"href":"https:\/\/ciudadyregion.com.co\/index.php\/wp-json\/wp\/v2\/posts\/36968\/revisions"}],"predecessor-version":[{"id":36970,"href":"https:\/\/ciudadyregion.com.co\/index.php\/wp-json\/wp\/v2\/posts\/36968\/revisions\/36970"}],"wp:featuredmedia":[{"embeddable":true,"href":"https:\/\/ciudadyregion.com.co\/index.php\/wp-json\/wp\/v2\/media\/36969"}],"wp:attachment":[{"href":"https:\/\/ciudadyregion.com.co\/index.php\/wp-json\/wp\/v2\/media?parent=36968"}],"wp:term":[{"taxonomy":"category","embeddable":true,"href":"https:\/\/ciudadyregion.com.co\/index.php\/wp-json\/wp\/v2\/categories?post=36968"},{"taxonomy":"post_tag","embeddable":true,"href":"https:\/\/ciudadyregion.com.co\/index.php\/wp-json\/wp\/v2\/tags?post=36968"}],"curies":[{"name":"wp","href":"https:\/\/api.w.org\/{rel}","templated":true}]}}