{"id":36958,"date":"2025-06-03T03:57:57","date_gmt":"2025-06-03T08:57:57","guid":{"rendered":"https:\/\/ciudadyregion.com.co\/?p=36958"},"modified":"2025-06-03T03:57:57","modified_gmt":"2025-06-03T08:57:57","slug":"panico-por-incendio-en-la-locomotora-de-la-calle-19-en-ibague","status":"publish","type":"post","link":"https:\/\/ciudadyregion.com.co\/index.php\/panico-por-incendio-en-la-locomotora-de-la-calle-19-en-ibague\/ibague\/","title":{"rendered":"P\u00e1nico por incendio en la locomotora de la calle 19 en Ibagu\u00e9"},"content":{"rendered":"<p>Un incendio registrado en la noche del s\u00e1bado 31 de mayo, en la glorieta de la calle 19, donde se encuentra ubicada la ic\u00f3nica locomotora, fue r\u00e1pidamente controlado por el Cuerpo Oficial de Bomberos, evitando da\u00f1os significativos al monumento.<\/p>\n<p>La emergencia fue atendida por cuatro unidades de la estaci\u00f3n de Bomberos Centro, quienes actuaron con prontitud y evitaron que las llamas afectaran de manera considerable esta estructura conmemorativa del Ferrocarril que oper\u00f3 en Ibagu\u00e9.<\/p>\n<p>las primeras versiones apuntan a que el fuego se origin\u00f3 por la quema de basura, presuntamente encendida por habitantes de calle que frecuentan el sector.<\/p>\n<p>La Administraci\u00f3n Municipal hizo un llamado a la ciudadan\u00eda para cuidar estos espacios que hacen parte del patrimonio hist\u00f3rico y cultural de la ciudad. As\u00ed mismo, record\u00f3 a la comunidad que en caso de emergencia pueden comunicarse de manera inmediata a las l\u00edneas 119 o 123.<\/p>\n","protected":false},"excerpt":{"rendered":"<p>Un incendio registrado en la noche del s\u00e1bado 31 de mayo, en la glorieta de la calle 19, donde se encuentra ubicada la ic\u00f3nica locomotora, fue r\u00e1pidamente controlado por el Cuerpo Oficial de Bomberos, evitando da\u00f1os significativos al monumento. La emergencia fue atendida por cuatro unidades de la estaci\u00f3n de<span class=\"more-link\"><a href=\"https:\/\/ciudadyregion.com.co\/index.php\/panico-por-incendio-en-la-locomotora-de-la-calle-19-en-ibague\/ibague\/\">Continuar Leyendo<\/a><\/span><\/p>\n","protected":false},"author":2,"featured_media":36959,"comment_status":"open","ping_status":"open","sticky":false,"template":"","format":"standard","meta":{"_uf_show_specific_survey":0,"_uf_disable_surveys":false,"_jetpack_memberships_contains_paid_content":false,"footnotes":"","jetpack_publicize_message":"","jetpack_publicize_feature_enabled":true,"jetpack_social_post_already_shared":true,"jetpack_social_options":{"image_generator_settings":{"template":"highway","enabled":false},"version":2}},"categories":[14],"tags":[],"class_list":["entry","author-diegoaguirre","post-36958","post","type-post","status-publish","format-standard","has-post-thumbnail","category-ibague"],"jetpack_publicize_connections":[],"yoast_head":"<!-- This site is optimized with the Yoast SEO plugin v24.3 - https:\/\/yoast.com\/wordpress\/plugins\/seo\/ -->\n<title>P\u00e1nico por incendio en la locomotora de la calle 19 en Ibagu\u00e9 - Ciudad y Region<\/title>\n<meta name=\"robots\" content=\"index, follow, max-snippet:-1, max-image-preview:large, max-video-preview:-1\" \/>\n<link rel=\"canonical\" href=\"https:\/\/ciudadyregion.com.co\/index.php\/panico-por-incendio-en-la-locomotora-de-la-calle-19-en-ibague\/ibague\/\" \/>\n<meta property=\"og:locale\" content=\"es_ES\" \/>\n<meta property=\"og:type\" content=\"article\" \/>\n<meta property=\"og:title\" content=\"P\u00e1nico por incendio en la locomotora de la calle 19 en Ibagu\u00e9 - Ciudad y Region\" \/>\n<meta property=\"og:description\" content=\"Un incendio registrado en la noche del s\u00e1bado 31 de mayo, en la glorieta de la calle 19, donde se encuentra ubicada la ic\u00f3nica locomotora, fue r\u00e1pidamente controlado por el Cuerpo Oficial de Bomberos, evitando da\u00f1os significativos al monumento. La emergencia fue atendida por cuatro unidades de la estaci\u00f3n deContinuar Leyendo\" \/>\n<meta property=\"og:url\" content=\"https:\/\/ciudadyregion.com.co\/index.php\/panico-por-incendio-en-la-locomotora-de-la-calle-19-en-ibague\/ibague\/\" \/>\n<meta property=\"og:site_name\" content=\"Ciudad y Region\" \/>\n<meta property=\"article:published_time\" content=\"2025-06-03T08:57:57+00:00\" \/>\n<meta property=\"og:image\" content=\"https:\/\/ciudadyregion.com.co\/wp-content\/uploads\/2025\/06\/1-5.jpg\" \/>\n\t<meta property=\"og:image:width\" content=\"800\" \/>\n\t<meta property=\"og:image:height\" content=\"445\" \/>\n\t<meta property=\"og:image:type\" content=\"image\/jpeg\" \/>\n<meta name=\"author\" content=\"David Andr\u00e9s Aguirre\" \/>\n<meta name=\"twitter:card\" content=\"summary_large_image\" \/>\n<meta name=\"twitter:label1\" content=\"Escrito por\" \/>\n\t<meta name=\"twitter:data1\" content=\"David Andr\u00e9s Aguirre\" \/>\n\t<meta name=\"twitter:label2\" content=\"Tiempo de lectura\" \/>\n\t<meta name=\"twitter:data2\" content=\"1 minuto\" \/>\n<script type=\"application\/ld+json\" class=\"yoast-schema-graph\">{\"@context\":\"https:\/\/schema.org\",\"@graph\":[{\"@type\":\"WebPage\",\"@id\":\"https:\/\/ciudadyregion.com.co\/index.php\/panico-por-incendio-en-la-locomotora-de-la-calle-19-en-ibague\/ibague\/\",\"url\":\"https:\/\/ciudadyregion.com.co\/index.php\/panico-por-incendio-en-la-locomotora-de-la-calle-19-en-ibague\/ibague\/\",\"name\":\"P\u00e1nico por incendio en la locomotora de la calle 19 en Ibagu\u00e9 - Ciudad y Region\",\"isPartOf\":{\"@id\":\"https:\/\/ciudadyregion.com.co\/#website\"},\"primaryImageOfPage\":{\"@id\":\"https:\/\/ciudadyregion.com.co\/index.php\/panico-por-incendio-en-la-locomotora-de-la-calle-19-en-ibague\/ibague\/#primaryimage\"},\"image\":{\"@id\":\"https:\/\/ciudadyregion.com.co\/index.php\/panico-por-incendio-en-la-locomotora-de-la-calle-19-en-ibague\/ibague\/#primaryimage\"},\"thumbnailUrl\":\"https:\/\/i0.wp.com\/ciudadyregion.com.co\/wp-content\/uploads\/2025\/06\/1-5.jpg?fit=800%2C445&ssl=1\",\"datePublished\":\"2025-06-03T08:57:57+00:00\",\"dateModified\":\"2025-06-03T08:57:57+00:00\",\"author\":{\"@id\":\"https:\/\/ciudadyregion.com.co\/#\/schema\/person\/04a4954373ebc4051f46e8c65ff78622\"},\"breadcrumb\":{\"@id\":\"https:\/\/ciudadyregion.com.co\/index.php\/panico-por-incendio-en-la-locomotora-de-la-calle-19-en-ibague\/ibague\/#breadcrumb\"},\"inLanguage\":\"es\",\"potentialAction\":[{\"@type\":\"ReadAction\",\"target\":[\"https:\/\/ciudadyregion.com.co\/index.php\/panico-por-incendio-en-la-locomotora-de-la-calle-19-en-ibague\/ibague\/\"]}]},{\"@type\":\"ImageObject\",\"inLanguage\":\"es\",\"@id\":\"https:\/\/ciudadyregion.com.co\/index.php\/panico-por-incendio-en-la-locomotora-de-la-calle-19-en-ibague\/ibague\/#primaryimage\",\"url\":\"https:\/\/i0.wp.com\/ciudadyregion.com.co\/wp-content\/uploads\/2025\/06\/1-5.jpg?fit=800%2C445&ssl=1\",\"contentUrl\":\"https:\/\/i0.wp.com\/ciudadyregion.com.co\/wp-content\/uploads\/2025\/06\/1-5.jpg?fit=800%2C445&ssl=1\",\"width\":800,\"height\":445},{\"@type\":\"BreadcrumbList\",\"@id\":\"https:\/\/ciudadyregion.com.co\/index.php\/panico-por-incendio-en-la-locomotora-de-la-calle-19-en-ibague\/ibague\/#breadcrumb\",\"itemListElement\":[{\"@type\":\"ListItem\",\"position\":1,\"name\":\"Portada\",\"item\":\"https:\/\/ciudadyregion.com.co\/\"},{\"@type\":\"ListItem\",\"position\":2,\"name\":\"P\u00e1nico por incendio en la locomotora de la calle 19 en Ibagu\u00e9\"}]},{\"@type\":\"WebSite\",\"@id\":\"https:\/\/ciudadyregion.com.co\/#website\",\"url\":\"https:\/\/ciudadyregion.com.co\/\",\"name\":\"Ciudad y Region\",\"description\":\"\",\"potentialAction\":[{\"@type\":\"SearchAction\",\"target\":{\"@type\":\"EntryPoint\",\"urlTemplate\":\"https:\/\/ciudadyregion.com.co\/?s={search_term_string}\"},\"query-input\":{\"@type\":\"PropertyValueSpecification\",\"valueRequired\":true,\"valueName\":\"search_term_string\"}}],\"inLanguage\":\"es\"},{\"@type\":\"Person\",\"@id\":\"https:\/\/ciudadyregion.com.co\/#\/schema\/person\/04a4954373ebc4051f46e8c65ff78622\",\"name\":\"David Andr\u00e9s Aguirre\",\"image\":{\"@type\":\"ImageObject\",\"inLanguage\":\"es\",\"@id\":\"https:\/\/ciudadyregion.com.co\/#\/schema\/person\/image\/\",\"url\":\"https:\/\/secure.gravatar.com\/avatar\/bc3c655860202182ee6d1b5edd042dbe?s=96&d=mm&r=g\",\"contentUrl\":\"https:\/\/secure.gravatar.com\/avatar\/bc3c655860202182ee6d1b5edd042dbe?s=96&d=mm&r=g\",\"caption\":\"David Andr\u00e9s Aguirre\"},\"url\":\"https:\/\/ciudadyregion.com.co\/index.php\/author\/diegoaguirre\/\"}]}<\/script>\n<!-- \/ Yoast SEO plugin. -->","yoast_head_json":{"title":"P\u00e1nico por incendio en la locomotora de la calle 19 en Ibagu\u00e9 - Ciudad y Region","robots":{"index":"index","follow":"follow","max-snippet":"max-snippet:-1","max-image-preview":"max-image-preview:large","max-video-preview":"max-video-preview:-1"},"canonical":"https:\/\/ciudadyregion.com.co\/index.php\/panico-por-incendio-en-la-locomotora-de-la-calle-19-en-ibague\/ibague\/","og_locale":"es_ES","og_type":"article","og_title":"P\u00e1nico por incendio en la locomotora de la calle 19 en Ibagu\u00e9 - Ciudad y Region","og_description":"Un incendio registrado en la noche del s\u00e1bado 31 de mayo, en la glorieta de la calle 19, donde se encuentra ubicada la ic\u00f3nica locomotora, fue r\u00e1pidamente controlado por el Cuerpo Oficial de Bomberos, evitando da\u00f1os significativos al monumento. La emergencia fue atendida por cuatro unidades de la estaci\u00f3n deContinuar Leyendo","og_url":"https:\/\/ciudadyregion.com.co\/index.php\/panico-por-incendio-en-la-locomotora-de-la-calle-19-en-ibague\/ibague\/","og_site_name":"Ciudad y Region","article_published_time":"2025-06-03T08:57:57+00:00","og_image":[{"width":800,"height":445,"url":"https:\/\/ciudadyregion.com.co\/wp-content\/uploads\/2025\/06\/1-5.jpg","type":"image\/jpeg"}],"author":"David Andr\u00e9s Aguirre","twitter_card":"summary_large_image","twitter_misc":{"Escrito por":"David Andr\u00e9s Aguirre","Tiempo de lectura":"1 minuto"},"schema":{"@context":"https:\/\/schema.org","@graph":[{"@type":"WebPage","@id":"https:\/\/ciudadyregion.com.co\/index.php\/panico-por-incendio-en-la-locomotora-de-la-calle-19-en-ibague\/ibague\/","url":"https:\/\/ciudadyregion.com.co\/index.php\/panico-por-incendio-en-la-locomotora-de-la-calle-19-en-ibague\/ibague\/","name":"P\u00e1nico por incendio en la locomotora de la calle 19 en Ibagu\u00e9 - Ciudad y Region","isPartOf":{"@id":"https:\/\/ciudadyregion.com.co\/#website"},"primaryImageOfPage":{"@id":"https:\/\/ciudadyregion.com.co\/index.php\/panico-por-incendio-en-la-locomotora-de-la-calle-19-en-ibague\/ibague\/#primaryimage"},"image":{"@id":"https:\/\/ciudadyregion.com.co\/index.php\/panico-por-incendio-en-la-locomotora-de-la-calle-19-en-ibague\/ibague\/#primaryimage"},"thumbnailUrl":"https:\/\/i0.wp.com\/ciudadyregion.com.co\/wp-content\/uploads\/2025\/06\/1-5.jpg?fit=800%2C445&ssl=1","datePublished":"2025-06-03T08:57:57+00:00","dateModified":"2025-06-03T08:57:57+00:00","author":{"@id":"https:\/\/ciudadyregion.com.co\/#\/schema\/person\/04a4954373ebc4051f46e8c65ff78622"},"breadcrumb":{"@id":"https:\/\/ciudadyregion.com.co\/index.php\/panico-por-incendio-en-la-locomotora-de-la-calle-19-en-ibague\/ibague\/#breadcrumb"},"inLanguage":"es","potentialAction":[{"@type":"ReadAction","target":["https:\/\/ciudadyregion.com.co\/index.php\/panico-por-incendio-en-la-locomotora-de-la-calle-19-en-ibague\/ibague\/"]}]},{"@type":"ImageObject","inLanguage":"es","@id":"https:\/\/ciudadyregion.com.co\/index.php\/panico-por-incendio-en-la-locomotora-de-la-calle-19-en-ibague\/ibague\/#primaryimage","url":"https:\/\/i0.wp.com\/ciudadyregion.com.co\/wp-content\/uploads\/2025\/06\/1-5.jpg?fit=800%2C445&ssl=1","contentUrl":"https:\/\/i0.wp.com\/ciudadyregion.com.co\/wp-content\/uploads\/2025\/06\/1-5.jpg?fit=800%2C445&ssl=1","width":800,"height":445},{"@type":"BreadcrumbList","@id":"https:\/\/ciudadyregion.com.co\/index.php\/panico-por-incendio-en-la-locomotora-de-la-calle-19-en-ibague\/ibague\/#breadcrumb","itemListElement":[{"@type":"ListItem","position":1,"name":"Portada","item":"https:\/\/ciudadyregion.com.co\/"},{"@type":"ListItem","position":2,"name":"P\u00e1nico por incendio en la locomotora de la calle 19 en Ibagu\u00e9"}]},{"@type":"WebSite","@id":"https:\/\/ciudadyregion.com.co\/#website","url":"https:\/\/ciudadyregion.com.co\/","name":"Ciudad y Region","description":"","potentialAction":[{"@type":"SearchAction","target":{"@type":"EntryPoint","urlTemplate":"https:\/\/ciudadyregion.com.co\/?s={search_term_string}"},"query-input":{"@type":"PropertyValueSpecification","valueRequired":true,"valueName":"search_term_string"}}],"inLanguage":"es"},{"@type":"Person","@id":"https:\/\/ciudadyregion.com.co\/#\/schema\/person\/04a4954373ebc4051f46e8c65ff78622","name":"David Andr\u00e9s Aguirre","image":{"@type":"ImageObject","inLanguage":"es","@id":"https:\/\/ciudadyregion.com.co\/#\/schema\/person\/image\/","url":"https:\/\/secure.gravatar.com\/avatar\/bc3c655860202182ee6d1b5edd042dbe?s=96&d=mm&r=g","contentUrl":"https:\/\/secure.gravatar.com\/avatar\/bc3c655860202182ee6d1b5edd042dbe?s=96&d=mm&r=g","caption":"David Andr\u00e9s Aguirre"},"url":"https:\/\/ciudadyregion.com.co\/index.php\/author\/diegoaguirre\/"}]}},"jetpack_featured_media_url":"https:\/\/i0.wp.com\/ciudadyregion.com.co\/wp-content\/uploads\/2025\/06\/1-5.jpg?fit=800%2C445&ssl=1","jetpack_sharing_enabled":true,"jetpack_shortlink":"https:\/\/wp.me\/pbS7hh-9C6","jetpack-related-posts":[],"_links":{"self":[{"href":"https:\/\/ciudadyregion.com.co\/index.php\/wp-json\/wp\/v2\/posts\/36958"}],"collection":[{"href":"https:\/\/ciudadyregion.com.co\/index.php\/wp-json\/wp\/v2\/posts"}],"about":[{"href":"https:\/\/ciudadyregion.com.co\/index.php\/wp-json\/wp\/v2\/types\/post"}],"author":[{"embeddable":true,"href":"https:\/\/ciudadyregion.com.co\/index.php\/wp-json\/wp\/v2\/users\/2"}],"replies":[{"embeddable":true,"href":"https:\/\/ciudadyregion.com.co\/index.php\/wp-json\/wp\/v2\/comments?post=36958"}],"version-history":[{"count":2,"href":"https:\/\/ciudadyregion.com.co\/index.php\/wp-json\/wp\/v2\/posts\/36958\/revisions"}],"predecessor-version":[{"id":36965,"href":"https:\/\/ciudadyregion.com.co\/index.php\/wp-json\/wp\/v2\/posts\/36958\/revisions\/36965"}],"wp:featuredmedia":[{"embeddable":true,"href":"https:\/\/ciudadyregion.com.co\/index.php\/wp-json\/wp\/v2\/media\/36959"}],"wp:attachment":[{"href":"https:\/\/ciudadyregion.com.co\/index.php\/wp-json\/wp\/v2\/media?parent=36958"}],"wp:term":[{"taxonomy":"category","embeddable":true,"href":"https:\/\/ciudadyregion.com.co\/index.php\/wp-json\/wp\/v2\/categories?post=36958"},{"taxonomy":"post_tag","embeddable":true,"href":"https:\/\/ciudadyregion.com.co\/index.php\/wp-json\/wp\/v2\/tags?post=36958"}],"curies":[{"name":"wp","href":"https:\/\/api.w.org\/{rel}","templated":true}]}}