{"id":36952,"date":"2025-06-03T03:51:30","date_gmt":"2025-06-03T08:51:30","guid":{"rendered":"https:\/\/ciudadyregion.com.co\/?p=36952"},"modified":"2025-06-03T03:51:30","modified_gmt":"2025-06-03T08:51:30","slug":"cundinamarca-lanzo-convocatoria-de-servicio-social-para-la-accion-comunal-dirigida-a-jovenes","status":"publish","type":"post","link":"https:\/\/ciudadyregion.com.co\/index.php\/cundinamarca-lanzo-convocatoria-de-servicio-social-para-la-accion-comunal-dirigida-a-jovenes\/regional\/","title":{"rendered":"Cundinamarca lanz\u00f3 convocatoria de Servicio Social para la Acci\u00f3n Comunal dirigida a j\u00f3venes"},"content":{"rendered":"<p>Este programa est\u00e1 dirigido a estudiantes que deseen cumplir su servicio social obligatorio mediante la participaci\u00f3n activa en procesos comunitarios, organizativos, ambientales, deportivos y culturales.<\/p>\n<p>La iniciativa contempla 80 horas de formaci\u00f3n, divididas en 40 horas te\u00f3ricas, enfocadas en la historia, normatividad y funcionamiento de la acci\u00f3n comunal, y 40 horas pr\u00e1cticas en actividades de impacto social en sus territorios.<\/p>\n<p>La estrategia contar\u00e1 con el acompa\u00f1amiento de rectores, docentes y presidentes de las Juntas de Acci\u00f3n Comunal, adem\u00e1s del apoyo t\u00e9cnico y pedag\u00f3gico del IDACO, garantizando as\u00ed un proceso formativo integral.<\/p>\n<p>La convocatoria tiene cobertura en todo el departamento, con participaci\u00f3n voluntaria, enfoque territorial y car\u00e1cter formativo, en el marco de la Ley 2166 de 2021, que promueve el liderazgo juvenil y la participaci\u00f3n ciudadana en los organismos de acci\u00f3n comunal.<\/p>\n<p>El programa es liderado por el Instituto Departamental de Acci\u00f3n Comunal (IDACO), en coordinaci\u00f3n con la Secretar\u00eda de Educaci\u00f3n de Cundinamarca, y se puede postular a trav\u00e9s de \u00f1a p\u00e1gina web de la gobernaci\u00f3n de Cundinamarca.<\/p>\n","protected":false},"excerpt":{"rendered":"<p>Este programa est\u00e1 dirigido a estudiantes que deseen cumplir su servicio social obligatorio mediante la participaci\u00f3n activa en procesos comunitarios, organizativos, ambientales, deportivos y culturales. La iniciativa contempla 80 horas de formaci\u00f3n, divididas en 40 horas te\u00f3ricas, enfocadas en la historia, normatividad y funcionamiento de la acci\u00f3n comunal, y 40<span class=\"more-link\"><a href=\"https:\/\/ciudadyregion.com.co\/index.php\/cundinamarca-lanzo-convocatoria-de-servicio-social-para-la-accion-comunal-dirigida-a-jovenes\/regional\/\">Continuar Leyendo<\/a><\/span><\/p>\n","protected":false},"author":2,"featured_media":36953,"comment_status":"open","ping_status":"open","sticky":false,"template":"","format":"standard","meta":{"_uf_show_specific_survey":0,"_uf_disable_surveys":false,"_jetpack_memberships_contains_paid_content":false,"footnotes":"","jetpack_publicize_message":"","jetpack_publicize_feature_enabled":true,"jetpack_social_post_already_shared":true,"jetpack_social_options":{"image_generator_settings":{"template":"highway","enabled":false},"version":2}},"categories":[13],"tags":[],"class_list":["entry","author-diegoaguirre","post-36952","post","type-post","status-publish","format-standard","has-post-thumbnail","category-regional"],"jetpack_publicize_connections":[],"yoast_head":"<!-- This site is optimized with the Yoast SEO plugin v24.3 - https:\/\/yoast.com\/wordpress\/plugins\/seo\/ -->\n<title>Cundinamarca lanz\u00f3 convocatoria de Servicio Social para la Acci\u00f3n Comunal dirigida a j\u00f3venes - Ciudad y Region<\/title>\n<meta name=\"robots\" content=\"index, follow, max-snippet:-1, max-image-preview:large, max-video-preview:-1\" \/>\n<link rel=\"canonical\" href=\"https:\/\/ciudadyregion.com.co\/index.php\/cundinamarca-lanzo-convocatoria-de-servicio-social-para-la-accion-comunal-dirigida-a-jovenes\/regional\/\" \/>\n<meta property=\"og:locale\" content=\"es_ES\" \/>\n<meta property=\"og:type\" content=\"article\" \/>\n<meta property=\"og:title\" content=\"Cundinamarca lanz\u00f3 convocatoria de Servicio Social para la Acci\u00f3n Comunal dirigida a j\u00f3venes - Ciudad y Region\" \/>\n<meta property=\"og:description\" content=\"Este programa est\u00e1 dirigido a estudiantes que deseen cumplir su servicio social obligatorio mediante la participaci\u00f3n activa en procesos comunitarios, organizativos, ambientales, deportivos y culturales. La iniciativa contempla 80 horas de formaci\u00f3n, divididas en 40 horas te\u00f3ricas, enfocadas en la historia, normatividad y funcionamiento de la acci\u00f3n comunal, y 40Continuar Leyendo\" \/>\n<meta property=\"og:url\" content=\"https:\/\/ciudadyregion.com.co\/index.php\/cundinamarca-lanzo-convocatoria-de-servicio-social-para-la-accion-comunal-dirigida-a-jovenes\/regional\/\" \/>\n<meta property=\"og:site_name\" content=\"Ciudad y Region\" \/>\n<meta property=\"article:published_time\" content=\"2025-06-03T08:51:30+00:00\" \/>\n<meta property=\"og:image\" content=\"https:\/\/ciudadyregion.com.co\/wp-content\/uploads\/2025\/06\/2-6.jpg\" \/>\n\t<meta property=\"og:image:width\" content=\"800\" \/>\n\t<meta property=\"og:image:height\" content=\"445\" \/>\n\t<meta property=\"og:image:type\" content=\"image\/jpeg\" \/>\n<meta name=\"author\" content=\"David Andr\u00e9s Aguirre\" \/>\n<meta name=\"twitter:card\" content=\"summary_large_image\" \/>\n<meta name=\"twitter:label1\" content=\"Escrito por\" \/>\n\t<meta name=\"twitter:data1\" content=\"David Andr\u00e9s Aguirre\" \/>\n\t<meta name=\"twitter:label2\" content=\"Tiempo de lectura\" \/>\n\t<meta name=\"twitter:data2\" content=\"1 minuto\" \/>\n<script type=\"application\/ld+json\" class=\"yoast-schema-graph\">{\"@context\":\"https:\/\/schema.org\",\"@graph\":[{\"@type\":\"WebPage\",\"@id\":\"https:\/\/ciudadyregion.com.co\/index.php\/cundinamarca-lanzo-convocatoria-de-servicio-social-para-la-accion-comunal-dirigida-a-jovenes\/regional\/\",\"url\":\"https:\/\/ciudadyregion.com.co\/index.php\/cundinamarca-lanzo-convocatoria-de-servicio-social-para-la-accion-comunal-dirigida-a-jovenes\/regional\/\",\"name\":\"Cundinamarca lanz\u00f3 convocatoria de Servicio Social para la Acci\u00f3n Comunal dirigida a j\u00f3venes - Ciudad y Region\",\"isPartOf\":{\"@id\":\"https:\/\/ciudadyregion.com.co\/#website\"},\"primaryImageOfPage\":{\"@id\":\"https:\/\/ciudadyregion.com.co\/index.php\/cundinamarca-lanzo-convocatoria-de-servicio-social-para-la-accion-comunal-dirigida-a-jovenes\/regional\/#primaryimage\"},\"image\":{\"@id\":\"https:\/\/ciudadyregion.com.co\/index.php\/cundinamarca-lanzo-convocatoria-de-servicio-social-para-la-accion-comunal-dirigida-a-jovenes\/regional\/#primaryimage\"},\"thumbnailUrl\":\"https:\/\/i0.wp.com\/ciudadyregion.com.co\/wp-content\/uploads\/2025\/06\/2-6.jpg?fit=800%2C445&ssl=1\",\"datePublished\":\"2025-06-03T08:51:30+00:00\",\"dateModified\":\"2025-06-03T08:51:30+00:00\",\"author\":{\"@id\":\"https:\/\/ciudadyregion.com.co\/#\/schema\/person\/04a4954373ebc4051f46e8c65ff78622\"},\"breadcrumb\":{\"@id\":\"https:\/\/ciudadyregion.com.co\/index.php\/cundinamarca-lanzo-convocatoria-de-servicio-social-para-la-accion-comunal-dirigida-a-jovenes\/regional\/#breadcrumb\"},\"inLanguage\":\"es\",\"potentialAction\":[{\"@type\":\"ReadAction\",\"target\":[\"https:\/\/ciudadyregion.com.co\/index.php\/cundinamarca-lanzo-convocatoria-de-servicio-social-para-la-accion-comunal-dirigida-a-jovenes\/regional\/\"]}]},{\"@type\":\"ImageObject\",\"inLanguage\":\"es\",\"@id\":\"https:\/\/ciudadyregion.com.co\/index.php\/cundinamarca-lanzo-convocatoria-de-servicio-social-para-la-accion-comunal-dirigida-a-jovenes\/regional\/#primaryimage\",\"url\":\"https:\/\/i0.wp.com\/ciudadyregion.com.co\/wp-content\/uploads\/2025\/06\/2-6.jpg?fit=800%2C445&ssl=1\",\"contentUrl\":\"https:\/\/i0.wp.com\/ciudadyregion.com.co\/wp-content\/uploads\/2025\/06\/2-6.jpg?fit=800%2C445&ssl=1\",\"width\":800,\"height\":445},{\"@type\":\"BreadcrumbList\",\"@id\":\"https:\/\/ciudadyregion.com.co\/index.php\/cundinamarca-lanzo-convocatoria-de-servicio-social-para-la-accion-comunal-dirigida-a-jovenes\/regional\/#breadcrumb\",\"itemListElement\":[{\"@type\":\"ListItem\",\"position\":1,\"name\":\"Portada\",\"item\":\"https:\/\/ciudadyregion.com.co\/\"},{\"@type\":\"ListItem\",\"position\":2,\"name\":\"Cundinamarca lanz\u00f3 convocatoria de Servicio Social para la Acci\u00f3n Comunal dirigida a j\u00f3venes\"}]},{\"@type\":\"WebSite\",\"@id\":\"https:\/\/ciudadyregion.com.co\/#website\",\"url\":\"https:\/\/ciudadyregion.com.co\/\",\"name\":\"Ciudad y Region\",\"description\":\"\",\"potentialAction\":[{\"@type\":\"SearchAction\",\"target\":{\"@type\":\"EntryPoint\",\"urlTemplate\":\"https:\/\/ciudadyregion.com.co\/?s={search_term_string}\"},\"query-input\":{\"@type\":\"PropertyValueSpecification\",\"valueRequired\":true,\"valueName\":\"search_term_string\"}}],\"inLanguage\":\"es\"},{\"@type\":\"Person\",\"@id\":\"https:\/\/ciudadyregion.com.co\/#\/schema\/person\/04a4954373ebc4051f46e8c65ff78622\",\"name\":\"David Andr\u00e9s Aguirre\",\"image\":{\"@type\":\"ImageObject\",\"inLanguage\":\"es\",\"@id\":\"https:\/\/ciudadyregion.com.co\/#\/schema\/person\/image\/\",\"url\":\"https:\/\/secure.gravatar.com\/avatar\/bc3c655860202182ee6d1b5edd042dbe?s=96&d=mm&r=g\",\"contentUrl\":\"https:\/\/secure.gravatar.com\/avatar\/bc3c655860202182ee6d1b5edd042dbe?s=96&d=mm&r=g\",\"caption\":\"David Andr\u00e9s Aguirre\"},\"url\":\"https:\/\/ciudadyregion.com.co\/index.php\/author\/diegoaguirre\/\"}]}<\/script>\n<!-- \/ Yoast SEO plugin. -->","yoast_head_json":{"title":"Cundinamarca lanz\u00f3 convocatoria de Servicio Social para la Acci\u00f3n Comunal dirigida a j\u00f3venes - Ciudad y Region","robots":{"index":"index","follow":"follow","max-snippet":"max-snippet:-1","max-image-preview":"max-image-preview:large","max-video-preview":"max-video-preview:-1"},"canonical":"https:\/\/ciudadyregion.com.co\/index.php\/cundinamarca-lanzo-convocatoria-de-servicio-social-para-la-accion-comunal-dirigida-a-jovenes\/regional\/","og_locale":"es_ES","og_type":"article","og_title":"Cundinamarca lanz\u00f3 convocatoria de Servicio Social para la Acci\u00f3n Comunal dirigida a j\u00f3venes - Ciudad y Region","og_description":"Este programa est\u00e1 dirigido a estudiantes que deseen cumplir su servicio social obligatorio mediante la participaci\u00f3n activa en procesos comunitarios, organizativos, ambientales, deportivos y culturales. La iniciativa contempla 80 horas de formaci\u00f3n, divididas en 40 horas te\u00f3ricas, enfocadas en la historia, normatividad y funcionamiento de la acci\u00f3n comunal, y 40Continuar Leyendo","og_url":"https:\/\/ciudadyregion.com.co\/index.php\/cundinamarca-lanzo-convocatoria-de-servicio-social-para-la-accion-comunal-dirigida-a-jovenes\/regional\/","og_site_name":"Ciudad y Region","article_published_time":"2025-06-03T08:51:30+00:00","og_image":[{"width":800,"height":445,"url":"https:\/\/ciudadyregion.com.co\/wp-content\/uploads\/2025\/06\/2-6.jpg","type":"image\/jpeg"}],"author":"David Andr\u00e9s Aguirre","twitter_card":"summary_large_image","twitter_misc":{"Escrito por":"David Andr\u00e9s Aguirre","Tiempo de lectura":"1 minuto"},"schema":{"@context":"https:\/\/schema.org","@graph":[{"@type":"WebPage","@id":"https:\/\/ciudadyregion.com.co\/index.php\/cundinamarca-lanzo-convocatoria-de-servicio-social-para-la-accion-comunal-dirigida-a-jovenes\/regional\/","url":"https:\/\/ciudadyregion.com.co\/index.php\/cundinamarca-lanzo-convocatoria-de-servicio-social-para-la-accion-comunal-dirigida-a-jovenes\/regional\/","name":"Cundinamarca lanz\u00f3 convocatoria de Servicio Social para la Acci\u00f3n Comunal dirigida a j\u00f3venes - Ciudad y Region","isPartOf":{"@id":"https:\/\/ciudadyregion.com.co\/#website"},"primaryImageOfPage":{"@id":"https:\/\/ciudadyregion.com.co\/index.php\/cundinamarca-lanzo-convocatoria-de-servicio-social-para-la-accion-comunal-dirigida-a-jovenes\/regional\/#primaryimage"},"image":{"@id":"https:\/\/ciudadyregion.com.co\/index.php\/cundinamarca-lanzo-convocatoria-de-servicio-social-para-la-accion-comunal-dirigida-a-jovenes\/regional\/#primaryimage"},"thumbnailUrl":"https:\/\/i0.wp.com\/ciudadyregion.com.co\/wp-content\/uploads\/2025\/06\/2-6.jpg?fit=800%2C445&ssl=1","datePublished":"2025-06-03T08:51:30+00:00","dateModified":"2025-06-03T08:51:30+00:00","author":{"@id":"https:\/\/ciudadyregion.com.co\/#\/schema\/person\/04a4954373ebc4051f46e8c65ff78622"},"breadcrumb":{"@id":"https:\/\/ciudadyregion.com.co\/index.php\/cundinamarca-lanzo-convocatoria-de-servicio-social-para-la-accion-comunal-dirigida-a-jovenes\/regional\/#breadcrumb"},"inLanguage":"es","potentialAction":[{"@type":"ReadAction","target":["https:\/\/ciudadyregion.com.co\/index.php\/cundinamarca-lanzo-convocatoria-de-servicio-social-para-la-accion-comunal-dirigida-a-jovenes\/regional\/"]}]},{"@type":"ImageObject","inLanguage":"es","@id":"https:\/\/ciudadyregion.com.co\/index.php\/cundinamarca-lanzo-convocatoria-de-servicio-social-para-la-accion-comunal-dirigida-a-jovenes\/regional\/#primaryimage","url":"https:\/\/i0.wp.com\/ciudadyregion.com.co\/wp-content\/uploads\/2025\/06\/2-6.jpg?fit=800%2C445&ssl=1","contentUrl":"https:\/\/i0.wp.com\/ciudadyregion.com.co\/wp-content\/uploads\/2025\/06\/2-6.jpg?fit=800%2C445&ssl=1","width":800,"height":445},{"@type":"BreadcrumbList","@id":"https:\/\/ciudadyregion.com.co\/index.php\/cundinamarca-lanzo-convocatoria-de-servicio-social-para-la-accion-comunal-dirigida-a-jovenes\/regional\/#breadcrumb","itemListElement":[{"@type":"ListItem","position":1,"name":"Portada","item":"https:\/\/ciudadyregion.com.co\/"},{"@type":"ListItem","position":2,"name":"Cundinamarca lanz\u00f3 convocatoria de Servicio Social para la Acci\u00f3n Comunal dirigida a j\u00f3venes"}]},{"@type":"WebSite","@id":"https:\/\/ciudadyregion.com.co\/#website","url":"https:\/\/ciudadyregion.com.co\/","name":"Ciudad y Region","description":"","potentialAction":[{"@type":"SearchAction","target":{"@type":"EntryPoint","urlTemplate":"https:\/\/ciudadyregion.com.co\/?s={search_term_string}"},"query-input":{"@type":"PropertyValueSpecification","valueRequired":true,"valueName":"search_term_string"}}],"inLanguage":"es"},{"@type":"Person","@id":"https:\/\/ciudadyregion.com.co\/#\/schema\/person\/04a4954373ebc4051f46e8c65ff78622","name":"David Andr\u00e9s Aguirre","image":{"@type":"ImageObject","inLanguage":"es","@id":"https:\/\/ciudadyregion.com.co\/#\/schema\/person\/image\/","url":"https:\/\/secure.gravatar.com\/avatar\/bc3c655860202182ee6d1b5edd042dbe?s=96&d=mm&r=g","contentUrl":"https:\/\/secure.gravatar.com\/avatar\/bc3c655860202182ee6d1b5edd042dbe?s=96&d=mm&r=g","caption":"David Andr\u00e9s Aguirre"},"url":"https:\/\/ciudadyregion.com.co\/index.php\/author\/diegoaguirre\/"}]}},"jetpack_featured_media_url":"https:\/\/i0.wp.com\/ciudadyregion.com.co\/wp-content\/uploads\/2025\/06\/2-6.jpg?fit=800%2C445&ssl=1","jetpack_sharing_enabled":true,"jetpack_shortlink":"https:\/\/wp.me\/pbS7hh-9C0","jetpack-related-posts":[],"_links":{"self":[{"href":"https:\/\/ciudadyregion.com.co\/index.php\/wp-json\/wp\/v2\/posts\/36952"}],"collection":[{"href":"https:\/\/ciudadyregion.com.co\/index.php\/wp-json\/wp\/v2\/posts"}],"about":[{"href":"https:\/\/ciudadyregion.com.co\/index.php\/wp-json\/wp\/v2\/types\/post"}],"author":[{"embeddable":true,"href":"https:\/\/ciudadyregion.com.co\/index.php\/wp-json\/wp\/v2\/users\/2"}],"replies":[{"embeddable":true,"href":"https:\/\/ciudadyregion.com.co\/index.php\/wp-json\/wp\/v2\/comments?post=36952"}],"version-history":[{"count":1,"href":"https:\/\/ciudadyregion.com.co\/index.php\/wp-json\/wp\/v2\/posts\/36952\/revisions"}],"predecessor-version":[{"id":36954,"href":"https:\/\/ciudadyregion.com.co\/index.php\/wp-json\/wp\/v2\/posts\/36952\/revisions\/36954"}],"wp:featuredmedia":[{"embeddable":true,"href":"https:\/\/ciudadyregion.com.co\/index.php\/wp-json\/wp\/v2\/media\/36953"}],"wp:attachment":[{"href":"https:\/\/ciudadyregion.com.co\/index.php\/wp-json\/wp\/v2\/media?parent=36952"}],"wp:term":[{"taxonomy":"category","embeddable":true,"href":"https:\/\/ciudadyregion.com.co\/index.php\/wp-json\/wp\/v2\/categories?post=36952"},{"taxonomy":"post_tag","embeddable":true,"href":"https:\/\/ciudadyregion.com.co\/index.php\/wp-json\/wp\/v2\/tags?post=36952"}],"curies":[{"name":"wp","href":"https:\/\/api.w.org\/{rel}","templated":true}]}}