{"id":36949,"date":"2025-06-03T03:49:23","date_gmt":"2025-06-03T08:49:23","guid":{"rendered":"https:\/\/ciudadyregion.com.co\/?p=36949"},"modified":"2025-06-03T03:49:23","modified_gmt":"2025-06-03T08:49:23","slug":"ataque-sicarial-en-el-espinal-deja-un-joven-muerto-y-reactiva-la-preocupacion-por-la-inseguridad","status":"publish","type":"post","link":"https:\/\/ciudadyregion.com.co\/index.php\/ataque-sicarial-en-el-espinal-deja-un-joven-muerto-y-reactiva-la-preocupacion-por-la-inseguridad\/judicial\/","title":{"rendered":"Ataque sicarial en El Espinal deja un joven muerto y reactiva la preocupaci\u00f3n por la inseguridad"},"content":{"rendered":"<p>Un joven de 20 a\u00f1os, identificado como Maicol Estiven, conocido con el alias de \u201cLichigo\u201d, fue asesinado, el crimen ocurri\u00f3 en el barrio Caballero y G\u00f3ngora, en inmediaciones de la plaza de toros Gilberto Charry.<\/p>\n<p>De acuerdo con versiones preliminares, la v\u00edctima se encontraba en la parte externa de un bar compartiendo con varias personas, cuando fue abordada por dos sujetos que se movilizaban en motocicleta. Uno de ellos descendi\u00f3 del veh\u00edculo y, sin mediar palabra, le dispar\u00f3 en repetidas ocasiones en la cabeza, caus\u00e1ndole heridas mortales.<\/p>\n<p>Aunque algunos presentes intentaron auxiliar al joven, fue trasladado en una motocicleta de la Polic\u00eda hasta el hospital San Rafael, donde los m\u00e9dicos confirmaron su deceso debido a la gravedad de las lesiones.<\/p>\n<p>Seg\u00fan fuentes extraoficiales, Maicol Estiven estar\u00eda vinculado a actividades delictivas en la regi\u00f3n y se le relacionaba con los llamados \u201cGemelos de la Carrilera\u201d. Adem\u00e1s, contaba con antecedentes por porte ilegal de armas y extorsi\u00f3n.<\/p>\n<p>En El Espinal hay preocupaci\u00f3n en los habitantes, especialmente por la reiterada violaci\u00f3n a la norma que proh\u00edbe el parrillero hombre, medida vigente mediante decreto local. Las autoridades han intensificado los patrullajes y labores de inteligencia en diversos sectores del municipio, con el objetivo de dar con el paradero de los responsables.<\/p>\n","protected":false},"excerpt":{"rendered":"<p>Un joven de 20 a\u00f1os, identificado como Maicol Estiven, conocido con el alias de \u201cLichigo\u201d, fue asesinado, el crimen ocurri\u00f3 en el barrio Caballero y G\u00f3ngora, en inmediaciones de la plaza de toros Gilberto Charry. De acuerdo con versiones preliminares, la v\u00edctima se encontraba en la parte externa de un<span class=\"more-link\"><a href=\"https:\/\/ciudadyregion.com.co\/index.php\/ataque-sicarial-en-el-espinal-deja-un-joven-muerto-y-reactiva-la-preocupacion-por-la-inseguridad\/judicial\/\">Continuar Leyendo<\/a><\/span><\/p>\n","protected":false},"author":2,"featured_media":36950,"comment_status":"open","ping_status":"open","sticky":false,"template":"","format":"standard","meta":{"_uf_show_specific_survey":0,"_uf_disable_surveys":false,"_jetpack_memberships_contains_paid_content":false,"footnotes":"","jetpack_publicize_message":"","jetpack_publicize_feature_enabled":true,"jetpack_social_post_already_shared":true,"jetpack_social_options":{"image_generator_settings":{"template":"highway","enabled":false},"version":2}},"categories":[18],"tags":[],"class_list":["entry","author-diegoaguirre","post-36949","post","type-post","status-publish","format-standard","has-post-thumbnail","category-judicial"],"jetpack_publicize_connections":[],"yoast_head":"<!-- This site is optimized with the Yoast SEO plugin v24.3 - https:\/\/yoast.com\/wordpress\/plugins\/seo\/ -->\n<title>Ataque sicarial en El Espinal deja un joven muerto y reactiva la preocupaci\u00f3n por la inseguridad - Ciudad y Region<\/title>\n<meta name=\"robots\" content=\"index, follow, max-snippet:-1, max-image-preview:large, max-video-preview:-1\" \/>\n<link rel=\"canonical\" href=\"https:\/\/ciudadyregion.com.co\/index.php\/ataque-sicarial-en-el-espinal-deja-un-joven-muerto-y-reactiva-la-preocupacion-por-la-inseguridad\/judicial\/\" \/>\n<meta property=\"og:locale\" content=\"es_ES\" \/>\n<meta property=\"og:type\" content=\"article\" \/>\n<meta property=\"og:title\" content=\"Ataque sicarial en El Espinal deja un joven muerto y reactiva la preocupaci\u00f3n por la inseguridad - Ciudad y Region\" \/>\n<meta property=\"og:description\" content=\"Un joven de 20 a\u00f1os, identificado como Maicol Estiven, conocido con el alias de \u201cLichigo\u201d, fue asesinado, el crimen ocurri\u00f3 en el barrio Caballero y G\u00f3ngora, en inmediaciones de la plaza de toros Gilberto Charry. De acuerdo con versiones preliminares, la v\u00edctima se encontraba en la parte externa de unContinuar Leyendo\" \/>\n<meta property=\"og:url\" content=\"https:\/\/ciudadyregion.com.co\/index.php\/ataque-sicarial-en-el-espinal-deja-un-joven-muerto-y-reactiva-la-preocupacion-por-la-inseguridad\/judicial\/\" \/>\n<meta property=\"og:site_name\" content=\"Ciudad y Region\" \/>\n<meta property=\"article:published_time\" content=\"2025-06-03T08:49:23+00:00\" \/>\n<meta property=\"og:image\" content=\"https:\/\/ciudadyregion.com.co\/wp-content\/uploads\/2025\/06\/1-4.jpg\" \/>\n\t<meta property=\"og:image:width\" content=\"800\" \/>\n\t<meta property=\"og:image:height\" content=\"445\" \/>\n\t<meta property=\"og:image:type\" content=\"image\/jpeg\" \/>\n<meta name=\"author\" content=\"David Andr\u00e9s Aguirre\" \/>\n<meta name=\"twitter:card\" content=\"summary_large_image\" \/>\n<meta name=\"twitter:label1\" content=\"Escrito por\" \/>\n\t<meta name=\"twitter:data1\" content=\"David Andr\u00e9s Aguirre\" \/>\n\t<meta name=\"twitter:label2\" content=\"Tiempo de lectura\" \/>\n\t<meta name=\"twitter:data2\" content=\"2 minutos\" \/>\n<script type=\"application\/ld+json\" class=\"yoast-schema-graph\">{\"@context\":\"https:\/\/schema.org\",\"@graph\":[{\"@type\":\"WebPage\",\"@id\":\"https:\/\/ciudadyregion.com.co\/index.php\/ataque-sicarial-en-el-espinal-deja-un-joven-muerto-y-reactiva-la-preocupacion-por-la-inseguridad\/judicial\/\",\"url\":\"https:\/\/ciudadyregion.com.co\/index.php\/ataque-sicarial-en-el-espinal-deja-un-joven-muerto-y-reactiva-la-preocupacion-por-la-inseguridad\/judicial\/\",\"name\":\"Ataque sicarial en El Espinal deja un joven muerto y reactiva la preocupaci\u00f3n por la inseguridad - Ciudad y Region\",\"isPartOf\":{\"@id\":\"https:\/\/ciudadyregion.com.co\/#website\"},\"primaryImageOfPage\":{\"@id\":\"https:\/\/ciudadyregion.com.co\/index.php\/ataque-sicarial-en-el-espinal-deja-un-joven-muerto-y-reactiva-la-preocupacion-por-la-inseguridad\/judicial\/#primaryimage\"},\"image\":{\"@id\":\"https:\/\/ciudadyregion.com.co\/index.php\/ataque-sicarial-en-el-espinal-deja-un-joven-muerto-y-reactiva-la-preocupacion-por-la-inseguridad\/judicial\/#primaryimage\"},\"thumbnailUrl\":\"https:\/\/i0.wp.com\/ciudadyregion.com.co\/wp-content\/uploads\/2025\/06\/1-4.jpg?fit=800%2C445&ssl=1\",\"datePublished\":\"2025-06-03T08:49:23+00:00\",\"dateModified\":\"2025-06-03T08:49:23+00:00\",\"author\":{\"@id\":\"https:\/\/ciudadyregion.com.co\/#\/schema\/person\/04a4954373ebc4051f46e8c65ff78622\"},\"breadcrumb\":{\"@id\":\"https:\/\/ciudadyregion.com.co\/index.php\/ataque-sicarial-en-el-espinal-deja-un-joven-muerto-y-reactiva-la-preocupacion-por-la-inseguridad\/judicial\/#breadcrumb\"},\"inLanguage\":\"es\",\"potentialAction\":[{\"@type\":\"ReadAction\",\"target\":[\"https:\/\/ciudadyregion.com.co\/index.php\/ataque-sicarial-en-el-espinal-deja-un-joven-muerto-y-reactiva-la-preocupacion-por-la-inseguridad\/judicial\/\"]}]},{\"@type\":\"ImageObject\",\"inLanguage\":\"es\",\"@id\":\"https:\/\/ciudadyregion.com.co\/index.php\/ataque-sicarial-en-el-espinal-deja-un-joven-muerto-y-reactiva-la-preocupacion-por-la-inseguridad\/judicial\/#primaryimage\",\"url\":\"https:\/\/i0.wp.com\/ciudadyregion.com.co\/wp-content\/uploads\/2025\/06\/1-4.jpg?fit=800%2C445&ssl=1\",\"contentUrl\":\"https:\/\/i0.wp.com\/ciudadyregion.com.co\/wp-content\/uploads\/2025\/06\/1-4.jpg?fit=800%2C445&ssl=1\",\"width\":800,\"height\":445},{\"@type\":\"BreadcrumbList\",\"@id\":\"https:\/\/ciudadyregion.com.co\/index.php\/ataque-sicarial-en-el-espinal-deja-un-joven-muerto-y-reactiva-la-preocupacion-por-la-inseguridad\/judicial\/#breadcrumb\",\"itemListElement\":[{\"@type\":\"ListItem\",\"position\":1,\"name\":\"Portada\",\"item\":\"https:\/\/ciudadyregion.com.co\/\"},{\"@type\":\"ListItem\",\"position\":2,\"name\":\"Ataque sicarial en El Espinal deja un joven muerto y reactiva la preocupaci\u00f3n por la inseguridad\"}]},{\"@type\":\"WebSite\",\"@id\":\"https:\/\/ciudadyregion.com.co\/#website\",\"url\":\"https:\/\/ciudadyregion.com.co\/\",\"name\":\"Ciudad y Region\",\"description\":\"\",\"potentialAction\":[{\"@type\":\"SearchAction\",\"target\":{\"@type\":\"EntryPoint\",\"urlTemplate\":\"https:\/\/ciudadyregion.com.co\/?s={search_term_string}\"},\"query-input\":{\"@type\":\"PropertyValueSpecification\",\"valueRequired\":true,\"valueName\":\"search_term_string\"}}],\"inLanguage\":\"es\"},{\"@type\":\"Person\",\"@id\":\"https:\/\/ciudadyregion.com.co\/#\/schema\/person\/04a4954373ebc4051f46e8c65ff78622\",\"name\":\"David Andr\u00e9s Aguirre\",\"image\":{\"@type\":\"ImageObject\",\"inLanguage\":\"es\",\"@id\":\"https:\/\/ciudadyregion.com.co\/#\/schema\/person\/image\/\",\"url\":\"https:\/\/secure.gravatar.com\/avatar\/bc3c655860202182ee6d1b5edd042dbe?s=96&d=mm&r=g\",\"contentUrl\":\"https:\/\/secure.gravatar.com\/avatar\/bc3c655860202182ee6d1b5edd042dbe?s=96&d=mm&r=g\",\"caption\":\"David Andr\u00e9s Aguirre\"},\"url\":\"https:\/\/ciudadyregion.com.co\/index.php\/author\/diegoaguirre\/\"}]}<\/script>\n<!-- \/ Yoast SEO plugin. -->","yoast_head_json":{"title":"Ataque sicarial en El Espinal deja un joven muerto y reactiva la preocupaci\u00f3n por la inseguridad - Ciudad y Region","robots":{"index":"index","follow":"follow","max-snippet":"max-snippet:-1","max-image-preview":"max-image-preview:large","max-video-preview":"max-video-preview:-1"},"canonical":"https:\/\/ciudadyregion.com.co\/index.php\/ataque-sicarial-en-el-espinal-deja-un-joven-muerto-y-reactiva-la-preocupacion-por-la-inseguridad\/judicial\/","og_locale":"es_ES","og_type":"article","og_title":"Ataque sicarial en El Espinal deja un joven muerto y reactiva la preocupaci\u00f3n por la inseguridad - Ciudad y Region","og_description":"Un joven de 20 a\u00f1os, identificado como Maicol Estiven, conocido con el alias de \u201cLichigo\u201d, fue asesinado, el crimen ocurri\u00f3 en el barrio Caballero y G\u00f3ngora, en inmediaciones de la plaza de toros Gilberto Charry. De acuerdo con versiones preliminares, la v\u00edctima se encontraba en la parte externa de unContinuar Leyendo","og_url":"https:\/\/ciudadyregion.com.co\/index.php\/ataque-sicarial-en-el-espinal-deja-un-joven-muerto-y-reactiva-la-preocupacion-por-la-inseguridad\/judicial\/","og_site_name":"Ciudad y Region","article_published_time":"2025-06-03T08:49:23+00:00","og_image":[{"width":800,"height":445,"url":"https:\/\/ciudadyregion.com.co\/wp-content\/uploads\/2025\/06\/1-4.jpg","type":"image\/jpeg"}],"author":"David Andr\u00e9s Aguirre","twitter_card":"summary_large_image","twitter_misc":{"Escrito por":"David Andr\u00e9s Aguirre","Tiempo de lectura":"2 minutos"},"schema":{"@context":"https:\/\/schema.org","@graph":[{"@type":"WebPage","@id":"https:\/\/ciudadyregion.com.co\/index.php\/ataque-sicarial-en-el-espinal-deja-un-joven-muerto-y-reactiva-la-preocupacion-por-la-inseguridad\/judicial\/","url":"https:\/\/ciudadyregion.com.co\/index.php\/ataque-sicarial-en-el-espinal-deja-un-joven-muerto-y-reactiva-la-preocupacion-por-la-inseguridad\/judicial\/","name":"Ataque sicarial en El Espinal deja un joven muerto y reactiva la preocupaci\u00f3n por la inseguridad - Ciudad y Region","isPartOf":{"@id":"https:\/\/ciudadyregion.com.co\/#website"},"primaryImageOfPage":{"@id":"https:\/\/ciudadyregion.com.co\/index.php\/ataque-sicarial-en-el-espinal-deja-un-joven-muerto-y-reactiva-la-preocupacion-por-la-inseguridad\/judicial\/#primaryimage"},"image":{"@id":"https:\/\/ciudadyregion.com.co\/index.php\/ataque-sicarial-en-el-espinal-deja-un-joven-muerto-y-reactiva-la-preocupacion-por-la-inseguridad\/judicial\/#primaryimage"},"thumbnailUrl":"https:\/\/i0.wp.com\/ciudadyregion.com.co\/wp-content\/uploads\/2025\/06\/1-4.jpg?fit=800%2C445&ssl=1","datePublished":"2025-06-03T08:49:23+00:00","dateModified":"2025-06-03T08:49:23+00:00","author":{"@id":"https:\/\/ciudadyregion.com.co\/#\/schema\/person\/04a4954373ebc4051f46e8c65ff78622"},"breadcrumb":{"@id":"https:\/\/ciudadyregion.com.co\/index.php\/ataque-sicarial-en-el-espinal-deja-un-joven-muerto-y-reactiva-la-preocupacion-por-la-inseguridad\/judicial\/#breadcrumb"},"inLanguage":"es","potentialAction":[{"@type":"ReadAction","target":["https:\/\/ciudadyregion.com.co\/index.php\/ataque-sicarial-en-el-espinal-deja-un-joven-muerto-y-reactiva-la-preocupacion-por-la-inseguridad\/judicial\/"]}]},{"@type":"ImageObject","inLanguage":"es","@id":"https:\/\/ciudadyregion.com.co\/index.php\/ataque-sicarial-en-el-espinal-deja-un-joven-muerto-y-reactiva-la-preocupacion-por-la-inseguridad\/judicial\/#primaryimage","url":"https:\/\/i0.wp.com\/ciudadyregion.com.co\/wp-content\/uploads\/2025\/06\/1-4.jpg?fit=800%2C445&ssl=1","contentUrl":"https:\/\/i0.wp.com\/ciudadyregion.com.co\/wp-content\/uploads\/2025\/06\/1-4.jpg?fit=800%2C445&ssl=1","width":800,"height":445},{"@type":"BreadcrumbList","@id":"https:\/\/ciudadyregion.com.co\/index.php\/ataque-sicarial-en-el-espinal-deja-un-joven-muerto-y-reactiva-la-preocupacion-por-la-inseguridad\/judicial\/#breadcrumb","itemListElement":[{"@type":"ListItem","position":1,"name":"Portada","item":"https:\/\/ciudadyregion.com.co\/"},{"@type":"ListItem","position":2,"name":"Ataque sicarial en El Espinal deja un joven muerto y reactiva la preocupaci\u00f3n por la inseguridad"}]},{"@type":"WebSite","@id":"https:\/\/ciudadyregion.com.co\/#website","url":"https:\/\/ciudadyregion.com.co\/","name":"Ciudad y Region","description":"","potentialAction":[{"@type":"SearchAction","target":{"@type":"EntryPoint","urlTemplate":"https:\/\/ciudadyregion.com.co\/?s={search_term_string}"},"query-input":{"@type":"PropertyValueSpecification","valueRequired":true,"valueName":"search_term_string"}}],"inLanguage":"es"},{"@type":"Person","@id":"https:\/\/ciudadyregion.com.co\/#\/schema\/person\/04a4954373ebc4051f46e8c65ff78622","name":"David Andr\u00e9s Aguirre","image":{"@type":"ImageObject","inLanguage":"es","@id":"https:\/\/ciudadyregion.com.co\/#\/schema\/person\/image\/","url":"https:\/\/secure.gravatar.com\/avatar\/bc3c655860202182ee6d1b5edd042dbe?s=96&d=mm&r=g","contentUrl":"https:\/\/secure.gravatar.com\/avatar\/bc3c655860202182ee6d1b5edd042dbe?s=96&d=mm&r=g","caption":"David Andr\u00e9s Aguirre"},"url":"https:\/\/ciudadyregion.com.co\/index.php\/author\/diegoaguirre\/"}]}},"jetpack_featured_media_url":"https:\/\/i0.wp.com\/ciudadyregion.com.co\/wp-content\/uploads\/2025\/06\/1-4.jpg?fit=800%2C445&ssl=1","jetpack_sharing_enabled":true,"jetpack_shortlink":"https:\/\/wp.me\/pbS7hh-9BX","jetpack-related-posts":[],"_links":{"self":[{"href":"https:\/\/ciudadyregion.com.co\/index.php\/wp-json\/wp\/v2\/posts\/36949"}],"collection":[{"href":"https:\/\/ciudadyregion.com.co\/index.php\/wp-json\/wp\/v2\/posts"}],"about":[{"href":"https:\/\/ciudadyregion.com.co\/index.php\/wp-json\/wp\/v2\/types\/post"}],"author":[{"embeddable":true,"href":"https:\/\/ciudadyregion.com.co\/index.php\/wp-json\/wp\/v2\/users\/2"}],"replies":[{"embeddable":true,"href":"https:\/\/ciudadyregion.com.co\/index.php\/wp-json\/wp\/v2\/comments?post=36949"}],"version-history":[{"count":1,"href":"https:\/\/ciudadyregion.com.co\/index.php\/wp-json\/wp\/v2\/posts\/36949\/revisions"}],"predecessor-version":[{"id":36951,"href":"https:\/\/ciudadyregion.com.co\/index.php\/wp-json\/wp\/v2\/posts\/36949\/revisions\/36951"}],"wp:featuredmedia":[{"embeddable":true,"href":"https:\/\/ciudadyregion.com.co\/index.php\/wp-json\/wp\/v2\/media\/36950"}],"wp:attachment":[{"href":"https:\/\/ciudadyregion.com.co\/index.php\/wp-json\/wp\/v2\/media?parent=36949"}],"wp:term":[{"taxonomy":"category","embeddable":true,"href":"https:\/\/ciudadyregion.com.co\/index.php\/wp-json\/wp\/v2\/categories?post=36949"},{"taxonomy":"post_tag","embeddable":true,"href":"https:\/\/ciudadyregion.com.co\/index.php\/wp-json\/wp\/v2\/tags?post=36949"}],"curies":[{"name":"wp","href":"https:\/\/api.w.org\/{rel}","templated":true}]}}