{"id":36930,"date":"2025-05-31T08:19:47","date_gmt":"2025-05-31T13:19:47","guid":{"rendered":"https:\/\/ciudadyregion.com.co\/?p=36930"},"modified":"2025-05-31T08:19:47","modified_gmt":"2025-05-31T13:19:47","slug":"aprobado-el-nuevo-estatuto-de-rentas-para-el-departamento-del-tolima","status":"publish","type":"post","link":"https:\/\/ciudadyregion.com.co\/index.php\/aprobado-el-nuevo-estatuto-de-rentas-para-el-departamento-del-tolima\/regional\/","title":{"rendered":"Aprobado el nuevo Estatuto de Rentas para el departamento del Tolima"},"content":{"rendered":"<p>Con m\u00e1s de 780 art\u00edculos, este documento fiscal marca un antes y un despu\u00e9s en la historia tributaria del departamento.<\/p>\n<p>Despu\u00e9s de casi tres semanas de intensas jornadas en la Asamblea del Tolima, se aprob\u00f3 en sesi\u00f3n plenaria el Proyecto de Ordenanza No. 008 de 2025, \u201cPor medio de la cual se expide el Estatuto de Rentas del Departamento del Tolima\u201d.<\/p>\n<p>Este nuevo estatuto, que no se actualizaba desde 2017, es el resultado de un proceso t\u00e9cnico, jur\u00eddico y financiero liderado por la Secretar\u00eda de Hacienda y su Direcci\u00f3n de Rentas. Durante m\u00e1s de un a\u00f1o, el Grupo T\u00e9cnico de esta dependencia adelant\u00f3 una labor rigurosa de diagn\u00f3stico, revisi\u00f3n normativa y formulaci\u00f3n de propuestas para consolidar un documento actualizado, coherente y \u00fatil para el Departamento.<\/p>\n<blockquote><p>\u201cNuestra asamblea departamental del Tolima ha aprobado el Estatuto de Rentas para nuestro departamento en el cual iniciara a su vigencia a partir del primero de enero del a\u00f1o 2026. Es un esfuerzo y un gran ejercicio que hicimos durante veinti\u00fan d\u00edas corridos, sin descanso, trabajando de la mano de todos y cada uno de nuestras quince diputadas y diputados de nuestra Duma departamental, en el cual llegamos a esa gran decisi\u00f3n de entregar un instrumento para las rentas e impuestos del departamento del Tolima. Es por ello que agradecemos infinitamente a nuestra Duma departamental por aprobar esta bit\u00e1cora de vuelo tan importante para la renta del departamento del Tolima, un trabajo como dije anteriormente, un gran trabajo que hicimos de la Secretar\u00eda de Hacienda, con todo el equipo de la direcci\u00f3n de rentas, y en realidad es una responsabilidad de todos, la Secretar\u00eda de Hacienda, en cuanto a todas las rentas, impuestos, y c\u00f3mo no, fortalecer todos los procesos y procedimientos que tengan que ver con el control, monitoreo, y fiscalizaci\u00f3n de todas y cada una de nuestros impuestos, para que los colombianos conozcamos y sepamos cu\u00e1les son las responsabilidades y compromisos que tenemos en la construcci\u00f3n de nuestro departamento\u201d, puntualiz\u00f3 el secretario de Hacienda, Guillermo Vallejo.<\/p><\/blockquote>\n<p>La Asamblea Departamental acompa\u00f1\u00f3 el proceso con un cronograma estructurado que incluy\u00f3 jornadas de socializaci\u00f3n abiertas, mesas de trabajo para integrar observaciones y dos debates que permitieron ajustar el contenido antes de su aprobaci\u00f3n final.<\/p>\n<blockquote><p>\u00abEn el proyecto de ordenanza que hoy fue aprobado como ordenanza del Departamento, el Estatuto de Rentas 23 d\u00edas de los cuales en 15 d\u00edas realizamos socializaciones a m\u00e1s de 780 art\u00edculos 2 debates, en comisi\u00f3n y el debate definitivo 4 mesas de trabajo todo esto en un resultado muy importante para entregar una ordenanza, la cual es la carta de navegaci\u00f3n durante estos a\u00f1os pr\u00f3ximos del recaudo de los impuestos y la renta de todo el departamento entendiendo y dici\u00e9ndole a los tolimenses que no hubo ninguna imposici\u00f3n de ning\u00fan impuesto o renta adicional sino simplemente la actualizaci\u00f3n de toda la normatividad que desde el a\u00f1o 2017 se ven\u00eda actualizando respecto no solamente a ordenanza sino tambi\u00e9n a normatividad del orden nacional por eso la actualizaci\u00f3n de este estatuto de renta significa un mejor ejercicio fiscal y financiero un mejor recaudo y una mejor eficiencia dentro de las rentas del departamento\u00bb, expres\u00f3 el diputado Giovanny Molina, presidente de la Asamblea del Tolima.<\/p><\/blockquote>\n<p>El nuevo Estatuto de Rentas fortalece los mecanismos de recaudo, actualiza los procedimientos sancionatorios, define disposiciones administrativas clave, promueve la eficiencia tributaria y reconoce herramientas como los acuerdos de pago, la compensaci\u00f3n de deudas fiscales y la remisi\u00f3n de obligaciones tributarias.<\/p>\n<p>Este nuevo Estatuto permitir\u00e1 al Departamento contar con m\u00e1s herramientas para financiar su desarrollo social, econ\u00f3mico y territorial.<br \/>\nEste documento entra en vigencia a partir del 1 de enero de 2026, marcando el inicio de una nueva etapa para las finanzas p\u00fablicas del Tolima.<\/p>\n","protected":false},"excerpt":{"rendered":"<p>Con m\u00e1s de 780 art\u00edculos, este documento fiscal marca un antes y un despu\u00e9s en la historia tributaria del departamento. Despu\u00e9s de casi tres semanas de intensas jornadas en la Asamblea del Tolima, se aprob\u00f3 en sesi\u00f3n plenaria el Proyecto de Ordenanza No. 008 de 2025, \u201cPor medio de la<span class=\"more-link\"><a href=\"https:\/\/ciudadyregion.com.co\/index.php\/aprobado-el-nuevo-estatuto-de-rentas-para-el-departamento-del-tolima\/regional\/\">Continuar Leyendo<\/a><\/span><\/p>\n","protected":false},"author":2,"featured_media":36931,"comment_status":"open","ping_status":"open","sticky":false,"template":"","format":"standard","meta":{"_uf_show_specific_survey":0,"_uf_disable_surveys":false,"_jetpack_memberships_contains_paid_content":false,"footnotes":"","jetpack_publicize_message":"","jetpack_publicize_feature_enabled":true,"jetpack_social_post_already_shared":true,"jetpack_social_options":{"image_generator_settings":{"template":"highway","enabled":false},"version":2}},"categories":[13],"tags":[],"class_list":["entry","author-diegoaguirre","post-36930","post","type-post","status-publish","format-standard","has-post-thumbnail","category-regional"],"jetpack_publicize_connections":[],"yoast_head":"<!-- This site is optimized with the Yoast SEO plugin v24.3 - https:\/\/yoast.com\/wordpress\/plugins\/seo\/ -->\n<title>Aprobado el nuevo Estatuto de Rentas para el departamento del Tolima - Ciudad y Region<\/title>\n<meta name=\"robots\" content=\"index, follow, max-snippet:-1, max-image-preview:large, max-video-preview:-1\" \/>\n<link rel=\"canonical\" href=\"https:\/\/ciudadyregion.com.co\/index.php\/aprobado-el-nuevo-estatuto-de-rentas-para-el-departamento-del-tolima\/regional\/\" \/>\n<meta property=\"og:locale\" content=\"es_ES\" \/>\n<meta property=\"og:type\" content=\"article\" \/>\n<meta property=\"og:title\" content=\"Aprobado el nuevo Estatuto de Rentas para el departamento del Tolima - Ciudad y Region\" \/>\n<meta property=\"og:description\" content=\"Con m\u00e1s de 780 art\u00edculos, este documento fiscal marca un antes y un despu\u00e9s en la historia tributaria del departamento. Despu\u00e9s de casi tres semanas de intensas jornadas en la Asamblea del Tolima, se aprob\u00f3 en sesi\u00f3n plenaria el Proyecto de Ordenanza No. 008 de 2025, \u201cPor medio de laContinuar Leyendo\" \/>\n<meta property=\"og:url\" content=\"https:\/\/ciudadyregion.com.co\/index.php\/aprobado-el-nuevo-estatuto-de-rentas-para-el-departamento-del-tolima\/regional\/\" \/>\n<meta property=\"og:site_name\" content=\"Ciudad y Region\" \/>\n<meta property=\"article:published_time\" content=\"2025-05-31T13:19:47+00:00\" \/>\n<meta property=\"og:image\" content=\"https:\/\/ciudadyregion.com.co\/wp-content\/uploads\/2025\/05\/3-2025-05-31T081928.315.jpg\" \/>\n\t<meta property=\"og:image:width\" content=\"800\" \/>\n\t<meta property=\"og:image:height\" content=\"445\" \/>\n\t<meta property=\"og:image:type\" content=\"image\/jpeg\" \/>\n<meta name=\"author\" content=\"David Andr\u00e9s Aguirre\" \/>\n<meta name=\"twitter:card\" content=\"summary_large_image\" \/>\n<meta name=\"twitter:label1\" content=\"Escrito por\" \/>\n\t<meta name=\"twitter:data1\" content=\"David Andr\u00e9s Aguirre\" \/>\n\t<meta name=\"twitter:label2\" content=\"Tiempo de lectura\" \/>\n\t<meta name=\"twitter:data2\" content=\"2 minutos\" \/>\n<script type=\"application\/ld+json\" class=\"yoast-schema-graph\">{\"@context\":\"https:\/\/schema.org\",\"@graph\":[{\"@type\":\"WebPage\",\"@id\":\"https:\/\/ciudadyregion.com.co\/index.php\/aprobado-el-nuevo-estatuto-de-rentas-para-el-departamento-del-tolima\/regional\/\",\"url\":\"https:\/\/ciudadyregion.com.co\/index.php\/aprobado-el-nuevo-estatuto-de-rentas-para-el-departamento-del-tolima\/regional\/\",\"name\":\"Aprobado el nuevo Estatuto de Rentas para el departamento del Tolima - Ciudad y Region\",\"isPartOf\":{\"@id\":\"https:\/\/ciudadyregion.com.co\/#website\"},\"primaryImageOfPage\":{\"@id\":\"https:\/\/ciudadyregion.com.co\/index.php\/aprobado-el-nuevo-estatuto-de-rentas-para-el-departamento-del-tolima\/regional\/#primaryimage\"},\"image\":{\"@id\":\"https:\/\/ciudadyregion.com.co\/index.php\/aprobado-el-nuevo-estatuto-de-rentas-para-el-departamento-del-tolima\/regional\/#primaryimage\"},\"thumbnailUrl\":\"https:\/\/i0.wp.com\/ciudadyregion.com.co\/wp-content\/uploads\/2025\/05\/3-2025-05-31T081928.315.jpg?fit=800%2C445&ssl=1\",\"datePublished\":\"2025-05-31T13:19:47+00:00\",\"dateModified\":\"2025-05-31T13:19:47+00:00\",\"author\":{\"@id\":\"https:\/\/ciudadyregion.com.co\/#\/schema\/person\/04a4954373ebc4051f46e8c65ff78622\"},\"breadcrumb\":{\"@id\":\"https:\/\/ciudadyregion.com.co\/index.php\/aprobado-el-nuevo-estatuto-de-rentas-para-el-departamento-del-tolima\/regional\/#breadcrumb\"},\"inLanguage\":\"es\",\"potentialAction\":[{\"@type\":\"ReadAction\",\"target\":[\"https:\/\/ciudadyregion.com.co\/index.php\/aprobado-el-nuevo-estatuto-de-rentas-para-el-departamento-del-tolima\/regional\/\"]}]},{\"@type\":\"ImageObject\",\"inLanguage\":\"es\",\"@id\":\"https:\/\/ciudadyregion.com.co\/index.php\/aprobado-el-nuevo-estatuto-de-rentas-para-el-departamento-del-tolima\/regional\/#primaryimage\",\"url\":\"https:\/\/i0.wp.com\/ciudadyregion.com.co\/wp-content\/uploads\/2025\/05\/3-2025-05-31T081928.315.jpg?fit=800%2C445&ssl=1\",\"contentUrl\":\"https:\/\/i0.wp.com\/ciudadyregion.com.co\/wp-content\/uploads\/2025\/05\/3-2025-05-31T081928.315.jpg?fit=800%2C445&ssl=1\",\"width\":800,\"height\":445},{\"@type\":\"BreadcrumbList\",\"@id\":\"https:\/\/ciudadyregion.com.co\/index.php\/aprobado-el-nuevo-estatuto-de-rentas-para-el-departamento-del-tolima\/regional\/#breadcrumb\",\"itemListElement\":[{\"@type\":\"ListItem\",\"position\":1,\"name\":\"Portada\",\"item\":\"https:\/\/ciudadyregion.com.co\/\"},{\"@type\":\"ListItem\",\"position\":2,\"name\":\"Aprobado el nuevo Estatuto de Rentas para el departamento del Tolima\"}]},{\"@type\":\"WebSite\",\"@id\":\"https:\/\/ciudadyregion.com.co\/#website\",\"url\":\"https:\/\/ciudadyregion.com.co\/\",\"name\":\"Ciudad y Region\",\"description\":\"\",\"potentialAction\":[{\"@type\":\"SearchAction\",\"target\":{\"@type\":\"EntryPoint\",\"urlTemplate\":\"https:\/\/ciudadyregion.com.co\/?s={search_term_string}\"},\"query-input\":{\"@type\":\"PropertyValueSpecification\",\"valueRequired\":true,\"valueName\":\"search_term_string\"}}],\"inLanguage\":\"es\"},{\"@type\":\"Person\",\"@id\":\"https:\/\/ciudadyregion.com.co\/#\/schema\/person\/04a4954373ebc4051f46e8c65ff78622\",\"name\":\"David Andr\u00e9s Aguirre\",\"image\":{\"@type\":\"ImageObject\",\"inLanguage\":\"es\",\"@id\":\"https:\/\/ciudadyregion.com.co\/#\/schema\/person\/image\/\",\"url\":\"https:\/\/secure.gravatar.com\/avatar\/bc3c655860202182ee6d1b5edd042dbe?s=96&d=mm&r=g\",\"contentUrl\":\"https:\/\/secure.gravatar.com\/avatar\/bc3c655860202182ee6d1b5edd042dbe?s=96&d=mm&r=g\",\"caption\":\"David Andr\u00e9s Aguirre\"},\"url\":\"https:\/\/ciudadyregion.com.co\/index.php\/author\/diegoaguirre\/\"}]}<\/script>\n<!-- \/ Yoast SEO plugin. -->","yoast_head_json":{"title":"Aprobado el nuevo Estatuto de Rentas para el departamento del Tolima - Ciudad y Region","robots":{"index":"index","follow":"follow","max-snippet":"max-snippet:-1","max-image-preview":"max-image-preview:large","max-video-preview":"max-video-preview:-1"},"canonical":"https:\/\/ciudadyregion.com.co\/index.php\/aprobado-el-nuevo-estatuto-de-rentas-para-el-departamento-del-tolima\/regional\/","og_locale":"es_ES","og_type":"article","og_title":"Aprobado el nuevo Estatuto de Rentas para el departamento del Tolima - Ciudad y Region","og_description":"Con m\u00e1s de 780 art\u00edculos, este documento fiscal marca un antes y un despu\u00e9s en la historia tributaria del departamento. Despu\u00e9s de casi tres semanas de intensas jornadas en la Asamblea del Tolima, se aprob\u00f3 en sesi\u00f3n plenaria el Proyecto de Ordenanza No. 008 de 2025, \u201cPor medio de laContinuar Leyendo","og_url":"https:\/\/ciudadyregion.com.co\/index.php\/aprobado-el-nuevo-estatuto-de-rentas-para-el-departamento-del-tolima\/regional\/","og_site_name":"Ciudad y Region","article_published_time":"2025-05-31T13:19:47+00:00","og_image":[{"width":800,"height":445,"url":"https:\/\/ciudadyregion.com.co\/wp-content\/uploads\/2025\/05\/3-2025-05-31T081928.315.jpg","type":"image\/jpeg"}],"author":"David Andr\u00e9s Aguirre","twitter_card":"summary_large_image","twitter_misc":{"Escrito por":"David Andr\u00e9s Aguirre","Tiempo de lectura":"2 minutos"},"schema":{"@context":"https:\/\/schema.org","@graph":[{"@type":"WebPage","@id":"https:\/\/ciudadyregion.com.co\/index.php\/aprobado-el-nuevo-estatuto-de-rentas-para-el-departamento-del-tolima\/regional\/","url":"https:\/\/ciudadyregion.com.co\/index.php\/aprobado-el-nuevo-estatuto-de-rentas-para-el-departamento-del-tolima\/regional\/","name":"Aprobado el nuevo Estatuto de Rentas para el departamento del Tolima - Ciudad y Region","isPartOf":{"@id":"https:\/\/ciudadyregion.com.co\/#website"},"primaryImageOfPage":{"@id":"https:\/\/ciudadyregion.com.co\/index.php\/aprobado-el-nuevo-estatuto-de-rentas-para-el-departamento-del-tolima\/regional\/#primaryimage"},"image":{"@id":"https:\/\/ciudadyregion.com.co\/index.php\/aprobado-el-nuevo-estatuto-de-rentas-para-el-departamento-del-tolima\/regional\/#primaryimage"},"thumbnailUrl":"https:\/\/i0.wp.com\/ciudadyregion.com.co\/wp-content\/uploads\/2025\/05\/3-2025-05-31T081928.315.jpg?fit=800%2C445&ssl=1","datePublished":"2025-05-31T13:19:47+00:00","dateModified":"2025-05-31T13:19:47+00:00","author":{"@id":"https:\/\/ciudadyregion.com.co\/#\/schema\/person\/04a4954373ebc4051f46e8c65ff78622"},"breadcrumb":{"@id":"https:\/\/ciudadyregion.com.co\/index.php\/aprobado-el-nuevo-estatuto-de-rentas-para-el-departamento-del-tolima\/regional\/#breadcrumb"},"inLanguage":"es","potentialAction":[{"@type":"ReadAction","target":["https:\/\/ciudadyregion.com.co\/index.php\/aprobado-el-nuevo-estatuto-de-rentas-para-el-departamento-del-tolima\/regional\/"]}]},{"@type":"ImageObject","inLanguage":"es","@id":"https:\/\/ciudadyregion.com.co\/index.php\/aprobado-el-nuevo-estatuto-de-rentas-para-el-departamento-del-tolima\/regional\/#primaryimage","url":"https:\/\/i0.wp.com\/ciudadyregion.com.co\/wp-content\/uploads\/2025\/05\/3-2025-05-31T081928.315.jpg?fit=800%2C445&ssl=1","contentUrl":"https:\/\/i0.wp.com\/ciudadyregion.com.co\/wp-content\/uploads\/2025\/05\/3-2025-05-31T081928.315.jpg?fit=800%2C445&ssl=1","width":800,"height":445},{"@type":"BreadcrumbList","@id":"https:\/\/ciudadyregion.com.co\/index.php\/aprobado-el-nuevo-estatuto-de-rentas-para-el-departamento-del-tolima\/regional\/#breadcrumb","itemListElement":[{"@type":"ListItem","position":1,"name":"Portada","item":"https:\/\/ciudadyregion.com.co\/"},{"@type":"ListItem","position":2,"name":"Aprobado el nuevo Estatuto de Rentas para el departamento del Tolima"}]},{"@type":"WebSite","@id":"https:\/\/ciudadyregion.com.co\/#website","url":"https:\/\/ciudadyregion.com.co\/","name":"Ciudad y Region","description":"","potentialAction":[{"@type":"SearchAction","target":{"@type":"EntryPoint","urlTemplate":"https:\/\/ciudadyregion.com.co\/?s={search_term_string}"},"query-input":{"@type":"PropertyValueSpecification","valueRequired":true,"valueName":"search_term_string"}}],"inLanguage":"es"},{"@type":"Person","@id":"https:\/\/ciudadyregion.com.co\/#\/schema\/person\/04a4954373ebc4051f46e8c65ff78622","name":"David Andr\u00e9s Aguirre","image":{"@type":"ImageObject","inLanguage":"es","@id":"https:\/\/ciudadyregion.com.co\/#\/schema\/person\/image\/","url":"https:\/\/secure.gravatar.com\/avatar\/bc3c655860202182ee6d1b5edd042dbe?s=96&d=mm&r=g","contentUrl":"https:\/\/secure.gravatar.com\/avatar\/bc3c655860202182ee6d1b5edd042dbe?s=96&d=mm&r=g","caption":"David Andr\u00e9s Aguirre"},"url":"https:\/\/ciudadyregion.com.co\/index.php\/author\/diegoaguirre\/"}]}},"jetpack_featured_media_url":"https:\/\/i0.wp.com\/ciudadyregion.com.co\/wp-content\/uploads\/2025\/05\/3-2025-05-31T081928.315.jpg?fit=800%2C445&ssl=1","jetpack_sharing_enabled":true,"jetpack_shortlink":"https:\/\/wp.me\/pbS7hh-9BE","jetpack-related-posts":[],"_links":{"self":[{"href":"https:\/\/ciudadyregion.com.co\/index.php\/wp-json\/wp\/v2\/posts\/36930"}],"collection":[{"href":"https:\/\/ciudadyregion.com.co\/index.php\/wp-json\/wp\/v2\/posts"}],"about":[{"href":"https:\/\/ciudadyregion.com.co\/index.php\/wp-json\/wp\/v2\/types\/post"}],"author":[{"embeddable":true,"href":"https:\/\/ciudadyregion.com.co\/index.php\/wp-json\/wp\/v2\/users\/2"}],"replies":[{"embeddable":true,"href":"https:\/\/ciudadyregion.com.co\/index.php\/wp-json\/wp\/v2\/comments?post=36930"}],"version-history":[{"count":1,"href":"https:\/\/ciudadyregion.com.co\/index.php\/wp-json\/wp\/v2\/posts\/36930\/revisions"}],"predecessor-version":[{"id":36932,"href":"https:\/\/ciudadyregion.com.co\/index.php\/wp-json\/wp\/v2\/posts\/36930\/revisions\/36932"}],"wp:featuredmedia":[{"embeddable":true,"href":"https:\/\/ciudadyregion.com.co\/index.php\/wp-json\/wp\/v2\/media\/36931"}],"wp:attachment":[{"href":"https:\/\/ciudadyregion.com.co\/index.php\/wp-json\/wp\/v2\/media?parent=36930"}],"wp:term":[{"taxonomy":"category","embeddable":true,"href":"https:\/\/ciudadyregion.com.co\/index.php\/wp-json\/wp\/v2\/categories?post=36930"},{"taxonomy":"post_tag","embeddable":true,"href":"https:\/\/ciudadyregion.com.co\/index.php\/wp-json\/wp\/v2\/tags?post=36930"}],"curies":[{"name":"wp","href":"https:\/\/api.w.org\/{rel}","templated":true}]}}