{"id":36926,"date":"2025-05-31T08:15:55","date_gmt":"2025-05-31T13:15:55","guid":{"rendered":"https:\/\/ciudadyregion.com.co\/?p=36926"},"modified":"2025-05-31T08:15:55","modified_gmt":"2025-05-31T13:15:55","slug":"articulacion-entre-la-gobernacion-del-tolima-y-la-fuerza-publica-rinde-frutos","status":"publish","type":"post","link":"https:\/\/ciudadyregion.com.co\/index.php\/articulacion-entre-la-gobernacion-del-tolima-y-la-fuerza-publica-rinde-frutos\/regional\/","title":{"rendered":"Articulaci\u00f3n entre la Gobernaci\u00f3n del Tolima y la Fuerza P\u00fablica rinde frutos"},"content":{"rendered":"<p>En rueda de prensa fueron presentados resultados exitosos en cuanto a la lucha contra la inseguridad y la desarticulaci\u00f3n de grupos de delincuentes que afectan el orden p\u00fablico en el territorio.<\/p>\n<p>Ibagu\u00e9, 30 de mayo de 2025 La Gobernaci\u00f3n del Tolima y la Fuerza P\u00fablica han unido esfuerzos para garantizar la seguridad y tranquilidad en el departamento. Los resultados operacionales de esta articulaci\u00f3n han sido significativos, con varias operaciones exitosas en diferentes municipios.<\/p>\n<p>En el marco del Plan Tolima Seguro, la Operaci\u00f3n Magneto ha sido una de las acciones m\u00e1s destacadas. Gracias a un trabajo de inteligencia, se logr\u00f3 capturar a cinco integrantes de la \u00abIsmael Ruiz\u00bb en San Antonio. Esta operaci\u00f3n fue posible gracias a la colaboraci\u00f3n entre la Polic\u00eda, el Ej\u00e9rcito Nacional, la Fiscal\u00eda General de la Naci\u00f3n y la Fuerza Aeroespacial.<\/p>\n<p>Estas acciones siguen cerrando el cerco para dar con la captura de alias \u00abChapolo\u00bb, por quien hay una recompensa de $100 millones. La Fuerza P\u00fablica sigue trabajando incansablemente para garantizar la seguridad y justicia en el departamento.<\/p>\n<p>En el municipio de El L\u00edbano, la Fuerza P\u00fablica desarticul\u00f3 la banda delincuencial \u00abLas Firmas\u00bb, dentro de la estrategia de garant\u00eda de seguridad hacia la Feria Internacional de Caf\u00e9. Se capturaron 10 personas, se decomisaron armas y se incautaron elementos para el microtr\u00e1fico.<\/p>\n<p>La Fuerza Aeroespacial (FAC) ha hecho acompa\u00f1amiento a las operaciones en el territorio y mantiene su compromiso para brindar seguridad y tranquilidad a los ciudadanos de las zonas urbanas y rurales.<\/p>\n<p>La articulaci\u00f3n entre la Gobernaci\u00f3n del Tolima y la Fuerza P\u00fablica es un ejemplo de unidad y coordinaci\u00f3n para garantizar la seguridad y tranquilidad en el departamento. Estos resultados operacionales demuestran que, trabajando juntos, se pueden lograr grandes avances en la lucha contra la delincuencia y la violencia.<\/p>\n","protected":false},"excerpt":{"rendered":"<p>En rueda de prensa fueron presentados resultados exitosos en cuanto a la lucha contra la inseguridad y la desarticulaci\u00f3n de grupos de delincuentes que afectan el orden p\u00fablico en el territorio. Ibagu\u00e9, 30 de mayo de 2025 La Gobernaci\u00f3n del Tolima y la Fuerza P\u00fablica han unido esfuerzos para garantizar<span class=\"more-link\"><a href=\"https:\/\/ciudadyregion.com.co\/index.php\/articulacion-entre-la-gobernacion-del-tolima-y-la-fuerza-publica-rinde-frutos\/regional\/\">Continuar Leyendo<\/a><\/span><\/p>\n","protected":false},"author":2,"featured_media":36927,"comment_status":"open","ping_status":"open","sticky":false,"template":"","format":"standard","meta":{"_uf_show_specific_survey":0,"_uf_disable_surveys":false,"_jetpack_memberships_contains_paid_content":false,"footnotes":"","jetpack_publicize_message":"","jetpack_publicize_feature_enabled":true,"jetpack_social_post_already_shared":true,"jetpack_social_options":{"image_generator_settings":{"template":"highway","enabled":false},"version":2}},"categories":[13],"tags":[],"class_list":["entry","author-diegoaguirre","post-36926","post","type-post","status-publish","format-standard","has-post-thumbnail","category-regional"],"jetpack_publicize_connections":[],"yoast_head":"<!-- This site is optimized with the Yoast SEO plugin v24.3 - https:\/\/yoast.com\/wordpress\/plugins\/seo\/ -->\n<title>Articulaci\u00f3n entre la Gobernaci\u00f3n del Tolima y la Fuerza P\u00fablica rinde frutos - Ciudad y Region<\/title>\n<meta name=\"robots\" content=\"index, follow, max-snippet:-1, max-image-preview:large, max-video-preview:-1\" \/>\n<link rel=\"canonical\" href=\"https:\/\/ciudadyregion.com.co\/index.php\/articulacion-entre-la-gobernacion-del-tolima-y-la-fuerza-publica-rinde-frutos\/regional\/\" \/>\n<meta property=\"og:locale\" content=\"es_ES\" \/>\n<meta property=\"og:type\" content=\"article\" \/>\n<meta property=\"og:title\" content=\"Articulaci\u00f3n entre la Gobernaci\u00f3n del Tolima y la Fuerza P\u00fablica rinde frutos - Ciudad y Region\" \/>\n<meta property=\"og:description\" content=\"En rueda de prensa fueron presentados resultados exitosos en cuanto a la lucha contra la inseguridad y la desarticulaci\u00f3n de grupos de delincuentes que afectan el orden p\u00fablico en el territorio. Ibagu\u00e9, 30 de mayo de 2025 La Gobernaci\u00f3n del Tolima y la Fuerza P\u00fablica han unido esfuerzos para garantizarContinuar Leyendo\" \/>\n<meta property=\"og:url\" content=\"https:\/\/ciudadyregion.com.co\/index.php\/articulacion-entre-la-gobernacion-del-tolima-y-la-fuerza-publica-rinde-frutos\/regional\/\" \/>\n<meta property=\"og:site_name\" content=\"Ciudad y Region\" \/>\n<meta property=\"article:published_time\" content=\"2025-05-31T13:15:55+00:00\" \/>\n<meta property=\"og:image\" content=\"https:\/\/ciudadyregion.com.co\/wp-content\/uploads\/2025\/05\/2-2025-05-31T081447.743.jpg\" \/>\n\t<meta property=\"og:image:width\" content=\"800\" \/>\n\t<meta property=\"og:image:height\" content=\"445\" \/>\n\t<meta property=\"og:image:type\" content=\"image\/jpeg\" \/>\n<meta name=\"author\" content=\"David Andr\u00e9s Aguirre\" \/>\n<meta name=\"twitter:card\" content=\"summary_large_image\" \/>\n<meta name=\"twitter:label1\" content=\"Escrito por\" \/>\n\t<meta name=\"twitter:data1\" content=\"David Andr\u00e9s Aguirre\" \/>\n\t<meta name=\"twitter:label2\" content=\"Tiempo de lectura\" \/>\n\t<meta name=\"twitter:data2\" content=\"2 minutos\" \/>\n<script type=\"application\/ld+json\" class=\"yoast-schema-graph\">{\"@context\":\"https:\/\/schema.org\",\"@graph\":[{\"@type\":\"WebPage\",\"@id\":\"https:\/\/ciudadyregion.com.co\/index.php\/articulacion-entre-la-gobernacion-del-tolima-y-la-fuerza-publica-rinde-frutos\/regional\/\",\"url\":\"https:\/\/ciudadyregion.com.co\/index.php\/articulacion-entre-la-gobernacion-del-tolima-y-la-fuerza-publica-rinde-frutos\/regional\/\",\"name\":\"Articulaci\u00f3n entre la Gobernaci\u00f3n del Tolima y la Fuerza P\u00fablica rinde frutos - Ciudad y Region\",\"isPartOf\":{\"@id\":\"https:\/\/ciudadyregion.com.co\/#website\"},\"primaryImageOfPage\":{\"@id\":\"https:\/\/ciudadyregion.com.co\/index.php\/articulacion-entre-la-gobernacion-del-tolima-y-la-fuerza-publica-rinde-frutos\/regional\/#primaryimage\"},\"image\":{\"@id\":\"https:\/\/ciudadyregion.com.co\/index.php\/articulacion-entre-la-gobernacion-del-tolima-y-la-fuerza-publica-rinde-frutos\/regional\/#primaryimage\"},\"thumbnailUrl\":\"https:\/\/i0.wp.com\/ciudadyregion.com.co\/wp-content\/uploads\/2025\/05\/2-2025-05-31T081447.743.jpg?fit=800%2C445&ssl=1\",\"datePublished\":\"2025-05-31T13:15:55+00:00\",\"dateModified\":\"2025-05-31T13:15:55+00:00\",\"author\":{\"@id\":\"https:\/\/ciudadyregion.com.co\/#\/schema\/person\/04a4954373ebc4051f46e8c65ff78622\"},\"breadcrumb\":{\"@id\":\"https:\/\/ciudadyregion.com.co\/index.php\/articulacion-entre-la-gobernacion-del-tolima-y-la-fuerza-publica-rinde-frutos\/regional\/#breadcrumb\"},\"inLanguage\":\"es\",\"potentialAction\":[{\"@type\":\"ReadAction\",\"target\":[\"https:\/\/ciudadyregion.com.co\/index.php\/articulacion-entre-la-gobernacion-del-tolima-y-la-fuerza-publica-rinde-frutos\/regional\/\"]}]},{\"@type\":\"ImageObject\",\"inLanguage\":\"es\",\"@id\":\"https:\/\/ciudadyregion.com.co\/index.php\/articulacion-entre-la-gobernacion-del-tolima-y-la-fuerza-publica-rinde-frutos\/regional\/#primaryimage\",\"url\":\"https:\/\/i0.wp.com\/ciudadyregion.com.co\/wp-content\/uploads\/2025\/05\/2-2025-05-31T081447.743.jpg?fit=800%2C445&ssl=1\",\"contentUrl\":\"https:\/\/i0.wp.com\/ciudadyregion.com.co\/wp-content\/uploads\/2025\/05\/2-2025-05-31T081447.743.jpg?fit=800%2C445&ssl=1\",\"width\":800,\"height\":445},{\"@type\":\"BreadcrumbList\",\"@id\":\"https:\/\/ciudadyregion.com.co\/index.php\/articulacion-entre-la-gobernacion-del-tolima-y-la-fuerza-publica-rinde-frutos\/regional\/#breadcrumb\",\"itemListElement\":[{\"@type\":\"ListItem\",\"position\":1,\"name\":\"Portada\",\"item\":\"https:\/\/ciudadyregion.com.co\/\"},{\"@type\":\"ListItem\",\"position\":2,\"name\":\"Articulaci\u00f3n entre la Gobernaci\u00f3n del Tolima y la Fuerza P\u00fablica rinde frutos\"}]},{\"@type\":\"WebSite\",\"@id\":\"https:\/\/ciudadyregion.com.co\/#website\",\"url\":\"https:\/\/ciudadyregion.com.co\/\",\"name\":\"Ciudad y Region\",\"description\":\"\",\"potentialAction\":[{\"@type\":\"SearchAction\",\"target\":{\"@type\":\"EntryPoint\",\"urlTemplate\":\"https:\/\/ciudadyregion.com.co\/?s={search_term_string}\"},\"query-input\":{\"@type\":\"PropertyValueSpecification\",\"valueRequired\":true,\"valueName\":\"search_term_string\"}}],\"inLanguage\":\"es\"},{\"@type\":\"Person\",\"@id\":\"https:\/\/ciudadyregion.com.co\/#\/schema\/person\/04a4954373ebc4051f46e8c65ff78622\",\"name\":\"David Andr\u00e9s Aguirre\",\"image\":{\"@type\":\"ImageObject\",\"inLanguage\":\"es\",\"@id\":\"https:\/\/ciudadyregion.com.co\/#\/schema\/person\/image\/\",\"url\":\"https:\/\/secure.gravatar.com\/avatar\/bc3c655860202182ee6d1b5edd042dbe?s=96&d=mm&r=g\",\"contentUrl\":\"https:\/\/secure.gravatar.com\/avatar\/bc3c655860202182ee6d1b5edd042dbe?s=96&d=mm&r=g\",\"caption\":\"David Andr\u00e9s Aguirre\"},\"url\":\"https:\/\/ciudadyregion.com.co\/index.php\/author\/diegoaguirre\/\"}]}<\/script>\n<!-- \/ Yoast SEO plugin. -->","yoast_head_json":{"title":"Articulaci\u00f3n entre la Gobernaci\u00f3n del Tolima y la Fuerza P\u00fablica rinde frutos - Ciudad y Region","robots":{"index":"index","follow":"follow","max-snippet":"max-snippet:-1","max-image-preview":"max-image-preview:large","max-video-preview":"max-video-preview:-1"},"canonical":"https:\/\/ciudadyregion.com.co\/index.php\/articulacion-entre-la-gobernacion-del-tolima-y-la-fuerza-publica-rinde-frutos\/regional\/","og_locale":"es_ES","og_type":"article","og_title":"Articulaci\u00f3n entre la Gobernaci\u00f3n del Tolima y la Fuerza P\u00fablica rinde frutos - Ciudad y Region","og_description":"En rueda de prensa fueron presentados resultados exitosos en cuanto a la lucha contra la inseguridad y la desarticulaci\u00f3n de grupos de delincuentes que afectan el orden p\u00fablico en el territorio. Ibagu\u00e9, 30 de mayo de 2025 La Gobernaci\u00f3n del Tolima y la Fuerza P\u00fablica han unido esfuerzos para garantizarContinuar Leyendo","og_url":"https:\/\/ciudadyregion.com.co\/index.php\/articulacion-entre-la-gobernacion-del-tolima-y-la-fuerza-publica-rinde-frutos\/regional\/","og_site_name":"Ciudad y Region","article_published_time":"2025-05-31T13:15:55+00:00","og_image":[{"width":800,"height":445,"url":"https:\/\/ciudadyregion.com.co\/wp-content\/uploads\/2025\/05\/2-2025-05-31T081447.743.jpg","type":"image\/jpeg"}],"author":"David Andr\u00e9s Aguirre","twitter_card":"summary_large_image","twitter_misc":{"Escrito por":"David Andr\u00e9s Aguirre","Tiempo de lectura":"2 minutos"},"schema":{"@context":"https:\/\/schema.org","@graph":[{"@type":"WebPage","@id":"https:\/\/ciudadyregion.com.co\/index.php\/articulacion-entre-la-gobernacion-del-tolima-y-la-fuerza-publica-rinde-frutos\/regional\/","url":"https:\/\/ciudadyregion.com.co\/index.php\/articulacion-entre-la-gobernacion-del-tolima-y-la-fuerza-publica-rinde-frutos\/regional\/","name":"Articulaci\u00f3n entre la Gobernaci\u00f3n del Tolima y la Fuerza P\u00fablica rinde frutos - Ciudad y Region","isPartOf":{"@id":"https:\/\/ciudadyregion.com.co\/#website"},"primaryImageOfPage":{"@id":"https:\/\/ciudadyregion.com.co\/index.php\/articulacion-entre-la-gobernacion-del-tolima-y-la-fuerza-publica-rinde-frutos\/regional\/#primaryimage"},"image":{"@id":"https:\/\/ciudadyregion.com.co\/index.php\/articulacion-entre-la-gobernacion-del-tolima-y-la-fuerza-publica-rinde-frutos\/regional\/#primaryimage"},"thumbnailUrl":"https:\/\/i0.wp.com\/ciudadyregion.com.co\/wp-content\/uploads\/2025\/05\/2-2025-05-31T081447.743.jpg?fit=800%2C445&ssl=1","datePublished":"2025-05-31T13:15:55+00:00","dateModified":"2025-05-31T13:15:55+00:00","author":{"@id":"https:\/\/ciudadyregion.com.co\/#\/schema\/person\/04a4954373ebc4051f46e8c65ff78622"},"breadcrumb":{"@id":"https:\/\/ciudadyregion.com.co\/index.php\/articulacion-entre-la-gobernacion-del-tolima-y-la-fuerza-publica-rinde-frutos\/regional\/#breadcrumb"},"inLanguage":"es","potentialAction":[{"@type":"ReadAction","target":["https:\/\/ciudadyregion.com.co\/index.php\/articulacion-entre-la-gobernacion-del-tolima-y-la-fuerza-publica-rinde-frutos\/regional\/"]}]},{"@type":"ImageObject","inLanguage":"es","@id":"https:\/\/ciudadyregion.com.co\/index.php\/articulacion-entre-la-gobernacion-del-tolima-y-la-fuerza-publica-rinde-frutos\/regional\/#primaryimage","url":"https:\/\/i0.wp.com\/ciudadyregion.com.co\/wp-content\/uploads\/2025\/05\/2-2025-05-31T081447.743.jpg?fit=800%2C445&ssl=1","contentUrl":"https:\/\/i0.wp.com\/ciudadyregion.com.co\/wp-content\/uploads\/2025\/05\/2-2025-05-31T081447.743.jpg?fit=800%2C445&ssl=1","width":800,"height":445},{"@type":"BreadcrumbList","@id":"https:\/\/ciudadyregion.com.co\/index.php\/articulacion-entre-la-gobernacion-del-tolima-y-la-fuerza-publica-rinde-frutos\/regional\/#breadcrumb","itemListElement":[{"@type":"ListItem","position":1,"name":"Portada","item":"https:\/\/ciudadyregion.com.co\/"},{"@type":"ListItem","position":2,"name":"Articulaci\u00f3n entre la Gobernaci\u00f3n del Tolima y la Fuerza P\u00fablica rinde frutos"}]},{"@type":"WebSite","@id":"https:\/\/ciudadyregion.com.co\/#website","url":"https:\/\/ciudadyregion.com.co\/","name":"Ciudad y Region","description":"","potentialAction":[{"@type":"SearchAction","target":{"@type":"EntryPoint","urlTemplate":"https:\/\/ciudadyregion.com.co\/?s={search_term_string}"},"query-input":{"@type":"PropertyValueSpecification","valueRequired":true,"valueName":"search_term_string"}}],"inLanguage":"es"},{"@type":"Person","@id":"https:\/\/ciudadyregion.com.co\/#\/schema\/person\/04a4954373ebc4051f46e8c65ff78622","name":"David Andr\u00e9s Aguirre","image":{"@type":"ImageObject","inLanguage":"es","@id":"https:\/\/ciudadyregion.com.co\/#\/schema\/person\/image\/","url":"https:\/\/secure.gravatar.com\/avatar\/bc3c655860202182ee6d1b5edd042dbe?s=96&d=mm&r=g","contentUrl":"https:\/\/secure.gravatar.com\/avatar\/bc3c655860202182ee6d1b5edd042dbe?s=96&d=mm&r=g","caption":"David Andr\u00e9s Aguirre"},"url":"https:\/\/ciudadyregion.com.co\/index.php\/author\/diegoaguirre\/"}]}},"jetpack_featured_media_url":"https:\/\/i0.wp.com\/ciudadyregion.com.co\/wp-content\/uploads\/2025\/05\/2-2025-05-31T081447.743.jpg?fit=800%2C445&ssl=1","jetpack_sharing_enabled":true,"jetpack_shortlink":"https:\/\/wp.me\/pbS7hh-9BA","jetpack-related-posts":[],"_links":{"self":[{"href":"https:\/\/ciudadyregion.com.co\/index.php\/wp-json\/wp\/v2\/posts\/36926"}],"collection":[{"href":"https:\/\/ciudadyregion.com.co\/index.php\/wp-json\/wp\/v2\/posts"}],"about":[{"href":"https:\/\/ciudadyregion.com.co\/index.php\/wp-json\/wp\/v2\/types\/post"}],"author":[{"embeddable":true,"href":"https:\/\/ciudadyregion.com.co\/index.php\/wp-json\/wp\/v2\/users\/2"}],"replies":[{"embeddable":true,"href":"https:\/\/ciudadyregion.com.co\/index.php\/wp-json\/wp\/v2\/comments?post=36926"}],"version-history":[{"count":2,"href":"https:\/\/ciudadyregion.com.co\/index.php\/wp-json\/wp\/v2\/posts\/36926\/revisions"}],"predecessor-version":[{"id":36929,"href":"https:\/\/ciudadyregion.com.co\/index.php\/wp-json\/wp\/v2\/posts\/36926\/revisions\/36929"}],"wp:featuredmedia":[{"embeddable":true,"href":"https:\/\/ciudadyregion.com.co\/index.php\/wp-json\/wp\/v2\/media\/36927"}],"wp:attachment":[{"href":"https:\/\/ciudadyregion.com.co\/index.php\/wp-json\/wp\/v2\/media?parent=36926"}],"wp:term":[{"taxonomy":"category","embeddable":true,"href":"https:\/\/ciudadyregion.com.co\/index.php\/wp-json\/wp\/v2\/categories?post=36926"},{"taxonomy":"post_tag","embeddable":true,"href":"https:\/\/ciudadyregion.com.co\/index.php\/wp-json\/wp\/v2\/tags?post=36926"}],"curies":[{"name":"wp","href":"https:\/\/api.w.org\/{rel}","templated":true}]}}