{"id":36920,"date":"2025-05-31T08:06:16","date_gmt":"2025-05-31T13:06:16","guid":{"rendered":"https:\/\/ciudadyregion.com.co\/?p=36920"},"modified":"2025-05-31T08:06:16","modified_gmt":"2025-05-31T13:06:16","slug":"inicia-la-escuela-de-embajadoras-y-parejos-del-folclore-2025","status":"publish","type":"post","link":"https:\/\/ciudadyregion.com.co\/index.php\/inicia-la-escuela-de-embajadoras-y-parejos-del-folclore-2025\/cultura\/","title":{"rendered":"Inicia la escuela de embajadoras y parejos del folclore 2025"},"content":{"rendered":"<p>En el marco de la preparaci\u00f3n del 51\u00ba Festival Folcl\u00f3rico Colombiano los d\u00edas 30,31 de Mayo y 1 de junio se estara desarrollando el Boot Camp denominado Escuela de Embajadoras y Parejos del Folclor.<\/p>\n<p>Este Boot Camp que se ha planeado con una corta duraci\u00f3n y que ha sido dise\u00f1ado para desarrollar diferentes habilidades espec\u00edficas de manera pr\u00e1ctica y muy r\u00e1pida tanto en las embajadoras como en sus parejos permitiendo formar de manera integral a las candidatas y sus parejos en poco tiempo con jornadas intensivas.<\/p>\n<p>Durante tres d\u00edas, los participantes vivir\u00e1n jornadas de talleres especializados en expresi\u00f3n oral, preparaci\u00f3n para entrevistas, pasarela, etiqueta y protocolo, as\u00ed como actividades centradas en el reconocimiento de la identidad, el patrimonio cultural del Tolima y las expresiones propias del sanjuanero tolimense y el contrabandista.<\/p>\n<p>De esta manera, el compromiso de la Secretar\u00eda de Cultura y Turismo del Tolima es propender por la salvaguardia de nuestras manifestaciones folcl\u00f3ricas, visibilizar y divulgar nuestro patrimonio inmaterial\u201d mencion\u00f3 Hosman Osorio Asesor de la Secretar\u00eda de Cultura y Turismo del Tolima.<\/p>\n<p>Con esta iniciativa, el Gobierno Departamental reafirma su compromiso con la cultura, la tradici\u00f3n y el fortalecimiento del Festival Folcl\u00f3rico Colombiano como el m\u00e1ximo escenario de expresi\u00f3n del alma tolimense.<\/p>\n","protected":false},"excerpt":{"rendered":"<p>En el marco de la preparaci\u00f3n del 51\u00ba Festival Folcl\u00f3rico Colombiano los d\u00edas 30,31 de Mayo y 1 de junio se estara desarrollando el Boot Camp denominado Escuela de Embajadoras y Parejos del Folclor. Este Boot Camp que se ha planeado con una corta duraci\u00f3n y que ha sido dise\u00f1ado<span class=\"more-link\"><a href=\"https:\/\/ciudadyregion.com.co\/index.php\/inicia-la-escuela-de-embajadoras-y-parejos-del-folclore-2025\/cultura\/\">Continuar Leyendo<\/a><\/span><\/p>\n","protected":false},"author":2,"featured_media":36921,"comment_status":"open","ping_status":"open","sticky":false,"template":"","format":"standard","meta":{"_uf_show_specific_survey":0,"_uf_disable_surveys":false,"_jetpack_memberships_contains_paid_content":false,"footnotes":"","jetpack_publicize_message":"","jetpack_publicize_feature_enabled":true,"jetpack_social_post_already_shared":true,"jetpack_social_options":{"image_generator_settings":{"template":"highway","enabled":false},"version":2}},"categories":[30],"tags":[],"class_list":["entry","author-diegoaguirre","post-36920","post","type-post","status-publish","format-standard","has-post-thumbnail","category-cultura"],"jetpack_publicize_connections":[],"yoast_head":"<!-- This site is optimized with the Yoast SEO plugin v24.3 - https:\/\/yoast.com\/wordpress\/plugins\/seo\/ -->\n<title>Inicia la escuela de embajadoras y parejos del folclore 2025 - Ciudad y Region<\/title>\n<meta name=\"robots\" content=\"index, follow, max-snippet:-1, max-image-preview:large, max-video-preview:-1\" \/>\n<link rel=\"canonical\" href=\"https:\/\/ciudadyregion.com.co\/index.php\/inicia-la-escuela-de-embajadoras-y-parejos-del-folclore-2025\/cultura\/\" \/>\n<meta property=\"og:locale\" content=\"es_ES\" \/>\n<meta property=\"og:type\" content=\"article\" \/>\n<meta property=\"og:title\" content=\"Inicia la escuela de embajadoras y parejos del folclore 2025 - Ciudad y Region\" \/>\n<meta property=\"og:description\" content=\"En el marco de la preparaci\u00f3n del 51\u00ba Festival Folcl\u00f3rico Colombiano los d\u00edas 30,31 de Mayo y 1 de junio se estara desarrollando el Boot Camp denominado Escuela de Embajadoras y Parejos del Folclor. Este Boot Camp que se ha planeado con una corta duraci\u00f3n y que ha sido dise\u00f1adoContinuar Leyendo\" \/>\n<meta property=\"og:url\" content=\"https:\/\/ciudadyregion.com.co\/index.php\/inicia-la-escuela-de-embajadoras-y-parejos-del-folclore-2025\/cultura\/\" \/>\n<meta property=\"og:site_name\" content=\"Ciudad y Region\" \/>\n<meta property=\"article:published_time\" content=\"2025-05-31T13:06:16+00:00\" \/>\n<meta property=\"og:image\" content=\"https:\/\/ciudadyregion.com.co\/wp-content\/uploads\/2025\/05\/fiestas-folclor-1.jpg\" \/>\n\t<meta property=\"og:image:width\" content=\"800\" \/>\n\t<meta property=\"og:image:height\" content=\"445\" \/>\n\t<meta property=\"og:image:type\" content=\"image\/jpeg\" \/>\n<meta name=\"author\" content=\"David Andr\u00e9s Aguirre\" \/>\n<meta name=\"twitter:card\" content=\"summary_large_image\" \/>\n<meta name=\"twitter:label1\" content=\"Escrito por\" \/>\n\t<meta name=\"twitter:data1\" content=\"David Andr\u00e9s Aguirre\" \/>\n\t<meta name=\"twitter:label2\" content=\"Tiempo de lectura\" \/>\n\t<meta name=\"twitter:data2\" content=\"2 minutos\" \/>\n<script type=\"application\/ld+json\" class=\"yoast-schema-graph\">{\"@context\":\"https:\/\/schema.org\",\"@graph\":[{\"@type\":\"WebPage\",\"@id\":\"https:\/\/ciudadyregion.com.co\/index.php\/inicia-la-escuela-de-embajadoras-y-parejos-del-folclore-2025\/cultura\/\",\"url\":\"https:\/\/ciudadyregion.com.co\/index.php\/inicia-la-escuela-de-embajadoras-y-parejos-del-folclore-2025\/cultura\/\",\"name\":\"Inicia la escuela de embajadoras y parejos del folclore 2025 - Ciudad y Region\",\"isPartOf\":{\"@id\":\"https:\/\/ciudadyregion.com.co\/#website\"},\"primaryImageOfPage\":{\"@id\":\"https:\/\/ciudadyregion.com.co\/index.php\/inicia-la-escuela-de-embajadoras-y-parejos-del-folclore-2025\/cultura\/#primaryimage\"},\"image\":{\"@id\":\"https:\/\/ciudadyregion.com.co\/index.php\/inicia-la-escuela-de-embajadoras-y-parejos-del-folclore-2025\/cultura\/#primaryimage\"},\"thumbnailUrl\":\"https:\/\/i0.wp.com\/ciudadyregion.com.co\/wp-content\/uploads\/2025\/05\/fiestas-folclor-1.jpg?fit=800%2C445&ssl=1\",\"datePublished\":\"2025-05-31T13:06:16+00:00\",\"dateModified\":\"2025-05-31T13:06:16+00:00\",\"author\":{\"@id\":\"https:\/\/ciudadyregion.com.co\/#\/schema\/person\/04a4954373ebc4051f46e8c65ff78622\"},\"breadcrumb\":{\"@id\":\"https:\/\/ciudadyregion.com.co\/index.php\/inicia-la-escuela-de-embajadoras-y-parejos-del-folclore-2025\/cultura\/#breadcrumb\"},\"inLanguage\":\"es\",\"potentialAction\":[{\"@type\":\"ReadAction\",\"target\":[\"https:\/\/ciudadyregion.com.co\/index.php\/inicia-la-escuela-de-embajadoras-y-parejos-del-folclore-2025\/cultura\/\"]}]},{\"@type\":\"ImageObject\",\"inLanguage\":\"es\",\"@id\":\"https:\/\/ciudadyregion.com.co\/index.php\/inicia-la-escuela-de-embajadoras-y-parejos-del-folclore-2025\/cultura\/#primaryimage\",\"url\":\"https:\/\/i0.wp.com\/ciudadyregion.com.co\/wp-content\/uploads\/2025\/05\/fiestas-folclor-1.jpg?fit=800%2C445&ssl=1\",\"contentUrl\":\"https:\/\/i0.wp.com\/ciudadyregion.com.co\/wp-content\/uploads\/2025\/05\/fiestas-folclor-1.jpg?fit=800%2C445&ssl=1\",\"width\":800,\"height\":445},{\"@type\":\"BreadcrumbList\",\"@id\":\"https:\/\/ciudadyregion.com.co\/index.php\/inicia-la-escuela-de-embajadoras-y-parejos-del-folclore-2025\/cultura\/#breadcrumb\",\"itemListElement\":[{\"@type\":\"ListItem\",\"position\":1,\"name\":\"Portada\",\"item\":\"https:\/\/ciudadyregion.com.co\/\"},{\"@type\":\"ListItem\",\"position\":2,\"name\":\"Inicia la escuela de embajadoras y parejos del folclore 2025\"}]},{\"@type\":\"WebSite\",\"@id\":\"https:\/\/ciudadyregion.com.co\/#website\",\"url\":\"https:\/\/ciudadyregion.com.co\/\",\"name\":\"Ciudad y Region\",\"description\":\"\",\"potentialAction\":[{\"@type\":\"SearchAction\",\"target\":{\"@type\":\"EntryPoint\",\"urlTemplate\":\"https:\/\/ciudadyregion.com.co\/?s={search_term_string}\"},\"query-input\":{\"@type\":\"PropertyValueSpecification\",\"valueRequired\":true,\"valueName\":\"search_term_string\"}}],\"inLanguage\":\"es\"},{\"@type\":\"Person\",\"@id\":\"https:\/\/ciudadyregion.com.co\/#\/schema\/person\/04a4954373ebc4051f46e8c65ff78622\",\"name\":\"David Andr\u00e9s Aguirre\",\"image\":{\"@type\":\"ImageObject\",\"inLanguage\":\"es\",\"@id\":\"https:\/\/ciudadyregion.com.co\/#\/schema\/person\/image\/\",\"url\":\"https:\/\/secure.gravatar.com\/avatar\/bc3c655860202182ee6d1b5edd042dbe?s=96&d=mm&r=g\",\"contentUrl\":\"https:\/\/secure.gravatar.com\/avatar\/bc3c655860202182ee6d1b5edd042dbe?s=96&d=mm&r=g\",\"caption\":\"David Andr\u00e9s Aguirre\"},\"url\":\"https:\/\/ciudadyregion.com.co\/index.php\/author\/diegoaguirre\/\"}]}<\/script>\n<!-- \/ Yoast SEO plugin. -->","yoast_head_json":{"title":"Inicia la escuela de embajadoras y parejos del folclore 2025 - Ciudad y Region","robots":{"index":"index","follow":"follow","max-snippet":"max-snippet:-1","max-image-preview":"max-image-preview:large","max-video-preview":"max-video-preview:-1"},"canonical":"https:\/\/ciudadyregion.com.co\/index.php\/inicia-la-escuela-de-embajadoras-y-parejos-del-folclore-2025\/cultura\/","og_locale":"es_ES","og_type":"article","og_title":"Inicia la escuela de embajadoras y parejos del folclore 2025 - Ciudad y Region","og_description":"En el marco de la preparaci\u00f3n del 51\u00ba Festival Folcl\u00f3rico Colombiano los d\u00edas 30,31 de Mayo y 1 de junio se estara desarrollando el Boot Camp denominado Escuela de Embajadoras y Parejos del Folclor. Este Boot Camp que se ha planeado con una corta duraci\u00f3n y que ha sido dise\u00f1adoContinuar Leyendo","og_url":"https:\/\/ciudadyregion.com.co\/index.php\/inicia-la-escuela-de-embajadoras-y-parejos-del-folclore-2025\/cultura\/","og_site_name":"Ciudad y Region","article_published_time":"2025-05-31T13:06:16+00:00","og_image":[{"width":800,"height":445,"url":"https:\/\/ciudadyregion.com.co\/wp-content\/uploads\/2025\/05\/fiestas-folclor-1.jpg","type":"image\/jpeg"}],"author":"David Andr\u00e9s Aguirre","twitter_card":"summary_large_image","twitter_misc":{"Escrito por":"David Andr\u00e9s Aguirre","Tiempo de lectura":"2 minutos"},"schema":{"@context":"https:\/\/schema.org","@graph":[{"@type":"WebPage","@id":"https:\/\/ciudadyregion.com.co\/index.php\/inicia-la-escuela-de-embajadoras-y-parejos-del-folclore-2025\/cultura\/","url":"https:\/\/ciudadyregion.com.co\/index.php\/inicia-la-escuela-de-embajadoras-y-parejos-del-folclore-2025\/cultura\/","name":"Inicia la escuela de embajadoras y parejos del folclore 2025 - Ciudad y Region","isPartOf":{"@id":"https:\/\/ciudadyregion.com.co\/#website"},"primaryImageOfPage":{"@id":"https:\/\/ciudadyregion.com.co\/index.php\/inicia-la-escuela-de-embajadoras-y-parejos-del-folclore-2025\/cultura\/#primaryimage"},"image":{"@id":"https:\/\/ciudadyregion.com.co\/index.php\/inicia-la-escuela-de-embajadoras-y-parejos-del-folclore-2025\/cultura\/#primaryimage"},"thumbnailUrl":"https:\/\/i0.wp.com\/ciudadyregion.com.co\/wp-content\/uploads\/2025\/05\/fiestas-folclor-1.jpg?fit=800%2C445&ssl=1","datePublished":"2025-05-31T13:06:16+00:00","dateModified":"2025-05-31T13:06:16+00:00","author":{"@id":"https:\/\/ciudadyregion.com.co\/#\/schema\/person\/04a4954373ebc4051f46e8c65ff78622"},"breadcrumb":{"@id":"https:\/\/ciudadyregion.com.co\/index.php\/inicia-la-escuela-de-embajadoras-y-parejos-del-folclore-2025\/cultura\/#breadcrumb"},"inLanguage":"es","potentialAction":[{"@type":"ReadAction","target":["https:\/\/ciudadyregion.com.co\/index.php\/inicia-la-escuela-de-embajadoras-y-parejos-del-folclore-2025\/cultura\/"]}]},{"@type":"ImageObject","inLanguage":"es","@id":"https:\/\/ciudadyregion.com.co\/index.php\/inicia-la-escuela-de-embajadoras-y-parejos-del-folclore-2025\/cultura\/#primaryimage","url":"https:\/\/i0.wp.com\/ciudadyregion.com.co\/wp-content\/uploads\/2025\/05\/fiestas-folclor-1.jpg?fit=800%2C445&ssl=1","contentUrl":"https:\/\/i0.wp.com\/ciudadyregion.com.co\/wp-content\/uploads\/2025\/05\/fiestas-folclor-1.jpg?fit=800%2C445&ssl=1","width":800,"height":445},{"@type":"BreadcrumbList","@id":"https:\/\/ciudadyregion.com.co\/index.php\/inicia-la-escuela-de-embajadoras-y-parejos-del-folclore-2025\/cultura\/#breadcrumb","itemListElement":[{"@type":"ListItem","position":1,"name":"Portada","item":"https:\/\/ciudadyregion.com.co\/"},{"@type":"ListItem","position":2,"name":"Inicia la escuela de embajadoras y parejos del folclore 2025"}]},{"@type":"WebSite","@id":"https:\/\/ciudadyregion.com.co\/#website","url":"https:\/\/ciudadyregion.com.co\/","name":"Ciudad y Region","description":"","potentialAction":[{"@type":"SearchAction","target":{"@type":"EntryPoint","urlTemplate":"https:\/\/ciudadyregion.com.co\/?s={search_term_string}"},"query-input":{"@type":"PropertyValueSpecification","valueRequired":true,"valueName":"search_term_string"}}],"inLanguage":"es"},{"@type":"Person","@id":"https:\/\/ciudadyregion.com.co\/#\/schema\/person\/04a4954373ebc4051f46e8c65ff78622","name":"David Andr\u00e9s Aguirre","image":{"@type":"ImageObject","inLanguage":"es","@id":"https:\/\/ciudadyregion.com.co\/#\/schema\/person\/image\/","url":"https:\/\/secure.gravatar.com\/avatar\/bc3c655860202182ee6d1b5edd042dbe?s=96&d=mm&r=g","contentUrl":"https:\/\/secure.gravatar.com\/avatar\/bc3c655860202182ee6d1b5edd042dbe?s=96&d=mm&r=g","caption":"David Andr\u00e9s Aguirre"},"url":"https:\/\/ciudadyregion.com.co\/index.php\/author\/diegoaguirre\/"}]}},"jetpack_featured_media_url":"https:\/\/i0.wp.com\/ciudadyregion.com.co\/wp-content\/uploads\/2025\/05\/fiestas-folclor-1.jpg?fit=800%2C445&ssl=1","jetpack_sharing_enabled":true,"jetpack_shortlink":"https:\/\/wp.me\/pbS7hh-9Bu","jetpack-related-posts":[],"_links":{"self":[{"href":"https:\/\/ciudadyregion.com.co\/index.php\/wp-json\/wp\/v2\/posts\/36920"}],"collection":[{"href":"https:\/\/ciudadyregion.com.co\/index.php\/wp-json\/wp\/v2\/posts"}],"about":[{"href":"https:\/\/ciudadyregion.com.co\/index.php\/wp-json\/wp\/v2\/types\/post"}],"author":[{"embeddable":true,"href":"https:\/\/ciudadyregion.com.co\/index.php\/wp-json\/wp\/v2\/users\/2"}],"replies":[{"embeddable":true,"href":"https:\/\/ciudadyregion.com.co\/index.php\/wp-json\/wp\/v2\/comments?post=36920"}],"version-history":[{"count":1,"href":"https:\/\/ciudadyregion.com.co\/index.php\/wp-json\/wp\/v2\/posts\/36920\/revisions"}],"predecessor-version":[{"id":36922,"href":"https:\/\/ciudadyregion.com.co\/index.php\/wp-json\/wp\/v2\/posts\/36920\/revisions\/36922"}],"wp:featuredmedia":[{"embeddable":true,"href":"https:\/\/ciudadyregion.com.co\/index.php\/wp-json\/wp\/v2\/media\/36921"}],"wp:attachment":[{"href":"https:\/\/ciudadyregion.com.co\/index.php\/wp-json\/wp\/v2\/media?parent=36920"}],"wp:term":[{"taxonomy":"category","embeddable":true,"href":"https:\/\/ciudadyregion.com.co\/index.php\/wp-json\/wp\/v2\/categories?post=36920"},{"taxonomy":"post_tag","embeddable":true,"href":"https:\/\/ciudadyregion.com.co\/index.php\/wp-json\/wp\/v2\/tags?post=36920"}],"curies":[{"name":"wp","href":"https:\/\/api.w.org\/{rel}","templated":true}]}}